{"id":21832,"date":"2023-02-28T14:53:35","date_gmt":"2023-02-28T13:53:35","guid":{"rendered":"https:\/\/www.efmaroc.org\/efm\/?p=21832"},"modified":"2023-03-03T13:37:16","modified_gmt":"2023-03-03T12:37:16","slug":"ecole-albert-camus","status":"publish","type":"post","link":"https:\/\/www.efmaroc.org\/efm\/ecole-albert-camus\/","title":{"rendered":"\u00c9cole Albert Camus"},"content":{"rendered":"\n<figure class=\"wp-block-image size-large\"><img decoding=\"async\" width=\"1024\" height=\"27\" src=\"https:\/\/www.efmaroc.org\/efm\/wp-content\/uploads\/2023\/02\/EFM-separateur-1-1024x27.png\" alt=\"\" class=\"wp-image-21741\" srcset=\"https:\/\/www.efmaroc.org\/efm\/wp-content\/uploads\/2023\/02\/EFM-separateur-1-1024x27.png 1024w, https:\/\/www.efmaroc.org\/efm\/wp-content\/uploads\/2023\/02\/EFM-separateur-1-300x8.png 300w, https:\/\/www.efmaroc.org\/efm\/wp-content\/uploads\/2023\/02\/EFM-separateur-1-768x20.png 768w, https:\/\/www.efmaroc.org\/efm\/wp-content\/uploads\/2023\/02\/EFM-separateur-1-370x10.png 370w, https:\/\/www.efmaroc.org\/efm\/wp-content\/uploads\/2023\/02\/EFM-separateur-1-840x22.png 840w, https:\/\/www.efmaroc.org\/efm\/wp-content\/uploads\/2023\/02\/EFM-separateur-1-410x11.png 410w, https:\/\/www.efmaroc.org\/efm\/wp-content\/uploads\/2023\/02\/EFM-separateur-1.png 1504w\" sizes=\"(max-width: 1024px) 100vw, 1024px\" \/><\/figure>\n\n\n\n<p><b>Adresse<\/b><br> 17 avenue de F\u00e8s 10020 Rabat \u2013 Hassan<\/p>\n\n\n\n<p><b>Site web<\/b><br> <a href=\"https:\/\/ecole-camus.ac.ma\/\" target=\"_blank\" rel=\"noreferrer noopener\">https:\/\/ecole-camus.ac.ma\/<\/a><\/p>\n","protected":false},"excerpt":{"rendered":"<p>Adresse 17 avenue de F\u00e8s 10020 Rabat \u2013 Hassan Site web https:\/\/ecole-camus.ac.ma\/<\/p>\n","protected":false},"author":1,"featured_media":0,"comment_status":"closed","ping_status":"closed","sticky":false,"template":"","format":"standard","meta":{"_jetpack_newsletter_access":"","_jetpack_dont_email_post_to_subs":false,"_jetpack_newsletter_tier_id":0,"_jetpack_memberships_contains_paywalled_content":false,"_jetpack_memberships_contains_paid_content":false,"footnotes":""},"categories":[264],"tags":[270],"class_list":["post-21832","post","type-post","status-publish","format-standard","hentry","category-etablissement-egd","tag-ecoles"],"yoast_head":"<!-- This site is optimized with the Yoast SEO plugin v26.8 - https:\/\/yoast.com\/product\/yoast-seo-wordpress\/ -->\n<title>\u00c9cole Albert Camus | Enseignement Fran\u00e7ais au Maroc<\/title>\n<meta name=\"description\" content=\"Adresse 17 avenue de F\u00e8s 10020 Rabat \u2013 Hassan  Site web https:\/\/ecole-camus.ac.ma\/\" \/>\n<meta name=\"robots\" content=\"index, follow, max-snippet:-1, max-image-preview:large, max-video-preview:-1\" \/>\n<link rel=\"canonical\" href=\"https:\/\/www.efmaroc.org\/efm\/ecole-albert-camus\/\" \/>\n<meta property=\"og:locale\" content=\"fr_FR\" \/>\n<meta property=\"og:type\" content=\"article\" \/>\n<meta property=\"og:title\" content=\"\u00c9cole Albert Camus | Enseignement Fran\u00e7ais au Maroc\" \/>\n<meta property=\"og:description\" content=\"Adresse 17 avenue de F\u00e8s 10020 Rabat \u2013 Hassan  Site web https:\/\/ecole-camus.ac.ma\/\" \/>\n<meta property=\"og:url\" content=\"https:\/\/www.efmaroc.org\/efm\/ecole-albert-camus\/\" \/>\n<meta property=\"og:site_name\" content=\"EFM\" \/>\n<meta property=\"article:published_time\" content=\"2023-02-28T13:53:35+00:00\" \/>\n<meta property=\"article:modified_time\" content=\"2023-03-03T12:37:16+00:00\" \/>\n<meta property=\"og:image\" content=\"https:\/\/www.efmaroc.org\/efm\/wp-content\/uploads\/2023\/02\/EFM-separateur-1.png\" \/>\n\t<meta property=\"og:image:width\" content=\"1504\" \/>\n\t<meta property=\"og:image:height\" content=\"40\" \/>\n\t<meta property=\"og:image:type\" content=\"image\/png\" \/>\n<meta name=\"author\" content=\"EFM\" \/>\n<meta name=\"twitter:card\" content=\"summary_large_image\" \/>\n<meta name=\"twitter:label1\" content=\"\u00c9crit par\" \/>\n\t<meta name=\"twitter:data1\" content=\"EFM\" \/>\n<script type=\"application\/ld+json\" class=\"yoast-schema-graph\">{\"@context\":\"https:\/\/schema.org\",\"@graph\":[{\"@type\":\"Article\",\"@id\":\"https:\/\/www.efmaroc.org\/efm\/ecole-albert-camus\/#article\",\"isPartOf\":{\"@id\":\"https:\/\/www.efmaroc.org\/efm\/ecole-albert-camus\/\"},\"author\":{\"name\":\"EFM\",\"@id\":\"https:\/\/www.efmaroc.org\/efm\/#\/schema\/person\/25a9b635a4b2276393dd87dbd94c6302\"},\"headline\":\"\u00c9cole Albert Camus\",\"datePublished\":\"2023-02-28T13:53:35+00:00\",\"dateModified\":\"2023-03-03T12:37:16+00:00\",\"mainEntityOfPage\":{\"@id\":\"https:\/\/www.efmaroc.org\/efm\/ecole-albert-camus\/\"},\"wordCount\":16,\"publisher\":{\"@id\":\"https:\/\/www.efmaroc.org\/efm\/#organization\"},\"image\":{\"@id\":\"https:\/\/www.efmaroc.org\/efm\/ecole-albert-camus\/#primaryimage\"},\"thumbnailUrl\":\"https:\/\/www.efmaroc.org\/efm\/wp-content\/uploads\/2023\/02\/EFM-separateur-1-1024x27.png\",\"keywords\":[\"\u00c9coles\"],\"articleSection\":[\"\u00c9tablissement EGD\"],\"inLanguage\":\"fr-FR\"},{\"@type\":\"WebPage\",\"@id\":\"https:\/\/www.efmaroc.org\/efm\/ecole-albert-camus\/\",\"url\":\"https:\/\/www.efmaroc.org\/efm\/ecole-albert-camus\/\",\"name\":\"\u00c9cole Albert Camus | Enseignement Fran\u00e7ais au Maroc\",\"isPartOf\":{\"@id\":\"https:\/\/www.efmaroc.org\/efm\/#website\"},\"primaryImageOfPage\":{\"@id\":\"https:\/\/www.efmaroc.org\/efm\/ecole-albert-camus\/#primaryimage\"},\"image\":{\"@id\":\"https:\/\/www.efmaroc.org\/efm\/ecole-albert-camus\/#primaryimage\"},\"thumbnailUrl\":\"https:\/\/www.efmaroc.org\/efm\/wp-content\/uploads\/2023\/02\/EFM-separateur-1-1024x27.png\",\"datePublished\":\"2023-02-28T13:53:35+00:00\",\"dateModified\":\"2023-03-03T12:37:16+00:00\",\"description\":\"Adresse 17 avenue de F\u00e8s 10020 Rabat \u2013 Hassan Site web https:\/\/ecole-camus.ac.ma\/\",\"breadcrumb\":{\"@id\":\"https:\/\/www.efmaroc.org\/efm\/ecole-albert-camus\/#breadcrumb\"},\"inLanguage\":\"fr-FR\",\"potentialAction\":[{\"@type\":\"ReadAction\",\"target\":[\"https:\/\/www.efmaroc.org\/efm\/ecole-albert-camus\/\"]}]},{\"@type\":\"ImageObject\",\"inLanguage\":\"fr-FR\",\"@id\":\"https:\/\/www.efmaroc.org\/efm\/ecole-albert-camus\/#primaryimage\",\"url\":\"https:\/\/www.efmaroc.org\/efm\/wp-content\/uploads\/2023\/02\/EFM-separateur-1.png\",\"contentUrl\":\"https:\/\/www.efmaroc.org\/efm\/wp-content\/uploads\/2023\/02\/EFM-separateur-1.png\",\"width\":1504,\"height\":40},{\"@type\":\"BreadcrumbList\",\"@id\":\"https:\/\/www.efmaroc.org\/efm\/ecole-albert-camus\/#breadcrumb\",\"itemListElement\":[{\"@type\":\"ListItem\",\"position\":1,\"name\":\"Accueil\",\"item\":\"https:\/\/www.efmaroc.org\/efm\/\"},{\"@type\":\"ListItem\",\"position\":2,\"name\":\"\u00c9cole Albert Camus\"}]},{\"@type\":\"WebSite\",\"@id\":\"https:\/\/www.efmaroc.org\/efm\/#website\",\"url\":\"https:\/\/www.efmaroc.org\/efm\/\",\"name\":\"EFM\",\"description\":\"Enseignement Fran\u00e7ais au Maroc\",\"publisher\":{\"@id\":\"https:\/\/www.efmaroc.org\/efm\/#organization\"},\"potentialAction\":[{\"@type\":\"SearchAction\",\"target\":{\"@type\":\"EntryPoint\",\"urlTemplate\":\"https:\/\/www.efmaroc.org\/efm\/?s={search_term_string}\"},\"query-input\":{\"@type\":\"PropertyValueSpecification\",\"valueRequired\":true,\"valueName\":\"search_term_string\"}}],\"inLanguage\":\"fr-FR\"},{\"@type\":\"Organization\",\"@id\":\"https:\/\/www.efmaroc.org\/efm\/#organization\",\"name\":\"EFM\",\"url\":\"https:\/\/www.efmaroc.org\/efm\/\",\"logo\":{\"@type\":\"ImageObject\",\"inLanguage\":\"fr-FR\",\"@id\":\"https:\/\/www.efmaroc.org\/efm\/#\/schema\/logo\/image\/\",\"url\":\"https:\/\/www.efmaroc.org\/efm\/wp-content\/uploads\/2022\/12\/efm-enseignement-francais-maroc-logotaglinex2.png\",\"contentUrl\":\"https:\/\/www.efmaroc.org\/efm\/wp-content\/uploads\/2022\/12\/efm-enseignement-francais-maroc-logotaglinex2.png\",\"width\":104,\"height\":78,\"caption\":\"EFM\"},\"image\":{\"@id\":\"https:\/\/www.efmaroc.org\/efm\/#\/schema\/logo\/image\/\"}},{\"@type\":\"Person\",\"@id\":\"https:\/\/www.efmaroc.org\/efm\/#\/schema\/person\/25a9b635a4b2276393dd87dbd94c6302\",\"name\":\"EFM\",\"image\":{\"@type\":\"ImageObject\",\"inLanguage\":\"fr-FR\",\"@id\":\"https:\/\/www.efmaroc.org\/efm\/#\/schema\/person\/image\/\",\"url\":\"https:\/\/secure.gravatar.com\/avatar\/0acf5f0ecc3b24f6fa3602920a0bc305ada83aa2d4adbe73d7718ee0e4155d61?s=96&d=mm&r=g\",\"contentUrl\":\"https:\/\/secure.gravatar.com\/avatar\/0acf5f0ecc3b24f6fa3602920a0bc305ada83aa2d4adbe73d7718ee0e4155d61?s=96&d=mm&r=g\",\"caption\":\"EFM\"},\"sameAs\":[\"https:\/\/www.efmaroc.org\/efm\"]}]}<\/script>\n<!-- \/ Yoast SEO plugin. -->","yoast_head_json":{"title":"\u00c9cole Albert Camus | Enseignement Fran\u00e7ais au Maroc","description":"Adresse 17 avenue de F\u00e8s 10020 Rabat \u2013 Hassan  Site web https:\/\/ecole-camus.ac.ma\/","robots":{"index":"index","follow":"follow","max-snippet":"max-snippet:-1","max-image-preview":"max-image-preview:large","max-video-preview":"max-video-preview:-1"},"canonical":"https:\/\/www.efmaroc.org\/efm\/ecole-albert-camus\/","og_locale":"fr_FR","og_type":"article","og_title":"\u00c9cole Albert Camus | Enseignement Fran\u00e7ais au Maroc","og_description":"Adresse 17 avenue de F\u00e8s 10020 Rabat \u2013 Hassan  Site web https:\/\/ecole-camus.ac.ma\/","og_url":"https:\/\/www.efmaroc.org\/efm\/ecole-albert-camus\/","og_site_name":"EFM","article_published_time":"2023-02-28T13:53:35+00:00","article_modified_time":"2023-03-03T12:37:16+00:00","og_image":[{"width":1504,"height":40,"url":"https:\/\/www.efmaroc.org\/efm\/wp-content\/uploads\/2023\/02\/EFM-separateur-1.png","type":"image\/png"}],"author":"EFM","twitter_card":"summary_large_image","twitter_misc":{"\u00c9crit par":"EFM"},"schema":{"@context":"https:\/\/schema.org","@graph":[{"@type":"Article","@id":"https:\/\/www.efmaroc.org\/efm\/ecole-albert-camus\/#article","isPartOf":{"@id":"https:\/\/www.efmaroc.org\/efm\/ecole-albert-camus\/"},"author":{"name":"EFM","@id":"https:\/\/www.efmaroc.org\/efm\/#\/schema\/person\/25a9b635a4b2276393dd87dbd94c6302"},"headline":"\u00c9cole Albert Camus","datePublished":"2023-02-28T13:53:35+00:00","dateModified":"2023-03-03T12:37:16+00:00","mainEntityOfPage":{"@id":"https:\/\/www.efmaroc.org\/efm\/ecole-albert-camus\/"},"wordCount":16,"publisher":{"@id":"https:\/\/www.efmaroc.org\/efm\/#organization"},"image":{"@id":"https:\/\/www.efmaroc.org\/efm\/ecole-albert-camus\/#primaryimage"},"thumbnailUrl":"https:\/\/www.efmaroc.org\/efm\/wp-content\/uploads\/2023\/02\/EFM-separateur-1-1024x27.png","keywords":["\u00c9coles"],"articleSection":["\u00c9tablissement EGD"],"inLanguage":"fr-FR"},{"@type":"WebPage","@id":"https:\/\/www.efmaroc.org\/efm\/ecole-albert-camus\/","url":"https:\/\/www.efmaroc.org\/efm\/ecole-albert-camus\/","name":"\u00c9cole Albert Camus | Enseignement Fran\u00e7ais au Maroc","isPartOf":{"@id":"https:\/\/www.efmaroc.org\/efm\/#website"},"primaryImageOfPage":{"@id":"https:\/\/www.efmaroc.org\/efm\/ecole-albert-camus\/#primaryimage"},"image":{"@id":"https:\/\/www.efmaroc.org\/efm\/ecole-albert-camus\/#primaryimage"},"thumbnailUrl":"https:\/\/www.efmaroc.org\/efm\/wp-content\/uploads\/2023\/02\/EFM-separateur-1-1024x27.png","datePublished":"2023-02-28T13:53:35+00:00","dateModified":"2023-03-03T12:37:16+00:00","description":"Adresse 17 avenue de F\u00e8s 10020 Rabat \u2013 Hassan Site web https:\/\/ecole-camus.ac.ma\/","breadcrumb":{"@id":"https:\/\/www.efmaroc.org\/efm\/ecole-albert-camus\/#breadcrumb"},"inLanguage":"fr-FR","potentialAction":[{"@type":"ReadAction","target":["https:\/\/www.efmaroc.org\/efm\/ecole-albert-camus\/"]}]},{"@type":"ImageObject","inLanguage":"fr-FR","@id":"https:\/\/www.efmaroc.org\/efm\/ecole-albert-camus\/#primaryimage","url":"https:\/\/www.efmaroc.org\/efm\/wp-content\/uploads\/2023\/02\/EFM-separateur-1.png","contentUrl":"https:\/\/www.efmaroc.org\/efm\/wp-content\/uploads\/2023\/02\/EFM-separateur-1.png","width":1504,"height":40},{"@type":"BreadcrumbList","@id":"https:\/\/www.efmaroc.org\/efm\/ecole-albert-camus\/#breadcrumb","itemListElement":[{"@type":"ListItem","position":1,"name":"Accueil","item":"https:\/\/www.efmaroc.org\/efm\/"},{"@type":"ListItem","position":2,"name":"\u00c9cole Albert Camus"}]},{"@type":"WebSite","@id":"https:\/\/www.efmaroc.org\/efm\/#website","url":"https:\/\/www.efmaroc.org\/efm\/","name":"EFM","description":"Enseignement Fran\u00e7ais au Maroc","publisher":{"@id":"https:\/\/www.efmaroc.org\/efm\/#organization"},"potentialAction":[{"@type":"SearchAction","target":{"@type":"EntryPoint","urlTemplate":"https:\/\/www.efmaroc.org\/efm\/?s={search_term_string}"},"query-input":{"@type":"PropertyValueSpecification","valueRequired":true,"valueName":"search_term_string"}}],"inLanguage":"fr-FR"},{"@type":"Organization","@id":"https:\/\/www.efmaroc.org\/efm\/#organization","name":"EFM","url":"https:\/\/www.efmaroc.org\/efm\/","logo":{"@type":"ImageObject","inLanguage":"fr-FR","@id":"https:\/\/www.efmaroc.org\/efm\/#\/schema\/logo\/image\/","url":"https:\/\/www.efmaroc.org\/efm\/wp-content\/uploads\/2022\/12\/efm-enseignement-francais-maroc-logotaglinex2.png","contentUrl":"https:\/\/www.efmaroc.org\/efm\/wp-content\/uploads\/2022\/12\/efm-enseignement-francais-maroc-logotaglinex2.png","width":104,"height":78,"caption":"EFM"},"image":{"@id":"https:\/\/www.efmaroc.org\/efm\/#\/schema\/logo\/image\/"}},{"@type":"Person","@id":"https:\/\/www.efmaroc.org\/efm\/#\/schema\/person\/25a9b635a4b2276393dd87dbd94c6302","name":"EFM","image":{"@type":"ImageObject","inLanguage":"fr-FR","@id":"https:\/\/www.efmaroc.org\/efm\/#\/schema\/person\/image\/","url":"https:\/\/secure.gravatar.com\/avatar\/0acf5f0ecc3b24f6fa3602920a0bc305ada83aa2d4adbe73d7718ee0e4155d61?s=96&d=mm&r=g","contentUrl":"https:\/\/secure.gravatar.com\/avatar\/0acf5f0ecc3b24f6fa3602920a0bc305ada83aa2d4adbe73d7718ee0e4155d61?s=96&d=mm&r=g","caption":"EFM"},"sameAs":["https:\/\/www.efmaroc.org\/efm"]}]}},"jetpack_featured_media_url":"","jetpack_sharing_enabled":true,"_links":{"self":[{"href":"https:\/\/www.efmaroc.org\/efm\/wp-json\/wp\/v2\/posts\/21832","targetHints":{"allow":["GET"]}}],"collection":[{"href":"https:\/\/www.efmaroc.org\/efm\/wp-json\/wp\/v2\/posts"}],"about":[{"href":"https:\/\/www.efmaroc.org\/efm\/wp-json\/wp\/v2\/types\/post"}],"author":[{"embeddable":true,"href":"https:\/\/www.efmaroc.org\/efm\/wp-json\/wp\/v2\/users\/1"}],"replies":[{"embeddable":true,"href":"https:\/\/www.efmaroc.org\/efm\/wp-json\/wp\/v2\/comments?post=21832"}],"version-history":[{"count":1,"href":"https:\/\/www.efmaroc.org\/efm\/wp-json\/wp\/v2\/posts\/21832\/revisions"}],"predecessor-version":[{"id":21847,"href":"https:\/\/www.efmaroc.org\/efm\/wp-json\/wp\/v2\/posts\/21832\/revisions\/21847"}],"wp:attachment":[{"href":"https:\/\/www.efmaroc.org\/efm\/wp-json\/wp\/v2\/media?parent=21832"}],"wp:term":[{"taxonomy":"category","embeddable":true,"href":"https:\/\/www.efmaroc.org\/efm\/wp-json\/wp\/v2\/categories?post=21832"},{"taxonomy":"post_tag","embeddable":true,"href":"https:\/\/www.efmaroc.org\/efm\/wp-json\/wp\/v2\/tags?post=21832"}],"curies":[{"name":"wp","href":"https:\/\/api.w.org\/{rel}","templated":true}]}}