{"id":21866,"date":"2023-03-10T05:13:27","date_gmt":"2023-03-10T04:13:27","guid":{"rendered":"https:\/\/www.efmaroc.org\/efm\/?p=21866"},"modified":"2023-03-10T07:01:58","modified_gmt":"2023-03-10T06:01:58","slug":"tournoi-de-rugby-de-la-mediterranee-11e-edition","status":"publish","type":"post","link":"https:\/\/www.efmaroc.org\/efm\/tournoi-de-rugby-de-la-mediterranee-11e-edition\/","title":{"rendered":"Tournoi de rugby de la M\u00e9diterran\u00e9e &#8211; 11e \u00e9dition"},"content":{"rendered":"\n<p><strong>Tournoi de rugby de la M\u00e9diterran\u00e9e &#8211; 11e \u00e9dition &#8211; Du 13 au 17 mars 2023 &#8211; Lyc\u00e9e fran\u00e7ais Victor Hugo de Marrakech<\/strong><\/p>\n\n\n\n<p>Du 13 au 17 mars 2023, le Tournoi de rugby de la M\u00e9diterran\u00e9e se pose au Lyc\u00e9e fran\u00e7ais Victor Hugo de Marrakech, en plein coeur du Maroc, pour f\u00eater sa 11e \u00e9dition en pr\u00e9sence de l\u2019ex-joueuse internationale fran\u00e7aise Safi N\u2019Diaye, marraine de l&rsquo;\u00e9v\u00e9nement.<\/p>\n\n\n\n<p>Pour cette belle f\u00eate du sport, organis\u00e9e avec le soutien de la Fondation Victor Hugo Marrakech pour l\u2019\u00e9ducation, la culture et la citoyennet\u00e9, 10 \u00e9quipes de jeunes venues d\u2019Angleterre, d\u2019Espagne, de France, d\u2019Andorre et du Maroc ont \u00e9t\u00e9 convi\u00e9es. Objectifs ? Se disputer la victoire mais aussi et surtout, se retrouver dans la cit\u00e9 ocre pour partager et vivre ensemble des journ\u00e9es inoubliables entre participants issus d\u2019horizons g\u00e9ographiques diff\u00e9rents.<\/p>\n\n\n\n<p><strong>Les \u00e9quipes<\/strong><br>Pour cette 11e \u00e9dition, les organisateurs ont r\u00e9uni 10 \u00e9quipes pour la plupart issues du r\u00e9seau des lyc\u00e9es fran\u00e7ais de l\u2019\u00e9tranger. Ceci \u00e9tant, et c\u2019est une grande nouveaut\u00e9, la manifestation se d\u00e9roulera \u00e9galement en pr\u00e9sence de deux \u00e9quipes portant les couleurs d&rsquo;\u00e9tablissements scolaires marocains :<br>&#8211; Lyc\u00e9e fran\u00e7ais de Londres Charles de Gaulle (Angleterre)<br>&#8211; Lyc\u00e9e fran\u00e7ais de Madrid (Espagne)<br>&#8211; Lyc\u00e9e fran\u00e7ais de Malaga (Espagne)<br>&#8211; Lyc\u00e9e fran\u00e7ais de T\u00e9n\u00e9rife (Espagne)<br>&#8211; Lyc\u00e9e Fran\u00e7ais Comte de Foix (Andorre)<br>&#8211; Coll\u00e8ge Chantaco, Saint Jean de Luz (France)<br>&#8211; Coll\u00e8ge Anatole France, Casablanca (Maroc)<br>&#8211; Lyc\u00e9e Fran\u00e7ais Victor Hugo de Marrakech, Marrakech (Maroc)<br>&#8211; Groupe Scolaire Hilali, Marrakech (Maroc)<br>&#8211; Groupe Scolaire Allaymoun, Ait Melloul (Maroc)<\/p>\n\n\n\n<p>Chaque d\u00e9l\u00e9gation se compose de 10 joueurs et joueuses, n\u00e9(e)s en 2010 et 2011, et de leurs accompagnants. Toutes les rencontres se joueront sur la pelouse du stade du Lyc\u00e9e fran\u00e7ais Victor Hugo de Marrakech, selon les modalit\u00e9s du rugby \u00e0 XV, avec 7 joueurs\/joueuses sur le pr\u00e9 et trois rempla\u00e7ants.<\/p>\n\n\n\n<p><strong>La marraine : Safi N\u2019Diaye<\/strong><br>Retrait\u00e9e depuis quelques semaines seulement, Safi N&rsquo;Diaye, 34 ans, fut l&#8217;embl\u00e9matique capitaine du Montpellier H\u00e9rault Rugby (MHR) pendant des ann\u00e9es. Sa pr\u00e9sence en qualit\u00e9 de marraine sur notre \u00e9v\u00e9nement est un v\u00e9ritable honneur, tant sa carri\u00e8re impose le respect. Safi N\u2019Diaye a notamment gagn\u00e9 six fois le championnat de France sous les couleurs du MHR et remport\u00e9 \u00e0 trois reprises le tournoi des six nations avec l&rsquo;\u00e9quipe de France.<\/p>\n\n\n\n<p><strong>Les objectifs<\/strong><br>Depuis sa cr\u00e9ation en Tunisie en 2009, ce tournoi sportif itin\u00e9rant cherche \u00e0 d\u00e9velopper une culture sportive et citoyenne commune autour du rugby sur l\u2019ensemble du pourtour m\u00e9diterran\u00e9en. Cet engagement aupr\u00e8s des jeunes se conjugue avec la mise en \u0153uvre d&rsquo;une mixit\u00e9 r\u00e9elle sur les terrains et d&rsquo;un programme favorisant les interactions sociales mais aussi culturelles entre les \u00e9l\u00e8ves des diff\u00e9rents \u00e9tablissements.<\/p>\n\n\n\n<p><strong>Les partenaires<\/strong><br>Supervis\u00e9e par les \u00e9quipes p\u00e9dagogiques et techniques du Lyc\u00e9e fran\u00e7ais Victor Hugo de Marrakech, cette manifestation ne pourrait avoir lieu sans le soutien pr\u00e9cieux des partenaires institutionnels que sont la Commune de Marrakech, la R\u00e9gion Marrakech-Safi et le Consulat de France \u00e0 Marrakech.<\/p>\n\n\n\n<figure class=\"wp-block-image size-full\"><img fetchpriority=\"high\" decoding=\"async\" width=\"1810\" height=\"2560\" src=\"https:\/\/www.efmaroc.org\/efm\/wp-content\/uploads\/2023\/03\/efm-enseignement-francais-maroc-Tournoi-Med-Affiche-scaled.jpg\" alt=\"\" class=\"wp-image-21867\" srcset=\"https:\/\/www.efmaroc.org\/efm\/wp-content\/uploads\/2023\/03\/efm-enseignement-francais-maroc-Tournoi-Med-Affiche-scaled.jpg 1810w, https:\/\/www.efmaroc.org\/efm\/wp-content\/uploads\/2023\/03\/efm-enseignement-francais-maroc-Tournoi-Med-Affiche-212x300.jpg 212w, https:\/\/www.efmaroc.org\/efm\/wp-content\/uploads\/2023\/03\/efm-enseignement-francais-maroc-Tournoi-Med-Affiche-724x1024.jpg 724w, https:\/\/www.efmaroc.org\/efm\/wp-content\/uploads\/2023\/03\/efm-enseignement-francais-maroc-Tournoi-Med-Affiche-768x1086.jpg 768w, https:\/\/www.efmaroc.org\/efm\/wp-content\/uploads\/2023\/03\/efm-enseignement-francais-maroc-Tournoi-Med-Affiche-1086x1536.jpg 1086w, https:\/\/www.efmaroc.org\/efm\/wp-content\/uploads\/2023\/03\/efm-enseignement-francais-maroc-Tournoi-Med-Affiche-1448x2048.jpg 1448w, https:\/\/www.efmaroc.org\/efm\/wp-content\/uploads\/2023\/03\/efm-enseignement-francais-maroc-Tournoi-Med-Affiche-370x523.jpg 370w, https:\/\/www.efmaroc.org\/efm\/wp-content\/uploads\/2023\/03\/efm-enseignement-francais-maroc-Tournoi-Med-Affiche-840x1188.jpg 840w, https:\/\/www.efmaroc.org\/efm\/wp-content\/uploads\/2023\/03\/efm-enseignement-francais-maroc-Tournoi-Med-Affiche-410x580.jpg 410w\" sizes=\"(max-width: 1810px) 100vw, 1810px\" \/><\/figure>\n","protected":false},"excerpt":{"rendered":"<p>Du 13 au 17 mars 2023, le Tournoi de rugby de la M\u00e9diterran\u00e9e se pose au Lyc\u00e9e fran\u00e7ais Victor Hugo de Marrakech, en plein coeur du Maroc, pour f\u00eater sa 11e \u00e9dition en pr\u00e9sence de l\u2019ex-joueuse internationale fran\u00e7aise Safi N\u2019Diaye, marraine de l&rsquo;\u00e9v\u00e9nement.<\/p>\n","protected":false},"author":1,"featured_media":21867,"comment_status":"closed","ping_status":"closed","sticky":false,"template":"","format":"standard","meta":{"_jetpack_newsletter_access":"","_jetpack_dont_email_post_to_subs":false,"_jetpack_newsletter_tier_id":0,"_jetpack_memberships_contains_paywalled_content":false,"_jetpack_memberships_contains_paid_content":false,"footnotes":""},"categories":[14,13],"tags":[],"class_list":["post-21866","post","type-post","status-publish","format-standard","has-post-thumbnail","hentry","category-nouvelles","category-reseau"],"yoast_head":"<!-- This site is optimized with the Yoast SEO plugin v26.8 - https:\/\/yoast.com\/product\/yoast-seo-wordpress\/ -->\n<title>Tournoi de rugby de la M\u00e9diterran\u00e9e - 11e \u00e9dition | Enseignement Fran\u00e7ais au Maroc<\/title>\n<meta name=\"description\" content=\"Du 13 au 17 mars 2023, le Tournoi de rugby de la M\u00e9diterran\u00e9e se pose au Lyc\u00e9e fran\u00e7ais Victor Hugo de Marrakech, en plein coeur du Maroc, pour f\u00eater sa 11e \u00e9dition en pr\u00e9sence de l\u2019ex-joueuse internationale fran\u00e7aise Safi N\u2019Diaye, marraine de l&#039;\u00e9v\u00e9nement.\" \/>\n<meta name=\"robots\" content=\"index, follow, max-snippet:-1, max-image-preview:large, max-video-preview:-1\" \/>\n<link rel=\"canonical\" href=\"https:\/\/www.efmaroc.org\/efm\/tournoi-de-rugby-de-la-mediterranee-11e-edition\/\" \/>\n<meta property=\"og:locale\" content=\"fr_FR\" \/>\n<meta property=\"og:type\" content=\"article\" \/>\n<meta property=\"og:title\" content=\"Tournoi de rugby de la M\u00e9diterran\u00e9e - 11e \u00e9dition | Enseignement Fran\u00e7ais au Maroc\" \/>\n<meta property=\"og:description\" content=\"Du 13 au 17 mars 2023, le Tournoi de rugby de la M\u00e9diterran\u00e9e se pose au Lyc\u00e9e fran\u00e7ais Victor Hugo de Marrakech, en plein coeur du Maroc, pour f\u00eater sa 11e \u00e9dition en pr\u00e9sence de l\u2019ex-joueuse internationale fran\u00e7aise Safi N\u2019Diaye, marraine de l&#039;\u00e9v\u00e9nement.\" \/>\n<meta property=\"og:url\" content=\"https:\/\/www.efmaroc.org\/efm\/tournoi-de-rugby-de-la-mediterranee-11e-edition\/\" \/>\n<meta property=\"og:site_name\" content=\"EFM\" \/>\n<meta property=\"article:published_time\" content=\"2023-03-10T04:13:27+00:00\" \/>\n<meta property=\"article:modified_time\" content=\"2023-03-10T06:01:58+00:00\" \/>\n<meta property=\"og:image\" content=\"https:\/\/www.efmaroc.org\/efm\/wp-content\/uploads\/2023\/03\/efm-enseignement-francais-maroc-Tournoi-Med-Affiche-scaled.jpg\" \/>\n\t<meta property=\"og:image:width\" content=\"1810\" \/>\n\t<meta property=\"og:image:height\" content=\"2560\" \/>\n\t<meta property=\"og:image:type\" content=\"image\/jpeg\" \/>\n<meta name=\"author\" content=\"EFM\" \/>\n<meta name=\"twitter:card\" content=\"summary_large_image\" \/>\n<meta name=\"twitter:label1\" content=\"\u00c9crit par\" \/>\n\t<meta name=\"twitter:data1\" content=\"EFM\" \/>\n\t<meta name=\"twitter:label2\" content=\"Dur\u00e9e de lecture estim\u00e9e\" \/>\n\t<meta name=\"twitter:data2\" content=\"3 minutes\" \/>\n<script type=\"application\/ld+json\" class=\"yoast-schema-graph\">{\"@context\":\"https:\/\/schema.org\",\"@graph\":[{\"@type\":\"Article\",\"@id\":\"https:\/\/www.efmaroc.org\/efm\/tournoi-de-rugby-de-la-mediterranee-11e-edition\/#article\",\"isPartOf\":{\"@id\":\"https:\/\/www.efmaroc.org\/efm\/tournoi-de-rugby-de-la-mediterranee-11e-edition\/\"},\"author\":{\"name\":\"EFM\",\"@id\":\"https:\/\/www.efmaroc.org\/efm\/#\/schema\/person\/25a9b635a4b2276393dd87dbd94c6302\"},\"headline\":\"Tournoi de rugby de la M\u00e9diterran\u00e9e &#8211; 11e \u00e9dition\",\"datePublished\":\"2023-03-10T04:13:27+00:00\",\"dateModified\":\"2023-03-10T06:01:58+00:00\",\"mainEntityOfPage\":{\"@id\":\"https:\/\/www.efmaroc.org\/efm\/tournoi-de-rugby-de-la-mediterranee-11e-edition\/\"},\"wordCount\":567,\"publisher\":{\"@id\":\"https:\/\/www.efmaroc.org\/efm\/#organization\"},\"image\":{\"@id\":\"https:\/\/www.efmaroc.org\/efm\/tournoi-de-rugby-de-la-mediterranee-11e-edition\/#primaryimage\"},\"thumbnailUrl\":\"https:\/\/www.efmaroc.org\/efm\/wp-content\/uploads\/2023\/03\/efm-enseignement-francais-maroc-Tournoi-Med-Affiche-scaled.jpg\",\"articleSection\":[\"Nouvelles\",\"R\u00e9seau\"],\"inLanguage\":\"fr-FR\"},{\"@type\":\"WebPage\",\"@id\":\"https:\/\/www.efmaroc.org\/efm\/tournoi-de-rugby-de-la-mediterranee-11e-edition\/\",\"url\":\"https:\/\/www.efmaroc.org\/efm\/tournoi-de-rugby-de-la-mediterranee-11e-edition\/\",\"name\":\"Tournoi de rugby de la M\u00e9diterran\u00e9e - 11e \u00e9dition | Enseignement Fran\u00e7ais au Maroc\",\"isPartOf\":{\"@id\":\"https:\/\/www.efmaroc.org\/efm\/#website\"},\"primaryImageOfPage\":{\"@id\":\"https:\/\/www.efmaroc.org\/efm\/tournoi-de-rugby-de-la-mediterranee-11e-edition\/#primaryimage\"},\"image\":{\"@id\":\"https:\/\/www.efmaroc.org\/efm\/tournoi-de-rugby-de-la-mediterranee-11e-edition\/#primaryimage\"},\"thumbnailUrl\":\"https:\/\/www.efmaroc.org\/efm\/wp-content\/uploads\/2023\/03\/efm-enseignement-francais-maroc-Tournoi-Med-Affiche-scaled.jpg\",\"datePublished\":\"2023-03-10T04:13:27+00:00\",\"dateModified\":\"2023-03-10T06:01:58+00:00\",\"description\":\"Du 13 au 17 mars 2023, le Tournoi de rugby de la M\u00e9diterran\u00e9e se pose au Lyc\u00e9e fran\u00e7ais Victor Hugo de Marrakech, en plein coeur du Maroc, pour f\u00eater sa 11e \u00e9dition en pr\u00e9sence de l\u2019ex-joueuse internationale fran\u00e7aise Safi N\u2019Diaye, marraine de l'\u00e9v\u00e9nement.\",\"breadcrumb\":{\"@id\":\"https:\/\/www.efmaroc.org\/efm\/tournoi-de-rugby-de-la-mediterranee-11e-edition\/#breadcrumb\"},\"inLanguage\":\"fr-FR\",\"potentialAction\":[{\"@type\":\"ReadAction\",\"target\":[\"https:\/\/www.efmaroc.org\/efm\/tournoi-de-rugby-de-la-mediterranee-11e-edition\/\"]}]},{\"@type\":\"ImageObject\",\"inLanguage\":\"fr-FR\",\"@id\":\"https:\/\/www.efmaroc.org\/efm\/tournoi-de-rugby-de-la-mediterranee-11e-edition\/#primaryimage\",\"url\":\"https:\/\/www.efmaroc.org\/efm\/wp-content\/uploads\/2023\/03\/efm-enseignement-francais-maroc-Tournoi-Med-Affiche-scaled.jpg\",\"contentUrl\":\"https:\/\/www.efmaroc.org\/efm\/wp-content\/uploads\/2023\/03\/efm-enseignement-francais-maroc-Tournoi-Med-Affiche-scaled.jpg\",\"width\":1810,\"height\":2560},{\"@type\":\"BreadcrumbList\",\"@id\":\"https:\/\/www.efmaroc.org\/efm\/tournoi-de-rugby-de-la-mediterranee-11e-edition\/#breadcrumb\",\"itemListElement\":[{\"@type\":\"ListItem\",\"position\":1,\"name\":\"Accueil\",\"item\":\"https:\/\/www.efmaroc.org\/efm\/\"},{\"@type\":\"ListItem\",\"position\":2,\"name\":\"Tournoi de rugby de la M\u00e9diterran\u00e9e &#8211; 11e \u00e9dition\"}]},{\"@type\":\"WebSite\",\"@id\":\"https:\/\/www.efmaroc.org\/efm\/#website\",\"url\":\"https:\/\/www.efmaroc.org\/efm\/\",\"name\":\"EFM\",\"description\":\"Enseignement Fran\u00e7ais au Maroc\",\"publisher\":{\"@id\":\"https:\/\/www.efmaroc.org\/efm\/#organization\"},\"potentialAction\":[{\"@type\":\"SearchAction\",\"target\":{\"@type\":\"EntryPoint\",\"urlTemplate\":\"https:\/\/www.efmaroc.org\/efm\/?s={search_term_string}\"},\"query-input\":{\"@type\":\"PropertyValueSpecification\",\"valueRequired\":true,\"valueName\":\"search_term_string\"}}],\"inLanguage\":\"fr-FR\"},{\"@type\":\"Organization\",\"@id\":\"https:\/\/www.efmaroc.org\/efm\/#organization\",\"name\":\"EFM\",\"url\":\"https:\/\/www.efmaroc.org\/efm\/\",\"logo\":{\"@type\":\"ImageObject\",\"inLanguage\":\"fr-FR\",\"@id\":\"https:\/\/www.efmaroc.org\/efm\/#\/schema\/logo\/image\/\",\"url\":\"https:\/\/www.efmaroc.org\/efm\/wp-content\/uploads\/2022\/12\/efm-enseignement-francais-maroc-logotaglinex2.png\",\"contentUrl\":\"https:\/\/www.efmaroc.org\/efm\/wp-content\/uploads\/2022\/12\/efm-enseignement-francais-maroc-logotaglinex2.png\",\"width\":104,\"height\":78,\"caption\":\"EFM\"},\"image\":{\"@id\":\"https:\/\/www.efmaroc.org\/efm\/#\/schema\/logo\/image\/\"}},{\"@type\":\"Person\",\"@id\":\"https:\/\/www.efmaroc.org\/efm\/#\/schema\/person\/25a9b635a4b2276393dd87dbd94c6302\",\"name\":\"EFM\",\"image\":{\"@type\":\"ImageObject\",\"inLanguage\":\"fr-FR\",\"@id\":\"https:\/\/www.efmaroc.org\/efm\/#\/schema\/person\/image\/\",\"url\":\"https:\/\/secure.gravatar.com\/avatar\/0acf5f0ecc3b24f6fa3602920a0bc305ada83aa2d4adbe73d7718ee0e4155d61?s=96&d=mm&r=g\",\"contentUrl\":\"https:\/\/secure.gravatar.com\/avatar\/0acf5f0ecc3b24f6fa3602920a0bc305ada83aa2d4adbe73d7718ee0e4155d61?s=96&d=mm&r=g\",\"caption\":\"EFM\"},\"sameAs\":[\"https:\/\/www.efmaroc.org\/efm\"]}]}<\/script>\n<!-- \/ Yoast SEO plugin. -->","yoast_head_json":{"title":"Tournoi de rugby de la M\u00e9diterran\u00e9e - 11e \u00e9dition | Enseignement Fran\u00e7ais au Maroc","description":"Du 13 au 17 mars 2023, le Tournoi de rugby de la M\u00e9diterran\u00e9e se pose au Lyc\u00e9e fran\u00e7ais Victor Hugo de Marrakech, en plein coeur du Maroc, pour f\u00eater sa 11e \u00e9dition en pr\u00e9sence de l\u2019ex-joueuse internationale fran\u00e7aise Safi N\u2019Diaye, marraine de l'\u00e9v\u00e9nement.","robots":{"index":"index","follow":"follow","max-snippet":"max-snippet:-1","max-image-preview":"max-image-preview:large","max-video-preview":"max-video-preview:-1"},"canonical":"https:\/\/www.efmaroc.org\/efm\/tournoi-de-rugby-de-la-mediterranee-11e-edition\/","og_locale":"fr_FR","og_type":"article","og_title":"Tournoi de rugby de la M\u00e9diterran\u00e9e - 11e \u00e9dition | Enseignement Fran\u00e7ais au Maroc","og_description":"Du 13 au 17 mars 2023, le Tournoi de rugby de la M\u00e9diterran\u00e9e se pose au Lyc\u00e9e fran\u00e7ais Victor Hugo de Marrakech, en plein coeur du Maroc, pour f\u00eater sa 11e \u00e9dition en pr\u00e9sence de l\u2019ex-joueuse internationale fran\u00e7aise Safi N\u2019Diaye, marraine de l'\u00e9v\u00e9nement.","og_url":"https:\/\/www.efmaroc.org\/efm\/tournoi-de-rugby-de-la-mediterranee-11e-edition\/","og_site_name":"EFM","article_published_time":"2023-03-10T04:13:27+00:00","article_modified_time":"2023-03-10T06:01:58+00:00","og_image":[{"width":1810,"height":2560,"url":"https:\/\/www.efmaroc.org\/efm\/wp-content\/uploads\/2023\/03\/efm-enseignement-francais-maroc-Tournoi-Med-Affiche-scaled.jpg","type":"image\/jpeg"}],"author":"EFM","twitter_card":"summary_large_image","twitter_misc":{"\u00c9crit par":"EFM","Dur\u00e9e de lecture estim\u00e9e":"3 minutes"},"schema":{"@context":"https:\/\/schema.org","@graph":[{"@type":"Article","@id":"https:\/\/www.efmaroc.org\/efm\/tournoi-de-rugby-de-la-mediterranee-11e-edition\/#article","isPartOf":{"@id":"https:\/\/www.efmaroc.org\/efm\/tournoi-de-rugby-de-la-mediterranee-11e-edition\/"},"author":{"name":"EFM","@id":"https:\/\/www.efmaroc.org\/efm\/#\/schema\/person\/25a9b635a4b2276393dd87dbd94c6302"},"headline":"Tournoi de rugby de la M\u00e9diterran\u00e9e &#8211; 11e \u00e9dition","datePublished":"2023-03-10T04:13:27+00:00","dateModified":"2023-03-10T06:01:58+00:00","mainEntityOfPage":{"@id":"https:\/\/www.efmaroc.org\/efm\/tournoi-de-rugby-de-la-mediterranee-11e-edition\/"},"wordCount":567,"publisher":{"@id":"https:\/\/www.efmaroc.org\/efm\/#organization"},"image":{"@id":"https:\/\/www.efmaroc.org\/efm\/tournoi-de-rugby-de-la-mediterranee-11e-edition\/#primaryimage"},"thumbnailUrl":"https:\/\/www.efmaroc.org\/efm\/wp-content\/uploads\/2023\/03\/efm-enseignement-francais-maroc-Tournoi-Med-Affiche-scaled.jpg","articleSection":["Nouvelles","R\u00e9seau"],"inLanguage":"fr-FR"},{"@type":"WebPage","@id":"https:\/\/www.efmaroc.org\/efm\/tournoi-de-rugby-de-la-mediterranee-11e-edition\/","url":"https:\/\/www.efmaroc.org\/efm\/tournoi-de-rugby-de-la-mediterranee-11e-edition\/","name":"Tournoi de rugby de la M\u00e9diterran\u00e9e - 11e \u00e9dition | Enseignement Fran\u00e7ais au Maroc","isPartOf":{"@id":"https:\/\/www.efmaroc.org\/efm\/#website"},"primaryImageOfPage":{"@id":"https:\/\/www.efmaroc.org\/efm\/tournoi-de-rugby-de-la-mediterranee-11e-edition\/#primaryimage"},"image":{"@id":"https:\/\/www.efmaroc.org\/efm\/tournoi-de-rugby-de-la-mediterranee-11e-edition\/#primaryimage"},"thumbnailUrl":"https:\/\/www.efmaroc.org\/efm\/wp-content\/uploads\/2023\/03\/efm-enseignement-francais-maroc-Tournoi-Med-Affiche-scaled.jpg","datePublished":"2023-03-10T04:13:27+00:00","dateModified":"2023-03-10T06:01:58+00:00","description":"Du 13 au 17 mars 2023, le Tournoi de rugby de la M\u00e9diterran\u00e9e se pose au Lyc\u00e9e fran\u00e7ais Victor Hugo de Marrakech, en plein coeur du Maroc, pour f\u00eater sa 11e \u00e9dition en pr\u00e9sence de l\u2019ex-joueuse internationale fran\u00e7aise Safi N\u2019Diaye, marraine de l'\u00e9v\u00e9nement.","breadcrumb":{"@id":"https:\/\/www.efmaroc.org\/efm\/tournoi-de-rugby-de-la-mediterranee-11e-edition\/#breadcrumb"},"inLanguage":"fr-FR","potentialAction":[{"@type":"ReadAction","target":["https:\/\/www.efmaroc.org\/efm\/tournoi-de-rugby-de-la-mediterranee-11e-edition\/"]}]},{"@type":"ImageObject","inLanguage":"fr-FR","@id":"https:\/\/www.efmaroc.org\/efm\/tournoi-de-rugby-de-la-mediterranee-11e-edition\/#primaryimage","url":"https:\/\/www.efmaroc.org\/efm\/wp-content\/uploads\/2023\/03\/efm-enseignement-francais-maroc-Tournoi-Med-Affiche-scaled.jpg","contentUrl":"https:\/\/www.efmaroc.org\/efm\/wp-content\/uploads\/2023\/03\/efm-enseignement-francais-maroc-Tournoi-Med-Affiche-scaled.jpg","width":1810,"height":2560},{"@type":"BreadcrumbList","@id":"https:\/\/www.efmaroc.org\/efm\/tournoi-de-rugby-de-la-mediterranee-11e-edition\/#breadcrumb","itemListElement":[{"@type":"ListItem","position":1,"name":"Accueil","item":"https:\/\/www.efmaroc.org\/efm\/"},{"@type":"ListItem","position":2,"name":"Tournoi de rugby de la M\u00e9diterran\u00e9e &#8211; 11e \u00e9dition"}]},{"@type":"WebSite","@id":"https:\/\/www.efmaroc.org\/efm\/#website","url":"https:\/\/www.efmaroc.org\/efm\/","name":"EFM","description":"Enseignement Fran\u00e7ais au Maroc","publisher":{"@id":"https:\/\/www.efmaroc.org\/efm\/#organization"},"potentialAction":[{"@type":"SearchAction","target":{"@type":"EntryPoint","urlTemplate":"https:\/\/www.efmaroc.org\/efm\/?s={search_term_string}"},"query-input":{"@type":"PropertyValueSpecification","valueRequired":true,"valueName":"search_term_string"}}],"inLanguage":"fr-FR"},{"@type":"Organization","@id":"https:\/\/www.efmaroc.org\/efm\/#organization","name":"EFM","url":"https:\/\/www.efmaroc.org\/efm\/","logo":{"@type":"ImageObject","inLanguage":"fr-FR","@id":"https:\/\/www.efmaroc.org\/efm\/#\/schema\/logo\/image\/","url":"https:\/\/www.efmaroc.org\/efm\/wp-content\/uploads\/2022\/12\/efm-enseignement-francais-maroc-logotaglinex2.png","contentUrl":"https:\/\/www.efmaroc.org\/efm\/wp-content\/uploads\/2022\/12\/efm-enseignement-francais-maroc-logotaglinex2.png","width":104,"height":78,"caption":"EFM"},"image":{"@id":"https:\/\/www.efmaroc.org\/efm\/#\/schema\/logo\/image\/"}},{"@type":"Person","@id":"https:\/\/www.efmaroc.org\/efm\/#\/schema\/person\/25a9b635a4b2276393dd87dbd94c6302","name":"EFM","image":{"@type":"ImageObject","inLanguage":"fr-FR","@id":"https:\/\/www.efmaroc.org\/efm\/#\/schema\/person\/image\/","url":"https:\/\/secure.gravatar.com\/avatar\/0acf5f0ecc3b24f6fa3602920a0bc305ada83aa2d4adbe73d7718ee0e4155d61?s=96&d=mm&r=g","contentUrl":"https:\/\/secure.gravatar.com\/avatar\/0acf5f0ecc3b24f6fa3602920a0bc305ada83aa2d4adbe73d7718ee0e4155d61?s=96&d=mm&r=g","caption":"EFM"},"sameAs":["https:\/\/www.efmaroc.org\/efm"]}]}},"jetpack_featured_media_url":"https:\/\/www.efmaroc.org\/efm\/wp-content\/uploads\/2023\/03\/efm-enseignement-francais-maroc-Tournoi-Med-Affiche-scaled.jpg","jetpack_sharing_enabled":true,"_links":{"self":[{"href":"https:\/\/www.efmaroc.org\/efm\/wp-json\/wp\/v2\/posts\/21866","targetHints":{"allow":["GET"]}}],"collection":[{"href":"https:\/\/www.efmaroc.org\/efm\/wp-json\/wp\/v2\/posts"}],"about":[{"href":"https:\/\/www.efmaroc.org\/efm\/wp-json\/wp\/v2\/types\/post"}],"author":[{"embeddable":true,"href":"https:\/\/www.efmaroc.org\/efm\/wp-json\/wp\/v2\/users\/1"}],"replies":[{"embeddable":true,"href":"https:\/\/www.efmaroc.org\/efm\/wp-json\/wp\/v2\/comments?post=21866"}],"version-history":[{"count":3,"href":"https:\/\/www.efmaroc.org\/efm\/wp-json\/wp\/v2\/posts\/21866\/revisions"}],"predecessor-version":[{"id":21930,"href":"https:\/\/www.efmaroc.org\/efm\/wp-json\/wp\/v2\/posts\/21866\/revisions\/21930"}],"wp:featuredmedia":[{"embeddable":true,"href":"https:\/\/www.efmaroc.org\/efm\/wp-json\/wp\/v2\/media\/21867"}],"wp:attachment":[{"href":"https:\/\/www.efmaroc.org\/efm\/wp-json\/wp\/v2\/media?parent=21866"}],"wp:term":[{"taxonomy":"category","embeddable":true,"href":"https:\/\/www.efmaroc.org\/efm\/wp-json\/wp\/v2\/categories?post=21866"},{"taxonomy":"post_tag","embeddable":true,"href":"https:\/\/www.efmaroc.org\/efm\/wp-json\/wp\/v2\/tags?post=21866"}],"curies":[{"name":"wp","href":"https:\/\/api.w.org\/{rel}","templated":true}]}}