{"id":21953,"date":"2023-04-10T13:57:29","date_gmt":"2023-04-10T11:57:29","guid":{"rendered":"https:\/\/www.efmaroc.org\/efm\/?p=21953"},"modified":"2023-04-10T14:01:02","modified_gmt":"2023-04-10T12:01:02","slug":"consultations-sur-lenseignement-francais-a-letranger","status":"publish","type":"post","link":"https:\/\/www.efmaroc.org\/efm\/consultations-sur-lenseignement-francais-a-letranger\/","title":{"rendered":"Consultations sur l&rsquo;enseignement fran\u00e7ais \u00e0 l&rsquo;\u00e9tranger"},"content":{"rendered":"\n<h3 class=\"wp-block-heading\">Participez aux consultations du minist\u00e8re de l&rsquo;Europe et des affaires \u00e9trang\u00e8res sur l&rsquo;avenir de l&rsquo;enseignement fran\u00e7ais \u00e0 l&rsquo;\u00e9tranger.<\/h3>\n\n\n\n<p>\u00c0 l\u2019initiative de Catherine Colonna, ministre de l\u2019Europe et des Affaires \u00e9trang\u00e8res, le minist\u00e8re lance des consultations sur l\u2019avenir de l\u2019enseignement fran\u00e7ais \u00e0 l\u2019\u00e9tranger. Ouvertes \u00e0 tous les acteurs et les actrices du secteur, celles-ci se d\u00e9rouleront \u00e0 la fois sous la forme d\u2019un questionnaire en ligne, du <strong>27 mars<\/strong> au <strong>16 avril 2023<\/strong>, et d\u2019\u00e9changes directs organis\u00e9s avec des repr\u00e9sentants de chaque cat\u00e9gorie d\u2019acteurs en avril et mai 2023. Elles feront enfin l\u2019objet d\u2019une restitution.<br>Parents, anciens \u00e9l\u00e8ves, professionnels de l&rsquo;enseignement fran\u00e7ais \u00e0 l&rsquo;\u00e9tranger #AEFE.<\/p>\n\n\n\n<p>Le questionnaire est en ligne jusqu&rsquo;au 16 avril 2023 : <a rel=\"noreferrer noopener\" href=\"https:\/\/bit.ly\/3lVrECc\" target=\"_blank\">https:\/\/bit.ly\/3lVrECc<\/a><\/p>\n\n\n\n<figure class=\"wp-block-image size-full\"><img fetchpriority=\"high\" decoding=\"async\" width=\"970\" height=\"647\" src=\"https:\/\/www.efmaroc.org\/efm\/wp-content\/uploads\/2023\/04\/efm-enseignement-francais-maroc-consultation.png\" alt=\"\" class=\"wp-image-21954\" srcset=\"https:\/\/www.efmaroc.org\/efm\/wp-content\/uploads\/2023\/04\/efm-enseignement-francais-maroc-consultation.png 970w, https:\/\/www.efmaroc.org\/efm\/wp-content\/uploads\/2023\/04\/efm-enseignement-francais-maroc-consultation-300x200.png 300w, https:\/\/www.efmaroc.org\/efm\/wp-content\/uploads\/2023\/04\/efm-enseignement-francais-maroc-consultation-768x512.png 768w, https:\/\/www.efmaroc.org\/efm\/wp-content\/uploads\/2023\/04\/efm-enseignement-francais-maroc-consultation-120x80.png 120w, https:\/\/www.efmaroc.org\/efm\/wp-content\/uploads\/2023\/04\/efm-enseignement-francais-maroc-consultation-370x247.png 370w, https:\/\/www.efmaroc.org\/efm\/wp-content\/uploads\/2023\/04\/efm-enseignement-francais-maroc-consultation-840x560.png 840w, https:\/\/www.efmaroc.org\/efm\/wp-content\/uploads\/2023\/04\/efm-enseignement-francais-maroc-consultation-410x273.png 410w\" sizes=\"(max-width: 970px) 100vw, 970px\" \/><\/figure>\n","protected":false},"excerpt":{"rendered":"<p>Participez aux consultations du minist\u00e8re de l&rsquo;Europe et des affaires \u00e9trang\u00e8res sur l&rsquo;avenir de l&rsquo;enseignement fran\u00e7ais \u00e0 l&rsquo;\u00e9tranger.<\/p>\n","protected":false},"author":1,"featured_media":21954,"comment_status":"closed","ping_status":"closed","sticky":false,"template":"","format":"standard","meta":{"_jetpack_newsletter_access":"","_jetpack_dont_email_post_to_subs":false,"_jetpack_newsletter_tier_id":0,"_jetpack_memberships_contains_paywalled_content":false,"_jetpack_memberships_contains_paid_content":false,"footnotes":""},"categories":[14],"tags":[],"class_list":["post-21953","post","type-post","status-publish","format-standard","has-post-thumbnail","hentry","category-nouvelles"],"yoast_head":"<!-- This site is optimized with the Yoast SEO plugin v26.8 - https:\/\/yoast.com\/product\/yoast-seo-wordpress\/ -->\n<title>Consultations sur l&#039;enseignement fran\u00e7ais \u00e0 l&#039;\u00e9tranger | Enseignement Fran\u00e7ais au Maroc<\/title>\n<meta name=\"description\" content=\"Participez aux consultations du minist\u00e8re de l&#039;Europe et des affaires \u00e9trang\u00e8res sur l&#039;avenir de l&#039;enseignement fran\u00e7ais \u00e0 l&#039;\u00e9tranger.\" \/>\n<meta name=\"robots\" content=\"index, follow, max-snippet:-1, max-image-preview:large, max-video-preview:-1\" \/>\n<link rel=\"canonical\" href=\"https:\/\/www.efmaroc.org\/efm\/consultations-sur-lenseignement-francais-a-letranger\/\" \/>\n<meta property=\"og:locale\" content=\"fr_FR\" \/>\n<meta property=\"og:type\" content=\"article\" \/>\n<meta property=\"og:title\" content=\"Consultations sur l&#039;enseignement fran\u00e7ais \u00e0 l&#039;\u00e9tranger | Enseignement Fran\u00e7ais au Maroc\" \/>\n<meta property=\"og:description\" content=\"Participez aux consultations du minist\u00e8re de l&#039;Europe et des affaires \u00e9trang\u00e8res sur l&#039;avenir de l&#039;enseignement fran\u00e7ais \u00e0 l&#039;\u00e9tranger.\" \/>\n<meta property=\"og:url\" content=\"https:\/\/www.efmaroc.org\/efm\/consultations-sur-lenseignement-francais-a-letranger\/\" \/>\n<meta property=\"og:site_name\" content=\"EFM\" \/>\n<meta property=\"article:published_time\" content=\"2023-04-10T11:57:29+00:00\" \/>\n<meta property=\"article:modified_time\" content=\"2023-04-10T12:01:02+00:00\" \/>\n<meta property=\"og:image\" content=\"https:\/\/www.efmaroc.org\/efm\/wp-content\/uploads\/2023\/04\/efm-enseignement-francais-maroc-consultation.png\" \/>\n\t<meta property=\"og:image:width\" content=\"970\" \/>\n\t<meta property=\"og:image:height\" content=\"647\" \/>\n\t<meta property=\"og:image:type\" content=\"image\/png\" \/>\n<meta name=\"author\" content=\"EFM\" \/>\n<meta name=\"twitter:card\" content=\"summary_large_image\" \/>\n<meta name=\"twitter:label1\" content=\"\u00c9crit par\" \/>\n\t<meta name=\"twitter:data1\" content=\"EFM\" \/>\n\t<meta name=\"twitter:label2\" content=\"Dur\u00e9e de lecture estim\u00e9e\" \/>\n\t<meta name=\"twitter:data2\" content=\"1 minute\" \/>\n<script type=\"application\/ld+json\" class=\"yoast-schema-graph\">{\"@context\":\"https:\/\/schema.org\",\"@graph\":[{\"@type\":\"Article\",\"@id\":\"https:\/\/www.efmaroc.org\/efm\/consultations-sur-lenseignement-francais-a-letranger\/#article\",\"isPartOf\":{\"@id\":\"https:\/\/www.efmaroc.org\/efm\/consultations-sur-lenseignement-francais-a-letranger\/\"},\"author\":{\"name\":\"EFM\",\"@id\":\"https:\/\/www.efmaroc.org\/efm\/#\/schema\/person\/25a9b635a4b2276393dd87dbd94c6302\"},\"headline\":\"Consultations sur l&rsquo;enseignement fran\u00e7ais \u00e0 l&rsquo;\u00e9tranger\",\"datePublished\":\"2023-04-10T11:57:29+00:00\",\"dateModified\":\"2023-04-10T12:01:02+00:00\",\"mainEntityOfPage\":{\"@id\":\"https:\/\/www.efmaroc.org\/efm\/consultations-sur-lenseignement-francais-a-letranger\/\"},\"wordCount\":142,\"publisher\":{\"@id\":\"https:\/\/www.efmaroc.org\/efm\/#organization\"},\"image\":{\"@id\":\"https:\/\/www.efmaroc.org\/efm\/consultations-sur-lenseignement-francais-a-letranger\/#primaryimage\"},\"thumbnailUrl\":\"https:\/\/www.efmaroc.org\/efm\/wp-content\/uploads\/2023\/04\/efm-enseignement-francais-maroc-consultation.png\",\"articleSection\":[\"Nouvelles\"],\"inLanguage\":\"fr-FR\"},{\"@type\":\"WebPage\",\"@id\":\"https:\/\/www.efmaroc.org\/efm\/consultations-sur-lenseignement-francais-a-letranger\/\",\"url\":\"https:\/\/www.efmaroc.org\/efm\/consultations-sur-lenseignement-francais-a-letranger\/\",\"name\":\"Consultations sur l'enseignement fran\u00e7ais \u00e0 l'\u00e9tranger | Enseignement Fran\u00e7ais au Maroc\",\"isPartOf\":{\"@id\":\"https:\/\/www.efmaroc.org\/efm\/#website\"},\"primaryImageOfPage\":{\"@id\":\"https:\/\/www.efmaroc.org\/efm\/consultations-sur-lenseignement-francais-a-letranger\/#primaryimage\"},\"image\":{\"@id\":\"https:\/\/www.efmaroc.org\/efm\/consultations-sur-lenseignement-francais-a-letranger\/#primaryimage\"},\"thumbnailUrl\":\"https:\/\/www.efmaroc.org\/efm\/wp-content\/uploads\/2023\/04\/efm-enseignement-francais-maroc-consultation.png\",\"datePublished\":\"2023-04-10T11:57:29+00:00\",\"dateModified\":\"2023-04-10T12:01:02+00:00\",\"description\":\"Participez aux consultations du minist\u00e8re de l'Europe et des affaires \u00e9trang\u00e8res sur l'avenir de l'enseignement fran\u00e7ais \u00e0 l'\u00e9tranger.\",\"breadcrumb\":{\"@id\":\"https:\/\/www.efmaroc.org\/efm\/consultations-sur-lenseignement-francais-a-letranger\/#breadcrumb\"},\"inLanguage\":\"fr-FR\",\"potentialAction\":[{\"@type\":\"ReadAction\",\"target\":[\"https:\/\/www.efmaroc.org\/efm\/consultations-sur-lenseignement-francais-a-letranger\/\"]}]},{\"@type\":\"ImageObject\",\"inLanguage\":\"fr-FR\",\"@id\":\"https:\/\/www.efmaroc.org\/efm\/consultations-sur-lenseignement-francais-a-letranger\/#primaryimage\",\"url\":\"https:\/\/www.efmaroc.org\/efm\/wp-content\/uploads\/2023\/04\/efm-enseignement-francais-maroc-consultation.png\",\"contentUrl\":\"https:\/\/www.efmaroc.org\/efm\/wp-content\/uploads\/2023\/04\/efm-enseignement-francais-maroc-consultation.png\",\"width\":970,\"height\":647},{\"@type\":\"BreadcrumbList\",\"@id\":\"https:\/\/www.efmaroc.org\/efm\/consultations-sur-lenseignement-francais-a-letranger\/#breadcrumb\",\"itemListElement\":[{\"@type\":\"ListItem\",\"position\":1,\"name\":\"Accueil\",\"item\":\"https:\/\/www.efmaroc.org\/efm\/\"},{\"@type\":\"ListItem\",\"position\":2,\"name\":\"Consultations sur l&rsquo;enseignement fran\u00e7ais \u00e0 l&rsquo;\u00e9tranger\"}]},{\"@type\":\"WebSite\",\"@id\":\"https:\/\/www.efmaroc.org\/efm\/#website\",\"url\":\"https:\/\/www.efmaroc.org\/efm\/\",\"name\":\"EFM\",\"description\":\"Enseignement Fran\u00e7ais au Maroc\",\"publisher\":{\"@id\":\"https:\/\/www.efmaroc.org\/efm\/#organization\"},\"potentialAction\":[{\"@type\":\"SearchAction\",\"target\":{\"@type\":\"EntryPoint\",\"urlTemplate\":\"https:\/\/www.efmaroc.org\/efm\/?s={search_term_string}\"},\"query-input\":{\"@type\":\"PropertyValueSpecification\",\"valueRequired\":true,\"valueName\":\"search_term_string\"}}],\"inLanguage\":\"fr-FR\"},{\"@type\":\"Organization\",\"@id\":\"https:\/\/www.efmaroc.org\/efm\/#organization\",\"name\":\"EFM\",\"url\":\"https:\/\/www.efmaroc.org\/efm\/\",\"logo\":{\"@type\":\"ImageObject\",\"inLanguage\":\"fr-FR\",\"@id\":\"https:\/\/www.efmaroc.org\/efm\/#\/schema\/logo\/image\/\",\"url\":\"https:\/\/www.efmaroc.org\/efm\/wp-content\/uploads\/2022\/12\/efm-enseignement-francais-maroc-logotaglinex2.png\",\"contentUrl\":\"https:\/\/www.efmaroc.org\/efm\/wp-content\/uploads\/2022\/12\/efm-enseignement-francais-maroc-logotaglinex2.png\",\"width\":104,\"height\":78,\"caption\":\"EFM\"},\"image\":{\"@id\":\"https:\/\/www.efmaroc.org\/efm\/#\/schema\/logo\/image\/\"}},{\"@type\":\"Person\",\"@id\":\"https:\/\/www.efmaroc.org\/efm\/#\/schema\/person\/25a9b635a4b2276393dd87dbd94c6302\",\"name\":\"EFM\",\"image\":{\"@type\":\"ImageObject\",\"inLanguage\":\"fr-FR\",\"@id\":\"https:\/\/www.efmaroc.org\/efm\/#\/schema\/person\/image\/\",\"url\":\"https:\/\/secure.gravatar.com\/avatar\/0acf5f0ecc3b24f6fa3602920a0bc305ada83aa2d4adbe73d7718ee0e4155d61?s=96&d=mm&r=g\",\"contentUrl\":\"https:\/\/secure.gravatar.com\/avatar\/0acf5f0ecc3b24f6fa3602920a0bc305ada83aa2d4adbe73d7718ee0e4155d61?s=96&d=mm&r=g\",\"caption\":\"EFM\"},\"sameAs\":[\"https:\/\/www.efmaroc.org\/efm\"]}]}<\/script>\n<!-- \/ Yoast SEO plugin. -->","yoast_head_json":{"title":"Consultations sur l'enseignement fran\u00e7ais \u00e0 l'\u00e9tranger | Enseignement Fran\u00e7ais au Maroc","description":"Participez aux consultations du minist\u00e8re de l'Europe et des affaires \u00e9trang\u00e8res sur l'avenir de l'enseignement fran\u00e7ais \u00e0 l'\u00e9tranger.","robots":{"index":"index","follow":"follow","max-snippet":"max-snippet:-1","max-image-preview":"max-image-preview:large","max-video-preview":"max-video-preview:-1"},"canonical":"https:\/\/www.efmaroc.org\/efm\/consultations-sur-lenseignement-francais-a-letranger\/","og_locale":"fr_FR","og_type":"article","og_title":"Consultations sur l'enseignement fran\u00e7ais \u00e0 l'\u00e9tranger | Enseignement Fran\u00e7ais au Maroc","og_description":"Participez aux consultations du minist\u00e8re de l'Europe et des affaires \u00e9trang\u00e8res sur l'avenir de l'enseignement fran\u00e7ais \u00e0 l'\u00e9tranger.","og_url":"https:\/\/www.efmaroc.org\/efm\/consultations-sur-lenseignement-francais-a-letranger\/","og_site_name":"EFM","article_published_time":"2023-04-10T11:57:29+00:00","article_modified_time":"2023-04-10T12:01:02+00:00","og_image":[{"width":970,"height":647,"url":"https:\/\/www.efmaroc.org\/efm\/wp-content\/uploads\/2023\/04\/efm-enseignement-francais-maroc-consultation.png","type":"image\/png"}],"author":"EFM","twitter_card":"summary_large_image","twitter_misc":{"\u00c9crit par":"EFM","Dur\u00e9e de lecture estim\u00e9e":"1 minute"},"schema":{"@context":"https:\/\/schema.org","@graph":[{"@type":"Article","@id":"https:\/\/www.efmaroc.org\/efm\/consultations-sur-lenseignement-francais-a-letranger\/#article","isPartOf":{"@id":"https:\/\/www.efmaroc.org\/efm\/consultations-sur-lenseignement-francais-a-letranger\/"},"author":{"name":"EFM","@id":"https:\/\/www.efmaroc.org\/efm\/#\/schema\/person\/25a9b635a4b2276393dd87dbd94c6302"},"headline":"Consultations sur l&rsquo;enseignement fran\u00e7ais \u00e0 l&rsquo;\u00e9tranger","datePublished":"2023-04-10T11:57:29+00:00","dateModified":"2023-04-10T12:01:02+00:00","mainEntityOfPage":{"@id":"https:\/\/www.efmaroc.org\/efm\/consultations-sur-lenseignement-francais-a-letranger\/"},"wordCount":142,"publisher":{"@id":"https:\/\/www.efmaroc.org\/efm\/#organization"},"image":{"@id":"https:\/\/www.efmaroc.org\/efm\/consultations-sur-lenseignement-francais-a-letranger\/#primaryimage"},"thumbnailUrl":"https:\/\/www.efmaroc.org\/efm\/wp-content\/uploads\/2023\/04\/efm-enseignement-francais-maroc-consultation.png","articleSection":["Nouvelles"],"inLanguage":"fr-FR"},{"@type":"WebPage","@id":"https:\/\/www.efmaroc.org\/efm\/consultations-sur-lenseignement-francais-a-letranger\/","url":"https:\/\/www.efmaroc.org\/efm\/consultations-sur-lenseignement-francais-a-letranger\/","name":"Consultations sur l'enseignement fran\u00e7ais \u00e0 l'\u00e9tranger | Enseignement Fran\u00e7ais au Maroc","isPartOf":{"@id":"https:\/\/www.efmaroc.org\/efm\/#website"},"primaryImageOfPage":{"@id":"https:\/\/www.efmaroc.org\/efm\/consultations-sur-lenseignement-francais-a-letranger\/#primaryimage"},"image":{"@id":"https:\/\/www.efmaroc.org\/efm\/consultations-sur-lenseignement-francais-a-letranger\/#primaryimage"},"thumbnailUrl":"https:\/\/www.efmaroc.org\/efm\/wp-content\/uploads\/2023\/04\/efm-enseignement-francais-maroc-consultation.png","datePublished":"2023-04-10T11:57:29+00:00","dateModified":"2023-04-10T12:01:02+00:00","description":"Participez aux consultations du minist\u00e8re de l'Europe et des affaires \u00e9trang\u00e8res sur l'avenir de l'enseignement fran\u00e7ais \u00e0 l'\u00e9tranger.","breadcrumb":{"@id":"https:\/\/www.efmaroc.org\/efm\/consultations-sur-lenseignement-francais-a-letranger\/#breadcrumb"},"inLanguage":"fr-FR","potentialAction":[{"@type":"ReadAction","target":["https:\/\/www.efmaroc.org\/efm\/consultations-sur-lenseignement-francais-a-letranger\/"]}]},{"@type":"ImageObject","inLanguage":"fr-FR","@id":"https:\/\/www.efmaroc.org\/efm\/consultations-sur-lenseignement-francais-a-letranger\/#primaryimage","url":"https:\/\/www.efmaroc.org\/efm\/wp-content\/uploads\/2023\/04\/efm-enseignement-francais-maroc-consultation.png","contentUrl":"https:\/\/www.efmaroc.org\/efm\/wp-content\/uploads\/2023\/04\/efm-enseignement-francais-maroc-consultation.png","width":970,"height":647},{"@type":"BreadcrumbList","@id":"https:\/\/www.efmaroc.org\/efm\/consultations-sur-lenseignement-francais-a-letranger\/#breadcrumb","itemListElement":[{"@type":"ListItem","position":1,"name":"Accueil","item":"https:\/\/www.efmaroc.org\/efm\/"},{"@type":"ListItem","position":2,"name":"Consultations sur l&rsquo;enseignement fran\u00e7ais \u00e0 l&rsquo;\u00e9tranger"}]},{"@type":"WebSite","@id":"https:\/\/www.efmaroc.org\/efm\/#website","url":"https:\/\/www.efmaroc.org\/efm\/","name":"EFM","description":"Enseignement Fran\u00e7ais au Maroc","publisher":{"@id":"https:\/\/www.efmaroc.org\/efm\/#organization"},"potentialAction":[{"@type":"SearchAction","target":{"@type":"EntryPoint","urlTemplate":"https:\/\/www.efmaroc.org\/efm\/?s={search_term_string}"},"query-input":{"@type":"PropertyValueSpecification","valueRequired":true,"valueName":"search_term_string"}}],"inLanguage":"fr-FR"},{"@type":"Organization","@id":"https:\/\/www.efmaroc.org\/efm\/#organization","name":"EFM","url":"https:\/\/www.efmaroc.org\/efm\/","logo":{"@type":"ImageObject","inLanguage":"fr-FR","@id":"https:\/\/www.efmaroc.org\/efm\/#\/schema\/logo\/image\/","url":"https:\/\/www.efmaroc.org\/efm\/wp-content\/uploads\/2022\/12\/efm-enseignement-francais-maroc-logotaglinex2.png","contentUrl":"https:\/\/www.efmaroc.org\/efm\/wp-content\/uploads\/2022\/12\/efm-enseignement-francais-maroc-logotaglinex2.png","width":104,"height":78,"caption":"EFM"},"image":{"@id":"https:\/\/www.efmaroc.org\/efm\/#\/schema\/logo\/image\/"}},{"@type":"Person","@id":"https:\/\/www.efmaroc.org\/efm\/#\/schema\/person\/25a9b635a4b2276393dd87dbd94c6302","name":"EFM","image":{"@type":"ImageObject","inLanguage":"fr-FR","@id":"https:\/\/www.efmaroc.org\/efm\/#\/schema\/person\/image\/","url":"https:\/\/secure.gravatar.com\/avatar\/0acf5f0ecc3b24f6fa3602920a0bc305ada83aa2d4adbe73d7718ee0e4155d61?s=96&d=mm&r=g","contentUrl":"https:\/\/secure.gravatar.com\/avatar\/0acf5f0ecc3b24f6fa3602920a0bc305ada83aa2d4adbe73d7718ee0e4155d61?s=96&d=mm&r=g","caption":"EFM"},"sameAs":["https:\/\/www.efmaroc.org\/efm"]}]}},"jetpack_featured_media_url":"https:\/\/www.efmaroc.org\/efm\/wp-content\/uploads\/2023\/04\/efm-enseignement-francais-maroc-consultation.png","jetpack_sharing_enabled":true,"_links":{"self":[{"href":"https:\/\/www.efmaroc.org\/efm\/wp-json\/wp\/v2\/posts\/21953","targetHints":{"allow":["GET"]}}],"collection":[{"href":"https:\/\/www.efmaroc.org\/efm\/wp-json\/wp\/v2\/posts"}],"about":[{"href":"https:\/\/www.efmaroc.org\/efm\/wp-json\/wp\/v2\/types\/post"}],"author":[{"embeddable":true,"href":"https:\/\/www.efmaroc.org\/efm\/wp-json\/wp\/v2\/users\/1"}],"replies":[{"embeddable":true,"href":"https:\/\/www.efmaroc.org\/efm\/wp-json\/wp\/v2\/comments?post=21953"}],"version-history":[{"count":3,"href":"https:\/\/www.efmaroc.org\/efm\/wp-json\/wp\/v2\/posts\/21953\/revisions"}],"predecessor-version":[{"id":21959,"href":"https:\/\/www.efmaroc.org\/efm\/wp-json\/wp\/v2\/posts\/21953\/revisions\/21959"}],"wp:featuredmedia":[{"embeddable":true,"href":"https:\/\/www.efmaroc.org\/efm\/wp-json\/wp\/v2\/media\/21954"}],"wp:attachment":[{"href":"https:\/\/www.efmaroc.org\/efm\/wp-json\/wp\/v2\/media?parent=21953"}],"wp:term":[{"taxonomy":"category","embeddable":true,"href":"https:\/\/www.efmaroc.org\/efm\/wp-json\/wp\/v2\/categories?post=21953"},{"taxonomy":"post_tag","embeddable":true,"href":"https:\/\/www.efmaroc.org\/efm\/wp-json\/wp\/v2\/tags?post=21953"}],"curies":[{"name":"wp","href":"https:\/\/api.w.org\/{rel}","templated":true}]}}