{"id":21985,"date":"2023-05-11T10:04:00","date_gmt":"2023-05-11T08:04:00","guid":{"rendered":"https:\/\/www.efmaroc.org\/efm\/?p=21985"},"modified":"2024-02-12T16:05:07","modified_gmt":"2024-02-12T15:05:07","slug":"mercredi-19-avril-2023-les-presidents-et-vice-presidents-de-linter-cvl-maroc-se-sont-reunis-au-lycee-guy-de-maupassant-a-casablanca","status":"publish","type":"post","link":"https:\/\/www.efmaroc.org\/efm\/mercredi-19-avril-2023-les-presidents-et-vice-presidents-de-linter-cvl-maroc-se-sont-reunis-au-lycee-guy-de-maupassant-a-casablanca\/","title":{"rendered":"Rencontre Inter CVL Maroc"},"content":{"rendered":"\n<p class=\"has-medium-font-size\"><strong>Mercredi 19 avril 2023, les pr\u00e9sidents et vice-pr\u00e9sidents de l\u2019Inter CVL Maroc se sont r\u00e9unis au lyc\u00e9e Guy de Maupassant \u00e0 Casablanca.<\/strong><\/p>\n\n\n\n<p>L\u2019ensemble des \u00e9l\u00e8ves repr\u00e9sentants \u00e9taient pr\u00e9sents : Mya OUGACEM du lyc\u00e9e Descartes (Rabat), Selma NEKMOUCH et Adam LALLOUCH du lyc\u00e9e Lyautey (Casablanca), Chems ZOUDANI et Tayane CLAEYS du lyc\u00e9e Victor Hugo (Marrakech), Yasmine SABIK et Sabrina EL ABID du lyc\u00e9e Regnault (Tanger), Zahra SEBTI et Fatimazahra HASNAOUI du lyc\u00e9e Paul Valery (Mekn\u00e8s), Omar KABBAJ et Chady BABANO du lyc\u00e9e L\u00e9on l\u2019Africain (Casablanca), Yousra BADAOUI et Malak MOUNSIF du lyc\u00e9e Al Jabr (Casablanca), Yasmine TOUGUY et Majdouline BOUNCIR du lyc\u00e9e Maupassant (Casablanca), Aya MELLAL et Youssef NAOUI du Groupe Scolaire La R\u00e9sidence (Casablanca), Nisrine HAMSY du lyc\u00e9e Sophie Germain (Rabat) et Eva-Victoria SCHNEIDER-REINE et Mohamed BENSAMINE du Groupe Scolaire Jacques Chirac (Rabat).<\/p>\n\n\n\n<p>Ensemble, ils sont l\u2019organe de repr\u00e9sentation des \u00e9l\u00e8ves des lyc\u00e9es de l\u2019enseignement fran\u00e7ais au Maroc. A ce titre, les repr\u00e9sentants soutiennent et transmettent les pr\u00e9occupations des \u00e9l\u00e8ves lyc\u00e9ens sur les enjeux de l&rsquo;\u00e9ducation et les conditions de vie au sein des \u00e9tablissements, propres aux r\u00e9alit\u00e9s locales du Maroc.<\/p>\n\n\n\n<p>Ainsi, ils ont recueilli aupr\u00e8s de leurs camarades des pr\u00e9occupations lyc\u00e9ennes, 4 pr\u00e9occupations dominantes en d\u00e9coulent&nbsp;:<\/p>\n\n\n\n<ul class=\"wp-block-list\">\n<li>L\u2019orientation&nbsp;<\/li>\n\n\n\n<li>Le BFI<\/li>\n\n\n\n<li>La r\u00e9forme du baccalaur\u00e9at<\/li>\n\n\n\n<li>Le bien-\u00eatre et le stress scolaire<\/li>\n<\/ul>\n\n\n\n<p>Accompagn\u00e9s par l\u2019enseignante-documentaliste et experte podcast Oriane GUITON, et par les responsables du projet Inter CVL Maroc, Karen SERRES, proviseur-adjointe au lyc\u00e9e Maupassant (Casablanca), Yannick CHARTON Conseiller Principal d\u2019Education du lyc\u00e9e Victor Hugo et Farouk KANOUNI proviseur-adjoint du lyc\u00e9e Descartes (Rabat), les repr\u00e9sentants ont enqu\u00eat\u00e9, r\u00e9dig\u00e9 des textes, d\u00e9fini une structure afin de r\u00e9aliser une \u00e9mission Podcast sur 5 \u00e9pisodes (mini-s\u00e9rie).<\/p>\n\n\n\n<p>Un grand merci et bravo \u00e0 l\u2019ensemble des \u00e9l\u00e8ves qui sont engag\u00e9s pour la vie lyc\u00e9enne des \u00e9l\u00e8ves de l\u2019enseignement fran\u00e7ais au Maroc.<\/p>\n\n\n\n<figure class=\"wp-block-gallery has-nested-images columns-default is-cropped wp-block-gallery-1 is-layout-flex wp-block-gallery-is-layout-flex\">\n<figure class=\"wp-block-image size-large\"><img fetchpriority=\"high\" decoding=\"async\" width=\"814\" height=\"515\" data-id=\"21989\" src=\"https:\/\/www.efmaroc.org\/efm\/wp-content\/uploads\/2023\/05\/ggg.png\" alt=\"\" class=\"wp-image-21989\" srcset=\"https:\/\/www.efmaroc.org\/efm\/wp-content\/uploads\/2023\/05\/ggg.png 814w, https:\/\/www.efmaroc.org\/efm\/wp-content\/uploads\/2023\/05\/ggg-300x190.png 300w, https:\/\/www.efmaroc.org\/efm\/wp-content\/uploads\/2023\/05\/ggg-768x486.png 768w, https:\/\/www.efmaroc.org\/efm\/wp-content\/uploads\/2023\/05\/ggg-370x234.png 370w, https:\/\/www.efmaroc.org\/efm\/wp-content\/uploads\/2023\/05\/ggg-410x259.png 410w\" sizes=\"(max-width: 814px) 100vw, 814px\" \/><\/figure>\n<\/figure>\n\n\n\n<figure class=\"wp-block-image size-large\"><img decoding=\"async\" width=\"821\" height=\"546\" src=\"https:\/\/www.efmaroc.org\/efm\/wp-content\/uploads\/2023\/05\/test.png\" alt=\"\" class=\"wp-image-21990\" srcset=\"https:\/\/www.efmaroc.org\/efm\/wp-content\/uploads\/2023\/05\/test.png 821w, https:\/\/www.efmaroc.org\/efm\/wp-content\/uploads\/2023\/05\/test-300x200.png 300w, https:\/\/www.efmaroc.org\/efm\/wp-content\/uploads\/2023\/05\/test-768x511.png 768w, https:\/\/www.efmaroc.org\/efm\/wp-content\/uploads\/2023\/05\/test-120x80.png 120w, https:\/\/www.efmaroc.org\/efm\/wp-content\/uploads\/2023\/05\/test-370x246.png 370w, https:\/\/www.efmaroc.org\/efm\/wp-content\/uploads\/2023\/05\/test-410x273.png 410w\" sizes=\"(max-width: 821px) 100vw, 821px\" \/><\/figure>\n\n\n\n<figure class=\"wp-block-gallery has-nested-images columns-default is-cropped wp-block-gallery-2 is-layout-flex wp-block-gallery-is-layout-flex\"><\/figure>\n","protected":false},"excerpt":{"rendered":"<p>Mercredi 19 avril 2023, les pr\u00e9sidents et vice-pr\u00e9sidents de l\u2019Inter CVL Maroc se sont r\u00e9unis&hellip;<\/p>\n","protected":false},"author":1,"featured_media":21989,"comment_status":"closed","ping_status":"closed","sticky":false,"template":"","format":"standard","meta":{"_jetpack_newsletter_access":"","_jetpack_dont_email_post_to_subs":false,"_jetpack_newsletter_tier_id":0,"_jetpack_memberships_contains_paywalled_content":false,"_jetpack_memberships_contains_paid_content":false,"footnotes":""},"categories":[14,13],"tags":[],"class_list":["post-21985","post","type-post","status-publish","format-standard","has-post-thumbnail","hentry","category-nouvelles","category-reseau"],"yoast_head":"<!-- This site is optimized with the Yoast SEO plugin v26.8 - https:\/\/yoast.com\/product\/yoast-seo-wordpress\/ -->\n<title>Rencontre Inter CVL Maroc | Enseignement Fran\u00e7ais au Maroc<\/title>\n<meta name=\"description\" content=\"Mercredi 19 avril 2023, les pr\u00e9sidents et vice-pr\u00e9sidents de l\u2019Inter CVL Maroc se sont r\u00e9unis au lyc\u00e9e Guy de Maupassant \u00e0 Casablanca. L\u2019ensemble des\" \/>\n<meta name=\"robots\" content=\"index, follow, max-snippet:-1, max-image-preview:large, max-video-preview:-1\" \/>\n<link rel=\"canonical\" href=\"https:\/\/www.efmaroc.org\/efm\/mercredi-19-avril-2023-les-presidents-et-vice-presidents-de-linter-cvl-maroc-se-sont-reunis-au-lycee-guy-de-maupassant-a-casablanca\/\" \/>\n<meta property=\"og:locale\" content=\"fr_FR\" \/>\n<meta property=\"og:type\" content=\"article\" \/>\n<meta property=\"og:title\" content=\"Rencontre Inter CVL Maroc | Enseignement Fran\u00e7ais au Maroc\" \/>\n<meta property=\"og:description\" content=\"Mercredi 19 avril 2023, les pr\u00e9sidents et vice-pr\u00e9sidents de l\u2019Inter CVL Maroc se sont r\u00e9unis au lyc\u00e9e Guy de Maupassant \u00e0 Casablanca. L\u2019ensemble des\" \/>\n<meta property=\"og:url\" content=\"https:\/\/www.efmaroc.org\/efm\/mercredi-19-avril-2023-les-presidents-et-vice-presidents-de-linter-cvl-maroc-se-sont-reunis-au-lycee-guy-de-maupassant-a-casablanca\/\" \/>\n<meta property=\"og:site_name\" content=\"EFM\" \/>\n<meta property=\"article:published_time\" content=\"2023-05-11T08:04:00+00:00\" \/>\n<meta property=\"article:modified_time\" content=\"2024-02-12T15:05:07+00:00\" \/>\n<meta property=\"og:image\" content=\"https:\/\/www.efmaroc.org\/efm\/wp-content\/uploads\/2023\/05\/ggg.png\" \/>\n\t<meta property=\"og:image:width\" content=\"814\" \/>\n\t<meta property=\"og:image:height\" content=\"515\" \/>\n\t<meta property=\"og:image:type\" content=\"image\/png\" \/>\n<meta name=\"author\" content=\"EFM\" \/>\n<meta name=\"twitter:card\" content=\"summary_large_image\" \/>\n<meta name=\"twitter:label1\" content=\"\u00c9crit par\" \/>\n\t<meta name=\"twitter:data1\" content=\"EFM\" \/>\n\t<meta name=\"twitter:label2\" content=\"Dur\u00e9e de lecture estim\u00e9e\" \/>\n\t<meta name=\"twitter:data2\" content=\"2 minutes\" \/>\n<script type=\"application\/ld+json\" class=\"yoast-schema-graph\">{\"@context\":\"https:\/\/schema.org\",\"@graph\":[{\"@type\":\"Article\",\"@id\":\"https:\/\/www.efmaroc.org\/efm\/mercredi-19-avril-2023-les-presidents-et-vice-presidents-de-linter-cvl-maroc-se-sont-reunis-au-lycee-guy-de-maupassant-a-casablanca\/#article\",\"isPartOf\":{\"@id\":\"https:\/\/www.efmaroc.org\/efm\/mercredi-19-avril-2023-les-presidents-et-vice-presidents-de-linter-cvl-maroc-se-sont-reunis-au-lycee-guy-de-maupassant-a-casablanca\/\"},\"author\":{\"name\":\"EFM\",\"@id\":\"https:\/\/www.efmaroc.org\/efm\/#\/schema\/person\/25a9b635a4b2276393dd87dbd94c6302\"},\"headline\":\"Rencontre Inter CVL Maroc\",\"datePublished\":\"2023-05-11T08:04:00+00:00\",\"dateModified\":\"2024-02-12T15:05:07+00:00\",\"mainEntityOfPage\":{\"@id\":\"https:\/\/www.efmaroc.org\/efm\/mercredi-19-avril-2023-les-presidents-et-vice-presidents-de-linter-cvl-maroc-se-sont-reunis-au-lycee-guy-de-maupassant-a-casablanca\/\"},\"wordCount\":356,\"publisher\":{\"@id\":\"https:\/\/www.efmaroc.org\/efm\/#organization\"},\"image\":{\"@id\":\"https:\/\/www.efmaroc.org\/efm\/mercredi-19-avril-2023-les-presidents-et-vice-presidents-de-linter-cvl-maroc-se-sont-reunis-au-lycee-guy-de-maupassant-a-casablanca\/#primaryimage\"},\"thumbnailUrl\":\"https:\/\/www.efmaroc.org\/efm\/wp-content\/uploads\/2023\/05\/ggg.png\",\"articleSection\":[\"Nouvelles\",\"R\u00e9seau\"],\"inLanguage\":\"fr-FR\"},{\"@type\":\"WebPage\",\"@id\":\"https:\/\/www.efmaroc.org\/efm\/mercredi-19-avril-2023-les-presidents-et-vice-presidents-de-linter-cvl-maroc-se-sont-reunis-au-lycee-guy-de-maupassant-a-casablanca\/\",\"url\":\"https:\/\/www.efmaroc.org\/efm\/mercredi-19-avril-2023-les-presidents-et-vice-presidents-de-linter-cvl-maroc-se-sont-reunis-au-lycee-guy-de-maupassant-a-casablanca\/\",\"name\":\"Rencontre Inter CVL Maroc | Enseignement Fran\u00e7ais au Maroc\",\"isPartOf\":{\"@id\":\"https:\/\/www.efmaroc.org\/efm\/#website\"},\"primaryImageOfPage\":{\"@id\":\"https:\/\/www.efmaroc.org\/efm\/mercredi-19-avril-2023-les-presidents-et-vice-presidents-de-linter-cvl-maroc-se-sont-reunis-au-lycee-guy-de-maupassant-a-casablanca\/#primaryimage\"},\"image\":{\"@id\":\"https:\/\/www.efmaroc.org\/efm\/mercredi-19-avril-2023-les-presidents-et-vice-presidents-de-linter-cvl-maroc-se-sont-reunis-au-lycee-guy-de-maupassant-a-casablanca\/#primaryimage\"},\"thumbnailUrl\":\"https:\/\/www.efmaroc.org\/efm\/wp-content\/uploads\/2023\/05\/ggg.png\",\"datePublished\":\"2023-05-11T08:04:00+00:00\",\"dateModified\":\"2024-02-12T15:05:07+00:00\",\"description\":\"Mercredi 19 avril 2023, les pr\u00e9sidents et vice-pr\u00e9sidents de l\u2019Inter CVL Maroc se sont r\u00e9unis au lyc\u00e9e Guy de Maupassant \u00e0 Casablanca. L\u2019ensemble des\",\"breadcrumb\":{\"@id\":\"https:\/\/www.efmaroc.org\/efm\/mercredi-19-avril-2023-les-presidents-et-vice-presidents-de-linter-cvl-maroc-se-sont-reunis-au-lycee-guy-de-maupassant-a-casablanca\/#breadcrumb\"},\"inLanguage\":\"fr-FR\",\"potentialAction\":[{\"@type\":\"ReadAction\",\"target\":[\"https:\/\/www.efmaroc.org\/efm\/mercredi-19-avril-2023-les-presidents-et-vice-presidents-de-linter-cvl-maroc-se-sont-reunis-au-lycee-guy-de-maupassant-a-casablanca\/\"]}]},{\"@type\":\"ImageObject\",\"inLanguage\":\"fr-FR\",\"@id\":\"https:\/\/www.efmaroc.org\/efm\/mercredi-19-avril-2023-les-presidents-et-vice-presidents-de-linter-cvl-maroc-se-sont-reunis-au-lycee-guy-de-maupassant-a-casablanca\/#primaryimage\",\"url\":\"https:\/\/www.efmaroc.org\/efm\/wp-content\/uploads\/2023\/05\/ggg.png\",\"contentUrl\":\"https:\/\/www.efmaroc.org\/efm\/wp-content\/uploads\/2023\/05\/ggg.png\",\"width\":814,\"height\":515},{\"@type\":\"BreadcrumbList\",\"@id\":\"https:\/\/www.efmaroc.org\/efm\/mercredi-19-avril-2023-les-presidents-et-vice-presidents-de-linter-cvl-maroc-se-sont-reunis-au-lycee-guy-de-maupassant-a-casablanca\/#breadcrumb\",\"itemListElement\":[{\"@type\":\"ListItem\",\"position\":1,\"name\":\"Accueil\",\"item\":\"https:\/\/www.efmaroc.org\/efm\/\"},{\"@type\":\"ListItem\",\"position\":2,\"name\":\"Rencontre Inter CVL Maroc\"}]},{\"@type\":\"WebSite\",\"@id\":\"https:\/\/www.efmaroc.org\/efm\/#website\",\"url\":\"https:\/\/www.efmaroc.org\/efm\/\",\"name\":\"EFM\",\"description\":\"Enseignement Fran\u00e7ais au Maroc\",\"publisher\":{\"@id\":\"https:\/\/www.efmaroc.org\/efm\/#organization\"},\"potentialAction\":[{\"@type\":\"SearchAction\",\"target\":{\"@type\":\"EntryPoint\",\"urlTemplate\":\"https:\/\/www.efmaroc.org\/efm\/?s={search_term_string}\"},\"query-input\":{\"@type\":\"PropertyValueSpecification\",\"valueRequired\":true,\"valueName\":\"search_term_string\"}}],\"inLanguage\":\"fr-FR\"},{\"@type\":\"Organization\",\"@id\":\"https:\/\/www.efmaroc.org\/efm\/#organization\",\"name\":\"EFM\",\"url\":\"https:\/\/www.efmaroc.org\/efm\/\",\"logo\":{\"@type\":\"ImageObject\",\"inLanguage\":\"fr-FR\",\"@id\":\"https:\/\/www.efmaroc.org\/efm\/#\/schema\/logo\/image\/\",\"url\":\"https:\/\/www.efmaroc.org\/efm\/wp-content\/uploads\/2022\/12\/efm-enseignement-francais-maroc-logotaglinex2.png\",\"contentUrl\":\"https:\/\/www.efmaroc.org\/efm\/wp-content\/uploads\/2022\/12\/efm-enseignement-francais-maroc-logotaglinex2.png\",\"width\":104,\"height\":78,\"caption\":\"EFM\"},\"image\":{\"@id\":\"https:\/\/www.efmaroc.org\/efm\/#\/schema\/logo\/image\/\"}},{\"@type\":\"Person\",\"@id\":\"https:\/\/www.efmaroc.org\/efm\/#\/schema\/person\/25a9b635a4b2276393dd87dbd94c6302\",\"name\":\"EFM\",\"image\":{\"@type\":\"ImageObject\",\"inLanguage\":\"fr-FR\",\"@id\":\"https:\/\/www.efmaroc.org\/efm\/#\/schema\/person\/image\/\",\"url\":\"https:\/\/secure.gravatar.com\/avatar\/0acf5f0ecc3b24f6fa3602920a0bc305ada83aa2d4adbe73d7718ee0e4155d61?s=96&d=mm&r=g\",\"contentUrl\":\"https:\/\/secure.gravatar.com\/avatar\/0acf5f0ecc3b24f6fa3602920a0bc305ada83aa2d4adbe73d7718ee0e4155d61?s=96&d=mm&r=g\",\"caption\":\"EFM\"},\"sameAs\":[\"https:\/\/www.efmaroc.org\/efm\"]}]}<\/script>\n<!-- \/ Yoast SEO plugin. -->","yoast_head_json":{"title":"Rencontre Inter CVL Maroc | Enseignement Fran\u00e7ais au Maroc","description":"Mercredi 19 avril 2023, les pr\u00e9sidents et vice-pr\u00e9sidents de l\u2019Inter CVL Maroc se sont r\u00e9unis au lyc\u00e9e Guy de Maupassant \u00e0 Casablanca. L\u2019ensemble des","robots":{"index":"index","follow":"follow","max-snippet":"max-snippet:-1","max-image-preview":"max-image-preview:large","max-video-preview":"max-video-preview:-1"},"canonical":"https:\/\/www.efmaroc.org\/efm\/mercredi-19-avril-2023-les-presidents-et-vice-presidents-de-linter-cvl-maroc-se-sont-reunis-au-lycee-guy-de-maupassant-a-casablanca\/","og_locale":"fr_FR","og_type":"article","og_title":"Rencontre Inter CVL Maroc | Enseignement Fran\u00e7ais au Maroc","og_description":"Mercredi 19 avril 2023, les pr\u00e9sidents et vice-pr\u00e9sidents de l\u2019Inter CVL Maroc se sont r\u00e9unis au lyc\u00e9e Guy de Maupassant \u00e0 Casablanca. L\u2019ensemble des","og_url":"https:\/\/www.efmaroc.org\/efm\/mercredi-19-avril-2023-les-presidents-et-vice-presidents-de-linter-cvl-maroc-se-sont-reunis-au-lycee-guy-de-maupassant-a-casablanca\/","og_site_name":"EFM","article_published_time":"2023-05-11T08:04:00+00:00","article_modified_time":"2024-02-12T15:05:07+00:00","og_image":[{"width":814,"height":515,"url":"https:\/\/www.efmaroc.org\/efm\/wp-content\/uploads\/2023\/05\/ggg.png","type":"image\/png"}],"author":"EFM","twitter_card":"summary_large_image","twitter_misc":{"\u00c9crit par":"EFM","Dur\u00e9e de lecture estim\u00e9e":"2 minutes"},"schema":{"@context":"https:\/\/schema.org","@graph":[{"@type":"Article","@id":"https:\/\/www.efmaroc.org\/efm\/mercredi-19-avril-2023-les-presidents-et-vice-presidents-de-linter-cvl-maroc-se-sont-reunis-au-lycee-guy-de-maupassant-a-casablanca\/#article","isPartOf":{"@id":"https:\/\/www.efmaroc.org\/efm\/mercredi-19-avril-2023-les-presidents-et-vice-presidents-de-linter-cvl-maroc-se-sont-reunis-au-lycee-guy-de-maupassant-a-casablanca\/"},"author":{"name":"EFM","@id":"https:\/\/www.efmaroc.org\/efm\/#\/schema\/person\/25a9b635a4b2276393dd87dbd94c6302"},"headline":"Rencontre Inter CVL Maroc","datePublished":"2023-05-11T08:04:00+00:00","dateModified":"2024-02-12T15:05:07+00:00","mainEntityOfPage":{"@id":"https:\/\/www.efmaroc.org\/efm\/mercredi-19-avril-2023-les-presidents-et-vice-presidents-de-linter-cvl-maroc-se-sont-reunis-au-lycee-guy-de-maupassant-a-casablanca\/"},"wordCount":356,"publisher":{"@id":"https:\/\/www.efmaroc.org\/efm\/#organization"},"image":{"@id":"https:\/\/www.efmaroc.org\/efm\/mercredi-19-avril-2023-les-presidents-et-vice-presidents-de-linter-cvl-maroc-se-sont-reunis-au-lycee-guy-de-maupassant-a-casablanca\/#primaryimage"},"thumbnailUrl":"https:\/\/www.efmaroc.org\/efm\/wp-content\/uploads\/2023\/05\/ggg.png","articleSection":["Nouvelles","R\u00e9seau"],"inLanguage":"fr-FR"},{"@type":"WebPage","@id":"https:\/\/www.efmaroc.org\/efm\/mercredi-19-avril-2023-les-presidents-et-vice-presidents-de-linter-cvl-maroc-se-sont-reunis-au-lycee-guy-de-maupassant-a-casablanca\/","url":"https:\/\/www.efmaroc.org\/efm\/mercredi-19-avril-2023-les-presidents-et-vice-presidents-de-linter-cvl-maroc-se-sont-reunis-au-lycee-guy-de-maupassant-a-casablanca\/","name":"Rencontre Inter CVL Maroc | Enseignement Fran\u00e7ais au Maroc","isPartOf":{"@id":"https:\/\/www.efmaroc.org\/efm\/#website"},"primaryImageOfPage":{"@id":"https:\/\/www.efmaroc.org\/efm\/mercredi-19-avril-2023-les-presidents-et-vice-presidents-de-linter-cvl-maroc-se-sont-reunis-au-lycee-guy-de-maupassant-a-casablanca\/#primaryimage"},"image":{"@id":"https:\/\/www.efmaroc.org\/efm\/mercredi-19-avril-2023-les-presidents-et-vice-presidents-de-linter-cvl-maroc-se-sont-reunis-au-lycee-guy-de-maupassant-a-casablanca\/#primaryimage"},"thumbnailUrl":"https:\/\/www.efmaroc.org\/efm\/wp-content\/uploads\/2023\/05\/ggg.png","datePublished":"2023-05-11T08:04:00+00:00","dateModified":"2024-02-12T15:05:07+00:00","description":"Mercredi 19 avril 2023, les pr\u00e9sidents et vice-pr\u00e9sidents de l\u2019Inter CVL Maroc se sont r\u00e9unis au lyc\u00e9e Guy de Maupassant \u00e0 Casablanca. L\u2019ensemble des","breadcrumb":{"@id":"https:\/\/www.efmaroc.org\/efm\/mercredi-19-avril-2023-les-presidents-et-vice-presidents-de-linter-cvl-maroc-se-sont-reunis-au-lycee-guy-de-maupassant-a-casablanca\/#breadcrumb"},"inLanguage":"fr-FR","potentialAction":[{"@type":"ReadAction","target":["https:\/\/www.efmaroc.org\/efm\/mercredi-19-avril-2023-les-presidents-et-vice-presidents-de-linter-cvl-maroc-se-sont-reunis-au-lycee-guy-de-maupassant-a-casablanca\/"]}]},{"@type":"ImageObject","inLanguage":"fr-FR","@id":"https:\/\/www.efmaroc.org\/efm\/mercredi-19-avril-2023-les-presidents-et-vice-presidents-de-linter-cvl-maroc-se-sont-reunis-au-lycee-guy-de-maupassant-a-casablanca\/#primaryimage","url":"https:\/\/www.efmaroc.org\/efm\/wp-content\/uploads\/2023\/05\/ggg.png","contentUrl":"https:\/\/www.efmaroc.org\/efm\/wp-content\/uploads\/2023\/05\/ggg.png","width":814,"height":515},{"@type":"BreadcrumbList","@id":"https:\/\/www.efmaroc.org\/efm\/mercredi-19-avril-2023-les-presidents-et-vice-presidents-de-linter-cvl-maroc-se-sont-reunis-au-lycee-guy-de-maupassant-a-casablanca\/#breadcrumb","itemListElement":[{"@type":"ListItem","position":1,"name":"Accueil","item":"https:\/\/www.efmaroc.org\/efm\/"},{"@type":"ListItem","position":2,"name":"Rencontre Inter CVL Maroc"}]},{"@type":"WebSite","@id":"https:\/\/www.efmaroc.org\/efm\/#website","url":"https:\/\/www.efmaroc.org\/efm\/","name":"EFM","description":"Enseignement Fran\u00e7ais au Maroc","publisher":{"@id":"https:\/\/www.efmaroc.org\/efm\/#organization"},"potentialAction":[{"@type":"SearchAction","target":{"@type":"EntryPoint","urlTemplate":"https:\/\/www.efmaroc.org\/efm\/?s={search_term_string}"},"query-input":{"@type":"PropertyValueSpecification","valueRequired":true,"valueName":"search_term_string"}}],"inLanguage":"fr-FR"},{"@type":"Organization","@id":"https:\/\/www.efmaroc.org\/efm\/#organization","name":"EFM","url":"https:\/\/www.efmaroc.org\/efm\/","logo":{"@type":"ImageObject","inLanguage":"fr-FR","@id":"https:\/\/www.efmaroc.org\/efm\/#\/schema\/logo\/image\/","url":"https:\/\/www.efmaroc.org\/efm\/wp-content\/uploads\/2022\/12\/efm-enseignement-francais-maroc-logotaglinex2.png","contentUrl":"https:\/\/www.efmaroc.org\/efm\/wp-content\/uploads\/2022\/12\/efm-enseignement-francais-maroc-logotaglinex2.png","width":104,"height":78,"caption":"EFM"},"image":{"@id":"https:\/\/www.efmaroc.org\/efm\/#\/schema\/logo\/image\/"}},{"@type":"Person","@id":"https:\/\/www.efmaroc.org\/efm\/#\/schema\/person\/25a9b635a4b2276393dd87dbd94c6302","name":"EFM","image":{"@type":"ImageObject","inLanguage":"fr-FR","@id":"https:\/\/www.efmaroc.org\/efm\/#\/schema\/person\/image\/","url":"https:\/\/secure.gravatar.com\/avatar\/0acf5f0ecc3b24f6fa3602920a0bc305ada83aa2d4adbe73d7718ee0e4155d61?s=96&d=mm&r=g","contentUrl":"https:\/\/secure.gravatar.com\/avatar\/0acf5f0ecc3b24f6fa3602920a0bc305ada83aa2d4adbe73d7718ee0e4155d61?s=96&d=mm&r=g","caption":"EFM"},"sameAs":["https:\/\/www.efmaroc.org\/efm"]}]}},"jetpack_featured_media_url":"https:\/\/www.efmaroc.org\/efm\/wp-content\/uploads\/2023\/05\/ggg.png","jetpack_sharing_enabled":true,"_links":{"self":[{"href":"https:\/\/www.efmaroc.org\/efm\/wp-json\/wp\/v2\/posts\/21985","targetHints":{"allow":["GET"]}}],"collection":[{"href":"https:\/\/www.efmaroc.org\/efm\/wp-json\/wp\/v2\/posts"}],"about":[{"href":"https:\/\/www.efmaroc.org\/efm\/wp-json\/wp\/v2\/types\/post"}],"author":[{"embeddable":true,"href":"https:\/\/www.efmaroc.org\/efm\/wp-json\/wp\/v2\/users\/1"}],"replies":[{"embeddable":true,"href":"https:\/\/www.efmaroc.org\/efm\/wp-json\/wp\/v2\/comments?post=21985"}],"version-history":[{"count":7,"href":"https:\/\/www.efmaroc.org\/efm\/wp-json\/wp\/v2\/posts\/21985\/revisions"}],"predecessor-version":[{"id":22007,"href":"https:\/\/www.efmaroc.org\/efm\/wp-json\/wp\/v2\/posts\/21985\/revisions\/22007"}],"wp:featuredmedia":[{"embeddable":true,"href":"https:\/\/www.efmaroc.org\/efm\/wp-json\/wp\/v2\/media\/21989"}],"wp:attachment":[{"href":"https:\/\/www.efmaroc.org\/efm\/wp-json\/wp\/v2\/media?parent=21985"}],"wp:term":[{"taxonomy":"category","embeddable":true,"href":"https:\/\/www.efmaroc.org\/efm\/wp-json\/wp\/v2\/categories?post=21985"},{"taxonomy":"post_tag","embeddable":true,"href":"https:\/\/www.efmaroc.org\/efm\/wp-json\/wp\/v2\/tags?post=21985"}],"curies":[{"name":"wp","href":"https:\/\/api.w.org\/{rel}","templated":true}]}}