{"id":22013,"date":"2023-05-19T12:34:35","date_gmt":"2023-05-19T10:34:35","guid":{"rendered":"https:\/\/www.efmaroc.org\/efm\/?p=22013"},"modified":"2023-05-19T12:34:37","modified_gmt":"2023-05-19T10:34:37","slug":"finale-du-concours-ecolexia","status":"publish","type":"post","link":"https:\/\/www.efmaroc.org\/efm\/finale-du-concours-ecolexia\/","title":{"rendered":"Finale du concours Ecolexia"},"content":{"rendered":"\n<p><strong>La grande finale de la 2<sup>\u00e8me<\/sup> \u00e9dition du concours Ecolexia, concours exclusivement d\u00e9di\u00e9 au droit de l\u2019environnement, ouvert \u00e0 l\u2019ensemble des \u00e9l\u00e8ves de 1<sup>\u00e8re<\/sup> et de Terminale des \u00e9tablissements de l\u2019enseignement fran\u00e7ais au Maroc et aux lyc\u00e9ens de l\u2019\u00e9tablissement Cheikh Mohamed El Mekki Ennaciri de T\u00e9touan, s\u2019est d\u00e9roul\u00e9e le 15 mai 2023, \u00e0 Marrakech.<\/strong><\/p>\n\n\n\n<p>Ce projet zone Maroc a r\u00e9uni 13 \u00e9l\u00e8ves de 5 \u00e9tablissements de la zone Maroc\u00a0: Lyc\u00e9e Regnault (Tanger), Lyc\u00e9e Victor Hugo (Marrakech), Lyc\u00e9e Descartes (Rabat), Lyc\u00e9e L\u00e9on l\u2019Africain (Casablanca), Lyc\u00e9e Lyautey (Casablanca) en coop\u00e9ration avec l\u2019\u00e9tablissement Cheikh Mohamed El Mekki Ennaciri de T\u00e9touan.<\/p>\n\n\n\n<p>Bravo et f\u00e9licitions aux gagnants&nbsp;:<\/p>\n\n\n\n<ul class=\"wp-block-list\">\n<li>1<sup>er<\/sup> prix attribu\u00e9 GERROUAZ Kynan, Lyc\u00e9e Rgenault de Tanger<\/li>\n\n\n\n<li>2<sup>\u00e8me <\/sup>prix attribu\u00e9 \u00e0 Mjidou Hind, Lyc\u00e9e Cheikh Mohamed El Mekki Ennaciri de T\u00e9touan<\/li>\n\n\n\n<li>3<sup>\u00e8me<\/sup> prix ex\u00e6quo Dumont Ayden, Lyc\u00e9e Lyautey de Casablanca et Fadil Sara, Lyc\u00e9e L\u00e9on l\u2019Africain de Casablanca<\/li>\n<\/ul>\n\n\n\n<p>L\u2019\u00e9v\u00e8nement a \u00e9t\u00e9 organis\u00e9 par le Lyc\u00e9e Regnault.<\/p>\n\n\n\n<p>Bravo et f\u00e9licitations aux \u00e9l\u00e8ves pour leurs joutes \u00e9loquentes.<\/p>\n\n\n\n<p>Bravo aux \u00e9quipes p\u00e9dagogiques encadrantes.<\/p>\n\n\n\n<p><\/p>\n\n\n\n<figure class=\"wp-block-image size-large\"><img fetchpriority=\"high\" decoding=\"async\" width=\"1024\" height=\"680\" src=\"https:\/\/www.efmaroc.org\/efm\/wp-content\/uploads\/2023\/05\/6-1-1024x680.jpg\" alt=\"\" class=\"wp-image-22017\" srcset=\"https:\/\/www.efmaroc.org\/efm\/wp-content\/uploads\/2023\/05\/6-1-1024x680.jpg 1024w, https:\/\/www.efmaroc.org\/efm\/wp-content\/uploads\/2023\/05\/6-1-300x199.jpg 300w, https:\/\/www.efmaroc.org\/efm\/wp-content\/uploads\/2023\/05\/6-1-768x510.jpg 768w, https:\/\/www.efmaroc.org\/efm\/wp-content\/uploads\/2023\/05\/6-1-120x80.jpg 120w, https:\/\/www.efmaroc.org\/efm\/wp-content\/uploads\/2023\/05\/6-1-1536x1019.jpg 1536w, https:\/\/www.efmaroc.org\/efm\/wp-content\/uploads\/2023\/05\/6-1-370x246.jpg 370w, https:\/\/www.efmaroc.org\/efm\/wp-content\/uploads\/2023\/05\/6-1-840x557.jpg 840w, https:\/\/www.efmaroc.org\/efm\/wp-content\/uploads\/2023\/05\/6-1-410x272.jpg 410w, https:\/\/www.efmaroc.org\/efm\/wp-content\/uploads\/2023\/05\/6-1.jpg 2048w\" sizes=\"(max-width: 1024px) 100vw, 1024px\" \/><\/figure>\n\n\n\n<figure class=\"wp-block-image size-large\"><img decoding=\"async\" width=\"1024\" height=\"768\" src=\"https:\/\/www.efmaroc.org\/efm\/wp-content\/uploads\/2023\/05\/2-1-1024x768.jpg\" alt=\"\" class=\"wp-image-22018\" srcset=\"https:\/\/www.efmaroc.org\/efm\/wp-content\/uploads\/2023\/05\/2-1-1024x768.jpg 1024w, https:\/\/www.efmaroc.org\/efm\/wp-content\/uploads\/2023\/05\/2-1-300x225.jpg 300w, https:\/\/www.efmaroc.org\/efm\/wp-content\/uploads\/2023\/05\/2-1-768x576.jpg 768w, https:\/\/www.efmaroc.org\/efm\/wp-content\/uploads\/2023\/05\/2-1-1536x1152.jpg 1536w, https:\/\/www.efmaroc.org\/efm\/wp-content\/uploads\/2023\/05\/2-1-370x278.jpg 370w, https:\/\/www.efmaroc.org\/efm\/wp-content\/uploads\/2023\/05\/2-1-840x630.jpg 840w, https:\/\/www.efmaroc.org\/efm\/wp-content\/uploads\/2023\/05\/2-1-410x308.jpg 410w, https:\/\/www.efmaroc.org\/efm\/wp-content\/uploads\/2023\/05\/2-1.jpg 2048w\" sizes=\"(max-width: 1024px) 100vw, 1024px\" \/><\/figure>\n","protected":false},"excerpt":{"rendered":"<p>La grande finale de la 2\u00e8me \u00e9dition du concours Ecolexia, concours exclusivement d\u00e9di\u00e9 au droit&hellip;<\/p>\n","protected":false},"author":1,"featured_media":22015,"comment_status":"closed","ping_status":"closed","sticky":false,"template":"","format":"standard","meta":{"_jetpack_newsletter_access":"","_jetpack_dont_email_post_to_subs":false,"_jetpack_newsletter_tier_id":0,"_jetpack_memberships_contains_paywalled_content":false,"_jetpack_memberships_contains_paid_content":false,"footnotes":""},"categories":[135,14],"tags":[],"class_list":["post-22013","post","type-post","status-publish","format-standard","has-post-thumbnail","hentry","category-education","category-nouvelles"],"yoast_head":"<!-- This site is optimized with the Yoast SEO plugin v26.8 - https:\/\/yoast.com\/product\/yoast-seo-wordpress\/ -->\n<title>Finale du concours Ecolexia | Enseignement Fran\u00e7ais au Maroc<\/title>\n<meta name=\"description\" content=\"La grande finale de la 2\u00e8me \u00e9dition du concours Ecolexia, concours exclusivement d\u00e9di\u00e9 au droit de l\u2019environnement, ouvert \u00e0 l\u2019ensemble des \u00e9l\u00e8ves de 1\u00e8re\" \/>\n<meta name=\"robots\" content=\"index, follow, max-snippet:-1, max-image-preview:large, max-video-preview:-1\" \/>\n<link rel=\"canonical\" href=\"https:\/\/www.efmaroc.org\/efm\/finale-du-concours-ecolexia\/\" \/>\n<meta property=\"og:locale\" content=\"fr_FR\" \/>\n<meta property=\"og:type\" content=\"article\" \/>\n<meta property=\"og:title\" content=\"Finale du concours Ecolexia | Enseignement Fran\u00e7ais au Maroc\" \/>\n<meta property=\"og:description\" content=\"La grande finale de la 2\u00e8me \u00e9dition du concours Ecolexia, concours exclusivement d\u00e9di\u00e9 au droit de l\u2019environnement, ouvert \u00e0 l\u2019ensemble des \u00e9l\u00e8ves de 1\u00e8re\" \/>\n<meta property=\"og:url\" content=\"https:\/\/www.efmaroc.org\/efm\/finale-du-concours-ecolexia\/\" \/>\n<meta property=\"og:site_name\" content=\"EFM\" \/>\n<meta property=\"article:published_time\" content=\"2023-05-19T10:34:35+00:00\" \/>\n<meta property=\"article:modified_time\" content=\"2023-05-19T10:34:37+00:00\" \/>\n<meta property=\"og:image\" content=\"https:\/\/www.efmaroc.org\/efm\/wp-content\/uploads\/2023\/05\/2.jpg\" \/>\n\t<meta property=\"og:image:width\" content=\"2048\" \/>\n\t<meta property=\"og:image:height\" content=\"1536\" \/>\n\t<meta property=\"og:image:type\" content=\"image\/jpeg\" \/>\n<meta name=\"author\" content=\"EFM\" \/>\n<meta name=\"twitter:card\" content=\"summary_large_image\" \/>\n<meta name=\"twitter:label1\" content=\"\u00c9crit par\" \/>\n\t<meta name=\"twitter:data1\" content=\"EFM\" \/>\n\t<meta name=\"twitter:label2\" content=\"Dur\u00e9e de lecture estim\u00e9e\" \/>\n\t<meta name=\"twitter:data2\" content=\"1 minute\" \/>\n<script type=\"application\/ld+json\" class=\"yoast-schema-graph\">{\"@context\":\"https:\/\/schema.org\",\"@graph\":[{\"@type\":\"Article\",\"@id\":\"https:\/\/www.efmaroc.org\/efm\/finale-du-concours-ecolexia\/#article\",\"isPartOf\":{\"@id\":\"https:\/\/www.efmaroc.org\/efm\/finale-du-concours-ecolexia\/\"},\"author\":{\"name\":\"EFM\",\"@id\":\"https:\/\/www.efmaroc.org\/efm\/#\/schema\/person\/25a9b635a4b2276393dd87dbd94c6302\"},\"headline\":\"Finale du concours Ecolexia\",\"datePublished\":\"2023-05-19T10:34:35+00:00\",\"dateModified\":\"2023-05-19T10:34:37+00:00\",\"mainEntityOfPage\":{\"@id\":\"https:\/\/www.efmaroc.org\/efm\/finale-du-concours-ecolexia\/\"},\"wordCount\":201,\"publisher\":{\"@id\":\"https:\/\/www.efmaroc.org\/efm\/#organization\"},\"image\":{\"@id\":\"https:\/\/www.efmaroc.org\/efm\/finale-du-concours-ecolexia\/#primaryimage\"},\"thumbnailUrl\":\"https:\/\/www.efmaroc.org\/efm\/wp-content\/uploads\/2023\/05\/2.jpg\",\"articleSection\":[\"Education\",\"Nouvelles\"],\"inLanguage\":\"fr-FR\"},{\"@type\":\"WebPage\",\"@id\":\"https:\/\/www.efmaroc.org\/efm\/finale-du-concours-ecolexia\/\",\"url\":\"https:\/\/www.efmaroc.org\/efm\/finale-du-concours-ecolexia\/\",\"name\":\"Finale du concours Ecolexia | Enseignement Fran\u00e7ais au Maroc\",\"isPartOf\":{\"@id\":\"https:\/\/www.efmaroc.org\/efm\/#website\"},\"primaryImageOfPage\":{\"@id\":\"https:\/\/www.efmaroc.org\/efm\/finale-du-concours-ecolexia\/#primaryimage\"},\"image\":{\"@id\":\"https:\/\/www.efmaroc.org\/efm\/finale-du-concours-ecolexia\/#primaryimage\"},\"thumbnailUrl\":\"https:\/\/www.efmaroc.org\/efm\/wp-content\/uploads\/2023\/05\/2.jpg\",\"datePublished\":\"2023-05-19T10:34:35+00:00\",\"dateModified\":\"2023-05-19T10:34:37+00:00\",\"description\":\"La grande finale de la 2\u00e8me \u00e9dition du concours Ecolexia, concours exclusivement d\u00e9di\u00e9 au droit de l\u2019environnement, ouvert \u00e0 l\u2019ensemble des \u00e9l\u00e8ves de 1\u00e8re\",\"breadcrumb\":{\"@id\":\"https:\/\/www.efmaroc.org\/efm\/finale-du-concours-ecolexia\/#breadcrumb\"},\"inLanguage\":\"fr-FR\",\"potentialAction\":[{\"@type\":\"ReadAction\",\"target\":[\"https:\/\/www.efmaroc.org\/efm\/finale-du-concours-ecolexia\/\"]}]},{\"@type\":\"ImageObject\",\"inLanguage\":\"fr-FR\",\"@id\":\"https:\/\/www.efmaroc.org\/efm\/finale-du-concours-ecolexia\/#primaryimage\",\"url\":\"https:\/\/www.efmaroc.org\/efm\/wp-content\/uploads\/2023\/05\/2.jpg\",\"contentUrl\":\"https:\/\/www.efmaroc.org\/efm\/wp-content\/uploads\/2023\/05\/2.jpg\",\"width\":2048,\"height\":1536},{\"@type\":\"BreadcrumbList\",\"@id\":\"https:\/\/www.efmaroc.org\/efm\/finale-du-concours-ecolexia\/#breadcrumb\",\"itemListElement\":[{\"@type\":\"ListItem\",\"position\":1,\"name\":\"Accueil\",\"item\":\"https:\/\/www.efmaroc.org\/efm\/\"},{\"@type\":\"ListItem\",\"position\":2,\"name\":\"Finale du concours Ecolexia\"}]},{\"@type\":\"WebSite\",\"@id\":\"https:\/\/www.efmaroc.org\/efm\/#website\",\"url\":\"https:\/\/www.efmaroc.org\/efm\/\",\"name\":\"EFM\",\"description\":\"Enseignement Fran\u00e7ais au Maroc\",\"publisher\":{\"@id\":\"https:\/\/www.efmaroc.org\/efm\/#organization\"},\"potentialAction\":[{\"@type\":\"SearchAction\",\"target\":{\"@type\":\"EntryPoint\",\"urlTemplate\":\"https:\/\/www.efmaroc.org\/efm\/?s={search_term_string}\"},\"query-input\":{\"@type\":\"PropertyValueSpecification\",\"valueRequired\":true,\"valueName\":\"search_term_string\"}}],\"inLanguage\":\"fr-FR\"},{\"@type\":\"Organization\",\"@id\":\"https:\/\/www.efmaroc.org\/efm\/#organization\",\"name\":\"EFM\",\"url\":\"https:\/\/www.efmaroc.org\/efm\/\",\"logo\":{\"@type\":\"ImageObject\",\"inLanguage\":\"fr-FR\",\"@id\":\"https:\/\/www.efmaroc.org\/efm\/#\/schema\/logo\/image\/\",\"url\":\"https:\/\/www.efmaroc.org\/efm\/wp-content\/uploads\/2022\/12\/efm-enseignement-francais-maroc-logotaglinex2.png\",\"contentUrl\":\"https:\/\/www.efmaroc.org\/efm\/wp-content\/uploads\/2022\/12\/efm-enseignement-francais-maroc-logotaglinex2.png\",\"width\":104,\"height\":78,\"caption\":\"EFM\"},\"image\":{\"@id\":\"https:\/\/www.efmaroc.org\/efm\/#\/schema\/logo\/image\/\"}},{\"@type\":\"Person\",\"@id\":\"https:\/\/www.efmaroc.org\/efm\/#\/schema\/person\/25a9b635a4b2276393dd87dbd94c6302\",\"name\":\"EFM\",\"image\":{\"@type\":\"ImageObject\",\"inLanguage\":\"fr-FR\",\"@id\":\"https:\/\/www.efmaroc.org\/efm\/#\/schema\/person\/image\/\",\"url\":\"https:\/\/secure.gravatar.com\/avatar\/0acf5f0ecc3b24f6fa3602920a0bc305ada83aa2d4adbe73d7718ee0e4155d61?s=96&d=mm&r=g\",\"contentUrl\":\"https:\/\/secure.gravatar.com\/avatar\/0acf5f0ecc3b24f6fa3602920a0bc305ada83aa2d4adbe73d7718ee0e4155d61?s=96&d=mm&r=g\",\"caption\":\"EFM\"},\"sameAs\":[\"https:\/\/www.efmaroc.org\/efm\"]}]}<\/script>\n<!-- \/ Yoast SEO plugin. -->","yoast_head_json":{"title":"Finale du concours Ecolexia | Enseignement Fran\u00e7ais au Maroc","description":"La grande finale de la 2\u00e8me \u00e9dition du concours Ecolexia, concours exclusivement d\u00e9di\u00e9 au droit de l\u2019environnement, ouvert \u00e0 l\u2019ensemble des \u00e9l\u00e8ves de 1\u00e8re","robots":{"index":"index","follow":"follow","max-snippet":"max-snippet:-1","max-image-preview":"max-image-preview:large","max-video-preview":"max-video-preview:-1"},"canonical":"https:\/\/www.efmaroc.org\/efm\/finale-du-concours-ecolexia\/","og_locale":"fr_FR","og_type":"article","og_title":"Finale du concours Ecolexia | Enseignement Fran\u00e7ais au Maroc","og_description":"La grande finale de la 2\u00e8me \u00e9dition du concours Ecolexia, concours exclusivement d\u00e9di\u00e9 au droit de l\u2019environnement, ouvert \u00e0 l\u2019ensemble des \u00e9l\u00e8ves de 1\u00e8re","og_url":"https:\/\/www.efmaroc.org\/efm\/finale-du-concours-ecolexia\/","og_site_name":"EFM","article_published_time":"2023-05-19T10:34:35+00:00","article_modified_time":"2023-05-19T10:34:37+00:00","og_image":[{"width":2048,"height":1536,"url":"https:\/\/www.efmaroc.org\/efm\/wp-content\/uploads\/2023\/05\/2.jpg","type":"image\/jpeg"}],"author":"EFM","twitter_card":"summary_large_image","twitter_misc":{"\u00c9crit par":"EFM","Dur\u00e9e de lecture estim\u00e9e":"1 minute"},"schema":{"@context":"https:\/\/schema.org","@graph":[{"@type":"Article","@id":"https:\/\/www.efmaroc.org\/efm\/finale-du-concours-ecolexia\/#article","isPartOf":{"@id":"https:\/\/www.efmaroc.org\/efm\/finale-du-concours-ecolexia\/"},"author":{"name":"EFM","@id":"https:\/\/www.efmaroc.org\/efm\/#\/schema\/person\/25a9b635a4b2276393dd87dbd94c6302"},"headline":"Finale du concours Ecolexia","datePublished":"2023-05-19T10:34:35+00:00","dateModified":"2023-05-19T10:34:37+00:00","mainEntityOfPage":{"@id":"https:\/\/www.efmaroc.org\/efm\/finale-du-concours-ecolexia\/"},"wordCount":201,"publisher":{"@id":"https:\/\/www.efmaroc.org\/efm\/#organization"},"image":{"@id":"https:\/\/www.efmaroc.org\/efm\/finale-du-concours-ecolexia\/#primaryimage"},"thumbnailUrl":"https:\/\/www.efmaroc.org\/efm\/wp-content\/uploads\/2023\/05\/2.jpg","articleSection":["Education","Nouvelles"],"inLanguage":"fr-FR"},{"@type":"WebPage","@id":"https:\/\/www.efmaroc.org\/efm\/finale-du-concours-ecolexia\/","url":"https:\/\/www.efmaroc.org\/efm\/finale-du-concours-ecolexia\/","name":"Finale du concours Ecolexia | Enseignement Fran\u00e7ais au Maroc","isPartOf":{"@id":"https:\/\/www.efmaroc.org\/efm\/#website"},"primaryImageOfPage":{"@id":"https:\/\/www.efmaroc.org\/efm\/finale-du-concours-ecolexia\/#primaryimage"},"image":{"@id":"https:\/\/www.efmaroc.org\/efm\/finale-du-concours-ecolexia\/#primaryimage"},"thumbnailUrl":"https:\/\/www.efmaroc.org\/efm\/wp-content\/uploads\/2023\/05\/2.jpg","datePublished":"2023-05-19T10:34:35+00:00","dateModified":"2023-05-19T10:34:37+00:00","description":"La grande finale de la 2\u00e8me \u00e9dition du concours Ecolexia, concours exclusivement d\u00e9di\u00e9 au droit de l\u2019environnement, ouvert \u00e0 l\u2019ensemble des \u00e9l\u00e8ves de 1\u00e8re","breadcrumb":{"@id":"https:\/\/www.efmaroc.org\/efm\/finale-du-concours-ecolexia\/#breadcrumb"},"inLanguage":"fr-FR","potentialAction":[{"@type":"ReadAction","target":["https:\/\/www.efmaroc.org\/efm\/finale-du-concours-ecolexia\/"]}]},{"@type":"ImageObject","inLanguage":"fr-FR","@id":"https:\/\/www.efmaroc.org\/efm\/finale-du-concours-ecolexia\/#primaryimage","url":"https:\/\/www.efmaroc.org\/efm\/wp-content\/uploads\/2023\/05\/2.jpg","contentUrl":"https:\/\/www.efmaroc.org\/efm\/wp-content\/uploads\/2023\/05\/2.jpg","width":2048,"height":1536},{"@type":"BreadcrumbList","@id":"https:\/\/www.efmaroc.org\/efm\/finale-du-concours-ecolexia\/#breadcrumb","itemListElement":[{"@type":"ListItem","position":1,"name":"Accueil","item":"https:\/\/www.efmaroc.org\/efm\/"},{"@type":"ListItem","position":2,"name":"Finale du concours Ecolexia"}]},{"@type":"WebSite","@id":"https:\/\/www.efmaroc.org\/efm\/#website","url":"https:\/\/www.efmaroc.org\/efm\/","name":"EFM","description":"Enseignement Fran\u00e7ais au Maroc","publisher":{"@id":"https:\/\/www.efmaroc.org\/efm\/#organization"},"potentialAction":[{"@type":"SearchAction","target":{"@type":"EntryPoint","urlTemplate":"https:\/\/www.efmaroc.org\/efm\/?s={search_term_string}"},"query-input":{"@type":"PropertyValueSpecification","valueRequired":true,"valueName":"search_term_string"}}],"inLanguage":"fr-FR"},{"@type":"Organization","@id":"https:\/\/www.efmaroc.org\/efm\/#organization","name":"EFM","url":"https:\/\/www.efmaroc.org\/efm\/","logo":{"@type":"ImageObject","inLanguage":"fr-FR","@id":"https:\/\/www.efmaroc.org\/efm\/#\/schema\/logo\/image\/","url":"https:\/\/www.efmaroc.org\/efm\/wp-content\/uploads\/2022\/12\/efm-enseignement-francais-maroc-logotaglinex2.png","contentUrl":"https:\/\/www.efmaroc.org\/efm\/wp-content\/uploads\/2022\/12\/efm-enseignement-francais-maroc-logotaglinex2.png","width":104,"height":78,"caption":"EFM"},"image":{"@id":"https:\/\/www.efmaroc.org\/efm\/#\/schema\/logo\/image\/"}},{"@type":"Person","@id":"https:\/\/www.efmaroc.org\/efm\/#\/schema\/person\/25a9b635a4b2276393dd87dbd94c6302","name":"EFM","image":{"@type":"ImageObject","inLanguage":"fr-FR","@id":"https:\/\/www.efmaroc.org\/efm\/#\/schema\/person\/image\/","url":"https:\/\/secure.gravatar.com\/avatar\/0acf5f0ecc3b24f6fa3602920a0bc305ada83aa2d4adbe73d7718ee0e4155d61?s=96&d=mm&r=g","contentUrl":"https:\/\/secure.gravatar.com\/avatar\/0acf5f0ecc3b24f6fa3602920a0bc305ada83aa2d4adbe73d7718ee0e4155d61?s=96&d=mm&r=g","caption":"EFM"},"sameAs":["https:\/\/www.efmaroc.org\/efm"]}]}},"jetpack_featured_media_url":"https:\/\/www.efmaroc.org\/efm\/wp-content\/uploads\/2023\/05\/2.jpg","jetpack_sharing_enabled":true,"_links":{"self":[{"href":"https:\/\/www.efmaroc.org\/efm\/wp-json\/wp\/v2\/posts\/22013","targetHints":{"allow":["GET"]}}],"collection":[{"href":"https:\/\/www.efmaroc.org\/efm\/wp-json\/wp\/v2\/posts"}],"about":[{"href":"https:\/\/www.efmaroc.org\/efm\/wp-json\/wp\/v2\/types\/post"}],"author":[{"embeddable":true,"href":"https:\/\/www.efmaroc.org\/efm\/wp-json\/wp\/v2\/users\/1"}],"replies":[{"embeddable":true,"href":"https:\/\/www.efmaroc.org\/efm\/wp-json\/wp\/v2\/comments?post=22013"}],"version-history":[{"count":1,"href":"https:\/\/www.efmaroc.org\/efm\/wp-json\/wp\/v2\/posts\/22013\/revisions"}],"predecessor-version":[{"id":22019,"href":"https:\/\/www.efmaroc.org\/efm\/wp-json\/wp\/v2\/posts\/22013\/revisions\/22019"}],"wp:featuredmedia":[{"embeddable":true,"href":"https:\/\/www.efmaroc.org\/efm\/wp-json\/wp\/v2\/media\/22015"}],"wp:attachment":[{"href":"https:\/\/www.efmaroc.org\/efm\/wp-json\/wp\/v2\/media?parent=22013"}],"wp:term":[{"taxonomy":"category","embeddable":true,"href":"https:\/\/www.efmaroc.org\/efm\/wp-json\/wp\/v2\/categories?post=22013"},{"taxonomy":"post_tag","embeddable":true,"href":"https:\/\/www.efmaroc.org\/efm\/wp-json\/wp\/v2\/tags?post=22013"}],"curies":[{"name":"wp","href":"https:\/\/api.w.org\/{rel}","templated":true}]}}