{"id":22033,"date":"2023-05-30T16:03:38","date_gmt":"2023-05-30T14:03:38","guid":{"rendered":"https:\/\/www.efmaroc.org\/efm\/?p=22033"},"modified":"2023-05-30T16:03:39","modified_gmt":"2023-05-30T14:03:39","slug":"ce-mois-de-juin-cest-le-mois-parcoursup-tes-propositions-dadmission-sur-agora-monde","status":"publish","type":"post","link":"https:\/\/www.efmaroc.org\/efm\/ce-mois-de-juin-cest-le-mois-parcoursup-tes-propositions-dadmission-sur-agora-monde\/","title":{"rendered":"Ce mois de juin, c\u2019est le mois Parcoursup \u201cTes propositions d\u2019admission\u201d sur AGORA Monde !"},"content":{"rendered":"\n<p><strong>\ud83d\udd14 Ce mois de juin, c\u2019est le mois Parcoursup \u201cTes propositions d\u2019admission\u201d sur AGORA Monde !<\/strong><\/p>\n\n\n\n<p>En cette fin d\u2019ann\u00e9e scolaire, la phase d\u2019admission d\u00e9bute sur Parcoursup. Les \u00e9l\u00e8ves commencent d\u00e8s \u00e0 pr\u00e9sent \u00e0 recevoir des r\u00e9ponses aux v\u0153ux qu\u2019ils ont formul\u00e9s. Du 1er juin au 7 juillet, c\u2019est la phase o\u00f9 ils d\u00e9cident du cursus qu\u2019ils suivront apr\u00e8s l\u2019obtention du baccalaur\u00e9at.&nbsp;<\/p>\n\n\n\n<p>Cette p\u00e9riode soul\u00e8ve de nombreuses questions pour les lyc\u00e9en(ne)s :Quelle proposition d\u2019admission accepter ? Quels v\u0153ux dois-je garder en liste d\u2019attente ? Quelle ville choisir pour une m\u00eame formation ? Comment trouver un logement ? etc.<\/p>\n\n\n\n<p>\ud83d\udc49 AGORA Monde organise le mois Parcoursup \u201cTes propositions d\u2019admission\u201d pour permettre d\u2019obtenir toutes les r\u00e9ponses \u00e0 leurs interrogations. Les \u00e9l\u00e8ves peuvent se connecter \u00e0 n&rsquo;importe quel moment sur le forum pour poser leurs questions et obtenir des conseils et informations.&nbsp;<\/p>\n\n\n\n<p>Des ancien(ne)s \u00e9l\u00e8ves du r\u00e9seau AEFE \u00e9tudiant en France, ainsi que des boursiers Excellence-Major, seront connect\u00e9(e)s pour leur r\u00e9pondre, les renseigner et les accompagner en partageant leur exp\u00e9rience.&nbsp;<\/p>\n\n\n\n<p><strong>\ud83d\udd37 <\/strong>Lyc\u00e9en(ne)s, venez b\u00e9n\u00e9ficiez de conseils d\u00e8s le 1er juin en vous connectant sur le forum.&nbsp;<\/p>\n\n\n\n<p><strong>\ud83d\udd37 <\/strong>Familles et \u00e9tablissements, encouragez vos enfants et \u00e9l\u00e8ves \u00e0 venir poser leurs questions.<\/p>\n\n\n\n<p><strong>\ud83d\udd37 <\/strong>Ancien(ne)s \u00e9l\u00e8ves et boursiers d\u2019Excellence-Major, soyez pr\u00e9sent(e)s pour accompagner les \u00e9l\u00e8ves en ce temps crucial dans la construction de leur parcours d\u2019orientation !<\/p>\n\n\n\n<p>\u00c0 bient\u00f4t sur AGORA !<\/p>\n\n\n\n<figure class=\"wp-block-image size-large\"><img fetchpriority=\"high\" decoding=\"async\" width=\"1024\" height=\"538\" src=\"https:\/\/www.efmaroc.org\/efm\/wp-content\/uploads\/2023\/05\/Visuel-standard-__-Mois-Parcoursup-_Tes-propositions-dadmission_-AGORA-Monde-juin-2023-1024x538.png\" alt=\"\" class=\"wp-image-22034\" srcset=\"https:\/\/www.efmaroc.org\/efm\/wp-content\/uploads\/2023\/05\/Visuel-standard-__-Mois-Parcoursup-_Tes-propositions-dadmission_-AGORA-Monde-juin-2023-1024x538.png 1024w, https:\/\/www.efmaroc.org\/efm\/wp-content\/uploads\/2023\/05\/Visuel-standard-__-Mois-Parcoursup-_Tes-propositions-dadmission_-AGORA-Monde-juin-2023-300x158.png 300w, https:\/\/www.efmaroc.org\/efm\/wp-content\/uploads\/2023\/05\/Visuel-standard-__-Mois-Parcoursup-_Tes-propositions-dadmission_-AGORA-Monde-juin-2023-768x403.png 768w, https:\/\/www.efmaroc.org\/efm\/wp-content\/uploads\/2023\/05\/Visuel-standard-__-Mois-Parcoursup-_Tes-propositions-dadmission_-AGORA-Monde-juin-2023-370x194.png 370w, https:\/\/www.efmaroc.org\/efm\/wp-content\/uploads\/2023\/05\/Visuel-standard-__-Mois-Parcoursup-_Tes-propositions-dadmission_-AGORA-Monde-juin-2023-840x441.png 840w, https:\/\/www.efmaroc.org\/efm\/wp-content\/uploads\/2023\/05\/Visuel-standard-__-Mois-Parcoursup-_Tes-propositions-dadmission_-AGORA-Monde-juin-2023-410x215.png 410w, https:\/\/www.efmaroc.org\/efm\/wp-content\/uploads\/2023\/05\/Visuel-standard-__-Mois-Parcoursup-_Tes-propositions-dadmission_-AGORA-Monde-juin-2023.png 1200w\" sizes=\"(max-width: 1024px) 100vw, 1024px\" \/><\/figure>\n","protected":false},"excerpt":{"rendered":"<p>\ud83d\udd14 Ce mois de juin, c\u2019est le mois Parcoursup \u201cTes propositions d\u2019admission\u201d sur AGORA Monde&hellip;<\/p>\n","protected":false},"author":1,"featured_media":22035,"comment_status":"closed","ping_status":"closed","sticky":false,"template":"","format":"standard","meta":{"_jetpack_newsletter_access":"","_jetpack_dont_email_post_to_subs":false,"_jetpack_newsletter_tier_id":0,"_jetpack_memberships_contains_paywalled_content":false,"_jetpack_memberships_contains_paid_content":false,"footnotes":""},"categories":[135,14],"tags":[],"class_list":["post-22033","post","type-post","status-publish","format-standard","has-post-thumbnail","hentry","category-education","category-nouvelles"],"yoast_head":"<!-- This site is optimized with the Yoast SEO plugin v26.8 - https:\/\/yoast.com\/product\/yoast-seo-wordpress\/ -->\n<title>Ce mois de juin, c\u2019est le mois Parcoursup \u201cTes propositions d\u2019admission\u201d sur AGORA Monde ! | Enseignement Fran\u00e7ais au Maroc<\/title>\n<meta name=\"description\" content=\"\ud83d\udd14 Ce mois de juin, c\u2019est le mois Parcoursup \u201cTes propositions d\u2019admission\u201d sur AGORA Monde ! En cette fin d\u2019ann\u00e9e scolaire, la phase d\u2019admission d\u00e9bute\" \/>\n<meta name=\"robots\" content=\"index, follow, max-snippet:-1, max-image-preview:large, max-video-preview:-1\" \/>\n<link rel=\"canonical\" href=\"https:\/\/www.efmaroc.org\/efm\/ce-mois-de-juin-cest-le-mois-parcoursup-tes-propositions-dadmission-sur-agora-monde\/\" \/>\n<meta property=\"og:locale\" content=\"fr_FR\" \/>\n<meta property=\"og:type\" content=\"article\" \/>\n<meta property=\"og:title\" content=\"Ce mois de juin, c\u2019est le mois Parcoursup \u201cTes propositions d\u2019admission\u201d sur AGORA Monde ! | Enseignement Fran\u00e7ais au Maroc\" \/>\n<meta property=\"og:description\" content=\"\ud83d\udd14 Ce mois de juin, c\u2019est le mois Parcoursup \u201cTes propositions d\u2019admission\u201d sur AGORA Monde ! En cette fin d\u2019ann\u00e9e scolaire, la phase d\u2019admission d\u00e9bute\" \/>\n<meta property=\"og:url\" content=\"https:\/\/www.efmaroc.org\/efm\/ce-mois-de-juin-cest-le-mois-parcoursup-tes-propositions-dadmission-sur-agora-monde\/\" \/>\n<meta property=\"og:site_name\" content=\"EFM\" \/>\n<meta property=\"article:published_time\" content=\"2023-05-30T14:03:38+00:00\" \/>\n<meta property=\"article:modified_time\" content=\"2023-05-30T14:03:39+00:00\" \/>\n<meta property=\"og:image\" content=\"https:\/\/www.efmaroc.org\/efm\/wp-content\/uploads\/2023\/05\/Visuel-reseaux-sociaux-__-Mois-Parcoursup-_Tes-propositions-dadmission_-AGORA-Monde-juin-2023.png\" \/>\n\t<meta property=\"og:image:width\" content=\"2000\" \/>\n\t<meta property=\"og:image:height\" content=\"2000\" \/>\n\t<meta property=\"og:image:type\" content=\"image\/png\" \/>\n<meta name=\"author\" content=\"EFM\" \/>\n<meta name=\"twitter:card\" content=\"summary_large_image\" \/>\n<meta name=\"twitter:label1\" content=\"\u00c9crit par\" \/>\n\t<meta name=\"twitter:data1\" content=\"EFM\" \/>\n\t<meta name=\"twitter:label2\" content=\"Dur\u00e9e de lecture estim\u00e9e\" \/>\n\t<meta name=\"twitter:data2\" content=\"1 minute\" \/>\n<script type=\"application\/ld+json\" class=\"yoast-schema-graph\">{\"@context\":\"https:\/\/schema.org\",\"@graph\":[{\"@type\":\"Article\",\"@id\":\"https:\/\/www.efmaroc.org\/efm\/ce-mois-de-juin-cest-le-mois-parcoursup-tes-propositions-dadmission-sur-agora-monde\/#article\",\"isPartOf\":{\"@id\":\"https:\/\/www.efmaroc.org\/efm\/ce-mois-de-juin-cest-le-mois-parcoursup-tes-propositions-dadmission-sur-agora-monde\/\"},\"author\":{\"name\":\"EFM\",\"@id\":\"https:\/\/www.efmaroc.org\/efm\/#\/schema\/person\/25a9b635a4b2276393dd87dbd94c6302\"},\"headline\":\"Ce mois de juin, c\u2019est le mois Parcoursup \u201cTes propositions d\u2019admission\u201d sur AGORA Monde !\",\"datePublished\":\"2023-05-30T14:03:38+00:00\",\"dateModified\":\"2023-05-30T14:03:39+00:00\",\"mainEntityOfPage\":{\"@id\":\"https:\/\/www.efmaroc.org\/efm\/ce-mois-de-juin-cest-le-mois-parcoursup-tes-propositions-dadmission-sur-agora-monde\/\"},\"wordCount\":285,\"publisher\":{\"@id\":\"https:\/\/www.efmaroc.org\/efm\/#organization\"},\"image\":{\"@id\":\"https:\/\/www.efmaroc.org\/efm\/ce-mois-de-juin-cest-le-mois-parcoursup-tes-propositions-dadmission-sur-agora-monde\/#primaryimage\"},\"thumbnailUrl\":\"https:\/\/www.efmaroc.org\/efm\/wp-content\/uploads\/2023\/05\/Visuel-reseaux-sociaux-__-Mois-Parcoursup-_Tes-propositions-dadmission_-AGORA-Monde-juin-2023.png\",\"articleSection\":[\"Education\",\"Nouvelles\"],\"inLanguage\":\"fr-FR\"},{\"@type\":\"WebPage\",\"@id\":\"https:\/\/www.efmaroc.org\/efm\/ce-mois-de-juin-cest-le-mois-parcoursup-tes-propositions-dadmission-sur-agora-monde\/\",\"url\":\"https:\/\/www.efmaroc.org\/efm\/ce-mois-de-juin-cest-le-mois-parcoursup-tes-propositions-dadmission-sur-agora-monde\/\",\"name\":\"Ce mois de juin, c\u2019est le mois Parcoursup \u201cTes propositions d\u2019admission\u201d sur AGORA Monde ! | Enseignement Fran\u00e7ais au Maroc\",\"isPartOf\":{\"@id\":\"https:\/\/www.efmaroc.org\/efm\/#website\"},\"primaryImageOfPage\":{\"@id\":\"https:\/\/www.efmaroc.org\/efm\/ce-mois-de-juin-cest-le-mois-parcoursup-tes-propositions-dadmission-sur-agora-monde\/#primaryimage\"},\"image\":{\"@id\":\"https:\/\/www.efmaroc.org\/efm\/ce-mois-de-juin-cest-le-mois-parcoursup-tes-propositions-dadmission-sur-agora-monde\/#primaryimage\"},\"thumbnailUrl\":\"https:\/\/www.efmaroc.org\/efm\/wp-content\/uploads\/2023\/05\/Visuel-reseaux-sociaux-__-Mois-Parcoursup-_Tes-propositions-dadmission_-AGORA-Monde-juin-2023.png\",\"datePublished\":\"2023-05-30T14:03:38+00:00\",\"dateModified\":\"2023-05-30T14:03:39+00:00\",\"description\":\"\ud83d\udd14 Ce mois de juin, c\u2019est le mois Parcoursup \u201cTes propositions d\u2019admission\u201d sur AGORA Monde ! En cette fin d\u2019ann\u00e9e scolaire, la phase d\u2019admission d\u00e9bute\",\"breadcrumb\":{\"@id\":\"https:\/\/www.efmaroc.org\/efm\/ce-mois-de-juin-cest-le-mois-parcoursup-tes-propositions-dadmission-sur-agora-monde\/#breadcrumb\"},\"inLanguage\":\"fr-FR\",\"potentialAction\":[{\"@type\":\"ReadAction\",\"target\":[\"https:\/\/www.efmaroc.org\/efm\/ce-mois-de-juin-cest-le-mois-parcoursup-tes-propositions-dadmission-sur-agora-monde\/\"]}]},{\"@type\":\"ImageObject\",\"inLanguage\":\"fr-FR\",\"@id\":\"https:\/\/www.efmaroc.org\/efm\/ce-mois-de-juin-cest-le-mois-parcoursup-tes-propositions-dadmission-sur-agora-monde\/#primaryimage\",\"url\":\"https:\/\/www.efmaroc.org\/efm\/wp-content\/uploads\/2023\/05\/Visuel-reseaux-sociaux-__-Mois-Parcoursup-_Tes-propositions-dadmission_-AGORA-Monde-juin-2023.png\",\"contentUrl\":\"https:\/\/www.efmaroc.org\/efm\/wp-content\/uploads\/2023\/05\/Visuel-reseaux-sociaux-__-Mois-Parcoursup-_Tes-propositions-dadmission_-AGORA-Monde-juin-2023.png\",\"width\":2000,\"height\":2000},{\"@type\":\"BreadcrumbList\",\"@id\":\"https:\/\/www.efmaroc.org\/efm\/ce-mois-de-juin-cest-le-mois-parcoursup-tes-propositions-dadmission-sur-agora-monde\/#breadcrumb\",\"itemListElement\":[{\"@type\":\"ListItem\",\"position\":1,\"name\":\"Accueil\",\"item\":\"https:\/\/www.efmaroc.org\/efm\/\"},{\"@type\":\"ListItem\",\"position\":2,\"name\":\"Ce mois de juin, c\u2019est le mois Parcoursup \u201cTes propositions d\u2019admission\u201d sur AGORA Monde !\"}]},{\"@type\":\"WebSite\",\"@id\":\"https:\/\/www.efmaroc.org\/efm\/#website\",\"url\":\"https:\/\/www.efmaroc.org\/efm\/\",\"name\":\"EFM\",\"description\":\"Enseignement Fran\u00e7ais au Maroc\",\"publisher\":{\"@id\":\"https:\/\/www.efmaroc.org\/efm\/#organization\"},\"potentialAction\":[{\"@type\":\"SearchAction\",\"target\":{\"@type\":\"EntryPoint\",\"urlTemplate\":\"https:\/\/www.efmaroc.org\/efm\/?s={search_term_string}\"},\"query-input\":{\"@type\":\"PropertyValueSpecification\",\"valueRequired\":true,\"valueName\":\"search_term_string\"}}],\"inLanguage\":\"fr-FR\"},{\"@type\":\"Organization\",\"@id\":\"https:\/\/www.efmaroc.org\/efm\/#organization\",\"name\":\"EFM\",\"url\":\"https:\/\/www.efmaroc.org\/efm\/\",\"logo\":{\"@type\":\"ImageObject\",\"inLanguage\":\"fr-FR\",\"@id\":\"https:\/\/www.efmaroc.org\/efm\/#\/schema\/logo\/image\/\",\"url\":\"https:\/\/www.efmaroc.org\/efm\/wp-content\/uploads\/2022\/12\/efm-enseignement-francais-maroc-logotaglinex2.png\",\"contentUrl\":\"https:\/\/www.efmaroc.org\/efm\/wp-content\/uploads\/2022\/12\/efm-enseignement-francais-maroc-logotaglinex2.png\",\"width\":104,\"height\":78,\"caption\":\"EFM\"},\"image\":{\"@id\":\"https:\/\/www.efmaroc.org\/efm\/#\/schema\/logo\/image\/\"}},{\"@type\":\"Person\",\"@id\":\"https:\/\/www.efmaroc.org\/efm\/#\/schema\/person\/25a9b635a4b2276393dd87dbd94c6302\",\"name\":\"EFM\",\"image\":{\"@type\":\"ImageObject\",\"inLanguage\":\"fr-FR\",\"@id\":\"https:\/\/www.efmaroc.org\/efm\/#\/schema\/person\/image\/\",\"url\":\"https:\/\/secure.gravatar.com\/avatar\/0acf5f0ecc3b24f6fa3602920a0bc305ada83aa2d4adbe73d7718ee0e4155d61?s=96&d=mm&r=g\",\"contentUrl\":\"https:\/\/secure.gravatar.com\/avatar\/0acf5f0ecc3b24f6fa3602920a0bc305ada83aa2d4adbe73d7718ee0e4155d61?s=96&d=mm&r=g\",\"caption\":\"EFM\"},\"sameAs\":[\"https:\/\/www.efmaroc.org\/efm\"]}]}<\/script>\n<!-- \/ Yoast SEO plugin. -->","yoast_head_json":{"title":"Ce mois de juin, c\u2019est le mois Parcoursup \u201cTes propositions d\u2019admission\u201d sur AGORA Monde ! | Enseignement Fran\u00e7ais au Maroc","description":"\ud83d\udd14 Ce mois de juin, c\u2019est le mois Parcoursup \u201cTes propositions d\u2019admission\u201d sur AGORA Monde ! En cette fin d\u2019ann\u00e9e scolaire, la phase d\u2019admission d\u00e9bute","robots":{"index":"index","follow":"follow","max-snippet":"max-snippet:-1","max-image-preview":"max-image-preview:large","max-video-preview":"max-video-preview:-1"},"canonical":"https:\/\/www.efmaroc.org\/efm\/ce-mois-de-juin-cest-le-mois-parcoursup-tes-propositions-dadmission-sur-agora-monde\/","og_locale":"fr_FR","og_type":"article","og_title":"Ce mois de juin, c\u2019est le mois Parcoursup \u201cTes propositions d\u2019admission\u201d sur AGORA Monde ! | Enseignement Fran\u00e7ais au Maroc","og_description":"\ud83d\udd14 Ce mois de juin, c\u2019est le mois Parcoursup \u201cTes propositions d\u2019admission\u201d sur AGORA Monde ! En cette fin d\u2019ann\u00e9e scolaire, la phase d\u2019admission d\u00e9bute","og_url":"https:\/\/www.efmaroc.org\/efm\/ce-mois-de-juin-cest-le-mois-parcoursup-tes-propositions-dadmission-sur-agora-monde\/","og_site_name":"EFM","article_published_time":"2023-05-30T14:03:38+00:00","article_modified_time":"2023-05-30T14:03:39+00:00","og_image":[{"width":2000,"height":2000,"url":"https:\/\/www.efmaroc.org\/efm\/wp-content\/uploads\/2023\/05\/Visuel-reseaux-sociaux-__-Mois-Parcoursup-_Tes-propositions-dadmission_-AGORA-Monde-juin-2023.png","type":"image\/png"}],"author":"EFM","twitter_card":"summary_large_image","twitter_misc":{"\u00c9crit par":"EFM","Dur\u00e9e de lecture estim\u00e9e":"1 minute"},"schema":{"@context":"https:\/\/schema.org","@graph":[{"@type":"Article","@id":"https:\/\/www.efmaroc.org\/efm\/ce-mois-de-juin-cest-le-mois-parcoursup-tes-propositions-dadmission-sur-agora-monde\/#article","isPartOf":{"@id":"https:\/\/www.efmaroc.org\/efm\/ce-mois-de-juin-cest-le-mois-parcoursup-tes-propositions-dadmission-sur-agora-monde\/"},"author":{"name":"EFM","@id":"https:\/\/www.efmaroc.org\/efm\/#\/schema\/person\/25a9b635a4b2276393dd87dbd94c6302"},"headline":"Ce mois de juin, c\u2019est le mois Parcoursup \u201cTes propositions d\u2019admission\u201d sur AGORA Monde !","datePublished":"2023-05-30T14:03:38+00:00","dateModified":"2023-05-30T14:03:39+00:00","mainEntityOfPage":{"@id":"https:\/\/www.efmaroc.org\/efm\/ce-mois-de-juin-cest-le-mois-parcoursup-tes-propositions-dadmission-sur-agora-monde\/"},"wordCount":285,"publisher":{"@id":"https:\/\/www.efmaroc.org\/efm\/#organization"},"image":{"@id":"https:\/\/www.efmaroc.org\/efm\/ce-mois-de-juin-cest-le-mois-parcoursup-tes-propositions-dadmission-sur-agora-monde\/#primaryimage"},"thumbnailUrl":"https:\/\/www.efmaroc.org\/efm\/wp-content\/uploads\/2023\/05\/Visuel-reseaux-sociaux-__-Mois-Parcoursup-_Tes-propositions-dadmission_-AGORA-Monde-juin-2023.png","articleSection":["Education","Nouvelles"],"inLanguage":"fr-FR"},{"@type":"WebPage","@id":"https:\/\/www.efmaroc.org\/efm\/ce-mois-de-juin-cest-le-mois-parcoursup-tes-propositions-dadmission-sur-agora-monde\/","url":"https:\/\/www.efmaroc.org\/efm\/ce-mois-de-juin-cest-le-mois-parcoursup-tes-propositions-dadmission-sur-agora-monde\/","name":"Ce mois de juin, c\u2019est le mois Parcoursup \u201cTes propositions d\u2019admission\u201d sur AGORA Monde ! | Enseignement Fran\u00e7ais au Maroc","isPartOf":{"@id":"https:\/\/www.efmaroc.org\/efm\/#website"},"primaryImageOfPage":{"@id":"https:\/\/www.efmaroc.org\/efm\/ce-mois-de-juin-cest-le-mois-parcoursup-tes-propositions-dadmission-sur-agora-monde\/#primaryimage"},"image":{"@id":"https:\/\/www.efmaroc.org\/efm\/ce-mois-de-juin-cest-le-mois-parcoursup-tes-propositions-dadmission-sur-agora-monde\/#primaryimage"},"thumbnailUrl":"https:\/\/www.efmaroc.org\/efm\/wp-content\/uploads\/2023\/05\/Visuel-reseaux-sociaux-__-Mois-Parcoursup-_Tes-propositions-dadmission_-AGORA-Monde-juin-2023.png","datePublished":"2023-05-30T14:03:38+00:00","dateModified":"2023-05-30T14:03:39+00:00","description":"\ud83d\udd14 Ce mois de juin, c\u2019est le mois Parcoursup \u201cTes propositions d\u2019admission\u201d sur AGORA Monde ! En cette fin d\u2019ann\u00e9e scolaire, la phase d\u2019admission d\u00e9bute","breadcrumb":{"@id":"https:\/\/www.efmaroc.org\/efm\/ce-mois-de-juin-cest-le-mois-parcoursup-tes-propositions-dadmission-sur-agora-monde\/#breadcrumb"},"inLanguage":"fr-FR","potentialAction":[{"@type":"ReadAction","target":["https:\/\/www.efmaroc.org\/efm\/ce-mois-de-juin-cest-le-mois-parcoursup-tes-propositions-dadmission-sur-agora-monde\/"]}]},{"@type":"ImageObject","inLanguage":"fr-FR","@id":"https:\/\/www.efmaroc.org\/efm\/ce-mois-de-juin-cest-le-mois-parcoursup-tes-propositions-dadmission-sur-agora-monde\/#primaryimage","url":"https:\/\/www.efmaroc.org\/efm\/wp-content\/uploads\/2023\/05\/Visuel-reseaux-sociaux-__-Mois-Parcoursup-_Tes-propositions-dadmission_-AGORA-Monde-juin-2023.png","contentUrl":"https:\/\/www.efmaroc.org\/efm\/wp-content\/uploads\/2023\/05\/Visuel-reseaux-sociaux-__-Mois-Parcoursup-_Tes-propositions-dadmission_-AGORA-Monde-juin-2023.png","width":2000,"height":2000},{"@type":"BreadcrumbList","@id":"https:\/\/www.efmaroc.org\/efm\/ce-mois-de-juin-cest-le-mois-parcoursup-tes-propositions-dadmission-sur-agora-monde\/#breadcrumb","itemListElement":[{"@type":"ListItem","position":1,"name":"Accueil","item":"https:\/\/www.efmaroc.org\/efm\/"},{"@type":"ListItem","position":2,"name":"Ce mois de juin, c\u2019est le mois Parcoursup \u201cTes propositions d\u2019admission\u201d sur AGORA Monde !"}]},{"@type":"WebSite","@id":"https:\/\/www.efmaroc.org\/efm\/#website","url":"https:\/\/www.efmaroc.org\/efm\/","name":"EFM","description":"Enseignement Fran\u00e7ais au Maroc","publisher":{"@id":"https:\/\/www.efmaroc.org\/efm\/#organization"},"potentialAction":[{"@type":"SearchAction","target":{"@type":"EntryPoint","urlTemplate":"https:\/\/www.efmaroc.org\/efm\/?s={search_term_string}"},"query-input":{"@type":"PropertyValueSpecification","valueRequired":true,"valueName":"search_term_string"}}],"inLanguage":"fr-FR"},{"@type":"Organization","@id":"https:\/\/www.efmaroc.org\/efm\/#organization","name":"EFM","url":"https:\/\/www.efmaroc.org\/efm\/","logo":{"@type":"ImageObject","inLanguage":"fr-FR","@id":"https:\/\/www.efmaroc.org\/efm\/#\/schema\/logo\/image\/","url":"https:\/\/www.efmaroc.org\/efm\/wp-content\/uploads\/2022\/12\/efm-enseignement-francais-maroc-logotaglinex2.png","contentUrl":"https:\/\/www.efmaroc.org\/efm\/wp-content\/uploads\/2022\/12\/efm-enseignement-francais-maroc-logotaglinex2.png","width":104,"height":78,"caption":"EFM"},"image":{"@id":"https:\/\/www.efmaroc.org\/efm\/#\/schema\/logo\/image\/"}},{"@type":"Person","@id":"https:\/\/www.efmaroc.org\/efm\/#\/schema\/person\/25a9b635a4b2276393dd87dbd94c6302","name":"EFM","image":{"@type":"ImageObject","inLanguage":"fr-FR","@id":"https:\/\/www.efmaroc.org\/efm\/#\/schema\/person\/image\/","url":"https:\/\/secure.gravatar.com\/avatar\/0acf5f0ecc3b24f6fa3602920a0bc305ada83aa2d4adbe73d7718ee0e4155d61?s=96&d=mm&r=g","contentUrl":"https:\/\/secure.gravatar.com\/avatar\/0acf5f0ecc3b24f6fa3602920a0bc305ada83aa2d4adbe73d7718ee0e4155d61?s=96&d=mm&r=g","caption":"EFM"},"sameAs":["https:\/\/www.efmaroc.org\/efm"]}]}},"jetpack_featured_media_url":"https:\/\/www.efmaroc.org\/efm\/wp-content\/uploads\/2023\/05\/Visuel-reseaux-sociaux-__-Mois-Parcoursup-_Tes-propositions-dadmission_-AGORA-Monde-juin-2023.png","jetpack_sharing_enabled":true,"_links":{"self":[{"href":"https:\/\/www.efmaroc.org\/efm\/wp-json\/wp\/v2\/posts\/22033","targetHints":{"allow":["GET"]}}],"collection":[{"href":"https:\/\/www.efmaroc.org\/efm\/wp-json\/wp\/v2\/posts"}],"about":[{"href":"https:\/\/www.efmaroc.org\/efm\/wp-json\/wp\/v2\/types\/post"}],"author":[{"embeddable":true,"href":"https:\/\/www.efmaroc.org\/efm\/wp-json\/wp\/v2\/users\/1"}],"replies":[{"embeddable":true,"href":"https:\/\/www.efmaroc.org\/efm\/wp-json\/wp\/v2\/comments?post=22033"}],"version-history":[{"count":1,"href":"https:\/\/www.efmaroc.org\/efm\/wp-json\/wp\/v2\/posts\/22033\/revisions"}],"predecessor-version":[{"id":22036,"href":"https:\/\/www.efmaroc.org\/efm\/wp-json\/wp\/v2\/posts\/22033\/revisions\/22036"}],"wp:featuredmedia":[{"embeddable":true,"href":"https:\/\/www.efmaroc.org\/efm\/wp-json\/wp\/v2\/media\/22035"}],"wp:attachment":[{"href":"https:\/\/www.efmaroc.org\/efm\/wp-json\/wp\/v2\/media?parent=22033"}],"wp:term":[{"taxonomy":"category","embeddable":true,"href":"https:\/\/www.efmaroc.org\/efm\/wp-json\/wp\/v2\/categories?post=22033"},{"taxonomy":"post_tag","embeddable":true,"href":"https:\/\/www.efmaroc.org\/efm\/wp-json\/wp\/v2\/tags?post=22033"}],"curies":[{"name":"wp","href":"https:\/\/api.w.org\/{rel}","templated":true}]}}