{"id":22078,"date":"2023-06-01T17:30:27","date_gmt":"2023-06-01T15:30:27","guid":{"rendered":"https:\/\/www.efmaroc.org\/efm\/?p=22078"},"modified":"2023-06-01T17:30:47","modified_gmt":"2023-06-01T15:30:47","slug":"prix-litteraire-arganier-lyceens-du-maroc-deux-auteurs-primes","status":"publish","type":"post","link":"https:\/\/www.efmaroc.org\/efm\/prix-litteraire-arganier-lyceens-du-maroc-deux-auteurs-primes\/","title":{"rendered":"Prix litt\u00e9raire Arganier lyc\u00e9ens du Maroc\u00a0: deux auteurs prim\u00e9s\u00a0!"},"content":{"rendered":"\n<p>Le prix Arganier est un prix litt\u00e9raire des lyc\u00e9ens des \u00e9tablissements de l\u2019enseignement fran\u00e7ais au Maroc. Il permet aux \u00e9l\u00e8ves lyc\u00e9ens d\u2019\u00e9lire une \u0153uvre litt\u00e9raire parmi la s\u00e9lection propos\u00e9e de 5 \u0153uvres francophones.<\/p>\n\n\n\n<p>La s\u00e9lection de cette ann\u00e9e \u00e9tait la suivante&nbsp;: \u00ab&nbsp;une femme en contre-jour&nbsp;\u00bb de Ga\u00eblle Josse, \u00ab&nbsp;Em&nbsp;\u00bb de Kim Thuy, \u00ab&nbsp;Blizzard&nbsp;\u00bb de Marie Vingtras, \u00ab&nbsp;Bel ab\u00eeme&nbsp;\u00bb de Yamen Manai et \u00ab&nbsp;Ne t\u2019arr\u00eate pas de courir&nbsp;\u00bb de Mathieu Palain.<\/p>\n\n\n\n<p>Pour la 5<sup>\u00e8me<\/sup> \u00e9dition du prix litt\u00e9raire ce n\u2019est pas un mais deux auteurs qui ont \u00e9t\u00e9 prim\u00e9s, ce samedi 27 mai 2023, en salle Simone Veil, au lyc\u00e9e Descartes de Rabat, Maroc.<\/p>\n\n\n\n<p>Yamen Manai a \u00e9t\u00e9 d\u00e9sign\u00e9 par les 300 \u00e9l\u00e8ves des 11 classes, de 4 lyc\u00e9es fran\u00e7ais au Maroc (lyc\u00e9e Victor Hugo \u00e0 Marrakech, lyc\u00e9e Sophie Germain et lyc\u00e9e Descartes \u00e0 Rabat, lyc\u00e9e Lyautey \u00e0 Casablanca) pour recevoir le prix litt\u00e9raire des lyc\u00e9ens.<\/p>\n\n\n\n<p>Yamen Manai, \u00e9crivain tunisien, est laur\u00e9at des lyc\u00e9ens Maroc avec son roman \u00ab&nbsp;Bel ab\u00eeme&nbsp;\u00bb, un ouvrage o\u00f9 l\u2019auteur d\u00e9nonce \u00ab&nbsp;la barbarie et les maux qui gangr\u00e8nent&nbsp;\u00bb, une soci\u00e9t\u00e9 tunisienne faisant \u00e9chos \u00e0 nos jeunes lyc\u00e9ens marocains. Ce roman pl\u00e9biscit\u00e9 par les lyc\u00e9ens du Maroc a \u00e9galement re\u00e7u Prix de la Litt\u00e9rature arabe 2022 ainsi que le Prix Orange du livre en Afrique 2022.&nbsp;<\/p>\n\n\n\n<p>Kim Thuy laur\u00e9ate du prix Public au Maroc a \u00e9t\u00e9 cd\u00e9sign\u00e9e par les lecteurs passionn\u00e9s ou n\u00e9ophytes de litt\u00e9rature au Maroc. C\u2019est une poign\u00e9e de lecteurs des diverses horizons&nbsp;: Rabat, Casablanca, Marrakech qui a s\u00e9lectionn\u00e9 Kim Thuy pour recevoir le prix du public Maroc. &nbsp;<\/p>\n\n\n\n<p>Kim Thuy, \u00e9crivaine francophone, qu\u00e9b\u00e9coise, d\u2019origine vietnamienne, est laur\u00e9ate du public Maroc avec son roman \u00ab&nbsp;Em&nbsp;\u00bb, un ouvrage o\u00f9 l\u2019autrice conte avec po\u00e9sie et d\u00e9licatesse la guerre qui a d\u00e9chir\u00e9 le Vietnam.<\/p>\n\n\n\n<p>La c\u00e9r\u00e9monie a \u00e9t\u00e9 pr\u00e9sid\u00e9e par Kenza Sefrioui, critique litt\u00e9raire et fondatrice de la maison d\u2019\u00e9dition \u00ab&nbsp;En toutes lettres&nbsp;\u00bb qui f\u00eate ses 10 ans cette ann\u00e9e. Madame Marie-Laure Petton, proviseur adjointe du lyc\u00e9e Descartes a ouvert cette journ\u00e9e par des mots contant la gen\u00e8se du Prix Arganier au Maroc. Madame Ina Pouant, Conseill\u00e8re de coop\u00e9ration et d\u2019action culturelle adjointe, responsable Institut fran\u00e7ais Maroc ainsi que Bruno Eldin, Conseiller de coop\u00e9ration et d\u2019action culturelle adjoint, responsable de l\u2019enseignement fran\u00e7ais au Maroc, \u00e9taient pr\u00e9sents pour soutenir le prix litt\u00e9raire Arganier et attribuer les prix aux laur\u00e9ats.<\/p>\n\n\n\n<p>Les laur\u00e9ats ont chacun re\u00e7u une \u0153uvre de l\u2019artiste Elyesse Nouhi, jeune digital artiste sp\u00e9cialis\u00e9 en collage valorisant la culture marocaine.<\/p>\n\n\n\n<figure class=\"wp-block-image size-large\"><img fetchpriority=\"high\" decoding=\"async\" width=\"1024\" height=\"768\" src=\"https:\/\/www.efmaroc.org\/efm\/wp-content\/uploads\/2023\/06\/349096837_3556127208006113_1970642388700565805_n-1024x768.jpg\" alt=\"\" class=\"wp-image-22079\" srcset=\"https:\/\/www.efmaroc.org\/efm\/wp-content\/uploads\/2023\/06\/349096837_3556127208006113_1970642388700565805_n-1024x768.jpg 1024w, https:\/\/www.efmaroc.org\/efm\/wp-content\/uploads\/2023\/06\/349096837_3556127208006113_1970642388700565805_n-300x225.jpg 300w, https:\/\/www.efmaroc.org\/efm\/wp-content\/uploads\/2023\/06\/349096837_3556127208006113_1970642388700565805_n-768x576.jpg 768w, https:\/\/www.efmaroc.org\/efm\/wp-content\/uploads\/2023\/06\/349096837_3556127208006113_1970642388700565805_n-1536x1152.jpg 1536w, https:\/\/www.efmaroc.org\/efm\/wp-content\/uploads\/2023\/06\/349096837_3556127208006113_1970642388700565805_n-370x278.jpg 370w, https:\/\/www.efmaroc.org\/efm\/wp-content\/uploads\/2023\/06\/349096837_3556127208006113_1970642388700565805_n-840x630.jpg 840w, https:\/\/www.efmaroc.org\/efm\/wp-content\/uploads\/2023\/06\/349096837_3556127208006113_1970642388700565805_n-410x308.jpg 410w, https:\/\/www.efmaroc.org\/efm\/wp-content\/uploads\/2023\/06\/349096837_3556127208006113_1970642388700565805_n.jpg 2048w\" sizes=\"(max-width: 1024px) 100vw, 1024px\" \/><\/figure>\n\n\n\n<figure class=\"wp-block-image size-full\"><img decoding=\"async\" width=\"743\" height=\"506\" src=\"https:\/\/www.efmaroc.org\/efm\/wp-content\/uploads\/2023\/06\/Capture-decran-196.png\" alt=\"\" class=\"wp-image-22081\" srcset=\"https:\/\/www.efmaroc.org\/efm\/wp-content\/uploads\/2023\/06\/Capture-decran-196.png 743w, https:\/\/www.efmaroc.org\/efm\/wp-content\/uploads\/2023\/06\/Capture-decran-196-300x204.png 300w, https:\/\/www.efmaroc.org\/efm\/wp-content\/uploads\/2023\/06\/Capture-decran-196-370x252.png 370w, https:\/\/www.efmaroc.org\/efm\/wp-content\/uploads\/2023\/06\/Capture-decran-196-410x279.png 410w\" sizes=\"(max-width: 743px) 100vw, 743px\" \/><\/figure>\n\n\n\n<figure class=\"wp-block-image size-full\"><img decoding=\"async\" width=\"843\" height=\"550\" src=\"https:\/\/www.efmaroc.org\/efm\/wp-content\/uploads\/2023\/06\/Capture-decran-197.png\" alt=\"\" class=\"wp-image-22082\" srcset=\"https:\/\/www.efmaroc.org\/efm\/wp-content\/uploads\/2023\/06\/Capture-decran-197.png 843w, https:\/\/www.efmaroc.org\/efm\/wp-content\/uploads\/2023\/06\/Capture-decran-197-300x196.png 300w, https:\/\/www.efmaroc.org\/efm\/wp-content\/uploads\/2023\/06\/Capture-decran-197-768x501.png 768w, https:\/\/www.efmaroc.org\/efm\/wp-content\/uploads\/2023\/06\/Capture-decran-197-370x241.png 370w, https:\/\/www.efmaroc.org\/efm\/wp-content\/uploads\/2023\/06\/Capture-decran-197-840x548.png 840w, https:\/\/www.efmaroc.org\/efm\/wp-content\/uploads\/2023\/06\/Capture-decran-197-410x267.png 410w\" sizes=\"(max-width: 843px) 100vw, 843px\" \/><\/figure>\n\n\n\n<figure class=\"wp-block-image size-full\"><img loading=\"lazy\" decoding=\"async\" width=\"742\" height=\"549\" src=\"https:\/\/www.efmaroc.org\/efm\/wp-content\/uploads\/2023\/06\/Capture-decran-198.png\" alt=\"\" class=\"wp-image-22083\" srcset=\"https:\/\/www.efmaroc.org\/efm\/wp-content\/uploads\/2023\/06\/Capture-decran-198.png 742w, https:\/\/www.efmaroc.org\/efm\/wp-content\/uploads\/2023\/06\/Capture-decran-198-300x222.png 300w, https:\/\/www.efmaroc.org\/efm\/wp-content\/uploads\/2023\/06\/Capture-decran-198-204x150.png 204w, https:\/\/www.efmaroc.org\/efm\/wp-content\/uploads\/2023\/06\/Capture-decran-198-370x274.png 370w, https:\/\/www.efmaroc.org\/efm\/wp-content\/uploads\/2023\/06\/Capture-decran-198-410x303.png 410w\" sizes=\"(max-width: 742px) 100vw, 742px\" \/><\/figure>\n\n\n","protected":false},"excerpt":{"rendered":"<p>Le prix Arganier est un prix litt\u00e9raire des lyc\u00e9ens des \u00e9tablissements de l\u2019enseignement fran\u00e7ais au&hellip;<\/p>\n","protected":false},"author":1,"featured_media":22082,"comment_status":"closed","ping_status":"closed","sticky":false,"template":"","format":"standard","meta":{"_jetpack_newsletter_access":"","_jetpack_dont_email_post_to_subs":false,"_jetpack_newsletter_tier_id":0,"_jetpack_memberships_contains_paywalled_content":false,"_jetpack_memberships_contains_paid_content":false,"footnotes":""},"categories":[135,13],"tags":[],"class_list":["post-22078","post","type-post","status-publish","format-standard","has-post-thumbnail","hentry","category-education","category-reseau"],"yoast_head":"<!-- This site is optimized with the Yoast SEO plugin v26.8 - https:\/\/yoast.com\/product\/yoast-seo-wordpress\/ -->\n<title>Prix litt\u00e9raire Arganier lyc\u00e9ens du Maroc\u00a0: deux auteurs prim\u00e9s\u00a0! | Enseignement Fran\u00e7ais au Maroc<\/title>\n<meta name=\"description\" content=\"Le prix Arganier est un prix litt\u00e9raire des lyc\u00e9ens des \u00e9tablissements de l\u2019enseignement fran\u00e7ais au Maroc. Il permet aux \u00e9l\u00e8ves lyc\u00e9ens d\u2019\u00e9lire une \u0153uvre\" \/>\n<meta name=\"robots\" content=\"index, follow, max-snippet:-1, max-image-preview:large, max-video-preview:-1\" \/>\n<link rel=\"canonical\" href=\"https:\/\/www.efmaroc.org\/efm\/prix-litteraire-arganier-lyceens-du-maroc-deux-auteurs-primes\/\" \/>\n<meta property=\"og:locale\" content=\"fr_FR\" \/>\n<meta property=\"og:type\" content=\"article\" \/>\n<meta property=\"og:title\" content=\"Prix litt\u00e9raire Arganier lyc\u00e9ens du Maroc\u00a0: deux auteurs prim\u00e9s\u00a0! | Enseignement Fran\u00e7ais au Maroc\" \/>\n<meta property=\"og:description\" content=\"Le prix Arganier est un prix litt\u00e9raire des lyc\u00e9ens des \u00e9tablissements de l\u2019enseignement fran\u00e7ais au Maroc. Il permet aux \u00e9l\u00e8ves lyc\u00e9ens d\u2019\u00e9lire une \u0153uvre\" \/>\n<meta property=\"og:url\" content=\"https:\/\/www.efmaroc.org\/efm\/prix-litteraire-arganier-lyceens-du-maroc-deux-auteurs-primes\/\" \/>\n<meta property=\"og:site_name\" content=\"EFM\" \/>\n<meta property=\"article:published_time\" content=\"2023-06-01T15:30:27+00:00\" \/>\n<meta property=\"article:modified_time\" content=\"2023-06-01T15:30:47+00:00\" \/>\n<meta property=\"og:image\" content=\"https:\/\/www.efmaroc.org\/efm\/wp-content\/uploads\/2023\/06\/Capture-decran-197.png\" \/>\n\t<meta property=\"og:image:width\" content=\"843\" \/>\n\t<meta property=\"og:image:height\" content=\"550\" \/>\n\t<meta property=\"og:image:type\" content=\"image\/png\" \/>\n<meta name=\"author\" content=\"EFM\" \/>\n<meta name=\"twitter:card\" content=\"summary_large_image\" \/>\n<meta name=\"twitter:label1\" content=\"\u00c9crit par\" \/>\n\t<meta name=\"twitter:data1\" content=\"EFM\" \/>\n\t<meta name=\"twitter:label2\" content=\"Dur\u00e9e de lecture estim\u00e9e\" \/>\n\t<meta name=\"twitter:data2\" content=\"2 minutes\" \/>\n<script type=\"application\/ld+json\" class=\"yoast-schema-graph\">{\"@context\":\"https:\/\/schema.org\",\"@graph\":[{\"@type\":\"Article\",\"@id\":\"https:\/\/www.efmaroc.org\/efm\/prix-litteraire-arganier-lyceens-du-maroc-deux-auteurs-primes\/#article\",\"isPartOf\":{\"@id\":\"https:\/\/www.efmaroc.org\/efm\/prix-litteraire-arganier-lyceens-du-maroc-deux-auteurs-primes\/\"},\"author\":{\"name\":\"EFM\",\"@id\":\"https:\/\/www.efmaroc.org\/efm\/#\/schema\/person\/25a9b635a4b2276393dd87dbd94c6302\"},\"headline\":\"Prix litt\u00e9raire Arganier lyc\u00e9ens du Maroc\u00a0: deux auteurs prim\u00e9s\u00a0!\",\"datePublished\":\"2023-06-01T15:30:27+00:00\",\"dateModified\":\"2023-06-01T15:30:47+00:00\",\"mainEntityOfPage\":{\"@id\":\"https:\/\/www.efmaroc.org\/efm\/prix-litteraire-arganier-lyceens-du-maroc-deux-auteurs-primes\/\"},\"wordCount\":505,\"publisher\":{\"@id\":\"https:\/\/www.efmaroc.org\/efm\/#organization\"},\"image\":{\"@id\":\"https:\/\/www.efmaroc.org\/efm\/prix-litteraire-arganier-lyceens-du-maroc-deux-auteurs-primes\/#primaryimage\"},\"thumbnailUrl\":\"https:\/\/www.efmaroc.org\/efm\/wp-content\/uploads\/2023\/06\/Capture-decran-197.png\",\"articleSection\":[\"Education\",\"R\u00e9seau\"],\"inLanguage\":\"fr-FR\"},{\"@type\":\"WebPage\",\"@id\":\"https:\/\/www.efmaroc.org\/efm\/prix-litteraire-arganier-lyceens-du-maroc-deux-auteurs-primes\/\",\"url\":\"https:\/\/www.efmaroc.org\/efm\/prix-litteraire-arganier-lyceens-du-maroc-deux-auteurs-primes\/\",\"name\":\"Prix litt\u00e9raire Arganier lyc\u00e9ens du Maroc\u00a0: deux auteurs prim\u00e9s\u00a0! | Enseignement Fran\u00e7ais au Maroc\",\"isPartOf\":{\"@id\":\"https:\/\/www.efmaroc.org\/efm\/#website\"},\"primaryImageOfPage\":{\"@id\":\"https:\/\/www.efmaroc.org\/efm\/prix-litteraire-arganier-lyceens-du-maroc-deux-auteurs-primes\/#primaryimage\"},\"image\":{\"@id\":\"https:\/\/www.efmaroc.org\/efm\/prix-litteraire-arganier-lyceens-du-maroc-deux-auteurs-primes\/#primaryimage\"},\"thumbnailUrl\":\"https:\/\/www.efmaroc.org\/efm\/wp-content\/uploads\/2023\/06\/Capture-decran-197.png\",\"datePublished\":\"2023-06-01T15:30:27+00:00\",\"dateModified\":\"2023-06-01T15:30:47+00:00\",\"description\":\"Le prix Arganier est un prix litt\u00e9raire des lyc\u00e9ens des \u00e9tablissements de l\u2019enseignement fran\u00e7ais au Maroc. Il permet aux \u00e9l\u00e8ves lyc\u00e9ens d\u2019\u00e9lire une \u0153uvre\",\"breadcrumb\":{\"@id\":\"https:\/\/www.efmaroc.org\/efm\/prix-litteraire-arganier-lyceens-du-maroc-deux-auteurs-primes\/#breadcrumb\"},\"inLanguage\":\"fr-FR\",\"potentialAction\":[{\"@type\":\"ReadAction\",\"target\":[\"https:\/\/www.efmaroc.org\/efm\/prix-litteraire-arganier-lyceens-du-maroc-deux-auteurs-primes\/\"]}]},{\"@type\":\"ImageObject\",\"inLanguage\":\"fr-FR\",\"@id\":\"https:\/\/www.efmaroc.org\/efm\/prix-litteraire-arganier-lyceens-du-maroc-deux-auteurs-primes\/#primaryimage\",\"url\":\"https:\/\/www.efmaroc.org\/efm\/wp-content\/uploads\/2023\/06\/Capture-decran-197.png\",\"contentUrl\":\"https:\/\/www.efmaroc.org\/efm\/wp-content\/uploads\/2023\/06\/Capture-decran-197.png\",\"width\":843,\"height\":550},{\"@type\":\"BreadcrumbList\",\"@id\":\"https:\/\/www.efmaroc.org\/efm\/prix-litteraire-arganier-lyceens-du-maroc-deux-auteurs-primes\/#breadcrumb\",\"itemListElement\":[{\"@type\":\"ListItem\",\"position\":1,\"name\":\"Accueil\",\"item\":\"https:\/\/www.efmaroc.org\/efm\/\"},{\"@type\":\"ListItem\",\"position\":2,\"name\":\"Prix litt\u00e9raire Arganier lyc\u00e9ens du Maroc\u00a0: deux auteurs prim\u00e9s\u00a0!\"}]},{\"@type\":\"WebSite\",\"@id\":\"https:\/\/www.efmaroc.org\/efm\/#website\",\"url\":\"https:\/\/www.efmaroc.org\/efm\/\",\"name\":\"EFM\",\"description\":\"Enseignement Fran\u00e7ais au Maroc\",\"publisher\":{\"@id\":\"https:\/\/www.efmaroc.org\/efm\/#organization\"},\"potentialAction\":[{\"@type\":\"SearchAction\",\"target\":{\"@type\":\"EntryPoint\",\"urlTemplate\":\"https:\/\/www.efmaroc.org\/efm\/?s={search_term_string}\"},\"query-input\":{\"@type\":\"PropertyValueSpecification\",\"valueRequired\":true,\"valueName\":\"search_term_string\"}}],\"inLanguage\":\"fr-FR\"},{\"@type\":\"Organization\",\"@id\":\"https:\/\/www.efmaroc.org\/efm\/#organization\",\"name\":\"EFM\",\"url\":\"https:\/\/www.efmaroc.org\/efm\/\",\"logo\":{\"@type\":\"ImageObject\",\"inLanguage\":\"fr-FR\",\"@id\":\"https:\/\/www.efmaroc.org\/efm\/#\/schema\/logo\/image\/\",\"url\":\"https:\/\/www.efmaroc.org\/efm\/wp-content\/uploads\/2022\/12\/efm-enseignement-francais-maroc-logotaglinex2.png\",\"contentUrl\":\"https:\/\/www.efmaroc.org\/efm\/wp-content\/uploads\/2022\/12\/efm-enseignement-francais-maroc-logotaglinex2.png\",\"width\":104,\"height\":78,\"caption\":\"EFM\"},\"image\":{\"@id\":\"https:\/\/www.efmaroc.org\/efm\/#\/schema\/logo\/image\/\"}},{\"@type\":\"Person\",\"@id\":\"https:\/\/www.efmaroc.org\/efm\/#\/schema\/person\/25a9b635a4b2276393dd87dbd94c6302\",\"name\":\"EFM\",\"image\":{\"@type\":\"ImageObject\",\"inLanguage\":\"fr-FR\",\"@id\":\"https:\/\/www.efmaroc.org\/efm\/#\/schema\/person\/image\/\",\"url\":\"https:\/\/secure.gravatar.com\/avatar\/0acf5f0ecc3b24f6fa3602920a0bc305ada83aa2d4adbe73d7718ee0e4155d61?s=96&d=mm&r=g\",\"contentUrl\":\"https:\/\/secure.gravatar.com\/avatar\/0acf5f0ecc3b24f6fa3602920a0bc305ada83aa2d4adbe73d7718ee0e4155d61?s=96&d=mm&r=g\",\"caption\":\"EFM\"},\"sameAs\":[\"https:\/\/www.efmaroc.org\/efm\"]}]}<\/script>\n<!-- \/ Yoast SEO plugin. -->","yoast_head_json":{"title":"Prix litt\u00e9raire Arganier lyc\u00e9ens du Maroc\u00a0: deux auteurs prim\u00e9s\u00a0! | Enseignement Fran\u00e7ais au Maroc","description":"Le prix Arganier est un prix litt\u00e9raire des lyc\u00e9ens des \u00e9tablissements de l\u2019enseignement fran\u00e7ais au Maroc. Il permet aux \u00e9l\u00e8ves lyc\u00e9ens d\u2019\u00e9lire une \u0153uvre","robots":{"index":"index","follow":"follow","max-snippet":"max-snippet:-1","max-image-preview":"max-image-preview:large","max-video-preview":"max-video-preview:-1"},"canonical":"https:\/\/www.efmaroc.org\/efm\/prix-litteraire-arganier-lyceens-du-maroc-deux-auteurs-primes\/","og_locale":"fr_FR","og_type":"article","og_title":"Prix litt\u00e9raire Arganier lyc\u00e9ens du Maroc\u00a0: deux auteurs prim\u00e9s\u00a0! | Enseignement Fran\u00e7ais au Maroc","og_description":"Le prix Arganier est un prix litt\u00e9raire des lyc\u00e9ens des \u00e9tablissements de l\u2019enseignement fran\u00e7ais au Maroc. Il permet aux \u00e9l\u00e8ves lyc\u00e9ens d\u2019\u00e9lire une \u0153uvre","og_url":"https:\/\/www.efmaroc.org\/efm\/prix-litteraire-arganier-lyceens-du-maroc-deux-auteurs-primes\/","og_site_name":"EFM","article_published_time":"2023-06-01T15:30:27+00:00","article_modified_time":"2023-06-01T15:30:47+00:00","og_image":[{"width":843,"height":550,"url":"https:\/\/www.efmaroc.org\/efm\/wp-content\/uploads\/2023\/06\/Capture-decran-197.png","type":"image\/png"}],"author":"EFM","twitter_card":"summary_large_image","twitter_misc":{"\u00c9crit par":"EFM","Dur\u00e9e de lecture estim\u00e9e":"2 minutes"},"schema":{"@context":"https:\/\/schema.org","@graph":[{"@type":"Article","@id":"https:\/\/www.efmaroc.org\/efm\/prix-litteraire-arganier-lyceens-du-maroc-deux-auteurs-primes\/#article","isPartOf":{"@id":"https:\/\/www.efmaroc.org\/efm\/prix-litteraire-arganier-lyceens-du-maroc-deux-auteurs-primes\/"},"author":{"name":"EFM","@id":"https:\/\/www.efmaroc.org\/efm\/#\/schema\/person\/25a9b635a4b2276393dd87dbd94c6302"},"headline":"Prix litt\u00e9raire Arganier lyc\u00e9ens du Maroc\u00a0: deux auteurs prim\u00e9s\u00a0!","datePublished":"2023-06-01T15:30:27+00:00","dateModified":"2023-06-01T15:30:47+00:00","mainEntityOfPage":{"@id":"https:\/\/www.efmaroc.org\/efm\/prix-litteraire-arganier-lyceens-du-maroc-deux-auteurs-primes\/"},"wordCount":505,"publisher":{"@id":"https:\/\/www.efmaroc.org\/efm\/#organization"},"image":{"@id":"https:\/\/www.efmaroc.org\/efm\/prix-litteraire-arganier-lyceens-du-maroc-deux-auteurs-primes\/#primaryimage"},"thumbnailUrl":"https:\/\/www.efmaroc.org\/efm\/wp-content\/uploads\/2023\/06\/Capture-decran-197.png","articleSection":["Education","R\u00e9seau"],"inLanguage":"fr-FR"},{"@type":"WebPage","@id":"https:\/\/www.efmaroc.org\/efm\/prix-litteraire-arganier-lyceens-du-maroc-deux-auteurs-primes\/","url":"https:\/\/www.efmaroc.org\/efm\/prix-litteraire-arganier-lyceens-du-maroc-deux-auteurs-primes\/","name":"Prix litt\u00e9raire Arganier lyc\u00e9ens du Maroc\u00a0: deux auteurs prim\u00e9s\u00a0! | Enseignement Fran\u00e7ais au Maroc","isPartOf":{"@id":"https:\/\/www.efmaroc.org\/efm\/#website"},"primaryImageOfPage":{"@id":"https:\/\/www.efmaroc.org\/efm\/prix-litteraire-arganier-lyceens-du-maroc-deux-auteurs-primes\/#primaryimage"},"image":{"@id":"https:\/\/www.efmaroc.org\/efm\/prix-litteraire-arganier-lyceens-du-maroc-deux-auteurs-primes\/#primaryimage"},"thumbnailUrl":"https:\/\/www.efmaroc.org\/efm\/wp-content\/uploads\/2023\/06\/Capture-decran-197.png","datePublished":"2023-06-01T15:30:27+00:00","dateModified":"2023-06-01T15:30:47+00:00","description":"Le prix Arganier est un prix litt\u00e9raire des lyc\u00e9ens des \u00e9tablissements de l\u2019enseignement fran\u00e7ais au Maroc. Il permet aux \u00e9l\u00e8ves lyc\u00e9ens d\u2019\u00e9lire une \u0153uvre","breadcrumb":{"@id":"https:\/\/www.efmaroc.org\/efm\/prix-litteraire-arganier-lyceens-du-maroc-deux-auteurs-primes\/#breadcrumb"},"inLanguage":"fr-FR","potentialAction":[{"@type":"ReadAction","target":["https:\/\/www.efmaroc.org\/efm\/prix-litteraire-arganier-lyceens-du-maroc-deux-auteurs-primes\/"]}]},{"@type":"ImageObject","inLanguage":"fr-FR","@id":"https:\/\/www.efmaroc.org\/efm\/prix-litteraire-arganier-lyceens-du-maroc-deux-auteurs-primes\/#primaryimage","url":"https:\/\/www.efmaroc.org\/efm\/wp-content\/uploads\/2023\/06\/Capture-decran-197.png","contentUrl":"https:\/\/www.efmaroc.org\/efm\/wp-content\/uploads\/2023\/06\/Capture-decran-197.png","width":843,"height":550},{"@type":"BreadcrumbList","@id":"https:\/\/www.efmaroc.org\/efm\/prix-litteraire-arganier-lyceens-du-maroc-deux-auteurs-primes\/#breadcrumb","itemListElement":[{"@type":"ListItem","position":1,"name":"Accueil","item":"https:\/\/www.efmaroc.org\/efm\/"},{"@type":"ListItem","position":2,"name":"Prix litt\u00e9raire Arganier lyc\u00e9ens du Maroc\u00a0: deux auteurs prim\u00e9s\u00a0!"}]},{"@type":"WebSite","@id":"https:\/\/www.efmaroc.org\/efm\/#website","url":"https:\/\/www.efmaroc.org\/efm\/","name":"EFM","description":"Enseignement Fran\u00e7ais au Maroc","publisher":{"@id":"https:\/\/www.efmaroc.org\/efm\/#organization"},"potentialAction":[{"@type":"SearchAction","target":{"@type":"EntryPoint","urlTemplate":"https:\/\/www.efmaroc.org\/efm\/?s={search_term_string}"},"query-input":{"@type":"PropertyValueSpecification","valueRequired":true,"valueName":"search_term_string"}}],"inLanguage":"fr-FR"},{"@type":"Organization","@id":"https:\/\/www.efmaroc.org\/efm\/#organization","name":"EFM","url":"https:\/\/www.efmaroc.org\/efm\/","logo":{"@type":"ImageObject","inLanguage":"fr-FR","@id":"https:\/\/www.efmaroc.org\/efm\/#\/schema\/logo\/image\/","url":"https:\/\/www.efmaroc.org\/efm\/wp-content\/uploads\/2022\/12\/efm-enseignement-francais-maroc-logotaglinex2.png","contentUrl":"https:\/\/www.efmaroc.org\/efm\/wp-content\/uploads\/2022\/12\/efm-enseignement-francais-maroc-logotaglinex2.png","width":104,"height":78,"caption":"EFM"},"image":{"@id":"https:\/\/www.efmaroc.org\/efm\/#\/schema\/logo\/image\/"}},{"@type":"Person","@id":"https:\/\/www.efmaroc.org\/efm\/#\/schema\/person\/25a9b635a4b2276393dd87dbd94c6302","name":"EFM","image":{"@type":"ImageObject","inLanguage":"fr-FR","@id":"https:\/\/www.efmaroc.org\/efm\/#\/schema\/person\/image\/","url":"https:\/\/secure.gravatar.com\/avatar\/0acf5f0ecc3b24f6fa3602920a0bc305ada83aa2d4adbe73d7718ee0e4155d61?s=96&d=mm&r=g","contentUrl":"https:\/\/secure.gravatar.com\/avatar\/0acf5f0ecc3b24f6fa3602920a0bc305ada83aa2d4adbe73d7718ee0e4155d61?s=96&d=mm&r=g","caption":"EFM"},"sameAs":["https:\/\/www.efmaroc.org\/efm"]}]}},"jetpack_featured_media_url":"https:\/\/www.efmaroc.org\/efm\/wp-content\/uploads\/2023\/06\/Capture-decran-197.png","jetpack_sharing_enabled":true,"_links":{"self":[{"href":"https:\/\/www.efmaroc.org\/efm\/wp-json\/wp\/v2\/posts\/22078","targetHints":{"allow":["GET"]}}],"collection":[{"href":"https:\/\/www.efmaroc.org\/efm\/wp-json\/wp\/v2\/posts"}],"about":[{"href":"https:\/\/www.efmaroc.org\/efm\/wp-json\/wp\/v2\/types\/post"}],"author":[{"embeddable":true,"href":"https:\/\/www.efmaroc.org\/efm\/wp-json\/wp\/v2\/users\/1"}],"replies":[{"embeddable":true,"href":"https:\/\/www.efmaroc.org\/efm\/wp-json\/wp\/v2\/comments?post=22078"}],"version-history":[{"count":1,"href":"https:\/\/www.efmaroc.org\/efm\/wp-json\/wp\/v2\/posts\/22078\/revisions"}],"predecessor-version":[{"id":22084,"href":"https:\/\/www.efmaroc.org\/efm\/wp-json\/wp\/v2\/posts\/22078\/revisions\/22084"}],"wp:featuredmedia":[{"embeddable":true,"href":"https:\/\/www.efmaroc.org\/efm\/wp-json\/wp\/v2\/media\/22082"}],"wp:attachment":[{"href":"https:\/\/www.efmaroc.org\/efm\/wp-json\/wp\/v2\/media?parent=22078"}],"wp:term":[{"taxonomy":"category","embeddable":true,"href":"https:\/\/www.efmaroc.org\/efm\/wp-json\/wp\/v2\/categories?post=22078"},{"taxonomy":"post_tag","embeddable":true,"href":"https:\/\/www.efmaroc.org\/efm\/wp-json\/wp\/v2\/tags?post=22078"}],"curies":[{"name":"wp","href":"https:\/\/api.w.org\/{rel}","templated":true}]}}