{"id":22187,"date":"2023-07-06T18:20:18","date_gmt":"2023-07-06T16:20:18","guid":{"rendered":"https:\/\/www.efmaroc.org\/efm\/?p=22187"},"modified":"2023-07-06T18:23:57","modified_gmt":"2023-07-06T16:23:57","slug":"felicitations-aux-10-etablissements-du-reseau-de-lenseignement-francais-au-maroc-qui-ont-recu-le-label-generation-2024","status":"publish","type":"post","link":"https:\/\/www.efmaroc.org\/efm\/felicitations-aux-10-etablissements-du-reseau-de-lenseignement-francais-au-maroc-qui-ont-recu-le-label-generation-2024\/","title":{"rendered":"F\u00e9licitations aux 10 \u00e9tablissements du r\u00e9seau de l\u2019enseignement fran\u00e7ais au Maroc qui ont re\u00e7u le label \u00ab G\u00e9n\u00e9ration 2024 \u00bb"},"content":{"rendered":"\n<figure class=\"wp-block-image size-large\"><img fetchpriority=\"high\" decoding=\"async\" width=\"1024\" height=\"538\" src=\"https:\/\/www.efmaroc.org\/efm\/wp-content\/uploads\/2023\/07\/labelisation-2024-03-1024x538.png\" alt=\"\" class=\"wp-image-22188\" srcset=\"https:\/\/www.efmaroc.org\/efm\/wp-content\/uploads\/2023\/07\/labelisation-2024-03-1024x538.png 1024w, https:\/\/www.efmaroc.org\/efm\/wp-content\/uploads\/2023\/07\/labelisation-2024-03-300x157.png 300w, https:\/\/www.efmaroc.org\/efm\/wp-content\/uploads\/2023\/07\/labelisation-2024-03-768x403.png 768w, https:\/\/www.efmaroc.org\/efm\/wp-content\/uploads\/2023\/07\/labelisation-2024-03-1536x806.png 1536w, https:\/\/www.efmaroc.org\/efm\/wp-content\/uploads\/2023\/07\/labelisation-2024-03-2048x1075.png 2048w, https:\/\/www.efmaroc.org\/efm\/wp-content\/uploads\/2023\/07\/labelisation-2024-03-370x194.png 370w, https:\/\/www.efmaroc.org\/efm\/wp-content\/uploads\/2023\/07\/labelisation-2024-03-840x441.png 840w, https:\/\/www.efmaroc.org\/efm\/wp-content\/uploads\/2023\/07\/labelisation-2024-03-410x215.png 410w\" sizes=\"(max-width: 1024px) 100vw, 1024px\" \/><\/figure>\n\n\n\n<p>Ce label reconna\u00eet l&rsquo;engagement des \u00e9tablissements dans une dynamique de d\u00e9veloppement de passerelles entre le monde scolaire et le mouvement sportif, afin d\u2019encourager la pratique physique et sportive des jeunes. Par la culture sportive, ils contribuent au d\u00e9veloppement de la personne, \u00e0 la construction d\u2019une citoyennet\u00e9 active et \u00e0 un mode de vie plus sain et respectueux de l&rsquo;environnement. Ils favorisent l\u2019apprentissage des valeurs de tol\u00e9rance, d\u2019excellence et d\u2019inclusion.<\/p>\n\n\n\n<p class=\"has-text-align-left\">L\u2019organisation des Jeux olympiques et paralympiques de 2024 constitue une occasion de conforter leur action et de renforcer leurs liens. Pour la France, l\u2019enjeu de cette double manifestation plan\u00e9taire consiste notamment \u00e0 d\u00e9velopper les passerelles entre le monde scolaire et le mouvement sportif afin d\u2019encourager la pratique physique et sportive des jeunes<\/p>\n\n\n\n<p class=\"has-text-align-left\">La politique sportive ambitieuse port\u00e9e par l&rsquo;AEFE s\u2019inscrit dans le programme \u00e9ducatif li\u00e9 \u00e0 l\u2019organisation des Jeux olympiques et paralympiques de Paris en 2024.<\/p>\n\n\n\n<p><strong>Les \u00e9tablissements du r\u00e9seau de l\u2019enseignement fran\u00e7ais au Maroc&nbsp;lab\u00e9lis\u00e9s :<\/strong><\/p>\n\n\n\n<p>Coll\u00e8ge Anatole France &#8211; Casablanca<\/p>\n\n\n\n<p>Ecole Claude Bernard &#8211; Casablanca<\/p>\n\n\n\n<p>Ecole fran\u00e7aise internationale de Casablanca<\/p>\n\n\n\n<p>Ecole Groupe scolaire Claude-Monet- Mohammedia<\/p>\n\n\n\n<p>Lyc\u00e9e Descartes &#8211; Rabat<\/p>\n\n\n\n<p>Lyc\u00e9e fran\u00e7ais Guy-de-Maupassant &#8211; Casablanca<\/p>\n\n\n\n<p>Lyc\u00e9e fran\u00e7ais international Louis-Massignon &#8211; Casablanca<\/p>\n\n\n\n<p>Lyc\u00e9e Lyautey &#8211; Casablanca<\/p>\n\n\n\n<p>Lyc\u00e9e Regnault &#8211; Tanger<\/p>\n\n\n\n<p>Lyc\u00e9e Victor Hugo &#8211; Marrakech<\/p>\n","protected":false},"excerpt":{"rendered":"<p>Ce label reconna\u00eet l&rsquo;engagement des \u00e9tablissements dans une dynamique de d\u00e9veloppement de passerelles entre le&hellip;<\/p>\n","protected":false},"author":1,"featured_media":22193,"comment_status":"closed","ping_status":"closed","sticky":false,"template":"","format":"standard","meta":{"_jetpack_newsletter_access":"","_jetpack_dont_email_post_to_subs":false,"_jetpack_newsletter_tier_id":0,"_jetpack_memberships_contains_paywalled_content":false,"_jetpack_memberships_contains_paid_content":false,"footnotes":""},"categories":[14,13],"tags":[],"class_list":["post-22187","post","type-post","status-publish","format-standard","has-post-thumbnail","hentry","category-nouvelles","category-reseau"],"yoast_head":"<!-- This site is optimized with the Yoast SEO plugin v26.8 - https:\/\/yoast.com\/product\/yoast-seo-wordpress\/ -->\n<title>F\u00e9licitations aux 10 \u00e9tablissements du r\u00e9seau de l\u2019enseignement fran\u00e7ais au Maroc qui ont re\u00e7u le label \u00ab G\u00e9n\u00e9ration 2024 \u00bb | Enseignement Fran\u00e7ais au Maroc<\/title>\n<meta name=\"description\" content=\"Ce label reconna\u00eet l&#039;engagement des \u00e9tablissements dans une dynamique de d\u00e9veloppement de passerelles entre le monde scolaire et le mouvement sportif,\" \/>\n<meta name=\"robots\" content=\"index, follow, max-snippet:-1, max-image-preview:large, max-video-preview:-1\" \/>\n<link rel=\"canonical\" href=\"https:\/\/www.efmaroc.org\/efm\/felicitations-aux-10-etablissements-du-reseau-de-lenseignement-francais-au-maroc-qui-ont-recu-le-label-generation-2024\/\" \/>\n<meta property=\"og:locale\" content=\"fr_FR\" \/>\n<meta property=\"og:type\" content=\"article\" \/>\n<meta property=\"og:title\" content=\"F\u00e9licitations aux 10 \u00e9tablissements du r\u00e9seau de l\u2019enseignement fran\u00e7ais au Maroc qui ont re\u00e7u le label \u00ab G\u00e9n\u00e9ration 2024 \u00bb | Enseignement Fran\u00e7ais au Maroc\" \/>\n<meta property=\"og:description\" content=\"Ce label reconna\u00eet l&#039;engagement des \u00e9tablissements dans une dynamique de d\u00e9veloppement de passerelles entre le monde scolaire et le mouvement sportif,\" \/>\n<meta property=\"og:url\" content=\"https:\/\/www.efmaroc.org\/efm\/felicitations-aux-10-etablissements-du-reseau-de-lenseignement-francais-au-maroc-qui-ont-recu-le-label-generation-2024\/\" \/>\n<meta property=\"og:site_name\" content=\"EFM\" \/>\n<meta property=\"article:published_time\" content=\"2023-07-06T16:20:18+00:00\" \/>\n<meta property=\"article:modified_time\" content=\"2023-07-06T16:23:57+00:00\" \/>\n<meta property=\"og:image\" content=\"https:\/\/www.efmaroc.org\/efm\/wp-content\/uploads\/2023\/07\/labelisation-2024-logo-04.png\" \/>\n\t<meta property=\"og:image:width\" content=\"2500\" \/>\n\t<meta property=\"og:image:height\" content=\"1313\" \/>\n\t<meta property=\"og:image:type\" content=\"image\/png\" \/>\n<meta name=\"author\" content=\"EFM\" \/>\n<meta name=\"twitter:card\" content=\"summary_large_image\" \/>\n<meta name=\"twitter:label1\" content=\"\u00c9crit par\" \/>\n\t<meta name=\"twitter:data1\" content=\"EFM\" \/>\n\t<meta name=\"twitter:label2\" content=\"Dur\u00e9e de lecture estim\u00e9e\" \/>\n\t<meta name=\"twitter:data2\" content=\"1 minute\" \/>\n<script type=\"application\/ld+json\" class=\"yoast-schema-graph\">{\"@context\":\"https:\/\/schema.org\",\"@graph\":[{\"@type\":\"Article\",\"@id\":\"https:\/\/www.efmaroc.org\/efm\/felicitations-aux-10-etablissements-du-reseau-de-lenseignement-francais-au-maroc-qui-ont-recu-le-label-generation-2024\/#article\",\"isPartOf\":{\"@id\":\"https:\/\/www.efmaroc.org\/efm\/felicitations-aux-10-etablissements-du-reseau-de-lenseignement-francais-au-maroc-qui-ont-recu-le-label-generation-2024\/\"},\"author\":{\"name\":\"EFM\",\"@id\":\"https:\/\/www.efmaroc.org\/efm\/#\/schema\/person\/25a9b635a4b2276393dd87dbd94c6302\"},\"headline\":\"F\u00e9licitations aux 10 \u00e9tablissements du r\u00e9seau de l\u2019enseignement fran\u00e7ais au Maroc qui ont re\u00e7u le label \u00ab G\u00e9n\u00e9ration 2024 \u00bb\",\"datePublished\":\"2023-07-06T16:20:18+00:00\",\"dateModified\":\"2023-07-06T16:23:57+00:00\",\"mainEntityOfPage\":{\"@id\":\"https:\/\/www.efmaroc.org\/efm\/felicitations-aux-10-etablissements-du-reseau-de-lenseignement-francais-au-maroc-qui-ont-recu-le-label-generation-2024\/\"},\"wordCount\":256,\"publisher\":{\"@id\":\"https:\/\/www.efmaroc.org\/efm\/#organization\"},\"image\":{\"@id\":\"https:\/\/www.efmaroc.org\/efm\/felicitations-aux-10-etablissements-du-reseau-de-lenseignement-francais-au-maroc-qui-ont-recu-le-label-generation-2024\/#primaryimage\"},\"thumbnailUrl\":\"https:\/\/www.efmaroc.org\/efm\/wp-content\/uploads\/2023\/07\/labelisation-2024-logo-04.png\",\"articleSection\":[\"Nouvelles\",\"R\u00e9seau\"],\"inLanguage\":\"fr-FR\"},{\"@type\":\"WebPage\",\"@id\":\"https:\/\/www.efmaroc.org\/efm\/felicitations-aux-10-etablissements-du-reseau-de-lenseignement-francais-au-maroc-qui-ont-recu-le-label-generation-2024\/\",\"url\":\"https:\/\/www.efmaroc.org\/efm\/felicitations-aux-10-etablissements-du-reseau-de-lenseignement-francais-au-maroc-qui-ont-recu-le-label-generation-2024\/\",\"name\":\"F\u00e9licitations aux 10 \u00e9tablissements du r\u00e9seau de l\u2019enseignement fran\u00e7ais au Maroc qui ont re\u00e7u le label \u00ab G\u00e9n\u00e9ration 2024 \u00bb | Enseignement Fran\u00e7ais au Maroc\",\"isPartOf\":{\"@id\":\"https:\/\/www.efmaroc.org\/efm\/#website\"},\"primaryImageOfPage\":{\"@id\":\"https:\/\/www.efmaroc.org\/efm\/felicitations-aux-10-etablissements-du-reseau-de-lenseignement-francais-au-maroc-qui-ont-recu-le-label-generation-2024\/#primaryimage\"},\"image\":{\"@id\":\"https:\/\/www.efmaroc.org\/efm\/felicitations-aux-10-etablissements-du-reseau-de-lenseignement-francais-au-maroc-qui-ont-recu-le-label-generation-2024\/#primaryimage\"},\"thumbnailUrl\":\"https:\/\/www.efmaroc.org\/efm\/wp-content\/uploads\/2023\/07\/labelisation-2024-logo-04.png\",\"datePublished\":\"2023-07-06T16:20:18+00:00\",\"dateModified\":\"2023-07-06T16:23:57+00:00\",\"description\":\"Ce label reconna\u00eet l'engagement des \u00e9tablissements dans une dynamique de d\u00e9veloppement de passerelles entre le monde scolaire et le mouvement sportif,\",\"breadcrumb\":{\"@id\":\"https:\/\/www.efmaroc.org\/efm\/felicitations-aux-10-etablissements-du-reseau-de-lenseignement-francais-au-maroc-qui-ont-recu-le-label-generation-2024\/#breadcrumb\"},\"inLanguage\":\"fr-FR\",\"potentialAction\":[{\"@type\":\"ReadAction\",\"target\":[\"https:\/\/www.efmaroc.org\/efm\/felicitations-aux-10-etablissements-du-reseau-de-lenseignement-francais-au-maroc-qui-ont-recu-le-label-generation-2024\/\"]}]},{\"@type\":\"ImageObject\",\"inLanguage\":\"fr-FR\",\"@id\":\"https:\/\/www.efmaroc.org\/efm\/felicitations-aux-10-etablissements-du-reseau-de-lenseignement-francais-au-maroc-qui-ont-recu-le-label-generation-2024\/#primaryimage\",\"url\":\"https:\/\/www.efmaroc.org\/efm\/wp-content\/uploads\/2023\/07\/labelisation-2024-logo-04.png\",\"contentUrl\":\"https:\/\/www.efmaroc.org\/efm\/wp-content\/uploads\/2023\/07\/labelisation-2024-logo-04.png\",\"width\":2500,\"height\":1313},{\"@type\":\"BreadcrumbList\",\"@id\":\"https:\/\/www.efmaroc.org\/efm\/felicitations-aux-10-etablissements-du-reseau-de-lenseignement-francais-au-maroc-qui-ont-recu-le-label-generation-2024\/#breadcrumb\",\"itemListElement\":[{\"@type\":\"ListItem\",\"position\":1,\"name\":\"Accueil\",\"item\":\"https:\/\/www.efmaroc.org\/efm\/\"},{\"@type\":\"ListItem\",\"position\":2,\"name\":\"F\u00e9licitations aux 10 \u00e9tablissements du r\u00e9seau de l\u2019enseignement fran\u00e7ais au Maroc qui ont re\u00e7u le label \u00ab G\u00e9n\u00e9ration 2024 \u00bb\"}]},{\"@type\":\"WebSite\",\"@id\":\"https:\/\/www.efmaroc.org\/efm\/#website\",\"url\":\"https:\/\/www.efmaroc.org\/efm\/\",\"name\":\"EFM\",\"description\":\"Enseignement Fran\u00e7ais au Maroc\",\"publisher\":{\"@id\":\"https:\/\/www.efmaroc.org\/efm\/#organization\"},\"potentialAction\":[{\"@type\":\"SearchAction\",\"target\":{\"@type\":\"EntryPoint\",\"urlTemplate\":\"https:\/\/www.efmaroc.org\/efm\/?s={search_term_string}\"},\"query-input\":{\"@type\":\"PropertyValueSpecification\",\"valueRequired\":true,\"valueName\":\"search_term_string\"}}],\"inLanguage\":\"fr-FR\"},{\"@type\":\"Organization\",\"@id\":\"https:\/\/www.efmaroc.org\/efm\/#organization\",\"name\":\"EFM\",\"url\":\"https:\/\/www.efmaroc.org\/efm\/\",\"logo\":{\"@type\":\"ImageObject\",\"inLanguage\":\"fr-FR\",\"@id\":\"https:\/\/www.efmaroc.org\/efm\/#\/schema\/logo\/image\/\",\"url\":\"https:\/\/www.efmaroc.org\/efm\/wp-content\/uploads\/2022\/12\/efm-enseignement-francais-maroc-logotaglinex2.png\",\"contentUrl\":\"https:\/\/www.efmaroc.org\/efm\/wp-content\/uploads\/2022\/12\/efm-enseignement-francais-maroc-logotaglinex2.png\",\"width\":104,\"height\":78,\"caption\":\"EFM\"},\"image\":{\"@id\":\"https:\/\/www.efmaroc.org\/efm\/#\/schema\/logo\/image\/\"}},{\"@type\":\"Person\",\"@id\":\"https:\/\/www.efmaroc.org\/efm\/#\/schema\/person\/25a9b635a4b2276393dd87dbd94c6302\",\"name\":\"EFM\",\"image\":{\"@type\":\"ImageObject\",\"inLanguage\":\"fr-FR\",\"@id\":\"https:\/\/www.efmaroc.org\/efm\/#\/schema\/person\/image\/\",\"url\":\"https:\/\/secure.gravatar.com\/avatar\/0acf5f0ecc3b24f6fa3602920a0bc305ada83aa2d4adbe73d7718ee0e4155d61?s=96&d=mm&r=g\",\"contentUrl\":\"https:\/\/secure.gravatar.com\/avatar\/0acf5f0ecc3b24f6fa3602920a0bc305ada83aa2d4adbe73d7718ee0e4155d61?s=96&d=mm&r=g\",\"caption\":\"EFM\"},\"sameAs\":[\"https:\/\/www.efmaroc.org\/efm\"]}]}<\/script>\n<!-- \/ Yoast SEO plugin. -->","yoast_head_json":{"title":"F\u00e9licitations aux 10 \u00e9tablissements du r\u00e9seau de l\u2019enseignement fran\u00e7ais au Maroc qui ont re\u00e7u le label \u00ab G\u00e9n\u00e9ration 2024 \u00bb | Enseignement Fran\u00e7ais au Maroc","description":"Ce label reconna\u00eet l'engagement des \u00e9tablissements dans une dynamique de d\u00e9veloppement de passerelles entre le monde scolaire et le mouvement sportif,","robots":{"index":"index","follow":"follow","max-snippet":"max-snippet:-1","max-image-preview":"max-image-preview:large","max-video-preview":"max-video-preview:-1"},"canonical":"https:\/\/www.efmaroc.org\/efm\/felicitations-aux-10-etablissements-du-reseau-de-lenseignement-francais-au-maroc-qui-ont-recu-le-label-generation-2024\/","og_locale":"fr_FR","og_type":"article","og_title":"F\u00e9licitations aux 10 \u00e9tablissements du r\u00e9seau de l\u2019enseignement fran\u00e7ais au Maroc qui ont re\u00e7u le label \u00ab G\u00e9n\u00e9ration 2024 \u00bb | Enseignement Fran\u00e7ais au Maroc","og_description":"Ce label reconna\u00eet l'engagement des \u00e9tablissements dans une dynamique de d\u00e9veloppement de passerelles entre le monde scolaire et le mouvement sportif,","og_url":"https:\/\/www.efmaroc.org\/efm\/felicitations-aux-10-etablissements-du-reseau-de-lenseignement-francais-au-maroc-qui-ont-recu-le-label-generation-2024\/","og_site_name":"EFM","article_published_time":"2023-07-06T16:20:18+00:00","article_modified_time":"2023-07-06T16:23:57+00:00","og_image":[{"width":2500,"height":1313,"url":"https:\/\/www.efmaroc.org\/efm\/wp-content\/uploads\/2023\/07\/labelisation-2024-logo-04.png","type":"image\/png"}],"author":"EFM","twitter_card":"summary_large_image","twitter_misc":{"\u00c9crit par":"EFM","Dur\u00e9e de lecture estim\u00e9e":"1 minute"},"schema":{"@context":"https:\/\/schema.org","@graph":[{"@type":"Article","@id":"https:\/\/www.efmaroc.org\/efm\/felicitations-aux-10-etablissements-du-reseau-de-lenseignement-francais-au-maroc-qui-ont-recu-le-label-generation-2024\/#article","isPartOf":{"@id":"https:\/\/www.efmaroc.org\/efm\/felicitations-aux-10-etablissements-du-reseau-de-lenseignement-francais-au-maroc-qui-ont-recu-le-label-generation-2024\/"},"author":{"name":"EFM","@id":"https:\/\/www.efmaroc.org\/efm\/#\/schema\/person\/25a9b635a4b2276393dd87dbd94c6302"},"headline":"F\u00e9licitations aux 10 \u00e9tablissements du r\u00e9seau de l\u2019enseignement fran\u00e7ais au Maroc qui ont re\u00e7u le label \u00ab G\u00e9n\u00e9ration 2024 \u00bb","datePublished":"2023-07-06T16:20:18+00:00","dateModified":"2023-07-06T16:23:57+00:00","mainEntityOfPage":{"@id":"https:\/\/www.efmaroc.org\/efm\/felicitations-aux-10-etablissements-du-reseau-de-lenseignement-francais-au-maroc-qui-ont-recu-le-label-generation-2024\/"},"wordCount":256,"publisher":{"@id":"https:\/\/www.efmaroc.org\/efm\/#organization"},"image":{"@id":"https:\/\/www.efmaroc.org\/efm\/felicitations-aux-10-etablissements-du-reseau-de-lenseignement-francais-au-maroc-qui-ont-recu-le-label-generation-2024\/#primaryimage"},"thumbnailUrl":"https:\/\/www.efmaroc.org\/efm\/wp-content\/uploads\/2023\/07\/labelisation-2024-logo-04.png","articleSection":["Nouvelles","R\u00e9seau"],"inLanguage":"fr-FR"},{"@type":"WebPage","@id":"https:\/\/www.efmaroc.org\/efm\/felicitations-aux-10-etablissements-du-reseau-de-lenseignement-francais-au-maroc-qui-ont-recu-le-label-generation-2024\/","url":"https:\/\/www.efmaroc.org\/efm\/felicitations-aux-10-etablissements-du-reseau-de-lenseignement-francais-au-maroc-qui-ont-recu-le-label-generation-2024\/","name":"F\u00e9licitations aux 10 \u00e9tablissements du r\u00e9seau de l\u2019enseignement fran\u00e7ais au Maroc qui ont re\u00e7u le label \u00ab G\u00e9n\u00e9ration 2024 \u00bb | Enseignement Fran\u00e7ais au Maroc","isPartOf":{"@id":"https:\/\/www.efmaroc.org\/efm\/#website"},"primaryImageOfPage":{"@id":"https:\/\/www.efmaroc.org\/efm\/felicitations-aux-10-etablissements-du-reseau-de-lenseignement-francais-au-maroc-qui-ont-recu-le-label-generation-2024\/#primaryimage"},"image":{"@id":"https:\/\/www.efmaroc.org\/efm\/felicitations-aux-10-etablissements-du-reseau-de-lenseignement-francais-au-maroc-qui-ont-recu-le-label-generation-2024\/#primaryimage"},"thumbnailUrl":"https:\/\/www.efmaroc.org\/efm\/wp-content\/uploads\/2023\/07\/labelisation-2024-logo-04.png","datePublished":"2023-07-06T16:20:18+00:00","dateModified":"2023-07-06T16:23:57+00:00","description":"Ce label reconna\u00eet l'engagement des \u00e9tablissements dans une dynamique de d\u00e9veloppement de passerelles entre le monde scolaire et le mouvement sportif,","breadcrumb":{"@id":"https:\/\/www.efmaroc.org\/efm\/felicitations-aux-10-etablissements-du-reseau-de-lenseignement-francais-au-maroc-qui-ont-recu-le-label-generation-2024\/#breadcrumb"},"inLanguage":"fr-FR","potentialAction":[{"@type":"ReadAction","target":["https:\/\/www.efmaroc.org\/efm\/felicitations-aux-10-etablissements-du-reseau-de-lenseignement-francais-au-maroc-qui-ont-recu-le-label-generation-2024\/"]}]},{"@type":"ImageObject","inLanguage":"fr-FR","@id":"https:\/\/www.efmaroc.org\/efm\/felicitations-aux-10-etablissements-du-reseau-de-lenseignement-francais-au-maroc-qui-ont-recu-le-label-generation-2024\/#primaryimage","url":"https:\/\/www.efmaroc.org\/efm\/wp-content\/uploads\/2023\/07\/labelisation-2024-logo-04.png","contentUrl":"https:\/\/www.efmaroc.org\/efm\/wp-content\/uploads\/2023\/07\/labelisation-2024-logo-04.png","width":2500,"height":1313},{"@type":"BreadcrumbList","@id":"https:\/\/www.efmaroc.org\/efm\/felicitations-aux-10-etablissements-du-reseau-de-lenseignement-francais-au-maroc-qui-ont-recu-le-label-generation-2024\/#breadcrumb","itemListElement":[{"@type":"ListItem","position":1,"name":"Accueil","item":"https:\/\/www.efmaroc.org\/efm\/"},{"@type":"ListItem","position":2,"name":"F\u00e9licitations aux 10 \u00e9tablissements du r\u00e9seau de l\u2019enseignement fran\u00e7ais au Maroc qui ont re\u00e7u le label \u00ab G\u00e9n\u00e9ration 2024 \u00bb"}]},{"@type":"WebSite","@id":"https:\/\/www.efmaroc.org\/efm\/#website","url":"https:\/\/www.efmaroc.org\/efm\/","name":"EFM","description":"Enseignement Fran\u00e7ais au Maroc","publisher":{"@id":"https:\/\/www.efmaroc.org\/efm\/#organization"},"potentialAction":[{"@type":"SearchAction","target":{"@type":"EntryPoint","urlTemplate":"https:\/\/www.efmaroc.org\/efm\/?s={search_term_string}"},"query-input":{"@type":"PropertyValueSpecification","valueRequired":true,"valueName":"search_term_string"}}],"inLanguage":"fr-FR"},{"@type":"Organization","@id":"https:\/\/www.efmaroc.org\/efm\/#organization","name":"EFM","url":"https:\/\/www.efmaroc.org\/efm\/","logo":{"@type":"ImageObject","inLanguage":"fr-FR","@id":"https:\/\/www.efmaroc.org\/efm\/#\/schema\/logo\/image\/","url":"https:\/\/www.efmaroc.org\/efm\/wp-content\/uploads\/2022\/12\/efm-enseignement-francais-maroc-logotaglinex2.png","contentUrl":"https:\/\/www.efmaroc.org\/efm\/wp-content\/uploads\/2022\/12\/efm-enseignement-francais-maroc-logotaglinex2.png","width":104,"height":78,"caption":"EFM"},"image":{"@id":"https:\/\/www.efmaroc.org\/efm\/#\/schema\/logo\/image\/"}},{"@type":"Person","@id":"https:\/\/www.efmaroc.org\/efm\/#\/schema\/person\/25a9b635a4b2276393dd87dbd94c6302","name":"EFM","image":{"@type":"ImageObject","inLanguage":"fr-FR","@id":"https:\/\/www.efmaroc.org\/efm\/#\/schema\/person\/image\/","url":"https:\/\/secure.gravatar.com\/avatar\/0acf5f0ecc3b24f6fa3602920a0bc305ada83aa2d4adbe73d7718ee0e4155d61?s=96&d=mm&r=g","contentUrl":"https:\/\/secure.gravatar.com\/avatar\/0acf5f0ecc3b24f6fa3602920a0bc305ada83aa2d4adbe73d7718ee0e4155d61?s=96&d=mm&r=g","caption":"EFM"},"sameAs":["https:\/\/www.efmaroc.org\/efm"]}]}},"jetpack_featured_media_url":"https:\/\/www.efmaroc.org\/efm\/wp-content\/uploads\/2023\/07\/labelisation-2024-logo-04.png","jetpack_sharing_enabled":true,"_links":{"self":[{"href":"https:\/\/www.efmaroc.org\/efm\/wp-json\/wp\/v2\/posts\/22187","targetHints":{"allow":["GET"]}}],"collection":[{"href":"https:\/\/www.efmaroc.org\/efm\/wp-json\/wp\/v2\/posts"}],"about":[{"href":"https:\/\/www.efmaroc.org\/efm\/wp-json\/wp\/v2\/types\/post"}],"author":[{"embeddable":true,"href":"https:\/\/www.efmaroc.org\/efm\/wp-json\/wp\/v2\/users\/1"}],"replies":[{"embeddable":true,"href":"https:\/\/www.efmaroc.org\/efm\/wp-json\/wp\/v2\/comments?post=22187"}],"version-history":[{"count":2,"href":"https:\/\/www.efmaroc.org\/efm\/wp-json\/wp\/v2\/posts\/22187\/revisions"}],"predecessor-version":[{"id":22194,"href":"https:\/\/www.efmaroc.org\/efm\/wp-json\/wp\/v2\/posts\/22187\/revisions\/22194"}],"wp:featuredmedia":[{"embeddable":true,"href":"https:\/\/www.efmaroc.org\/efm\/wp-json\/wp\/v2\/media\/22193"}],"wp:attachment":[{"href":"https:\/\/www.efmaroc.org\/efm\/wp-json\/wp\/v2\/media?parent=22187"}],"wp:term":[{"taxonomy":"category","embeddable":true,"href":"https:\/\/www.efmaroc.org\/efm\/wp-json\/wp\/v2\/categories?post=22187"},{"taxonomy":"post_tag","embeddable":true,"href":"https:\/\/www.efmaroc.org\/efm\/wp-json\/wp\/v2\/tags?post=22187"}],"curies":[{"name":"wp","href":"https:\/\/api.w.org\/{rel}","templated":true}]}}