{"id":22235,"date":"2023-09-22T14:33:17","date_gmt":"2023-09-22T12:33:17","guid":{"rendered":"https:\/\/www.efmaroc.org\/efm\/?p=22235"},"modified":"2023-09-22T14:33:21","modified_gmt":"2023-09-22T12:33:21","slug":"le-reseau-denseignement-francais-solidaire-du-maroc","status":"publish","type":"post","link":"https:\/\/www.efmaroc.org\/efm\/le-reseau-denseignement-francais-solidaire-du-maroc\/","title":{"rendered":"Le r\u00e9seau d&rsquo;enseignement fran\u00e7ais solidaire du Maroc"},"content":{"rendered":"\n<figure class=\"wp-block-image size-large\"><img fetchpriority=\"high\" decoding=\"async\" width=\"1024\" height=\"576\" src=\"https:\/\/www.efmaroc.org\/efm\/wp-content\/uploads\/2023\/09\/1_2023-09-15_15-30-3_199-1024x576.png\" alt=\"\" class=\"wp-image-22236\" srcset=\"https:\/\/www.efmaroc.org\/efm\/wp-content\/uploads\/2023\/09\/1_2023-09-15_15-30-3_199-1024x576.png 1024w, https:\/\/www.efmaroc.org\/efm\/wp-content\/uploads\/2023\/09\/1_2023-09-15_15-30-3_199-300x169.png 300w, https:\/\/www.efmaroc.org\/efm\/wp-content\/uploads\/2023\/09\/1_2023-09-15_15-30-3_199-768x432.png 768w, https:\/\/www.efmaroc.org\/efm\/wp-content\/uploads\/2023\/09\/1_2023-09-15_15-30-3_199-1536x864.png 1536w, https:\/\/www.efmaroc.org\/efm\/wp-content\/uploads\/2023\/09\/1_2023-09-15_15-30-3_199-370x208.png 370w, https:\/\/www.efmaroc.org\/efm\/wp-content\/uploads\/2023\/09\/1_2023-09-15_15-30-3_199-1290x725.png 1290w, https:\/\/www.efmaroc.org\/efm\/wp-content\/uploads\/2023\/09\/1_2023-09-15_15-30-3_199-840x473.png 840w, https:\/\/www.efmaroc.org\/efm\/wp-content\/uploads\/2023\/09\/1_2023-09-15_15-30-3_199-410x231.png 410w, https:\/\/www.efmaroc.org\/efm\/wp-content\/uploads\/2023\/09\/1_2023-09-15_15-30-3_199-270x152.png 270w, https:\/\/www.efmaroc.org\/efm\/wp-content\/uploads\/2023\/09\/1_2023-09-15_15-30-3_199.png 1920w\" sizes=\"(max-width: 1024px) 100vw, 1024px\" \/><\/figure>\n\n\n\n<h2 class=\"wp-block-heading\">L&rsquo;appel de la Fondation de France<\/h2>\n\n\n\n<p>La Fondation de France a lanc\u00e9 un appel \u00e0 la solidarit\u00e9 suite au terrible s\u00e9isme survenu au Maroc, pour inviter ses publics \u00e0 faire des dons \u00e0 destinations d&rsquo;association marocaines locales avec lesquelles elle travaille. Les fonds vers\u00e9s sont trac\u00e9s afin de garantir leur utilisation. Par ailleurs, la Fondation de France s&rsquo;attache \u00e0 garantir une r\u00e9partition des dons sur l&rsquo;aide d&rsquo;urgence bien entendu, mais aussi pour la reconstruction et le moyen\/long terme.<\/p>\n\n\n\n<p><\/p>\n\n\n\n<h2 class=\"wp-block-heading\">L&rsquo;AEFE s&rsquo;associe \u00e0 cet appel<\/h2>\n\n\n\n<p>Comme indiqu\u00e9 dans une&nbsp;<a href=\"https:\/\/aefe.fr\/vie-du-reseau\/toute-lactualite\/tremblement-de-terre-au-maroc-9-septembre-2023-0\" target=\"_blank\" rel=\"noreferrer noopener\">communication de l&rsquo;AEFE au lendemain du s\u00e9isme<\/a>, aucun d\u00e9g\u00e2t et aucune victime directe n&rsquo;est \u00e0 d\u00e9plorer dans les 42 \u00e9tablissements d&rsquo;enseignement fran\u00e7ais au Maroc, qui accueillent plus de 48 000 \u00e9l\u00e8ves.<\/p>\n\n\n\n<p>Mais depuis le tremblement de terre, de nombreux t\u00e9moignages de soutien et de solidarit\u00e9 sont parvenus de lyc\u00e9es internationaux fran\u00e7ais du monde entier, avec une volont\u00e9 d&rsquo;agir pour le Maroc.<\/p>\n\n\n\n<p>C&rsquo;est pourquoi l&rsquo;AEFE s&rsquo;est associ\u00e9e \u00e0 l&rsquo;appel de la Fondation de France. Les deux structures proposent ainsi aux membres des communaut\u00e9s scolaires du r\u00e9seau d&rsquo;enseignement fran\u00e7ais \u00e0 l&rsquo;\u00e9tranger de faire des dons qui viendront soutenir les projets d&rsquo;urgence et de reconstruction au Maroc.<\/p>\n","protected":false},"excerpt":{"rendered":"<p>L&rsquo;appel de la Fondation de France La Fondation de France a lanc\u00e9 un appel \u00e0&hellip;<\/p>\n","protected":false},"author":1,"featured_media":22236,"comment_status":"closed","ping_status":"closed","sticky":false,"template":"","format":"standard","meta":{"_jetpack_newsletter_access":"","_jetpack_dont_email_post_to_subs":false,"_jetpack_newsletter_tier_id":0,"_jetpack_memberships_contains_paywalled_content":false,"_jetpack_memberships_contains_paid_content":false,"footnotes":""},"categories":[13],"tags":[],"class_list":["post-22235","post","type-post","status-publish","format-standard","has-post-thumbnail","hentry","category-reseau"],"yoast_head":"<!-- This site is optimized with the Yoast SEO plugin v26.8 - https:\/\/yoast.com\/product\/yoast-seo-wordpress\/ -->\n<title>Le r\u00e9seau d&#039;enseignement fran\u00e7ais solidaire du Maroc | Enseignement Fran\u00e7ais au Maroc<\/title>\n<meta name=\"description\" content=\"L&#039;appel de la Fondation de France La Fondation de France a lanc\u00e9 un appel \u00e0 la solidarit\u00e9 suite au terrible s\u00e9isme survenu au Maroc, pour inviter ses\" \/>\n<meta name=\"robots\" content=\"index, follow, max-snippet:-1, max-image-preview:large, max-video-preview:-1\" \/>\n<link rel=\"canonical\" href=\"https:\/\/www.efmaroc.org\/efm\/le-reseau-denseignement-francais-solidaire-du-maroc\/\" \/>\n<meta property=\"og:locale\" content=\"fr_FR\" \/>\n<meta property=\"og:type\" content=\"article\" \/>\n<meta property=\"og:title\" content=\"Le r\u00e9seau d&#039;enseignement fran\u00e7ais solidaire du Maroc | Enseignement Fran\u00e7ais au Maroc\" \/>\n<meta property=\"og:description\" content=\"L&#039;appel de la Fondation de France La Fondation de France a lanc\u00e9 un appel \u00e0 la solidarit\u00e9 suite au terrible s\u00e9isme survenu au Maroc, pour inviter ses\" \/>\n<meta property=\"og:url\" content=\"https:\/\/www.efmaroc.org\/efm\/le-reseau-denseignement-francais-solidaire-du-maroc\/\" \/>\n<meta property=\"og:site_name\" content=\"EFM\" \/>\n<meta property=\"article:published_time\" content=\"2023-09-22T12:33:17+00:00\" \/>\n<meta property=\"article:modified_time\" content=\"2023-09-22T12:33:21+00:00\" \/>\n<meta property=\"og:image\" content=\"https:\/\/www.efmaroc.org\/efm\/wp-content\/uploads\/2023\/09\/1_2023-09-15_15-30-3_199.png\" \/>\n\t<meta property=\"og:image:width\" content=\"1920\" \/>\n\t<meta property=\"og:image:height\" content=\"1080\" \/>\n\t<meta property=\"og:image:type\" content=\"image\/png\" \/>\n<meta name=\"author\" content=\"EFM\" \/>\n<meta name=\"twitter:card\" content=\"summary_large_image\" \/>\n<meta name=\"twitter:label1\" content=\"\u00c9crit par\" \/>\n\t<meta name=\"twitter:data1\" content=\"EFM\" \/>\n\t<meta name=\"twitter:label2\" content=\"Dur\u00e9e de lecture estim\u00e9e\" \/>\n\t<meta name=\"twitter:data2\" content=\"1 minute\" \/>\n<script type=\"application\/ld+json\" class=\"yoast-schema-graph\">{\"@context\":\"https:\/\/schema.org\",\"@graph\":[{\"@type\":\"Article\",\"@id\":\"https:\/\/www.efmaroc.org\/efm\/le-reseau-denseignement-francais-solidaire-du-maroc\/#article\",\"isPartOf\":{\"@id\":\"https:\/\/www.efmaroc.org\/efm\/le-reseau-denseignement-francais-solidaire-du-maroc\/\"},\"author\":{\"name\":\"EFM\",\"@id\":\"https:\/\/www.efmaroc.org\/efm\/#\/schema\/person\/25a9b635a4b2276393dd87dbd94c6302\"},\"headline\":\"Le r\u00e9seau d&rsquo;enseignement fran\u00e7ais solidaire du Maroc\",\"datePublished\":\"2023-09-22T12:33:17+00:00\",\"dateModified\":\"2023-09-22T12:33:21+00:00\",\"mainEntityOfPage\":{\"@id\":\"https:\/\/www.efmaroc.org\/efm\/le-reseau-denseignement-francais-solidaire-du-maroc\/\"},\"wordCount\":227,\"publisher\":{\"@id\":\"https:\/\/www.efmaroc.org\/efm\/#organization\"},\"image\":{\"@id\":\"https:\/\/www.efmaroc.org\/efm\/le-reseau-denseignement-francais-solidaire-du-maroc\/#primaryimage\"},\"thumbnailUrl\":\"https:\/\/www.efmaroc.org\/efm\/wp-content\/uploads\/2023\/09\/1_2023-09-15_15-30-3_199.png\",\"articleSection\":[\"R\u00e9seau\"],\"inLanguage\":\"fr-FR\"},{\"@type\":\"WebPage\",\"@id\":\"https:\/\/www.efmaroc.org\/efm\/le-reseau-denseignement-francais-solidaire-du-maroc\/\",\"url\":\"https:\/\/www.efmaroc.org\/efm\/le-reseau-denseignement-francais-solidaire-du-maroc\/\",\"name\":\"Le r\u00e9seau d'enseignement fran\u00e7ais solidaire du Maroc | Enseignement Fran\u00e7ais au Maroc\",\"isPartOf\":{\"@id\":\"https:\/\/www.efmaroc.org\/efm\/#website\"},\"primaryImageOfPage\":{\"@id\":\"https:\/\/www.efmaroc.org\/efm\/le-reseau-denseignement-francais-solidaire-du-maroc\/#primaryimage\"},\"image\":{\"@id\":\"https:\/\/www.efmaroc.org\/efm\/le-reseau-denseignement-francais-solidaire-du-maroc\/#primaryimage\"},\"thumbnailUrl\":\"https:\/\/www.efmaroc.org\/efm\/wp-content\/uploads\/2023\/09\/1_2023-09-15_15-30-3_199.png\",\"datePublished\":\"2023-09-22T12:33:17+00:00\",\"dateModified\":\"2023-09-22T12:33:21+00:00\",\"description\":\"L'appel de la Fondation de France La Fondation de France a lanc\u00e9 un appel \u00e0 la solidarit\u00e9 suite au terrible s\u00e9isme survenu au Maroc, pour inviter ses\",\"breadcrumb\":{\"@id\":\"https:\/\/www.efmaroc.org\/efm\/le-reseau-denseignement-francais-solidaire-du-maroc\/#breadcrumb\"},\"inLanguage\":\"fr-FR\",\"potentialAction\":[{\"@type\":\"ReadAction\",\"target\":[\"https:\/\/www.efmaroc.org\/efm\/le-reseau-denseignement-francais-solidaire-du-maroc\/\"]}]},{\"@type\":\"ImageObject\",\"inLanguage\":\"fr-FR\",\"@id\":\"https:\/\/www.efmaroc.org\/efm\/le-reseau-denseignement-francais-solidaire-du-maroc\/#primaryimage\",\"url\":\"https:\/\/www.efmaroc.org\/efm\/wp-content\/uploads\/2023\/09\/1_2023-09-15_15-30-3_199.png\",\"contentUrl\":\"https:\/\/www.efmaroc.org\/efm\/wp-content\/uploads\/2023\/09\/1_2023-09-15_15-30-3_199.png\",\"width\":1920,\"height\":1080},{\"@type\":\"BreadcrumbList\",\"@id\":\"https:\/\/www.efmaroc.org\/efm\/le-reseau-denseignement-francais-solidaire-du-maroc\/#breadcrumb\",\"itemListElement\":[{\"@type\":\"ListItem\",\"position\":1,\"name\":\"Accueil\",\"item\":\"https:\/\/www.efmaroc.org\/efm\/\"},{\"@type\":\"ListItem\",\"position\":2,\"name\":\"Le r\u00e9seau d&rsquo;enseignement fran\u00e7ais solidaire du Maroc\"}]},{\"@type\":\"WebSite\",\"@id\":\"https:\/\/www.efmaroc.org\/efm\/#website\",\"url\":\"https:\/\/www.efmaroc.org\/efm\/\",\"name\":\"EFM\",\"description\":\"Enseignement Fran\u00e7ais au Maroc\",\"publisher\":{\"@id\":\"https:\/\/www.efmaroc.org\/efm\/#organization\"},\"potentialAction\":[{\"@type\":\"SearchAction\",\"target\":{\"@type\":\"EntryPoint\",\"urlTemplate\":\"https:\/\/www.efmaroc.org\/efm\/?s={search_term_string}\"},\"query-input\":{\"@type\":\"PropertyValueSpecification\",\"valueRequired\":true,\"valueName\":\"search_term_string\"}}],\"inLanguage\":\"fr-FR\"},{\"@type\":\"Organization\",\"@id\":\"https:\/\/www.efmaroc.org\/efm\/#organization\",\"name\":\"EFM\",\"url\":\"https:\/\/www.efmaroc.org\/efm\/\",\"logo\":{\"@type\":\"ImageObject\",\"inLanguage\":\"fr-FR\",\"@id\":\"https:\/\/www.efmaroc.org\/efm\/#\/schema\/logo\/image\/\",\"url\":\"https:\/\/www.efmaroc.org\/efm\/wp-content\/uploads\/2022\/12\/efm-enseignement-francais-maroc-logotaglinex2.png\",\"contentUrl\":\"https:\/\/www.efmaroc.org\/efm\/wp-content\/uploads\/2022\/12\/efm-enseignement-francais-maroc-logotaglinex2.png\",\"width\":104,\"height\":78,\"caption\":\"EFM\"},\"image\":{\"@id\":\"https:\/\/www.efmaroc.org\/efm\/#\/schema\/logo\/image\/\"}},{\"@type\":\"Person\",\"@id\":\"https:\/\/www.efmaroc.org\/efm\/#\/schema\/person\/25a9b635a4b2276393dd87dbd94c6302\",\"name\":\"EFM\",\"image\":{\"@type\":\"ImageObject\",\"inLanguage\":\"fr-FR\",\"@id\":\"https:\/\/www.efmaroc.org\/efm\/#\/schema\/person\/image\/\",\"url\":\"https:\/\/secure.gravatar.com\/avatar\/0acf5f0ecc3b24f6fa3602920a0bc305ada83aa2d4adbe73d7718ee0e4155d61?s=96&d=mm&r=g\",\"contentUrl\":\"https:\/\/secure.gravatar.com\/avatar\/0acf5f0ecc3b24f6fa3602920a0bc305ada83aa2d4adbe73d7718ee0e4155d61?s=96&d=mm&r=g\",\"caption\":\"EFM\"},\"sameAs\":[\"https:\/\/www.efmaroc.org\/efm\"]}]}<\/script>\n<!-- \/ Yoast SEO plugin. -->","yoast_head_json":{"title":"Le r\u00e9seau d'enseignement fran\u00e7ais solidaire du Maroc | Enseignement Fran\u00e7ais au Maroc","description":"L'appel de la Fondation de France La Fondation de France a lanc\u00e9 un appel \u00e0 la solidarit\u00e9 suite au terrible s\u00e9isme survenu au Maroc, pour inviter ses","robots":{"index":"index","follow":"follow","max-snippet":"max-snippet:-1","max-image-preview":"max-image-preview:large","max-video-preview":"max-video-preview:-1"},"canonical":"https:\/\/www.efmaroc.org\/efm\/le-reseau-denseignement-francais-solidaire-du-maroc\/","og_locale":"fr_FR","og_type":"article","og_title":"Le r\u00e9seau d'enseignement fran\u00e7ais solidaire du Maroc | Enseignement Fran\u00e7ais au Maroc","og_description":"L'appel de la Fondation de France La Fondation de France a lanc\u00e9 un appel \u00e0 la solidarit\u00e9 suite au terrible s\u00e9isme survenu au Maroc, pour inviter ses","og_url":"https:\/\/www.efmaroc.org\/efm\/le-reseau-denseignement-francais-solidaire-du-maroc\/","og_site_name":"EFM","article_published_time":"2023-09-22T12:33:17+00:00","article_modified_time":"2023-09-22T12:33:21+00:00","og_image":[{"width":1920,"height":1080,"url":"https:\/\/www.efmaroc.org\/efm\/wp-content\/uploads\/2023\/09\/1_2023-09-15_15-30-3_199.png","type":"image\/png"}],"author":"EFM","twitter_card":"summary_large_image","twitter_misc":{"\u00c9crit par":"EFM","Dur\u00e9e de lecture estim\u00e9e":"1 minute"},"schema":{"@context":"https:\/\/schema.org","@graph":[{"@type":"Article","@id":"https:\/\/www.efmaroc.org\/efm\/le-reseau-denseignement-francais-solidaire-du-maroc\/#article","isPartOf":{"@id":"https:\/\/www.efmaroc.org\/efm\/le-reseau-denseignement-francais-solidaire-du-maroc\/"},"author":{"name":"EFM","@id":"https:\/\/www.efmaroc.org\/efm\/#\/schema\/person\/25a9b635a4b2276393dd87dbd94c6302"},"headline":"Le r\u00e9seau d&rsquo;enseignement fran\u00e7ais solidaire du Maroc","datePublished":"2023-09-22T12:33:17+00:00","dateModified":"2023-09-22T12:33:21+00:00","mainEntityOfPage":{"@id":"https:\/\/www.efmaroc.org\/efm\/le-reseau-denseignement-francais-solidaire-du-maroc\/"},"wordCount":227,"publisher":{"@id":"https:\/\/www.efmaroc.org\/efm\/#organization"},"image":{"@id":"https:\/\/www.efmaroc.org\/efm\/le-reseau-denseignement-francais-solidaire-du-maroc\/#primaryimage"},"thumbnailUrl":"https:\/\/www.efmaroc.org\/efm\/wp-content\/uploads\/2023\/09\/1_2023-09-15_15-30-3_199.png","articleSection":["R\u00e9seau"],"inLanguage":"fr-FR"},{"@type":"WebPage","@id":"https:\/\/www.efmaroc.org\/efm\/le-reseau-denseignement-francais-solidaire-du-maroc\/","url":"https:\/\/www.efmaroc.org\/efm\/le-reseau-denseignement-francais-solidaire-du-maroc\/","name":"Le r\u00e9seau d'enseignement fran\u00e7ais solidaire du Maroc | Enseignement Fran\u00e7ais au Maroc","isPartOf":{"@id":"https:\/\/www.efmaroc.org\/efm\/#website"},"primaryImageOfPage":{"@id":"https:\/\/www.efmaroc.org\/efm\/le-reseau-denseignement-francais-solidaire-du-maroc\/#primaryimage"},"image":{"@id":"https:\/\/www.efmaroc.org\/efm\/le-reseau-denseignement-francais-solidaire-du-maroc\/#primaryimage"},"thumbnailUrl":"https:\/\/www.efmaroc.org\/efm\/wp-content\/uploads\/2023\/09\/1_2023-09-15_15-30-3_199.png","datePublished":"2023-09-22T12:33:17+00:00","dateModified":"2023-09-22T12:33:21+00:00","description":"L'appel de la Fondation de France La Fondation de France a lanc\u00e9 un appel \u00e0 la solidarit\u00e9 suite au terrible s\u00e9isme survenu au Maroc, pour inviter ses","breadcrumb":{"@id":"https:\/\/www.efmaroc.org\/efm\/le-reseau-denseignement-francais-solidaire-du-maroc\/#breadcrumb"},"inLanguage":"fr-FR","potentialAction":[{"@type":"ReadAction","target":["https:\/\/www.efmaroc.org\/efm\/le-reseau-denseignement-francais-solidaire-du-maroc\/"]}]},{"@type":"ImageObject","inLanguage":"fr-FR","@id":"https:\/\/www.efmaroc.org\/efm\/le-reseau-denseignement-francais-solidaire-du-maroc\/#primaryimage","url":"https:\/\/www.efmaroc.org\/efm\/wp-content\/uploads\/2023\/09\/1_2023-09-15_15-30-3_199.png","contentUrl":"https:\/\/www.efmaroc.org\/efm\/wp-content\/uploads\/2023\/09\/1_2023-09-15_15-30-3_199.png","width":1920,"height":1080},{"@type":"BreadcrumbList","@id":"https:\/\/www.efmaroc.org\/efm\/le-reseau-denseignement-francais-solidaire-du-maroc\/#breadcrumb","itemListElement":[{"@type":"ListItem","position":1,"name":"Accueil","item":"https:\/\/www.efmaroc.org\/efm\/"},{"@type":"ListItem","position":2,"name":"Le r\u00e9seau d&rsquo;enseignement fran\u00e7ais solidaire du Maroc"}]},{"@type":"WebSite","@id":"https:\/\/www.efmaroc.org\/efm\/#website","url":"https:\/\/www.efmaroc.org\/efm\/","name":"EFM","description":"Enseignement Fran\u00e7ais au Maroc","publisher":{"@id":"https:\/\/www.efmaroc.org\/efm\/#organization"},"potentialAction":[{"@type":"SearchAction","target":{"@type":"EntryPoint","urlTemplate":"https:\/\/www.efmaroc.org\/efm\/?s={search_term_string}"},"query-input":{"@type":"PropertyValueSpecification","valueRequired":true,"valueName":"search_term_string"}}],"inLanguage":"fr-FR"},{"@type":"Organization","@id":"https:\/\/www.efmaroc.org\/efm\/#organization","name":"EFM","url":"https:\/\/www.efmaroc.org\/efm\/","logo":{"@type":"ImageObject","inLanguage":"fr-FR","@id":"https:\/\/www.efmaroc.org\/efm\/#\/schema\/logo\/image\/","url":"https:\/\/www.efmaroc.org\/efm\/wp-content\/uploads\/2022\/12\/efm-enseignement-francais-maroc-logotaglinex2.png","contentUrl":"https:\/\/www.efmaroc.org\/efm\/wp-content\/uploads\/2022\/12\/efm-enseignement-francais-maroc-logotaglinex2.png","width":104,"height":78,"caption":"EFM"},"image":{"@id":"https:\/\/www.efmaroc.org\/efm\/#\/schema\/logo\/image\/"}},{"@type":"Person","@id":"https:\/\/www.efmaroc.org\/efm\/#\/schema\/person\/25a9b635a4b2276393dd87dbd94c6302","name":"EFM","image":{"@type":"ImageObject","inLanguage":"fr-FR","@id":"https:\/\/www.efmaroc.org\/efm\/#\/schema\/person\/image\/","url":"https:\/\/secure.gravatar.com\/avatar\/0acf5f0ecc3b24f6fa3602920a0bc305ada83aa2d4adbe73d7718ee0e4155d61?s=96&d=mm&r=g","contentUrl":"https:\/\/secure.gravatar.com\/avatar\/0acf5f0ecc3b24f6fa3602920a0bc305ada83aa2d4adbe73d7718ee0e4155d61?s=96&d=mm&r=g","caption":"EFM"},"sameAs":["https:\/\/www.efmaroc.org\/efm"]}]}},"jetpack_featured_media_url":"https:\/\/www.efmaroc.org\/efm\/wp-content\/uploads\/2023\/09\/1_2023-09-15_15-30-3_199.png","jetpack_sharing_enabled":true,"_links":{"self":[{"href":"https:\/\/www.efmaroc.org\/efm\/wp-json\/wp\/v2\/posts\/22235","targetHints":{"allow":["GET"]}}],"collection":[{"href":"https:\/\/www.efmaroc.org\/efm\/wp-json\/wp\/v2\/posts"}],"about":[{"href":"https:\/\/www.efmaroc.org\/efm\/wp-json\/wp\/v2\/types\/post"}],"author":[{"embeddable":true,"href":"https:\/\/www.efmaroc.org\/efm\/wp-json\/wp\/v2\/users\/1"}],"replies":[{"embeddable":true,"href":"https:\/\/www.efmaroc.org\/efm\/wp-json\/wp\/v2\/comments?post=22235"}],"version-history":[{"count":1,"href":"https:\/\/www.efmaroc.org\/efm\/wp-json\/wp\/v2\/posts\/22235\/revisions"}],"predecessor-version":[{"id":22237,"href":"https:\/\/www.efmaroc.org\/efm\/wp-json\/wp\/v2\/posts\/22235\/revisions\/22237"}],"wp:featuredmedia":[{"embeddable":true,"href":"https:\/\/www.efmaroc.org\/efm\/wp-json\/wp\/v2\/media\/22236"}],"wp:attachment":[{"href":"https:\/\/www.efmaroc.org\/efm\/wp-json\/wp\/v2\/media?parent=22235"}],"wp:term":[{"taxonomy":"category","embeddable":true,"href":"https:\/\/www.efmaroc.org\/efm\/wp-json\/wp\/v2\/categories?post=22235"},{"taxonomy":"post_tag","embeddable":true,"href":"https:\/\/www.efmaroc.org\/efm\/wp-json\/wp\/v2\/tags?post=22235"}],"curies":[{"name":"wp","href":"https:\/\/api.w.org\/{rel}","templated":true}]}}