{"id":22262,"date":"2023-10-05T18:51:24","date_gmt":"2023-10-05T16:51:24","guid":{"rendered":"https:\/\/www.efmaroc.org\/efm\/?p=22262"},"modified":"2026-01-30T16:06:02","modified_gmt":"2026-01-30T15:06:02","slug":"seminaire-de-rentree-2023-2024","status":"publish","type":"post","link":"https:\/\/www.efmaroc.org\/efm\/seminaire-de-rentree-2023-2024\/","title":{"rendered":"S\u00e9minaire de Rentr\u00e9e 2023 &#8211; 2024"},"content":{"rendered":"\n<p>Le s\u00e9minaire de rentr\u00e9e des personnels de direction et d\u2019encadrement de la zone Maroc s\u2019est tenu au Lyc\u00e9e Descartes \u00e0 Rabat du 3 au 5 octobre 2023. <\/p>\n\n\n\n<figure class=\"wp-block-gallery has-nested-images columns-default is-cropped wp-block-gallery-1 is-layout-flex wp-block-gallery-is-layout-flex\">\n<figure class=\"wp-block-image size-large\"><img fetchpriority=\"high\" decoding=\"async\" width=\"1024\" height=\"518\" data-id=\"22263\" src=\"https:\/\/www.efmaroc.org\/efm\/wp-content\/uploads\/2023\/10\/Photos-seminaire-1024x518.jpg\" alt=\"\" class=\"wp-image-22263\" srcset=\"https:\/\/www.efmaroc.org\/efm\/wp-content\/uploads\/2023\/10\/Photos-seminaire-1024x518.jpg 1024w, https:\/\/www.efmaroc.org\/efm\/wp-content\/uploads\/2023\/10\/Photos-seminaire-300x152.jpg 300w, https:\/\/www.efmaroc.org\/efm\/wp-content\/uploads\/2023\/10\/Photos-seminaire-768x389.jpg 768w, https:\/\/www.efmaroc.org\/efm\/wp-content\/uploads\/2023\/10\/Photos-seminaire-1536x777.jpg 1536w, https:\/\/www.efmaroc.org\/efm\/wp-content\/uploads\/2023\/10\/Photos-seminaire-370x187.jpg 370w, https:\/\/www.efmaroc.org\/efm\/wp-content\/uploads\/2023\/10\/Photos-seminaire-840x425.jpg 840w, https:\/\/www.efmaroc.org\/efm\/wp-content\/uploads\/2023\/10\/Photos-seminaire-410x207.jpg 410w, https:\/\/www.efmaroc.org\/efm\/wp-content\/uploads\/2023\/10\/Photos-seminaire.jpg 1915w\" sizes=\"(max-width: 1024px) 100vw, 1024px\" \/><\/figure>\n\n\n\n<figure class=\"wp-block-image size-large\"><img decoding=\"async\" width=\"610\" height=\"900\" data-id=\"22264\" src=\"https:\/\/www.efmaroc.org\/efm\/wp-content\/uploads\/2023\/10\/Capture-decran-260.png\" alt=\"\" class=\"wp-image-22264\" srcset=\"https:\/\/www.efmaroc.org\/efm\/wp-content\/uploads\/2023\/10\/Capture-decran-260.png 610w, https:\/\/www.efmaroc.org\/efm\/wp-content\/uploads\/2023\/10\/Capture-decran-260-203x300.png 203w, https:\/\/www.efmaroc.org\/efm\/wp-content\/uploads\/2023\/10\/Capture-decran-260-370x546.png 370w, https:\/\/www.efmaroc.org\/efm\/wp-content\/uploads\/2023\/10\/Capture-decran-260-410x605.png 410w\" sizes=\"(max-width: 610px) 100vw, 610px\" \/><\/figure>\n\n\n\n<figure class=\"wp-block-image size-large\"><img decoding=\"async\" width=\"646\" height=\"886\" data-id=\"22265\" src=\"https:\/\/www.efmaroc.org\/efm\/wp-content\/uploads\/2023\/10\/Capture-decran-261.png\" alt=\"\" class=\"wp-image-22265\" srcset=\"https:\/\/www.efmaroc.org\/efm\/wp-content\/uploads\/2023\/10\/Capture-decran-261.png 646w, https:\/\/www.efmaroc.org\/efm\/wp-content\/uploads\/2023\/10\/Capture-decran-261-219x300.png 219w, https:\/\/www.efmaroc.org\/efm\/wp-content\/uploads\/2023\/10\/Capture-decran-261-370x507.png 370w, https:\/\/www.efmaroc.org\/efm\/wp-content\/uploads\/2023\/10\/Capture-decran-261-410x562.png 410w\" sizes=\"(max-width: 646px) 100vw, 646px\" \/><\/figure>\n\n\n\n<figure class=\"wp-block-image size-large\"><img loading=\"lazy\" decoding=\"async\" width=\"1024\" height=\"682\" data-id=\"22266\" src=\"https:\/\/www.efmaroc.org\/efm\/wp-content\/uploads\/2023\/10\/Capture-decran-258-1024x682.png\" alt=\"\" class=\"wp-image-22266\" srcset=\"https:\/\/www.efmaroc.org\/efm\/wp-content\/uploads\/2023\/10\/Capture-decran-258-1024x682.png 1024w, https:\/\/www.efmaroc.org\/efm\/wp-content\/uploads\/2023\/10\/Capture-decran-258-300x200.png 300w, https:\/\/www.efmaroc.org\/efm\/wp-content\/uploads\/2023\/10\/Capture-decran-258-768x511.png 768w, https:\/\/www.efmaroc.org\/efm\/wp-content\/uploads\/2023\/10\/Capture-decran-258-120x80.png 120w, https:\/\/www.efmaroc.org\/efm\/wp-content\/uploads\/2023\/10\/Capture-decran-258-370x246.png 370w, https:\/\/www.efmaroc.org\/efm\/wp-content\/uploads\/2023\/10\/Capture-decran-258-840x559.png 840w, https:\/\/www.efmaroc.org\/efm\/wp-content\/uploads\/2023\/10\/Capture-decran-258-410x273.png 410w, https:\/\/www.efmaroc.org\/efm\/wp-content\/uploads\/2023\/10\/Capture-decran-258.png 1310w\" sizes=\"(max-width: 1024px) 100vw, 1024px\" \/><\/figure>\n<\/figure>\n\n\n\n<p><\/p>\n\n\n\n<p>Au programme du s\u00e9minaire des 120 personnels d&rsquo;encadrement du r\u00e9seau \u00a0: des \u00e9changes et des temps de travail collaboratifs sur les objectifs et la strat\u00e9gie de d\u00e9veloppement dans la zone. Des ateliers et r\u00e9unions sur le climat scolaire, la formation des personnels, le dispositif e-nov (innovation num\u00e9rique), la communication de crise ou encore la s\u00e9curit\u00e9, ainsi qu\u2019une table ronde sur le r\u00e9seau des alumni avec Ahmed Mernissi, pr\u00e9sident de l&rsquo;ALFM ont permis partage d\u2019exp\u00e9riences et co-construction afin de rassembler les \u00e9quipes autour des priorit\u00e9s et d\u2019axes de travail communs. Cette d\u00e9marche collaborative est cruciale pour garantir une ann\u00e9e scolaire r\u00e9ussie, promouvoir la coh\u00e9sion entre les \u00e9tablissements du r\u00e9seau AEFE, et soutenir les personnels d&rsquo;encadrement dans leur mission \u00e9ducative.<\/p>\n\n\n\n<p>Madame <a href=\"https:\/\/www.linkedin.com\/in\/ACoAAAM7hacBA9_igYlLF5OOzQnsTHBL3K5qYtI\">Claudia Scherer-Effosse<\/a>, directrice g\u00e9n\u00e9rale de l\u2019<a href=\"https:\/\/www.linkedin.com\/feed\/hashtag\/?keywords=aefe&amp;highlightedUpdateUrns=urn%3Ali%3Aactivity%3A7115704354258436097\"> AEFE<\/a> et Monsieur\u00a0<a href=\"https:\/\/www.linkedin.com\/in\/ACoAADYXpfgBCaA6K0I3Pi_uHo97qzV1sOiZNP4?lipi=urn%3Ali%3Apage%3Ad_flagship3_company_admin%3BD1iw2uuSQgaAjz0APxnqTA%3D%3D\">Max Vasseur<\/a> chef du secteur Maghreb \u00a0\u00e9taient du d\u00e9placement, accompagn\u00e9s de plusieurs personnels de l&rsquo;Agence :  <a href=\"https:\/\/www.linkedin.com\/in\/ACoAAAlxD_ABSi6qU4FTzHRv1wI2a6d4y5ScMCo\">Clarisse G\u00e9rardin<\/a>\u00a0sous directrice Langue fran\u00e7aise et \u00e9ducation au Minist\u00e8re de l\u2019Europe et des affaires \u00e9trang\u00e8res ,\u00a0<a href=\"https:\/\/www.linkedin.com\/in\/ACoAAAEdltQBQI2ALfzFJN0w8hxipVbu1IWvJdg\">Jean Marc Merriaux<\/a>\u00a0, directeur G\u00e9n\u00e9ral de la\u00a0<a href=\"https:\/\/www.linkedin.com\/company\/mission-laique-francaise\/\">Mission la\u00efque fran\u00e7aise<\/a>, l\u2019IEN de zone\u00a0<a href=\"https:\/\/www.linkedin.com\/in\/ACoAABJAwXkB-8xg1dWxV7GBAplqJW1pS7416rQ\">Georges Alzina<\/a>, l\u2019IA IPR r\u00e9f\u00e9rent\u00a0<a href=\"https:\/\/www.linkedin.com\/in\/ACoAAADdVp4B9nQVqrmoX4WcpYYI8WVTMzlX0VY\">Rodolphe Echard<\/a>\u00a0,\u00a0<a href=\"https:\/\/www.linkedin.com\/in\/ACoAAAlArYYBK2PtaxswoxkOmEm1GTEdnN3R40Y\">Anne Boulakia<\/a>\u00a0,\u00a0<a href=\"https:\/\/www.linkedin.com\/in\/ACoAACBueBUBxl7ZxLr9Fljk9NB2Anu292TqaMI\">Virginie Chupin<\/a>\u00a0et\u00a0<a href=\"https:\/\/www.linkedin.com\/in\/ACoAABMhjmABXXo8utWitkP9SMNvL5yvMvaUNss\">Isabelle Nougarede-Duvivier<\/a>\u00a0des services centraux de l\u2019<a href=\"https:\/\/www.linkedin.com\/company\/aefe\/\">AEFE &#8211; Agence pour l&rsquo;enseignement fran\u00e7ais \u00e0 l&rsquo;\u00e9tranger<\/a>\u00a0pour leurs interventions.<\/p>\n\n\n\n<p>Madame Scherer-Effosse  a ouvert le s\u00e9minaire, particip\u00e9 aux diff\u00e9rents travaux et rencontr\u00e9 les \u00e9quipes des \u00e9tablissements de la zone. Ce premier \u00e9change a permis de souligner le dynamisme des \u00e9quipes et la qualit\u00e9 de la relation existante avec l&rsquo;AEFE au service de la r\u00e9ussite des \u00e9l\u00e8ves.<\/p>\n\n\n\n<p>Nous tenons \u00e9galement \u00e0 souligner l&rsquo;investissement et le professionnalisme de l&rsquo;ensemble des \u00e9l\u00e8ves de la fili\u00e8re professionnelle du Lyc\u00e9e Descartes et de leurs enseignants dans l&rsquo;organisation de ce s\u00e9minaire aupr\u00e8s des \u00e9quipes de l&rsquo;IRF!<\/p>\n\n\n\n<p><\/p>\n","protected":false},"excerpt":{"rendered":"<p>Le s\u00e9minaire de rentr\u00e9e des personnels de direction et d\u2019encadrement de la zone Maroc s\u2019est&hellip;<\/p>\n","protected":false},"author":1,"featured_media":22263,"comment_status":"closed","ping_status":"closed","sticky":false,"template":"","format":"standard","meta":{"_jetpack_newsletter_access":"","_jetpack_dont_email_post_to_subs":false,"_jetpack_newsletter_tier_id":0,"_jetpack_memberships_contains_paywalled_content":false,"_jetpack_memberships_contains_paid_content":false,"footnotes":""},"categories":[13],"tags":[],"class_list":["post-22262","post","type-post","status-publish","format-standard","has-post-thumbnail","hentry","category-reseau"],"yoast_head":"<!-- This site is optimized with the Yoast SEO plugin v26.8 - https:\/\/yoast.com\/product\/yoast-seo-wordpress\/ -->\n<title>S\u00e9minaire de Rentr\u00e9e 2023 - 2024 | Enseignement Fran\u00e7ais au Maroc<\/title>\n<meta name=\"description\" content=\"Le s\u00e9minaire de rentr\u00e9e des personnels de direction et d\u2019encadrement de la zone Maroc s\u2019est tenu au Lyc\u00e9e Descartes \u00e0 Rabat du 3 au 5 octobre 2023. Au\" \/>\n<meta name=\"robots\" content=\"index, follow, max-snippet:-1, max-image-preview:large, max-video-preview:-1\" \/>\n<link rel=\"canonical\" href=\"https:\/\/www.efmaroc.org\/efm\/seminaire-de-rentree-2023-2024\/\" \/>\n<meta property=\"og:locale\" content=\"fr_FR\" \/>\n<meta property=\"og:type\" content=\"article\" \/>\n<meta property=\"og:title\" content=\"S\u00e9minaire de Rentr\u00e9e 2023 - 2024 | Enseignement Fran\u00e7ais au Maroc\" \/>\n<meta property=\"og:description\" content=\"Le s\u00e9minaire de rentr\u00e9e des personnels de direction et d\u2019encadrement de la zone Maroc s\u2019est tenu au Lyc\u00e9e Descartes \u00e0 Rabat du 3 au 5 octobre 2023. Au\" \/>\n<meta property=\"og:url\" content=\"https:\/\/www.efmaroc.org\/efm\/seminaire-de-rentree-2023-2024\/\" \/>\n<meta property=\"og:site_name\" content=\"EFM\" \/>\n<meta property=\"article:published_time\" content=\"2023-10-05T16:51:24+00:00\" \/>\n<meta property=\"article:modified_time\" content=\"2026-01-30T15:06:02+00:00\" \/>\n<meta property=\"og:image\" content=\"https:\/\/www.efmaroc.org\/efm\/wp-content\/uploads\/2023\/10\/Photos-seminaire.jpg\" \/>\n\t<meta property=\"og:image:width\" content=\"1915\" \/>\n\t<meta property=\"og:image:height\" content=\"969\" \/>\n\t<meta property=\"og:image:type\" content=\"image\/jpeg\" \/>\n<meta name=\"author\" content=\"EFM\" \/>\n<meta name=\"twitter:card\" content=\"summary_large_image\" \/>\n<meta name=\"twitter:label1\" content=\"\u00c9crit par\" \/>\n\t<meta name=\"twitter:data1\" content=\"EFM\" \/>\n\t<meta name=\"twitter:label2\" content=\"Dur\u00e9e de lecture estim\u00e9e\" \/>\n\t<meta name=\"twitter:data2\" content=\"2 minutes\" \/>\n<script type=\"application\/ld+json\" class=\"yoast-schema-graph\">{\"@context\":\"https:\/\/schema.org\",\"@graph\":[{\"@type\":\"Article\",\"@id\":\"https:\/\/www.efmaroc.org\/efm\/seminaire-de-rentree-2023-2024\/#article\",\"isPartOf\":{\"@id\":\"https:\/\/www.efmaroc.org\/efm\/seminaire-de-rentree-2023-2024\/\"},\"author\":{\"name\":\"EFM\",\"@id\":\"https:\/\/www.efmaroc.org\/efm\/#\/schema\/person\/25a9b635a4b2276393dd87dbd94c6302\"},\"headline\":\"S\u00e9minaire de Rentr\u00e9e 2023 &#8211; 2024\",\"datePublished\":\"2023-10-05T16:51:24+00:00\",\"dateModified\":\"2026-01-30T15:06:02+00:00\",\"mainEntityOfPage\":{\"@id\":\"https:\/\/www.efmaroc.org\/efm\/seminaire-de-rentree-2023-2024\/\"},\"wordCount\":369,\"publisher\":{\"@id\":\"https:\/\/www.efmaroc.org\/efm\/#organization\"},\"image\":{\"@id\":\"https:\/\/www.efmaroc.org\/efm\/seminaire-de-rentree-2023-2024\/#primaryimage\"},\"thumbnailUrl\":\"https:\/\/www.efmaroc.org\/efm\/wp-content\/uploads\/2023\/10\/Photos-seminaire.jpg\",\"articleSection\":[\"R\u00e9seau\"],\"inLanguage\":\"fr-FR\"},{\"@type\":\"WebPage\",\"@id\":\"https:\/\/www.efmaroc.org\/efm\/seminaire-de-rentree-2023-2024\/\",\"url\":\"https:\/\/www.efmaroc.org\/efm\/seminaire-de-rentree-2023-2024\/\",\"name\":\"S\u00e9minaire de Rentr\u00e9e 2023 - 2024 | Enseignement Fran\u00e7ais au Maroc\",\"isPartOf\":{\"@id\":\"https:\/\/www.efmaroc.org\/efm\/#website\"},\"primaryImageOfPage\":{\"@id\":\"https:\/\/www.efmaroc.org\/efm\/seminaire-de-rentree-2023-2024\/#primaryimage\"},\"image\":{\"@id\":\"https:\/\/www.efmaroc.org\/efm\/seminaire-de-rentree-2023-2024\/#primaryimage\"},\"thumbnailUrl\":\"https:\/\/www.efmaroc.org\/efm\/wp-content\/uploads\/2023\/10\/Photos-seminaire.jpg\",\"datePublished\":\"2023-10-05T16:51:24+00:00\",\"dateModified\":\"2026-01-30T15:06:02+00:00\",\"description\":\"Le s\u00e9minaire de rentr\u00e9e des personnels de direction et d\u2019encadrement de la zone Maroc s\u2019est tenu au Lyc\u00e9e Descartes \u00e0 Rabat du 3 au 5 octobre 2023. Au\",\"breadcrumb\":{\"@id\":\"https:\/\/www.efmaroc.org\/efm\/seminaire-de-rentree-2023-2024\/#breadcrumb\"},\"inLanguage\":\"fr-FR\",\"potentialAction\":[{\"@type\":\"ReadAction\",\"target\":[\"https:\/\/www.efmaroc.org\/efm\/seminaire-de-rentree-2023-2024\/\"]}]},{\"@type\":\"ImageObject\",\"inLanguage\":\"fr-FR\",\"@id\":\"https:\/\/www.efmaroc.org\/efm\/seminaire-de-rentree-2023-2024\/#primaryimage\",\"url\":\"https:\/\/www.efmaroc.org\/efm\/wp-content\/uploads\/2023\/10\/Photos-seminaire.jpg\",\"contentUrl\":\"https:\/\/www.efmaroc.org\/efm\/wp-content\/uploads\/2023\/10\/Photos-seminaire.jpg\",\"width\":1915,\"height\":969},{\"@type\":\"BreadcrumbList\",\"@id\":\"https:\/\/www.efmaroc.org\/efm\/seminaire-de-rentree-2023-2024\/#breadcrumb\",\"itemListElement\":[{\"@type\":\"ListItem\",\"position\":1,\"name\":\"Accueil\",\"item\":\"https:\/\/www.efmaroc.org\/efm\/\"},{\"@type\":\"ListItem\",\"position\":2,\"name\":\"S\u00e9minaire de Rentr\u00e9e 2023 &#8211; 2024\"}]},{\"@type\":\"WebSite\",\"@id\":\"https:\/\/www.efmaroc.org\/efm\/#website\",\"url\":\"https:\/\/www.efmaroc.org\/efm\/\",\"name\":\"EFM\",\"description\":\"Enseignement Fran\u00e7ais au Maroc\",\"publisher\":{\"@id\":\"https:\/\/www.efmaroc.org\/efm\/#organization\"},\"potentialAction\":[{\"@type\":\"SearchAction\",\"target\":{\"@type\":\"EntryPoint\",\"urlTemplate\":\"https:\/\/www.efmaroc.org\/efm\/?s={search_term_string}\"},\"query-input\":{\"@type\":\"PropertyValueSpecification\",\"valueRequired\":true,\"valueName\":\"search_term_string\"}}],\"inLanguage\":\"fr-FR\"},{\"@type\":\"Organization\",\"@id\":\"https:\/\/www.efmaroc.org\/efm\/#organization\",\"name\":\"EFM\",\"url\":\"https:\/\/www.efmaroc.org\/efm\/\",\"logo\":{\"@type\":\"ImageObject\",\"inLanguage\":\"fr-FR\",\"@id\":\"https:\/\/www.efmaroc.org\/efm\/#\/schema\/logo\/image\/\",\"url\":\"https:\/\/www.efmaroc.org\/efm\/wp-content\/uploads\/2022\/12\/efm-enseignement-francais-maroc-logotaglinex2.png\",\"contentUrl\":\"https:\/\/www.efmaroc.org\/efm\/wp-content\/uploads\/2022\/12\/efm-enseignement-francais-maroc-logotaglinex2.png\",\"width\":104,\"height\":78,\"caption\":\"EFM\"},\"image\":{\"@id\":\"https:\/\/www.efmaroc.org\/efm\/#\/schema\/logo\/image\/\"}},{\"@type\":\"Person\",\"@id\":\"https:\/\/www.efmaroc.org\/efm\/#\/schema\/person\/25a9b635a4b2276393dd87dbd94c6302\",\"name\":\"EFM\",\"image\":{\"@type\":\"ImageObject\",\"inLanguage\":\"fr-FR\",\"@id\":\"https:\/\/www.efmaroc.org\/efm\/#\/schema\/person\/image\/\",\"url\":\"https:\/\/secure.gravatar.com\/avatar\/0acf5f0ecc3b24f6fa3602920a0bc305ada83aa2d4adbe73d7718ee0e4155d61?s=96&d=mm&r=g\",\"contentUrl\":\"https:\/\/secure.gravatar.com\/avatar\/0acf5f0ecc3b24f6fa3602920a0bc305ada83aa2d4adbe73d7718ee0e4155d61?s=96&d=mm&r=g\",\"caption\":\"EFM\"},\"sameAs\":[\"https:\/\/www.efmaroc.org\/efm\"]}]}<\/script>\n<!-- \/ Yoast SEO plugin. -->","yoast_head_json":{"title":"S\u00e9minaire de Rentr\u00e9e 2023 - 2024 | Enseignement Fran\u00e7ais au Maroc","description":"Le s\u00e9minaire de rentr\u00e9e des personnels de direction et d\u2019encadrement de la zone Maroc s\u2019est tenu au Lyc\u00e9e Descartes \u00e0 Rabat du 3 au 5 octobre 2023. Au","robots":{"index":"index","follow":"follow","max-snippet":"max-snippet:-1","max-image-preview":"max-image-preview:large","max-video-preview":"max-video-preview:-1"},"canonical":"https:\/\/www.efmaroc.org\/efm\/seminaire-de-rentree-2023-2024\/","og_locale":"fr_FR","og_type":"article","og_title":"S\u00e9minaire de Rentr\u00e9e 2023 - 2024 | Enseignement Fran\u00e7ais au Maroc","og_description":"Le s\u00e9minaire de rentr\u00e9e des personnels de direction et d\u2019encadrement de la zone Maroc s\u2019est tenu au Lyc\u00e9e Descartes \u00e0 Rabat du 3 au 5 octobre 2023. Au","og_url":"https:\/\/www.efmaroc.org\/efm\/seminaire-de-rentree-2023-2024\/","og_site_name":"EFM","article_published_time":"2023-10-05T16:51:24+00:00","article_modified_time":"2026-01-30T15:06:02+00:00","og_image":[{"width":1915,"height":969,"url":"https:\/\/www.efmaroc.org\/efm\/wp-content\/uploads\/2023\/10\/Photos-seminaire.jpg","type":"image\/jpeg"}],"author":"EFM","twitter_card":"summary_large_image","twitter_misc":{"\u00c9crit par":"EFM","Dur\u00e9e de lecture estim\u00e9e":"2 minutes"},"schema":{"@context":"https:\/\/schema.org","@graph":[{"@type":"Article","@id":"https:\/\/www.efmaroc.org\/efm\/seminaire-de-rentree-2023-2024\/#article","isPartOf":{"@id":"https:\/\/www.efmaroc.org\/efm\/seminaire-de-rentree-2023-2024\/"},"author":{"name":"EFM","@id":"https:\/\/www.efmaroc.org\/efm\/#\/schema\/person\/25a9b635a4b2276393dd87dbd94c6302"},"headline":"S\u00e9minaire de Rentr\u00e9e 2023 &#8211; 2024","datePublished":"2023-10-05T16:51:24+00:00","dateModified":"2026-01-30T15:06:02+00:00","mainEntityOfPage":{"@id":"https:\/\/www.efmaroc.org\/efm\/seminaire-de-rentree-2023-2024\/"},"wordCount":369,"publisher":{"@id":"https:\/\/www.efmaroc.org\/efm\/#organization"},"image":{"@id":"https:\/\/www.efmaroc.org\/efm\/seminaire-de-rentree-2023-2024\/#primaryimage"},"thumbnailUrl":"https:\/\/www.efmaroc.org\/efm\/wp-content\/uploads\/2023\/10\/Photos-seminaire.jpg","articleSection":["R\u00e9seau"],"inLanguage":"fr-FR"},{"@type":"WebPage","@id":"https:\/\/www.efmaroc.org\/efm\/seminaire-de-rentree-2023-2024\/","url":"https:\/\/www.efmaroc.org\/efm\/seminaire-de-rentree-2023-2024\/","name":"S\u00e9minaire de Rentr\u00e9e 2023 - 2024 | Enseignement Fran\u00e7ais au Maroc","isPartOf":{"@id":"https:\/\/www.efmaroc.org\/efm\/#website"},"primaryImageOfPage":{"@id":"https:\/\/www.efmaroc.org\/efm\/seminaire-de-rentree-2023-2024\/#primaryimage"},"image":{"@id":"https:\/\/www.efmaroc.org\/efm\/seminaire-de-rentree-2023-2024\/#primaryimage"},"thumbnailUrl":"https:\/\/www.efmaroc.org\/efm\/wp-content\/uploads\/2023\/10\/Photos-seminaire.jpg","datePublished":"2023-10-05T16:51:24+00:00","dateModified":"2026-01-30T15:06:02+00:00","description":"Le s\u00e9minaire de rentr\u00e9e des personnels de direction et d\u2019encadrement de la zone Maroc s\u2019est tenu au Lyc\u00e9e Descartes \u00e0 Rabat du 3 au 5 octobre 2023. Au","breadcrumb":{"@id":"https:\/\/www.efmaroc.org\/efm\/seminaire-de-rentree-2023-2024\/#breadcrumb"},"inLanguage":"fr-FR","potentialAction":[{"@type":"ReadAction","target":["https:\/\/www.efmaroc.org\/efm\/seminaire-de-rentree-2023-2024\/"]}]},{"@type":"ImageObject","inLanguage":"fr-FR","@id":"https:\/\/www.efmaroc.org\/efm\/seminaire-de-rentree-2023-2024\/#primaryimage","url":"https:\/\/www.efmaroc.org\/efm\/wp-content\/uploads\/2023\/10\/Photos-seminaire.jpg","contentUrl":"https:\/\/www.efmaroc.org\/efm\/wp-content\/uploads\/2023\/10\/Photos-seminaire.jpg","width":1915,"height":969},{"@type":"BreadcrumbList","@id":"https:\/\/www.efmaroc.org\/efm\/seminaire-de-rentree-2023-2024\/#breadcrumb","itemListElement":[{"@type":"ListItem","position":1,"name":"Accueil","item":"https:\/\/www.efmaroc.org\/efm\/"},{"@type":"ListItem","position":2,"name":"S\u00e9minaire de Rentr\u00e9e 2023 &#8211; 2024"}]},{"@type":"WebSite","@id":"https:\/\/www.efmaroc.org\/efm\/#website","url":"https:\/\/www.efmaroc.org\/efm\/","name":"EFM","description":"Enseignement Fran\u00e7ais au Maroc","publisher":{"@id":"https:\/\/www.efmaroc.org\/efm\/#organization"},"potentialAction":[{"@type":"SearchAction","target":{"@type":"EntryPoint","urlTemplate":"https:\/\/www.efmaroc.org\/efm\/?s={search_term_string}"},"query-input":{"@type":"PropertyValueSpecification","valueRequired":true,"valueName":"search_term_string"}}],"inLanguage":"fr-FR"},{"@type":"Organization","@id":"https:\/\/www.efmaroc.org\/efm\/#organization","name":"EFM","url":"https:\/\/www.efmaroc.org\/efm\/","logo":{"@type":"ImageObject","inLanguage":"fr-FR","@id":"https:\/\/www.efmaroc.org\/efm\/#\/schema\/logo\/image\/","url":"https:\/\/www.efmaroc.org\/efm\/wp-content\/uploads\/2022\/12\/efm-enseignement-francais-maroc-logotaglinex2.png","contentUrl":"https:\/\/www.efmaroc.org\/efm\/wp-content\/uploads\/2022\/12\/efm-enseignement-francais-maroc-logotaglinex2.png","width":104,"height":78,"caption":"EFM"},"image":{"@id":"https:\/\/www.efmaroc.org\/efm\/#\/schema\/logo\/image\/"}},{"@type":"Person","@id":"https:\/\/www.efmaroc.org\/efm\/#\/schema\/person\/25a9b635a4b2276393dd87dbd94c6302","name":"EFM","image":{"@type":"ImageObject","inLanguage":"fr-FR","@id":"https:\/\/www.efmaroc.org\/efm\/#\/schema\/person\/image\/","url":"https:\/\/secure.gravatar.com\/avatar\/0acf5f0ecc3b24f6fa3602920a0bc305ada83aa2d4adbe73d7718ee0e4155d61?s=96&d=mm&r=g","contentUrl":"https:\/\/secure.gravatar.com\/avatar\/0acf5f0ecc3b24f6fa3602920a0bc305ada83aa2d4adbe73d7718ee0e4155d61?s=96&d=mm&r=g","caption":"EFM"},"sameAs":["https:\/\/www.efmaroc.org\/efm"]}]}},"jetpack_featured_media_url":"https:\/\/www.efmaroc.org\/efm\/wp-content\/uploads\/2023\/10\/Photos-seminaire.jpg","jetpack_sharing_enabled":true,"_links":{"self":[{"href":"https:\/\/www.efmaroc.org\/efm\/wp-json\/wp\/v2\/posts\/22262","targetHints":{"allow":["GET"]}}],"collection":[{"href":"https:\/\/www.efmaroc.org\/efm\/wp-json\/wp\/v2\/posts"}],"about":[{"href":"https:\/\/www.efmaroc.org\/efm\/wp-json\/wp\/v2\/types\/post"}],"author":[{"embeddable":true,"href":"https:\/\/www.efmaroc.org\/efm\/wp-json\/wp\/v2\/users\/1"}],"replies":[{"embeddable":true,"href":"https:\/\/www.efmaroc.org\/efm\/wp-json\/wp\/v2\/comments?post=22262"}],"version-history":[{"count":4,"href":"https:\/\/www.efmaroc.org\/efm\/wp-json\/wp\/v2\/posts\/22262\/revisions"}],"predecessor-version":[{"id":25005,"href":"https:\/\/www.efmaroc.org\/efm\/wp-json\/wp\/v2\/posts\/22262\/revisions\/25005"}],"wp:featuredmedia":[{"embeddable":true,"href":"https:\/\/www.efmaroc.org\/efm\/wp-json\/wp\/v2\/media\/22263"}],"wp:attachment":[{"href":"https:\/\/www.efmaroc.org\/efm\/wp-json\/wp\/v2\/media?parent=22262"}],"wp:term":[{"taxonomy":"category","embeddable":true,"href":"https:\/\/www.efmaroc.org\/efm\/wp-json\/wp\/v2\/categories?post=22262"},{"taxonomy":"post_tag","embeddable":true,"href":"https:\/\/www.efmaroc.org\/efm\/wp-json\/wp\/v2\/tags?post=22262"}],"curies":[{"name":"wp","href":"https:\/\/api.w.org\/{rel}","templated":true}]}}