{"id":22343,"date":"2023-11-08T18:04:40","date_gmt":"2023-11-08T17:04:40","guid":{"rendered":"https:\/\/www.efmaroc.org\/efm\/?p=22343"},"modified":"2023-12-08T15:32:22","modified_gmt":"2023-12-08T14:32:22","slug":"concours-ecolexia","status":"publish","type":"post","link":"https:\/\/www.efmaroc.org\/efm\/concours-ecolexia\/","title":{"rendered":"Concours Ecolexia"},"content":{"rendered":"\n<figure class=\"wp-block-gallery has-nested-images columns-default is-cropped wp-block-gallery-1 is-layout-flex wp-block-gallery-is-layout-flex\">\n<figure class=\"wp-block-image size-large\"><img fetchpriority=\"high\" decoding=\"async\" width=\"1024\" height=\"1024\" data-id=\"22386\" src=\"https:\/\/www.efmaroc.org\/efm\/wp-content\/uploads\/2023\/12\/POST-INSTAGRAM-V-DEF_Plan-de-travail-1-1024x1024.jpg\" alt=\"\" class=\"wp-image-22386\" srcset=\"https:\/\/www.efmaroc.org\/efm\/wp-content\/uploads\/2023\/12\/POST-INSTAGRAM-V-DEF_Plan-de-travail-1-1024x1024.jpg 1024w, https:\/\/www.efmaroc.org\/efm\/wp-content\/uploads\/2023\/12\/POST-INSTAGRAM-V-DEF_Plan-de-travail-1-300x300.jpg 300w, https:\/\/www.efmaroc.org\/efm\/wp-content\/uploads\/2023\/12\/POST-INSTAGRAM-V-DEF_Plan-de-travail-1-150x150.jpg 150w, https:\/\/www.efmaroc.org\/efm\/wp-content\/uploads\/2023\/12\/POST-INSTAGRAM-V-DEF_Plan-de-travail-1-768x768.jpg 768w, https:\/\/www.efmaroc.org\/efm\/wp-content\/uploads\/2023\/12\/POST-INSTAGRAM-V-DEF_Plan-de-travail-1-100x100.jpg 100w, https:\/\/www.efmaroc.org\/efm\/wp-content\/uploads\/2023\/12\/POST-INSTAGRAM-V-DEF_Plan-de-travail-1-1536x1536.jpg 1536w, https:\/\/www.efmaroc.org\/efm\/wp-content\/uploads\/2023\/12\/POST-INSTAGRAM-V-DEF_Plan-de-travail-1-2048x2048.jpg 2048w, https:\/\/www.efmaroc.org\/efm\/wp-content\/uploads\/2023\/12\/POST-INSTAGRAM-V-DEF_Plan-de-travail-1-370x370.jpg 370w, https:\/\/www.efmaroc.org\/efm\/wp-content\/uploads\/2023\/12\/POST-INSTAGRAM-V-DEF_Plan-de-travail-1-120x120.jpg 120w, https:\/\/www.efmaroc.org\/efm\/wp-content\/uploads\/2023\/12\/POST-INSTAGRAM-V-DEF_Plan-de-travail-1-840x840.jpg 840w, https:\/\/www.efmaroc.org\/efm\/wp-content\/uploads\/2023\/12\/POST-INSTAGRAM-V-DEF_Plan-de-travail-1-410x410.jpg 410w\" sizes=\"(max-width: 1024px) 100vw, 1024px\" \/><\/figure>\n<\/figure>\n\n\n\n<p><\/p>\n\n\n\n<p>Le concours <strong>ECOLEXIA<\/strong> est un concours de plaidoiries exclusivement d\u00e9di\u00e9 au&nbsp;<strong>droit de l\u2019environnement<\/strong>&nbsp;et qui s\u2019adresse \u00e0 <strong>l\u2019ensemble des \u00e9l\u00e8ves de 1<sup>\u00e8re<\/sup>&nbsp;et de Terminale<\/strong> du r\u00e9seau des \u00e9tablissements de l\u2019Enseignement Fran\u00e7ais au Maroc.<\/p>\n\n\n\n<p><strong>Pourquoi participer&nbsp;au concours ?<\/strong><\/p>\n\n\n\n<p>Les \u00e9l\u00e8ves d\u00e9veloppent leur comp\u00e9tence orale, c\u2019est une excellente pr\u00e9paration au Grand Oral.<\/p>\n\n\n\n<p>Les \u00e9l\u00e8ves sont sensibilis\u00e9s et engag\u00e9s au droit de l\u2019environnement.<\/p>\n\n\n\n<p>Les \u00e9l\u00e8ves retenus participent \u00e0 2 formations par des experts du droit et de l\u2019\u00e9loquence.<\/p>\n\n\n\n<p><strong>Comment participer&nbsp;?<\/strong><\/p>\n\n\n\n<p>Les \u00e9l\u00e8ves envoient une vid\u00e9o de 1 min pr\u00e9sentant la th\u00e9matique choisie \u00e0 l\u2019adresse suivante&nbsp;: <a href=\"mailto:concoursecolexia@gmail.com\">concoursecolexia@gmail.com<\/a><\/p>\n\n\n\n<p>Dans le corps du mail, l\u2019\u00e9l\u00e8ve pr\u00e9cise&nbsp;: nom + pr\u00e9nom + classe + \u00e9tablissement + th\u00e9matique<\/p>\n\n\n\n<p><strong>Quel est le calendrier&nbsp;?<\/strong><\/p>\n\n\n\n<p>Le concours se d\u00e9roule en 3 phases + 2 formations :<\/p>\n\n\n\n<p><\/p>\n\n\n\n<ul class=\"wp-block-list\">\n<li> <strong>D\u00e9cembre&nbsp;2023 :<\/strong> envoi d\u2019une vid\u00e9o d&rsquo;1 minute avant le <strong>12\/12\/2023<\/strong><\/li>\n\n\n\n<li><strong>Janvier&nbsp;2024 :<\/strong> formation par des experts du droit (avocats) aupr\u00e8s des 20 \u00e9l\u00e8ves pr\u00e9s\u00e9lectionn\u00e9s<\/li>\n\n\n\n<li> <strong>Mars 2024&nbsp;:<\/strong> envoi d&rsquo;une vid\u00e9o de 8 minutes avant le <strong>18\/03\/2024<\/strong><\/li>\n\n\n\n<li><strong>Avril&nbsp;2024 :<\/strong> formation par des experts du droit et de l\u2019\u00e9loquence aupr\u00e8s des 8-9 finalistes<\/li>\n\n\n\n<li><strong>20 mai 2024&nbsp;:<\/strong> Grande finale \u00e0 Mekn\u00e8s le 20 Mai 2024<\/li>\n<\/ul>\n\n\n\n<p>Toutes les informations sont dans le r\u00e8glement ci-dessous.<\/p>\n\n\n\n<p>Si vous avez des questions au sujet du concours, n\u2019h\u00e9sitez pas \u00e0 prendre contact avec le Lyc\u00e9e Paul Val\u00e9ry&nbsp;:&nbsp;<a href=\"mailto:proviseur@lyceepaulvalery-ma.org\">proviseur@lyceepaulvalery-ma.org<\/a> ou <a href=\"mailto:concoursecolexia@gmail.com\">concoursecolexia@gmail.com<\/a><\/p>\n\n\n\n<div class=\"wp-block-buttons has-custom-font-size has-small-font-size is-content-justification-left is-layout-flex wp-container-core-buttons-is-layout-fdcfc74e wp-block-buttons-is-layout-flex\">\n<div class=\"wp-block-button has-custom-width wp-block-button__width-50 has-custom-font-size is-style-outline is-style-outline--2\" style=\"font-size:14px\"><a class=\"wp-block-button__link has-text-link-3-color has-bd-color-background-color has-text-color has-background has-link-color wp-element-button\" href=\"https:\/\/www.efmaroc.org\/efm\/wp-content\/uploads\/2023\/02\/REGLEMENT-ECOLEXIA.pdf\" target=\"_blank\" rel=\"noreferrer noopener\"><strong>R\u00e8glement concours Ecolexia<\/strong><\/a><\/div>\n<\/div>\n","protected":false},"excerpt":{"rendered":"<p>Le concours ECOLEXIA est un concours de plaidoiries exclusivement d\u00e9di\u00e9 au&nbsp;droit de l\u2019environnement&nbsp;et qui s\u2019adresse&hellip;<\/p>\n","protected":false},"author":1,"featured_media":22386,"comment_status":"closed","ping_status":"closed","sticky":false,"template":"","format":"standard","meta":{"_jetpack_newsletter_access":"","_jetpack_dont_email_post_to_subs":false,"_jetpack_newsletter_tier_id":0,"_jetpack_memberships_contains_paywalled_content":false,"_jetpack_memberships_contains_paid_content":false,"footnotes":""},"categories":[14,13],"tags":[],"class_list":["post-22343","post","type-post","status-publish","format-standard","has-post-thumbnail","hentry","category-nouvelles","category-reseau"],"yoast_head":"<!-- This site is optimized with the Yoast SEO plugin v26.8 - https:\/\/yoast.com\/product\/yoast-seo-wordpress\/ -->\n<title>Concours Ecolexia | Enseignement Fran\u00e7ais au Maroc<\/title>\n<meta name=\"description\" content=\"Le concours ECOLEXIA est un concours de plaidoiries exclusivement d\u00e9di\u00e9 au&nbsp;droit de l\u2019environnement&nbsp;et qui s\u2019adresse \u00e0 l\u2019ensemble des \u00e9l\u00e8ves de\" \/>\n<meta name=\"robots\" content=\"index, follow, max-snippet:-1, max-image-preview:large, max-video-preview:-1\" \/>\n<link rel=\"canonical\" href=\"https:\/\/www.efmaroc.org\/efm\/concours-ecolexia\/\" \/>\n<meta property=\"og:locale\" content=\"fr_FR\" \/>\n<meta property=\"og:type\" content=\"article\" \/>\n<meta property=\"og:title\" content=\"Concours Ecolexia | Enseignement Fran\u00e7ais au Maroc\" \/>\n<meta property=\"og:description\" content=\"Le concours ECOLEXIA est un concours de plaidoiries exclusivement d\u00e9di\u00e9 au&nbsp;droit de l\u2019environnement&nbsp;et qui s\u2019adresse \u00e0 l\u2019ensemble des \u00e9l\u00e8ves de\" \/>\n<meta property=\"og:url\" content=\"https:\/\/www.efmaroc.org\/efm\/concours-ecolexia\/\" \/>\n<meta property=\"og:site_name\" content=\"EFM\" \/>\n<meta property=\"article:published_time\" content=\"2023-11-08T17:04:40+00:00\" \/>\n<meta property=\"article:modified_time\" content=\"2023-12-08T14:32:22+00:00\" \/>\n<meta property=\"og:image\" content=\"https:\/\/www.efmaroc.org\/efm\/wp-content\/uploads\/2023\/12\/POST-INSTAGRAM-V-DEF_Plan-de-travail-1-scaled.jpg\" \/>\n\t<meta property=\"og:image:width\" content=\"2560\" \/>\n\t<meta property=\"og:image:height\" content=\"2560\" \/>\n\t<meta property=\"og:image:type\" content=\"image\/jpeg\" \/>\n<meta name=\"author\" content=\"EFM\" \/>\n<meta name=\"twitter:card\" content=\"summary_large_image\" \/>\n<meta name=\"twitter:label1\" content=\"\u00c9crit par\" \/>\n\t<meta name=\"twitter:data1\" content=\"EFM\" \/>\n\t<meta name=\"twitter:label2\" content=\"Dur\u00e9e de lecture estim\u00e9e\" \/>\n\t<meta name=\"twitter:data2\" content=\"1 minute\" \/>\n<script type=\"application\/ld+json\" class=\"yoast-schema-graph\">{\"@context\":\"https:\/\/schema.org\",\"@graph\":[{\"@type\":\"Article\",\"@id\":\"https:\/\/www.efmaroc.org\/efm\/concours-ecolexia\/#article\",\"isPartOf\":{\"@id\":\"https:\/\/www.efmaroc.org\/efm\/concours-ecolexia\/\"},\"author\":{\"name\":\"EFM\",\"@id\":\"https:\/\/www.efmaroc.org\/efm\/#\/schema\/person\/25a9b635a4b2276393dd87dbd94c6302\"},\"headline\":\"Concours Ecolexia\",\"datePublished\":\"2023-11-08T17:04:40+00:00\",\"dateModified\":\"2023-12-08T14:32:22+00:00\",\"mainEntityOfPage\":{\"@id\":\"https:\/\/www.efmaroc.org\/efm\/concours-ecolexia\/\"},\"wordCount\":265,\"publisher\":{\"@id\":\"https:\/\/www.efmaroc.org\/efm\/#organization\"},\"image\":{\"@id\":\"https:\/\/www.efmaroc.org\/efm\/concours-ecolexia\/#primaryimage\"},\"thumbnailUrl\":\"https:\/\/www.efmaroc.org\/efm\/wp-content\/uploads\/2023\/12\/POST-INSTAGRAM-V-DEF_Plan-de-travail-1-scaled.jpg\",\"articleSection\":[\"Nouvelles\",\"R\u00e9seau\"],\"inLanguage\":\"fr-FR\"},{\"@type\":\"WebPage\",\"@id\":\"https:\/\/www.efmaroc.org\/efm\/concours-ecolexia\/\",\"url\":\"https:\/\/www.efmaroc.org\/efm\/concours-ecolexia\/\",\"name\":\"Concours Ecolexia | Enseignement Fran\u00e7ais au Maroc\",\"isPartOf\":{\"@id\":\"https:\/\/www.efmaroc.org\/efm\/#website\"},\"primaryImageOfPage\":{\"@id\":\"https:\/\/www.efmaroc.org\/efm\/concours-ecolexia\/#primaryimage\"},\"image\":{\"@id\":\"https:\/\/www.efmaroc.org\/efm\/concours-ecolexia\/#primaryimage\"},\"thumbnailUrl\":\"https:\/\/www.efmaroc.org\/efm\/wp-content\/uploads\/2023\/12\/POST-INSTAGRAM-V-DEF_Plan-de-travail-1-scaled.jpg\",\"datePublished\":\"2023-11-08T17:04:40+00:00\",\"dateModified\":\"2023-12-08T14:32:22+00:00\",\"description\":\"Le concours ECOLEXIA est un concours de plaidoiries exclusivement d\u00e9di\u00e9 au&nbsp;droit de l\u2019environnement&nbsp;et qui s\u2019adresse \u00e0 l\u2019ensemble des \u00e9l\u00e8ves de\",\"breadcrumb\":{\"@id\":\"https:\/\/www.efmaroc.org\/efm\/concours-ecolexia\/#breadcrumb\"},\"inLanguage\":\"fr-FR\",\"potentialAction\":[{\"@type\":\"ReadAction\",\"target\":[\"https:\/\/www.efmaroc.org\/efm\/concours-ecolexia\/\"]}]},{\"@type\":\"ImageObject\",\"inLanguage\":\"fr-FR\",\"@id\":\"https:\/\/www.efmaroc.org\/efm\/concours-ecolexia\/#primaryimage\",\"url\":\"https:\/\/www.efmaroc.org\/efm\/wp-content\/uploads\/2023\/12\/POST-INSTAGRAM-V-DEF_Plan-de-travail-1-scaled.jpg\",\"contentUrl\":\"https:\/\/www.efmaroc.org\/efm\/wp-content\/uploads\/2023\/12\/POST-INSTAGRAM-V-DEF_Plan-de-travail-1-scaled.jpg\",\"width\":2560,\"height\":2560},{\"@type\":\"BreadcrumbList\",\"@id\":\"https:\/\/www.efmaroc.org\/efm\/concours-ecolexia\/#breadcrumb\",\"itemListElement\":[{\"@type\":\"ListItem\",\"position\":1,\"name\":\"Accueil\",\"item\":\"https:\/\/www.efmaroc.org\/efm\/\"},{\"@type\":\"ListItem\",\"position\":2,\"name\":\"Concours Ecolexia\"}]},{\"@type\":\"WebSite\",\"@id\":\"https:\/\/www.efmaroc.org\/efm\/#website\",\"url\":\"https:\/\/www.efmaroc.org\/efm\/\",\"name\":\"EFM\",\"description\":\"Enseignement Fran\u00e7ais au Maroc\",\"publisher\":{\"@id\":\"https:\/\/www.efmaroc.org\/efm\/#organization\"},\"potentialAction\":[{\"@type\":\"SearchAction\",\"target\":{\"@type\":\"EntryPoint\",\"urlTemplate\":\"https:\/\/www.efmaroc.org\/efm\/?s={search_term_string}\"},\"query-input\":{\"@type\":\"PropertyValueSpecification\",\"valueRequired\":true,\"valueName\":\"search_term_string\"}}],\"inLanguage\":\"fr-FR\"},{\"@type\":\"Organization\",\"@id\":\"https:\/\/www.efmaroc.org\/efm\/#organization\",\"name\":\"EFM\",\"url\":\"https:\/\/www.efmaroc.org\/efm\/\",\"logo\":{\"@type\":\"ImageObject\",\"inLanguage\":\"fr-FR\",\"@id\":\"https:\/\/www.efmaroc.org\/efm\/#\/schema\/logo\/image\/\",\"url\":\"https:\/\/www.efmaroc.org\/efm\/wp-content\/uploads\/2022\/12\/efm-enseignement-francais-maroc-logotaglinex2.png\",\"contentUrl\":\"https:\/\/www.efmaroc.org\/efm\/wp-content\/uploads\/2022\/12\/efm-enseignement-francais-maroc-logotaglinex2.png\",\"width\":104,\"height\":78,\"caption\":\"EFM\"},\"image\":{\"@id\":\"https:\/\/www.efmaroc.org\/efm\/#\/schema\/logo\/image\/\"}},{\"@type\":\"Person\",\"@id\":\"https:\/\/www.efmaroc.org\/efm\/#\/schema\/person\/25a9b635a4b2276393dd87dbd94c6302\",\"name\":\"EFM\",\"image\":{\"@type\":\"ImageObject\",\"inLanguage\":\"fr-FR\",\"@id\":\"https:\/\/www.efmaroc.org\/efm\/#\/schema\/person\/image\/\",\"url\":\"https:\/\/secure.gravatar.com\/avatar\/0acf5f0ecc3b24f6fa3602920a0bc305ada83aa2d4adbe73d7718ee0e4155d61?s=96&d=mm&r=g\",\"contentUrl\":\"https:\/\/secure.gravatar.com\/avatar\/0acf5f0ecc3b24f6fa3602920a0bc305ada83aa2d4adbe73d7718ee0e4155d61?s=96&d=mm&r=g\",\"caption\":\"EFM\"},\"sameAs\":[\"https:\/\/www.efmaroc.org\/efm\"]}]}<\/script>\n<!-- \/ Yoast SEO plugin. -->","yoast_head_json":{"title":"Concours Ecolexia | Enseignement Fran\u00e7ais au Maroc","description":"Le concours ECOLEXIA est un concours de plaidoiries exclusivement d\u00e9di\u00e9 au&nbsp;droit de l\u2019environnement&nbsp;et qui s\u2019adresse \u00e0 l\u2019ensemble des \u00e9l\u00e8ves de","robots":{"index":"index","follow":"follow","max-snippet":"max-snippet:-1","max-image-preview":"max-image-preview:large","max-video-preview":"max-video-preview:-1"},"canonical":"https:\/\/www.efmaroc.org\/efm\/concours-ecolexia\/","og_locale":"fr_FR","og_type":"article","og_title":"Concours Ecolexia | Enseignement Fran\u00e7ais au Maroc","og_description":"Le concours ECOLEXIA est un concours de plaidoiries exclusivement d\u00e9di\u00e9 au&nbsp;droit de l\u2019environnement&nbsp;et qui s\u2019adresse \u00e0 l\u2019ensemble des \u00e9l\u00e8ves de","og_url":"https:\/\/www.efmaroc.org\/efm\/concours-ecolexia\/","og_site_name":"EFM","article_published_time":"2023-11-08T17:04:40+00:00","article_modified_time":"2023-12-08T14:32:22+00:00","og_image":[{"width":2560,"height":2560,"url":"https:\/\/www.efmaroc.org\/efm\/wp-content\/uploads\/2023\/12\/POST-INSTAGRAM-V-DEF_Plan-de-travail-1-scaled.jpg","type":"image\/jpeg"}],"author":"EFM","twitter_card":"summary_large_image","twitter_misc":{"\u00c9crit par":"EFM","Dur\u00e9e de lecture estim\u00e9e":"1 minute"},"schema":{"@context":"https:\/\/schema.org","@graph":[{"@type":"Article","@id":"https:\/\/www.efmaroc.org\/efm\/concours-ecolexia\/#article","isPartOf":{"@id":"https:\/\/www.efmaroc.org\/efm\/concours-ecolexia\/"},"author":{"name":"EFM","@id":"https:\/\/www.efmaroc.org\/efm\/#\/schema\/person\/25a9b635a4b2276393dd87dbd94c6302"},"headline":"Concours Ecolexia","datePublished":"2023-11-08T17:04:40+00:00","dateModified":"2023-12-08T14:32:22+00:00","mainEntityOfPage":{"@id":"https:\/\/www.efmaroc.org\/efm\/concours-ecolexia\/"},"wordCount":265,"publisher":{"@id":"https:\/\/www.efmaroc.org\/efm\/#organization"},"image":{"@id":"https:\/\/www.efmaroc.org\/efm\/concours-ecolexia\/#primaryimage"},"thumbnailUrl":"https:\/\/www.efmaroc.org\/efm\/wp-content\/uploads\/2023\/12\/POST-INSTAGRAM-V-DEF_Plan-de-travail-1-scaled.jpg","articleSection":["Nouvelles","R\u00e9seau"],"inLanguage":"fr-FR"},{"@type":"WebPage","@id":"https:\/\/www.efmaroc.org\/efm\/concours-ecolexia\/","url":"https:\/\/www.efmaroc.org\/efm\/concours-ecolexia\/","name":"Concours Ecolexia | Enseignement Fran\u00e7ais au Maroc","isPartOf":{"@id":"https:\/\/www.efmaroc.org\/efm\/#website"},"primaryImageOfPage":{"@id":"https:\/\/www.efmaroc.org\/efm\/concours-ecolexia\/#primaryimage"},"image":{"@id":"https:\/\/www.efmaroc.org\/efm\/concours-ecolexia\/#primaryimage"},"thumbnailUrl":"https:\/\/www.efmaroc.org\/efm\/wp-content\/uploads\/2023\/12\/POST-INSTAGRAM-V-DEF_Plan-de-travail-1-scaled.jpg","datePublished":"2023-11-08T17:04:40+00:00","dateModified":"2023-12-08T14:32:22+00:00","description":"Le concours ECOLEXIA est un concours de plaidoiries exclusivement d\u00e9di\u00e9 au&nbsp;droit de l\u2019environnement&nbsp;et qui s\u2019adresse \u00e0 l\u2019ensemble des \u00e9l\u00e8ves de","breadcrumb":{"@id":"https:\/\/www.efmaroc.org\/efm\/concours-ecolexia\/#breadcrumb"},"inLanguage":"fr-FR","potentialAction":[{"@type":"ReadAction","target":["https:\/\/www.efmaroc.org\/efm\/concours-ecolexia\/"]}]},{"@type":"ImageObject","inLanguage":"fr-FR","@id":"https:\/\/www.efmaroc.org\/efm\/concours-ecolexia\/#primaryimage","url":"https:\/\/www.efmaroc.org\/efm\/wp-content\/uploads\/2023\/12\/POST-INSTAGRAM-V-DEF_Plan-de-travail-1-scaled.jpg","contentUrl":"https:\/\/www.efmaroc.org\/efm\/wp-content\/uploads\/2023\/12\/POST-INSTAGRAM-V-DEF_Plan-de-travail-1-scaled.jpg","width":2560,"height":2560},{"@type":"BreadcrumbList","@id":"https:\/\/www.efmaroc.org\/efm\/concours-ecolexia\/#breadcrumb","itemListElement":[{"@type":"ListItem","position":1,"name":"Accueil","item":"https:\/\/www.efmaroc.org\/efm\/"},{"@type":"ListItem","position":2,"name":"Concours Ecolexia"}]},{"@type":"WebSite","@id":"https:\/\/www.efmaroc.org\/efm\/#website","url":"https:\/\/www.efmaroc.org\/efm\/","name":"EFM","description":"Enseignement Fran\u00e7ais au Maroc","publisher":{"@id":"https:\/\/www.efmaroc.org\/efm\/#organization"},"potentialAction":[{"@type":"SearchAction","target":{"@type":"EntryPoint","urlTemplate":"https:\/\/www.efmaroc.org\/efm\/?s={search_term_string}"},"query-input":{"@type":"PropertyValueSpecification","valueRequired":true,"valueName":"search_term_string"}}],"inLanguage":"fr-FR"},{"@type":"Organization","@id":"https:\/\/www.efmaroc.org\/efm\/#organization","name":"EFM","url":"https:\/\/www.efmaroc.org\/efm\/","logo":{"@type":"ImageObject","inLanguage":"fr-FR","@id":"https:\/\/www.efmaroc.org\/efm\/#\/schema\/logo\/image\/","url":"https:\/\/www.efmaroc.org\/efm\/wp-content\/uploads\/2022\/12\/efm-enseignement-francais-maroc-logotaglinex2.png","contentUrl":"https:\/\/www.efmaroc.org\/efm\/wp-content\/uploads\/2022\/12\/efm-enseignement-francais-maroc-logotaglinex2.png","width":104,"height":78,"caption":"EFM"},"image":{"@id":"https:\/\/www.efmaroc.org\/efm\/#\/schema\/logo\/image\/"}},{"@type":"Person","@id":"https:\/\/www.efmaroc.org\/efm\/#\/schema\/person\/25a9b635a4b2276393dd87dbd94c6302","name":"EFM","image":{"@type":"ImageObject","inLanguage":"fr-FR","@id":"https:\/\/www.efmaroc.org\/efm\/#\/schema\/person\/image\/","url":"https:\/\/secure.gravatar.com\/avatar\/0acf5f0ecc3b24f6fa3602920a0bc305ada83aa2d4adbe73d7718ee0e4155d61?s=96&d=mm&r=g","contentUrl":"https:\/\/secure.gravatar.com\/avatar\/0acf5f0ecc3b24f6fa3602920a0bc305ada83aa2d4adbe73d7718ee0e4155d61?s=96&d=mm&r=g","caption":"EFM"},"sameAs":["https:\/\/www.efmaroc.org\/efm"]}]}},"jetpack_featured_media_url":"https:\/\/www.efmaroc.org\/efm\/wp-content\/uploads\/2023\/12\/POST-INSTAGRAM-V-DEF_Plan-de-travail-1-scaled.jpg","jetpack_sharing_enabled":true,"_links":{"self":[{"href":"https:\/\/www.efmaroc.org\/efm\/wp-json\/wp\/v2\/posts\/22343","targetHints":{"allow":["GET"]}}],"collection":[{"href":"https:\/\/www.efmaroc.org\/efm\/wp-json\/wp\/v2\/posts"}],"about":[{"href":"https:\/\/www.efmaroc.org\/efm\/wp-json\/wp\/v2\/types\/post"}],"author":[{"embeddable":true,"href":"https:\/\/www.efmaroc.org\/efm\/wp-json\/wp\/v2\/users\/1"}],"replies":[{"embeddable":true,"href":"https:\/\/www.efmaroc.org\/efm\/wp-json\/wp\/v2\/comments?post=22343"}],"version-history":[{"count":3,"href":"https:\/\/www.efmaroc.org\/efm\/wp-json\/wp\/v2\/posts\/22343\/revisions"}],"predecessor-version":[{"id":22387,"href":"https:\/\/www.efmaroc.org\/efm\/wp-json\/wp\/v2\/posts\/22343\/revisions\/22387"}],"wp:featuredmedia":[{"embeddable":true,"href":"https:\/\/www.efmaroc.org\/efm\/wp-json\/wp\/v2\/media\/22386"}],"wp:attachment":[{"href":"https:\/\/www.efmaroc.org\/efm\/wp-json\/wp\/v2\/media?parent=22343"}],"wp:term":[{"taxonomy":"category","embeddable":true,"href":"https:\/\/www.efmaroc.org\/efm\/wp-json\/wp\/v2\/categories?post=22343"},{"taxonomy":"post_tag","embeddable":true,"href":"https:\/\/www.efmaroc.org\/efm\/wp-json\/wp\/v2\/tags?post=22343"}],"curies":[{"name":"wp","href":"https:\/\/api.w.org\/{rel}","templated":true}]}}