{"id":22778,"date":"2024-01-17T10:30:59","date_gmt":"2024-01-17T09:30:59","guid":{"rendered":"https:\/\/www.efmaroc.org\/efm\/?p=22778"},"modified":"2024-01-19T09:48:40","modified_gmt":"2024-01-19T08:48:40","slug":"retrouvez-la-liste-des-25-eleves-pre-selectionnes-pour-le-concours-ecolexia","status":"publish","type":"post","link":"https:\/\/www.efmaroc.org\/efm\/retrouvez-la-liste-des-25-eleves-pre-selectionnes-pour-le-concours-ecolexia\/","title":{"rendered":"Retrouvez la liste des 25 \u00e9l\u00e8ves pr\u00e9-s\u00e9lectionn\u00e9s pour le concours Ecolexia"},"content":{"rendered":"\n<figure class=\"wp-block-image size-full\"><img fetchpriority=\"high\" decoding=\"async\" width=\"555\" height=\"546\" src=\"https:\/\/www.efmaroc.org\/efm\/wp-content\/uploads\/2023\/02\/POST-ECOLEXIA-V4.png\" alt=\"\" class=\"wp-image-22817\" srcset=\"https:\/\/www.efmaroc.org\/efm\/wp-content\/uploads\/2023\/02\/POST-ECOLEXIA-V4.png 555w, https:\/\/www.efmaroc.org\/efm\/wp-content\/uploads\/2023\/02\/POST-ECOLEXIA-V4-300x295.png 300w, https:\/\/www.efmaroc.org\/efm\/wp-content\/uploads\/2023\/02\/POST-ECOLEXIA-V4-370x364.png 370w, https:\/\/www.efmaroc.org\/efm\/wp-content\/uploads\/2023\/02\/POST-ECOLEXIA-V4-410x403.png 410w\" sizes=\"(max-width: 600px) 100vw, 555px\" \/><\/figure>\n\n\n\n<p><strong>Le concours Ecolexia est un concours de plaidoiries d\u00e9di\u00e9 exclusivement au droit de l\u2019environnement s\u2019adressant aux \u00e9l\u00e8ves de premi\u00e8re et de terminale des \u00e9tablissements du r\u00e9seau de l\u2019enseignement fran\u00e7ais au Maroc.<\/strong><\/p>\n\n\n\n<p>Pour cette 3<sup>\u00e8me<\/sup> \u00e9dition, 87 candidatures ont \u00e9t\u00e9 re\u00e7ues et 10 \u00e9tablissements du r\u00e9seau de l\u2019enseignement fran\u00e7ais au Maroc ont particip\u00e9&nbsp;: Al Jabr (Casablanca), Descartes (Rabat), Maupassant (Casablanca), GS R\u00e9sidence (Casablanca), L\u00e9on l\u2019Africain (Casablanca), Lyautey (Casablanca), Malraux (Rabat), Massignon (Casablanca), Paul Valery (Mekn\u00e8s), Victor Hugo (Marrakech) ainsi que la participation exceptionnel d\u2019un lyc\u00e9e fran\u00e7ais le Lyc\u00e9e international de Saint-Germain-en-Laye (Saint-Germain-en-Laye).<\/p>\n\n\n\n<p>Les \u00e9l\u00e8ves pr\u00e9-s\u00e9lectionn\u00e9s sont&nbsp;:<\/p>\n\n\n\n<ul class=\"wp-block-list\">\n<li>CHAHIRJARMOUNI Kenza (Descartes)<\/li>\n\n\n\n<li>DRISSI Marwa (Descartes)<\/li>\n\n\n\n<li>KAMARA Rayan (Descartes)<\/li>\n\n\n\n<li>SEGHROUCHNI Nour (Descartes)<\/li>\n\n\n\n<li>BOUNCIR Majdouline (Maupassant)<\/li>\n\n\n\n<li>CHOUHAD Mehdi (Maupassant)<\/li>\n\n\n\n<li>AKDIME Kenza (GS R\u00e9sidence)<\/li>\n\n\n\n<li>BENAMOUR Miya (GS R\u00e9sidence)<\/li>\n\n\n\n<li>RAMY Ghita (GS R\u00e9sidence)<\/li>\n\n\n\n<li>CHLYEH Radia (L\u00e9on l\u2019Africain)<\/li>\n\n\n\n<li>FADIL Sarah (L\u00e9on l\u2019Africain)<\/li>\n\n\n\n<li>BENABDELLAH Aliya (Lyautey)<\/li>\n\n\n\n<li>EL BOUANANI Alya (Lyautey)<\/li>\n\n\n\n<li>KRIM Kenza (Lyautey)<\/li>\n\n\n\n<li>ELQASMI Alae (Malraux)<\/li>\n\n\n\n<li>ZINE EL ABIDINE Sabia leila (Massignon)<\/li>\n\n\n\n<li>BAOUADDI Ilyas (Paul Valery)<\/li>\n\n\n\n<li>IDRISSI YAZAMI Ismail (Paul Valery)<\/li>\n\n\n\n<li>SEGHOUCHNI Sanaa (Paul Valery)<\/li>\n\n\n\n<li>CHATTOU Sami (Paul Valery)<\/li>\n\n\n\n<li>HAUSEUX Eleanor (Lyc\u00e9e International de St-Germain-En-Laye)<\/li>\n\n\n\n<li>MARQUES H\u00e9lo\u00efse (Lyc\u00e9e International de St-Germain-En-Laye)<\/li>\n\n\n\n<li>BOUKHSIBI Asmaa (Victor Hugo)<\/li>\n\n\n\n<li>DE BAGNEUX Hanae (Victor Hugo)<\/li>\n\n\n\n<li>KANALI Mohamed Ali (Victor Hugo)<\/li>\n<\/ul>\n\n\n\n<p>Ces \u00e9l\u00e8ves b\u00e9n\u00e9ficieront d\u2019une formation en visioconf\u00e9rence \u00ab&nbsp;qu\u2019est-ce qu\u2019une plaidoirie&nbsp;\u00bb par des experts en droit de l\u2019environnement du Conseil national des barreaux de Paris, mercredi 31 janvier 2024. Les \u00e9l\u00e8ves devront par la suite envoyer l\u2019int\u00e9gralit\u00e9 de leur plaidoirie avant le 18 mars 2024.<\/p>\n\n\n\n<p>Rendez-vous en mars&nbsp;pour la suite du concours Ecolexia\u2026&nbsp;!<\/p>\n","protected":false},"excerpt":{"rendered":"<p>Le concours Ecolexia est un concours de plaidoiries d\u00e9di\u00e9 exclusivement au droit de l\u2019environnement s\u2019adressant&hellip;<\/p>\n","protected":false},"author":1,"featured_media":22817,"comment_status":"closed","ping_status":"closed","sticky":false,"template":"","format":"standard","meta":{"_jetpack_newsletter_access":"","_jetpack_dont_email_post_to_subs":false,"_jetpack_newsletter_tier_id":0,"_jetpack_memberships_contains_paywalled_content":false,"_jetpack_memberships_contains_paid_content":false,"footnotes":""},"categories":[14,13],"tags":[],"class_list":["post-22778","post","type-post","status-publish","format-standard","has-post-thumbnail","hentry","category-nouvelles","category-reseau"],"yoast_head":"<!-- This site is optimized with the Yoast SEO plugin v26.8 - https:\/\/yoast.com\/product\/yoast-seo-wordpress\/ -->\n<title>Retrouvez la liste des 25 \u00e9l\u00e8ves pr\u00e9-s\u00e9lectionn\u00e9s pour le concours Ecolexia | Enseignement Fran\u00e7ais au Maroc<\/title>\n<meta name=\"description\" content=\"Le concours Ecolexia est un concours de plaidoiries d\u00e9di\u00e9 exclusivement au droit de l\u2019environnement s\u2019adressant aux \u00e9l\u00e8ves de premi\u00e8re et de terminale des\" \/>\n<meta name=\"robots\" content=\"index, follow, max-snippet:-1, max-image-preview:large, max-video-preview:-1\" \/>\n<link rel=\"canonical\" href=\"https:\/\/www.efmaroc.org\/efm\/retrouvez-la-liste-des-25-eleves-pre-selectionnes-pour-le-concours-ecolexia\/\" \/>\n<meta property=\"og:locale\" content=\"fr_FR\" \/>\n<meta property=\"og:type\" content=\"article\" \/>\n<meta property=\"og:title\" content=\"Retrouvez la liste des 25 \u00e9l\u00e8ves pr\u00e9-s\u00e9lectionn\u00e9s pour le concours Ecolexia | Enseignement Fran\u00e7ais au Maroc\" \/>\n<meta property=\"og:description\" content=\"Le concours Ecolexia est un concours de plaidoiries d\u00e9di\u00e9 exclusivement au droit de l\u2019environnement s\u2019adressant aux \u00e9l\u00e8ves de premi\u00e8re et de terminale des\" \/>\n<meta property=\"og:url\" content=\"https:\/\/www.efmaroc.org\/efm\/retrouvez-la-liste-des-25-eleves-pre-selectionnes-pour-le-concours-ecolexia\/\" \/>\n<meta property=\"og:site_name\" content=\"EFM\" \/>\n<meta property=\"article:published_time\" content=\"2024-01-17T09:30:59+00:00\" \/>\n<meta property=\"article:modified_time\" content=\"2024-01-19T08:48:40+00:00\" \/>\n<meta property=\"og:image\" content=\"https:\/\/www.efmaroc.org\/efm\/wp-content\/uploads\/2023\/02\/POST-ECOLEXIA-V4.png\" \/>\n\t<meta property=\"og:image:width\" content=\"555\" \/>\n\t<meta property=\"og:image:height\" content=\"546\" \/>\n\t<meta property=\"og:image:type\" content=\"image\/png\" \/>\n<meta name=\"author\" content=\"EFM\" \/>\n<meta name=\"twitter:card\" content=\"summary_large_image\" \/>\n<meta name=\"twitter:label1\" content=\"\u00c9crit par\" \/>\n\t<meta name=\"twitter:data1\" content=\"EFM\" \/>\n\t<meta name=\"twitter:label2\" content=\"Dur\u00e9e de lecture estim\u00e9e\" \/>\n\t<meta name=\"twitter:data2\" content=\"1 minute\" \/>\n<script type=\"application\/ld+json\" class=\"yoast-schema-graph\">{\"@context\":\"https:\/\/schema.org\",\"@graph\":[{\"@type\":\"Article\",\"@id\":\"https:\/\/www.efmaroc.org\/efm\/retrouvez-la-liste-des-25-eleves-pre-selectionnes-pour-le-concours-ecolexia\/#article\",\"isPartOf\":{\"@id\":\"https:\/\/www.efmaroc.org\/efm\/retrouvez-la-liste-des-25-eleves-pre-selectionnes-pour-le-concours-ecolexia\/\"},\"author\":{\"name\":\"EFM\",\"@id\":\"https:\/\/www.efmaroc.org\/efm\/#\/schema\/person\/25a9b635a4b2276393dd87dbd94c6302\"},\"headline\":\"Retrouvez la liste des 25 \u00e9l\u00e8ves pr\u00e9-s\u00e9lectionn\u00e9s pour le concours Ecolexia\",\"datePublished\":\"2024-01-17T09:30:59+00:00\",\"dateModified\":\"2024-01-19T08:48:40+00:00\",\"mainEntityOfPage\":{\"@id\":\"https:\/\/www.efmaroc.org\/efm\/retrouvez-la-liste-des-25-eleves-pre-selectionnes-pour-le-concours-ecolexia\/\"},\"wordCount\":308,\"publisher\":{\"@id\":\"https:\/\/www.efmaroc.org\/efm\/#organization\"},\"image\":{\"@id\":\"https:\/\/www.efmaroc.org\/efm\/retrouvez-la-liste-des-25-eleves-pre-selectionnes-pour-le-concours-ecolexia\/#primaryimage\"},\"thumbnailUrl\":\"https:\/\/www.efmaroc.org\/efm\/wp-content\/uploads\/2023\/02\/POST-ECOLEXIA-V4.png\",\"articleSection\":[\"Nouvelles\",\"R\u00e9seau\"],\"inLanguage\":\"fr-FR\"},{\"@type\":\"WebPage\",\"@id\":\"https:\/\/www.efmaroc.org\/efm\/retrouvez-la-liste-des-25-eleves-pre-selectionnes-pour-le-concours-ecolexia\/\",\"url\":\"https:\/\/www.efmaroc.org\/efm\/retrouvez-la-liste-des-25-eleves-pre-selectionnes-pour-le-concours-ecolexia\/\",\"name\":\"Retrouvez la liste des 25 \u00e9l\u00e8ves pr\u00e9-s\u00e9lectionn\u00e9s pour le concours Ecolexia | Enseignement Fran\u00e7ais au Maroc\",\"isPartOf\":{\"@id\":\"https:\/\/www.efmaroc.org\/efm\/#website\"},\"primaryImageOfPage\":{\"@id\":\"https:\/\/www.efmaroc.org\/efm\/retrouvez-la-liste-des-25-eleves-pre-selectionnes-pour-le-concours-ecolexia\/#primaryimage\"},\"image\":{\"@id\":\"https:\/\/www.efmaroc.org\/efm\/retrouvez-la-liste-des-25-eleves-pre-selectionnes-pour-le-concours-ecolexia\/#primaryimage\"},\"thumbnailUrl\":\"https:\/\/www.efmaroc.org\/efm\/wp-content\/uploads\/2023\/02\/POST-ECOLEXIA-V4.png\",\"datePublished\":\"2024-01-17T09:30:59+00:00\",\"dateModified\":\"2024-01-19T08:48:40+00:00\",\"description\":\"Le concours Ecolexia est un concours de plaidoiries d\u00e9di\u00e9 exclusivement au droit de l\u2019environnement s\u2019adressant aux \u00e9l\u00e8ves de premi\u00e8re et de terminale des\",\"breadcrumb\":{\"@id\":\"https:\/\/www.efmaroc.org\/efm\/retrouvez-la-liste-des-25-eleves-pre-selectionnes-pour-le-concours-ecolexia\/#breadcrumb\"},\"inLanguage\":\"fr-FR\",\"potentialAction\":[{\"@type\":\"ReadAction\",\"target\":[\"https:\/\/www.efmaroc.org\/efm\/retrouvez-la-liste-des-25-eleves-pre-selectionnes-pour-le-concours-ecolexia\/\"]}]},{\"@type\":\"ImageObject\",\"inLanguage\":\"fr-FR\",\"@id\":\"https:\/\/www.efmaroc.org\/efm\/retrouvez-la-liste-des-25-eleves-pre-selectionnes-pour-le-concours-ecolexia\/#primaryimage\",\"url\":\"https:\/\/www.efmaroc.org\/efm\/wp-content\/uploads\/2023\/02\/POST-ECOLEXIA-V4.png\",\"contentUrl\":\"https:\/\/www.efmaroc.org\/efm\/wp-content\/uploads\/2023\/02\/POST-ECOLEXIA-V4.png\",\"width\":555,\"height\":546},{\"@type\":\"BreadcrumbList\",\"@id\":\"https:\/\/www.efmaroc.org\/efm\/retrouvez-la-liste-des-25-eleves-pre-selectionnes-pour-le-concours-ecolexia\/#breadcrumb\",\"itemListElement\":[{\"@type\":\"ListItem\",\"position\":1,\"name\":\"Accueil\",\"item\":\"https:\/\/www.efmaroc.org\/efm\/\"},{\"@type\":\"ListItem\",\"position\":2,\"name\":\"Retrouvez la liste des 25 \u00e9l\u00e8ves pr\u00e9-s\u00e9lectionn\u00e9s pour le concours Ecolexia\"}]},{\"@type\":\"WebSite\",\"@id\":\"https:\/\/www.efmaroc.org\/efm\/#website\",\"url\":\"https:\/\/www.efmaroc.org\/efm\/\",\"name\":\"EFM\",\"description\":\"Enseignement Fran\u00e7ais au Maroc\",\"publisher\":{\"@id\":\"https:\/\/www.efmaroc.org\/efm\/#organization\"},\"potentialAction\":[{\"@type\":\"SearchAction\",\"target\":{\"@type\":\"EntryPoint\",\"urlTemplate\":\"https:\/\/www.efmaroc.org\/efm\/?s={search_term_string}\"},\"query-input\":{\"@type\":\"PropertyValueSpecification\",\"valueRequired\":true,\"valueName\":\"search_term_string\"}}],\"inLanguage\":\"fr-FR\"},{\"@type\":\"Organization\",\"@id\":\"https:\/\/www.efmaroc.org\/efm\/#organization\",\"name\":\"EFM\",\"url\":\"https:\/\/www.efmaroc.org\/efm\/\",\"logo\":{\"@type\":\"ImageObject\",\"inLanguage\":\"fr-FR\",\"@id\":\"https:\/\/www.efmaroc.org\/efm\/#\/schema\/logo\/image\/\",\"url\":\"https:\/\/www.efmaroc.org\/efm\/wp-content\/uploads\/2022\/12\/efm-enseignement-francais-maroc-logotaglinex2.png\",\"contentUrl\":\"https:\/\/www.efmaroc.org\/efm\/wp-content\/uploads\/2022\/12\/efm-enseignement-francais-maroc-logotaglinex2.png\",\"width\":104,\"height\":78,\"caption\":\"EFM\"},\"image\":{\"@id\":\"https:\/\/www.efmaroc.org\/efm\/#\/schema\/logo\/image\/\"}},{\"@type\":\"Person\",\"@id\":\"https:\/\/www.efmaroc.org\/efm\/#\/schema\/person\/25a9b635a4b2276393dd87dbd94c6302\",\"name\":\"EFM\",\"image\":{\"@type\":\"ImageObject\",\"inLanguage\":\"fr-FR\",\"@id\":\"https:\/\/www.efmaroc.org\/efm\/#\/schema\/person\/image\/\",\"url\":\"https:\/\/secure.gravatar.com\/avatar\/0acf5f0ecc3b24f6fa3602920a0bc305ada83aa2d4adbe73d7718ee0e4155d61?s=96&d=mm&r=g\",\"contentUrl\":\"https:\/\/secure.gravatar.com\/avatar\/0acf5f0ecc3b24f6fa3602920a0bc305ada83aa2d4adbe73d7718ee0e4155d61?s=96&d=mm&r=g\",\"caption\":\"EFM\"},\"sameAs\":[\"https:\/\/www.efmaroc.org\/efm\"]}]}<\/script>\n<!-- \/ Yoast SEO plugin. -->","yoast_head_json":{"title":"Retrouvez la liste des 25 \u00e9l\u00e8ves pr\u00e9-s\u00e9lectionn\u00e9s pour le concours Ecolexia | Enseignement Fran\u00e7ais au Maroc","description":"Le concours Ecolexia est un concours de plaidoiries d\u00e9di\u00e9 exclusivement au droit de l\u2019environnement s\u2019adressant aux \u00e9l\u00e8ves de premi\u00e8re et de terminale des","robots":{"index":"index","follow":"follow","max-snippet":"max-snippet:-1","max-image-preview":"max-image-preview:large","max-video-preview":"max-video-preview:-1"},"canonical":"https:\/\/www.efmaroc.org\/efm\/retrouvez-la-liste-des-25-eleves-pre-selectionnes-pour-le-concours-ecolexia\/","og_locale":"fr_FR","og_type":"article","og_title":"Retrouvez la liste des 25 \u00e9l\u00e8ves pr\u00e9-s\u00e9lectionn\u00e9s pour le concours Ecolexia | Enseignement Fran\u00e7ais au Maroc","og_description":"Le concours Ecolexia est un concours de plaidoiries d\u00e9di\u00e9 exclusivement au droit de l\u2019environnement s\u2019adressant aux \u00e9l\u00e8ves de premi\u00e8re et de terminale des","og_url":"https:\/\/www.efmaroc.org\/efm\/retrouvez-la-liste-des-25-eleves-pre-selectionnes-pour-le-concours-ecolexia\/","og_site_name":"EFM","article_published_time":"2024-01-17T09:30:59+00:00","article_modified_time":"2024-01-19T08:48:40+00:00","og_image":[{"width":555,"height":546,"url":"https:\/\/www.efmaroc.org\/efm\/wp-content\/uploads\/2023\/02\/POST-ECOLEXIA-V4.png","type":"image\/png"}],"author":"EFM","twitter_card":"summary_large_image","twitter_misc":{"\u00c9crit par":"EFM","Dur\u00e9e de lecture estim\u00e9e":"1 minute"},"schema":{"@context":"https:\/\/schema.org","@graph":[{"@type":"Article","@id":"https:\/\/www.efmaroc.org\/efm\/retrouvez-la-liste-des-25-eleves-pre-selectionnes-pour-le-concours-ecolexia\/#article","isPartOf":{"@id":"https:\/\/www.efmaroc.org\/efm\/retrouvez-la-liste-des-25-eleves-pre-selectionnes-pour-le-concours-ecolexia\/"},"author":{"name":"EFM","@id":"https:\/\/www.efmaroc.org\/efm\/#\/schema\/person\/25a9b635a4b2276393dd87dbd94c6302"},"headline":"Retrouvez la liste des 25 \u00e9l\u00e8ves pr\u00e9-s\u00e9lectionn\u00e9s pour le concours Ecolexia","datePublished":"2024-01-17T09:30:59+00:00","dateModified":"2024-01-19T08:48:40+00:00","mainEntityOfPage":{"@id":"https:\/\/www.efmaroc.org\/efm\/retrouvez-la-liste-des-25-eleves-pre-selectionnes-pour-le-concours-ecolexia\/"},"wordCount":308,"publisher":{"@id":"https:\/\/www.efmaroc.org\/efm\/#organization"},"image":{"@id":"https:\/\/www.efmaroc.org\/efm\/retrouvez-la-liste-des-25-eleves-pre-selectionnes-pour-le-concours-ecolexia\/#primaryimage"},"thumbnailUrl":"https:\/\/www.efmaroc.org\/efm\/wp-content\/uploads\/2023\/02\/POST-ECOLEXIA-V4.png","articleSection":["Nouvelles","R\u00e9seau"],"inLanguage":"fr-FR"},{"@type":"WebPage","@id":"https:\/\/www.efmaroc.org\/efm\/retrouvez-la-liste-des-25-eleves-pre-selectionnes-pour-le-concours-ecolexia\/","url":"https:\/\/www.efmaroc.org\/efm\/retrouvez-la-liste-des-25-eleves-pre-selectionnes-pour-le-concours-ecolexia\/","name":"Retrouvez la liste des 25 \u00e9l\u00e8ves pr\u00e9-s\u00e9lectionn\u00e9s pour le concours Ecolexia | Enseignement Fran\u00e7ais au Maroc","isPartOf":{"@id":"https:\/\/www.efmaroc.org\/efm\/#website"},"primaryImageOfPage":{"@id":"https:\/\/www.efmaroc.org\/efm\/retrouvez-la-liste-des-25-eleves-pre-selectionnes-pour-le-concours-ecolexia\/#primaryimage"},"image":{"@id":"https:\/\/www.efmaroc.org\/efm\/retrouvez-la-liste-des-25-eleves-pre-selectionnes-pour-le-concours-ecolexia\/#primaryimage"},"thumbnailUrl":"https:\/\/www.efmaroc.org\/efm\/wp-content\/uploads\/2023\/02\/POST-ECOLEXIA-V4.png","datePublished":"2024-01-17T09:30:59+00:00","dateModified":"2024-01-19T08:48:40+00:00","description":"Le concours Ecolexia est un concours de plaidoiries d\u00e9di\u00e9 exclusivement au droit de l\u2019environnement s\u2019adressant aux \u00e9l\u00e8ves de premi\u00e8re et de terminale des","breadcrumb":{"@id":"https:\/\/www.efmaroc.org\/efm\/retrouvez-la-liste-des-25-eleves-pre-selectionnes-pour-le-concours-ecolexia\/#breadcrumb"},"inLanguage":"fr-FR","potentialAction":[{"@type":"ReadAction","target":["https:\/\/www.efmaroc.org\/efm\/retrouvez-la-liste-des-25-eleves-pre-selectionnes-pour-le-concours-ecolexia\/"]}]},{"@type":"ImageObject","inLanguage":"fr-FR","@id":"https:\/\/www.efmaroc.org\/efm\/retrouvez-la-liste-des-25-eleves-pre-selectionnes-pour-le-concours-ecolexia\/#primaryimage","url":"https:\/\/www.efmaroc.org\/efm\/wp-content\/uploads\/2023\/02\/POST-ECOLEXIA-V4.png","contentUrl":"https:\/\/www.efmaroc.org\/efm\/wp-content\/uploads\/2023\/02\/POST-ECOLEXIA-V4.png","width":555,"height":546},{"@type":"BreadcrumbList","@id":"https:\/\/www.efmaroc.org\/efm\/retrouvez-la-liste-des-25-eleves-pre-selectionnes-pour-le-concours-ecolexia\/#breadcrumb","itemListElement":[{"@type":"ListItem","position":1,"name":"Accueil","item":"https:\/\/www.efmaroc.org\/efm\/"},{"@type":"ListItem","position":2,"name":"Retrouvez la liste des 25 \u00e9l\u00e8ves pr\u00e9-s\u00e9lectionn\u00e9s pour le concours Ecolexia"}]},{"@type":"WebSite","@id":"https:\/\/www.efmaroc.org\/efm\/#website","url":"https:\/\/www.efmaroc.org\/efm\/","name":"EFM","description":"Enseignement Fran\u00e7ais au Maroc","publisher":{"@id":"https:\/\/www.efmaroc.org\/efm\/#organization"},"potentialAction":[{"@type":"SearchAction","target":{"@type":"EntryPoint","urlTemplate":"https:\/\/www.efmaroc.org\/efm\/?s={search_term_string}"},"query-input":{"@type":"PropertyValueSpecification","valueRequired":true,"valueName":"search_term_string"}}],"inLanguage":"fr-FR"},{"@type":"Organization","@id":"https:\/\/www.efmaroc.org\/efm\/#organization","name":"EFM","url":"https:\/\/www.efmaroc.org\/efm\/","logo":{"@type":"ImageObject","inLanguage":"fr-FR","@id":"https:\/\/www.efmaroc.org\/efm\/#\/schema\/logo\/image\/","url":"https:\/\/www.efmaroc.org\/efm\/wp-content\/uploads\/2022\/12\/efm-enseignement-francais-maroc-logotaglinex2.png","contentUrl":"https:\/\/www.efmaroc.org\/efm\/wp-content\/uploads\/2022\/12\/efm-enseignement-francais-maroc-logotaglinex2.png","width":104,"height":78,"caption":"EFM"},"image":{"@id":"https:\/\/www.efmaroc.org\/efm\/#\/schema\/logo\/image\/"}},{"@type":"Person","@id":"https:\/\/www.efmaroc.org\/efm\/#\/schema\/person\/25a9b635a4b2276393dd87dbd94c6302","name":"EFM","image":{"@type":"ImageObject","inLanguage":"fr-FR","@id":"https:\/\/www.efmaroc.org\/efm\/#\/schema\/person\/image\/","url":"https:\/\/secure.gravatar.com\/avatar\/0acf5f0ecc3b24f6fa3602920a0bc305ada83aa2d4adbe73d7718ee0e4155d61?s=96&d=mm&r=g","contentUrl":"https:\/\/secure.gravatar.com\/avatar\/0acf5f0ecc3b24f6fa3602920a0bc305ada83aa2d4adbe73d7718ee0e4155d61?s=96&d=mm&r=g","caption":"EFM"},"sameAs":["https:\/\/www.efmaroc.org\/efm"]}]}},"jetpack_featured_media_url":"https:\/\/www.efmaroc.org\/efm\/wp-content\/uploads\/2023\/02\/POST-ECOLEXIA-V4.png","jetpack_sharing_enabled":true,"_links":{"self":[{"href":"https:\/\/www.efmaroc.org\/efm\/wp-json\/wp\/v2\/posts\/22778","targetHints":{"allow":["GET"]}}],"collection":[{"href":"https:\/\/www.efmaroc.org\/efm\/wp-json\/wp\/v2\/posts"}],"about":[{"href":"https:\/\/www.efmaroc.org\/efm\/wp-json\/wp\/v2\/types\/post"}],"author":[{"embeddable":true,"href":"https:\/\/www.efmaroc.org\/efm\/wp-json\/wp\/v2\/users\/1"}],"replies":[{"embeddable":true,"href":"https:\/\/www.efmaroc.org\/efm\/wp-json\/wp\/v2\/comments?post=22778"}],"version-history":[{"count":5,"href":"https:\/\/www.efmaroc.org\/efm\/wp-json\/wp\/v2\/posts\/22778\/revisions"}],"predecessor-version":[{"id":22818,"href":"https:\/\/www.efmaroc.org\/efm\/wp-json\/wp\/v2\/posts\/22778\/revisions\/22818"}],"wp:featuredmedia":[{"embeddable":true,"href":"https:\/\/www.efmaroc.org\/efm\/wp-json\/wp\/v2\/media\/22817"}],"wp:attachment":[{"href":"https:\/\/www.efmaroc.org\/efm\/wp-json\/wp\/v2\/media?parent=22778"}],"wp:term":[{"taxonomy":"category","embeddable":true,"href":"https:\/\/www.efmaroc.org\/efm\/wp-json\/wp\/v2\/categories?post=22778"},{"taxonomy":"post_tag","embeddable":true,"href":"https:\/\/www.efmaroc.org\/efm\/wp-json\/wp\/v2\/tags?post=22778"}],"curies":[{"name":"wp","href":"https:\/\/api.w.org\/{rel}","templated":true}]}}