{"id":22897,"date":"2024-02-12T15:50:02","date_gmt":"2024-02-12T14:50:02","guid":{"rendered":"https:\/\/www.efmaroc.org\/efm\/?p=22897"},"modified":"2024-02-14T10:33:02","modified_gmt":"2024-02-14T09:33:02","slug":"prix-non-au-harcelement-les-etablissements-du-reseau-efm-se-mobilisent","status":"publish","type":"post","link":"https:\/\/www.efmaroc.org\/efm\/prix-non-au-harcelement-les-etablissements-du-reseau-efm-se-mobilisent\/","title":{"rendered":"Prix \u00a0\u00bbNon au harc\u00e8lement\u00a0\u00bb : les \u00e9tablissements du r\u00e9seau EFM se mobilisent"},"content":{"rendered":"\n<figure class=\"wp-block-gallery has-nested-images columns-default is-cropped wp-block-gallery-1 is-layout-flex wp-block-gallery-is-layout-flex\">\n<figure class=\"wp-block-image size-large\"><img fetchpriority=\"high\" decoding=\"async\" width=\"1024\" height=\"1024\" data-id=\"22899\" src=\"https:\/\/www.efmaroc.org\/efm\/wp-content\/uploads\/2024\/02\/STOP-AU-HARCELMENT-EFM-2023-01-1024x1024.png\" alt=\"\" class=\"wp-image-22899\" srcset=\"https:\/\/www.efmaroc.org\/efm\/wp-content\/uploads\/2024\/02\/STOP-AU-HARCELMENT-EFM-2023-01-1024x1024.png 1024w, https:\/\/www.efmaroc.org\/efm\/wp-content\/uploads\/2024\/02\/STOP-AU-HARCELMENT-EFM-2023-01-300x300.png 300w, https:\/\/www.efmaroc.org\/efm\/wp-content\/uploads\/2024\/02\/STOP-AU-HARCELMENT-EFM-2023-01-150x150.png 150w, https:\/\/www.efmaroc.org\/efm\/wp-content\/uploads\/2024\/02\/STOP-AU-HARCELMENT-EFM-2023-01-768x768.png 768w, https:\/\/www.efmaroc.org\/efm\/wp-content\/uploads\/2024\/02\/STOP-AU-HARCELMENT-EFM-2023-01-100x100.png 100w, https:\/\/www.efmaroc.org\/efm\/wp-content\/uploads\/2024\/02\/STOP-AU-HARCELMENT-EFM-2023-01-1536x1536.png 1536w, https:\/\/www.efmaroc.org\/efm\/wp-content\/uploads\/2024\/02\/STOP-AU-HARCELMENT-EFM-2023-01-2048x2048.png 2048w, https:\/\/www.efmaroc.org\/efm\/wp-content\/uploads\/2024\/02\/STOP-AU-HARCELMENT-EFM-2023-01-370x370.png 370w, https:\/\/www.efmaroc.org\/efm\/wp-content\/uploads\/2024\/02\/STOP-AU-HARCELMENT-EFM-2023-01-120x120.png 120w, https:\/\/www.efmaroc.org\/efm\/wp-content\/uploads\/2024\/02\/STOP-AU-HARCELMENT-EFM-2023-01-840x840.png 840w, https:\/\/www.efmaroc.org\/efm\/wp-content\/uploads\/2024\/02\/STOP-AU-HARCELMENT-EFM-2023-01-410x410.png 410w\" sizes=\"(max-width: 1024px) 100vw, 1024px\" \/><\/figure>\n\n\n\n<figure class=\"wp-block-image size-large\"><img decoding=\"async\" width=\"1024\" height=\"1024\" data-id=\"22898\" src=\"https:\/\/www.efmaroc.org\/efm\/wp-content\/uploads\/2024\/02\/STOP-AU-HARCELMENT-EFM-2023-02-1024x1024.png\" alt=\"\" class=\"wp-image-22898\" srcset=\"https:\/\/www.efmaroc.org\/efm\/wp-content\/uploads\/2024\/02\/STOP-AU-HARCELMENT-EFM-2023-02-1024x1024.png 1024w, https:\/\/www.efmaroc.org\/efm\/wp-content\/uploads\/2024\/02\/STOP-AU-HARCELMENT-EFM-2023-02-300x300.png 300w, https:\/\/www.efmaroc.org\/efm\/wp-content\/uploads\/2024\/02\/STOP-AU-HARCELMENT-EFM-2023-02-150x150.png 150w, https:\/\/www.efmaroc.org\/efm\/wp-content\/uploads\/2024\/02\/STOP-AU-HARCELMENT-EFM-2023-02-768x768.png 768w, https:\/\/www.efmaroc.org\/efm\/wp-content\/uploads\/2024\/02\/STOP-AU-HARCELMENT-EFM-2023-02-100x100.png 100w, https:\/\/www.efmaroc.org\/efm\/wp-content\/uploads\/2024\/02\/STOP-AU-HARCELMENT-EFM-2023-02-1536x1536.png 1536w, https:\/\/www.efmaroc.org\/efm\/wp-content\/uploads\/2024\/02\/STOP-AU-HARCELMENT-EFM-2023-02-2048x2048.png 2048w, https:\/\/www.efmaroc.org\/efm\/wp-content\/uploads\/2024\/02\/STOP-AU-HARCELMENT-EFM-2023-02-370x370.png 370w, https:\/\/www.efmaroc.org\/efm\/wp-content\/uploads\/2024\/02\/STOP-AU-HARCELMENT-EFM-2023-02-120x120.png 120w, https:\/\/www.efmaroc.org\/efm\/wp-content\/uploads\/2024\/02\/STOP-AU-HARCELMENT-EFM-2023-02-840x840.png 840w, https:\/\/www.efmaroc.org\/efm\/wp-content\/uploads\/2024\/02\/STOP-AU-HARCELMENT-EFM-2023-02-410x410.png 410w\" sizes=\"(max-width: 1024px) 100vw, 1024px\" \/><\/figure>\n<\/figure>\n\n\n\n<p>\u00c0 l\u2019occasion de la journ\u00e9e nationale, \u00ab Non au harc\u00e8lement \u00bb qui s&rsquo;est tenue <strong>le 09 novembre 2023<\/strong>, l\u2019AEFE lance un appel \u00e0 participation au prix \u00ab Non au harc\u00e8lement \u00bb. Il s\u2019adresse aux \u00e9l\u00e8ves du CP au lyc\u00e9e. Ce prix a pour objectif de donner la parole aux \u00e9l\u00e8ves pour qu\u2019ils s&rsquo;expriment collectivement sur le harc\u00e8lement en milieu scolaire \u00e0 travers la production d&rsquo;un support de communication (affiche ou vid\u00e9o), sous la conduite des \u00e9quipes p\u00e9dagogiques et \u00e9ducatives, en articulation avec le plan de pr\u00e9vention du harc\u00e8lement de leur \u00e9tablissement.<\/p>\n\n\n\n<p>En cette \u00ab Ann\u00e9e du sport \u00bb dans le r\u00e9seau de l&rsquo;AEFE, <strong>une mention \u00ab valeurs du sport \u00bb<\/strong> r\u00e9compensera une affiche ou une vid\u00e9o traitant de la pr\u00e9vention du harc\u00e8lement \u00e0 travers l\u2019\u00e9ducation physique et sportive.<\/p>\n\n\n\n<p>Liste des \u00e9tablissements participants au prix : <\/p>\n\n\n\n<ul class=\"wp-block-list\">\n<li>Coll\u00e8ge Anatole France<\/li>\n\n\n\n<li>Coll\u00e8ge Saint-Exup\u00e9ry<\/li>\n\n\n\n<li>\u00c9cole Normale H\u00e9bra\u00efque <\/li>\n\n\n\n<li>Groupe Scolaire Claude Monet<\/li>\n\n\n\n<li>Groupe scolaire Jacques Chirac<\/li>\n\n\n\n<li>Lyc\u00e9e fran\u00e7ais international Jean-Charcot<\/li>\n\n\n\n<li>Groupe scolaire Jean-de-La-Fontaine<\/li>\n\n\n\n<li>Lyc\u00e9e Descartes<\/li>\n\n\n\n<li>Lyc\u00e9e fran\u00e7ais international Louis-Massignon<\/li>\n<\/ul>\n\n\n\n<p><\/p>\n","protected":false},"excerpt":{"rendered":"<p>\u00c0 l\u2019occasion de la journ\u00e9e nationale, \u00ab Non au harc\u00e8lement \u00bb qui s&rsquo;est tenue le&hellip;<\/p>\n","protected":false},"author":1,"featured_media":22899,"comment_status":"closed","ping_status":"closed","sticky":false,"template":"","format":"standard","meta":{"_jetpack_newsletter_access":"","_jetpack_dont_email_post_to_subs":false,"_jetpack_newsletter_tier_id":0,"_jetpack_memberships_contains_paywalled_content":false,"_jetpack_memberships_contains_paid_content":false,"footnotes":""},"categories":[13],"tags":[],"class_list":["post-22897","post","type-post","status-publish","format-standard","has-post-thumbnail","hentry","category-reseau"],"yoast_head":"<!-- This site is optimized with the Yoast SEO plugin v26.8 - https:\/\/yoast.com\/product\/yoast-seo-wordpress\/ -->\n<title>Prix &#039;&#039;Non au harc\u00e8lement&#039;&#039; : les \u00e9tablissements du r\u00e9seau EFM se mobilisent | Enseignement Fran\u00e7ais au Maroc<\/title>\n<meta name=\"description\" content=\"\u00c0 l\u2019occasion de la journ\u00e9e nationale, \u00ab Non au harc\u00e8lement \u00bb qui s&#039;est tenue le 09 novembre 2023, l\u2019AEFE lance un appel \u00e0 participation au prix \u00ab Non au\" \/>\n<meta name=\"robots\" content=\"index, follow, max-snippet:-1, max-image-preview:large, max-video-preview:-1\" \/>\n<link rel=\"canonical\" href=\"https:\/\/www.efmaroc.org\/efm\/prix-non-au-harcelement-les-etablissements-du-reseau-efm-se-mobilisent\/\" \/>\n<meta property=\"og:locale\" content=\"fr_FR\" \/>\n<meta property=\"og:type\" content=\"article\" \/>\n<meta property=\"og:title\" content=\"Prix &#039;&#039;Non au harc\u00e8lement&#039;&#039; : les \u00e9tablissements du r\u00e9seau EFM se mobilisent | Enseignement Fran\u00e7ais au Maroc\" \/>\n<meta property=\"og:description\" content=\"\u00c0 l\u2019occasion de la journ\u00e9e nationale, \u00ab Non au harc\u00e8lement \u00bb qui s&#039;est tenue le 09 novembre 2023, l\u2019AEFE lance un appel \u00e0 participation au prix \u00ab Non au\" \/>\n<meta property=\"og:url\" content=\"https:\/\/www.efmaroc.org\/efm\/prix-non-au-harcelement-les-etablissements-du-reseau-efm-se-mobilisent\/\" \/>\n<meta property=\"og:site_name\" content=\"EFM\" \/>\n<meta property=\"article:published_time\" content=\"2024-02-12T14:50:02+00:00\" \/>\n<meta property=\"article:modified_time\" content=\"2024-02-14T09:33:02+00:00\" \/>\n<meta property=\"og:image\" content=\"https:\/\/www.efmaroc.org\/efm\/wp-content\/uploads\/2024\/02\/STOP-AU-HARCELMENT-EFM-2023-01.png\" \/>\n\t<meta property=\"og:image:width\" content=\"4267\" \/>\n\t<meta property=\"og:image:height\" content=\"4267\" \/>\n\t<meta property=\"og:image:type\" content=\"image\/png\" \/>\n<meta name=\"author\" content=\"EFM\" \/>\n<meta name=\"twitter:card\" content=\"summary_large_image\" \/>\n<meta name=\"twitter:label1\" content=\"\u00c9crit par\" \/>\n\t<meta name=\"twitter:data1\" content=\"EFM\" \/>\n\t<meta name=\"twitter:label2\" content=\"Dur\u00e9e de lecture estim\u00e9e\" \/>\n\t<meta name=\"twitter:data2\" content=\"1 minute\" \/>\n<script type=\"application\/ld+json\" class=\"yoast-schema-graph\">{\"@context\":\"https:\/\/schema.org\",\"@graph\":[{\"@type\":\"Article\",\"@id\":\"https:\/\/www.efmaroc.org\/efm\/prix-non-au-harcelement-les-etablissements-du-reseau-efm-se-mobilisent\/#article\",\"isPartOf\":{\"@id\":\"https:\/\/www.efmaroc.org\/efm\/prix-non-au-harcelement-les-etablissements-du-reseau-efm-se-mobilisent\/\"},\"author\":{\"name\":\"EFM\",\"@id\":\"https:\/\/www.efmaroc.org\/efm\/#\/schema\/person\/25a9b635a4b2276393dd87dbd94c6302\"},\"headline\":\"Prix \u00a0\u00bbNon au harc\u00e8lement\u00a0\u00bb : les \u00e9tablissements du r\u00e9seau EFM se mobilisent\",\"datePublished\":\"2024-02-12T14:50:02+00:00\",\"dateModified\":\"2024-02-14T09:33:02+00:00\",\"mainEntityOfPage\":{\"@id\":\"https:\/\/www.efmaroc.org\/efm\/prix-non-au-harcelement-les-etablissements-du-reseau-efm-se-mobilisent\/\"},\"wordCount\":198,\"publisher\":{\"@id\":\"https:\/\/www.efmaroc.org\/efm\/#organization\"},\"image\":{\"@id\":\"https:\/\/www.efmaroc.org\/efm\/prix-non-au-harcelement-les-etablissements-du-reseau-efm-se-mobilisent\/#primaryimage\"},\"thumbnailUrl\":\"https:\/\/www.efmaroc.org\/efm\/wp-content\/uploads\/2024\/02\/STOP-AU-HARCELMENT-EFM-2023-01.png\",\"articleSection\":[\"R\u00e9seau\"],\"inLanguage\":\"fr-FR\"},{\"@type\":\"WebPage\",\"@id\":\"https:\/\/www.efmaroc.org\/efm\/prix-non-au-harcelement-les-etablissements-du-reseau-efm-se-mobilisent\/\",\"url\":\"https:\/\/www.efmaroc.org\/efm\/prix-non-au-harcelement-les-etablissements-du-reseau-efm-se-mobilisent\/\",\"name\":\"Prix ''Non au harc\u00e8lement'' : les \u00e9tablissements du r\u00e9seau EFM se mobilisent | Enseignement Fran\u00e7ais au Maroc\",\"isPartOf\":{\"@id\":\"https:\/\/www.efmaroc.org\/efm\/#website\"},\"primaryImageOfPage\":{\"@id\":\"https:\/\/www.efmaroc.org\/efm\/prix-non-au-harcelement-les-etablissements-du-reseau-efm-se-mobilisent\/#primaryimage\"},\"image\":{\"@id\":\"https:\/\/www.efmaroc.org\/efm\/prix-non-au-harcelement-les-etablissements-du-reseau-efm-se-mobilisent\/#primaryimage\"},\"thumbnailUrl\":\"https:\/\/www.efmaroc.org\/efm\/wp-content\/uploads\/2024\/02\/STOP-AU-HARCELMENT-EFM-2023-01.png\",\"datePublished\":\"2024-02-12T14:50:02+00:00\",\"dateModified\":\"2024-02-14T09:33:02+00:00\",\"description\":\"\u00c0 l\u2019occasion de la journ\u00e9e nationale, \u00ab Non au harc\u00e8lement \u00bb qui s'est tenue le 09 novembre 2023, l\u2019AEFE lance un appel \u00e0 participation au prix \u00ab Non au\",\"breadcrumb\":{\"@id\":\"https:\/\/www.efmaroc.org\/efm\/prix-non-au-harcelement-les-etablissements-du-reseau-efm-se-mobilisent\/#breadcrumb\"},\"inLanguage\":\"fr-FR\",\"potentialAction\":[{\"@type\":\"ReadAction\",\"target\":[\"https:\/\/www.efmaroc.org\/efm\/prix-non-au-harcelement-les-etablissements-du-reseau-efm-se-mobilisent\/\"]}]},{\"@type\":\"ImageObject\",\"inLanguage\":\"fr-FR\",\"@id\":\"https:\/\/www.efmaroc.org\/efm\/prix-non-au-harcelement-les-etablissements-du-reseau-efm-se-mobilisent\/#primaryimage\",\"url\":\"https:\/\/www.efmaroc.org\/efm\/wp-content\/uploads\/2024\/02\/STOP-AU-HARCELMENT-EFM-2023-01.png\",\"contentUrl\":\"https:\/\/www.efmaroc.org\/efm\/wp-content\/uploads\/2024\/02\/STOP-AU-HARCELMENT-EFM-2023-01.png\",\"width\":4267,\"height\":4267},{\"@type\":\"BreadcrumbList\",\"@id\":\"https:\/\/www.efmaroc.org\/efm\/prix-non-au-harcelement-les-etablissements-du-reseau-efm-se-mobilisent\/#breadcrumb\",\"itemListElement\":[{\"@type\":\"ListItem\",\"position\":1,\"name\":\"Accueil\",\"item\":\"https:\/\/www.efmaroc.org\/efm\/\"},{\"@type\":\"ListItem\",\"position\":2,\"name\":\"Prix \u00a0\u00bbNon au harc\u00e8lement\u00a0\u00bb : les \u00e9tablissements du r\u00e9seau EFM se mobilisent\"}]},{\"@type\":\"WebSite\",\"@id\":\"https:\/\/www.efmaroc.org\/efm\/#website\",\"url\":\"https:\/\/www.efmaroc.org\/efm\/\",\"name\":\"EFM\",\"description\":\"Enseignement Fran\u00e7ais au Maroc\",\"publisher\":{\"@id\":\"https:\/\/www.efmaroc.org\/efm\/#organization\"},\"potentialAction\":[{\"@type\":\"SearchAction\",\"target\":{\"@type\":\"EntryPoint\",\"urlTemplate\":\"https:\/\/www.efmaroc.org\/efm\/?s={search_term_string}\"},\"query-input\":{\"@type\":\"PropertyValueSpecification\",\"valueRequired\":true,\"valueName\":\"search_term_string\"}}],\"inLanguage\":\"fr-FR\"},{\"@type\":\"Organization\",\"@id\":\"https:\/\/www.efmaroc.org\/efm\/#organization\",\"name\":\"EFM\",\"url\":\"https:\/\/www.efmaroc.org\/efm\/\",\"logo\":{\"@type\":\"ImageObject\",\"inLanguage\":\"fr-FR\",\"@id\":\"https:\/\/www.efmaroc.org\/efm\/#\/schema\/logo\/image\/\",\"url\":\"https:\/\/www.efmaroc.org\/efm\/wp-content\/uploads\/2022\/12\/efm-enseignement-francais-maroc-logotaglinex2.png\",\"contentUrl\":\"https:\/\/www.efmaroc.org\/efm\/wp-content\/uploads\/2022\/12\/efm-enseignement-francais-maroc-logotaglinex2.png\",\"width\":104,\"height\":78,\"caption\":\"EFM\"},\"image\":{\"@id\":\"https:\/\/www.efmaroc.org\/efm\/#\/schema\/logo\/image\/\"}},{\"@type\":\"Person\",\"@id\":\"https:\/\/www.efmaroc.org\/efm\/#\/schema\/person\/25a9b635a4b2276393dd87dbd94c6302\",\"name\":\"EFM\",\"image\":{\"@type\":\"ImageObject\",\"inLanguage\":\"fr-FR\",\"@id\":\"https:\/\/www.efmaroc.org\/efm\/#\/schema\/person\/image\/\",\"url\":\"https:\/\/secure.gravatar.com\/avatar\/0acf5f0ecc3b24f6fa3602920a0bc305ada83aa2d4adbe73d7718ee0e4155d61?s=96&d=mm&r=g\",\"contentUrl\":\"https:\/\/secure.gravatar.com\/avatar\/0acf5f0ecc3b24f6fa3602920a0bc305ada83aa2d4adbe73d7718ee0e4155d61?s=96&d=mm&r=g\",\"caption\":\"EFM\"},\"sameAs\":[\"https:\/\/www.efmaroc.org\/efm\"]}]}<\/script>\n<!-- \/ Yoast SEO plugin. -->","yoast_head_json":{"title":"Prix ''Non au harc\u00e8lement'' : les \u00e9tablissements du r\u00e9seau EFM se mobilisent | Enseignement Fran\u00e7ais au Maroc","description":"\u00c0 l\u2019occasion de la journ\u00e9e nationale, \u00ab Non au harc\u00e8lement \u00bb qui s'est tenue le 09 novembre 2023, l\u2019AEFE lance un appel \u00e0 participation au prix \u00ab Non au","robots":{"index":"index","follow":"follow","max-snippet":"max-snippet:-1","max-image-preview":"max-image-preview:large","max-video-preview":"max-video-preview:-1"},"canonical":"https:\/\/www.efmaroc.org\/efm\/prix-non-au-harcelement-les-etablissements-du-reseau-efm-se-mobilisent\/","og_locale":"fr_FR","og_type":"article","og_title":"Prix ''Non au harc\u00e8lement'' : les \u00e9tablissements du r\u00e9seau EFM se mobilisent | Enseignement Fran\u00e7ais au Maroc","og_description":"\u00c0 l\u2019occasion de la journ\u00e9e nationale, \u00ab Non au harc\u00e8lement \u00bb qui s'est tenue le 09 novembre 2023, l\u2019AEFE lance un appel \u00e0 participation au prix \u00ab Non au","og_url":"https:\/\/www.efmaroc.org\/efm\/prix-non-au-harcelement-les-etablissements-du-reseau-efm-se-mobilisent\/","og_site_name":"EFM","article_published_time":"2024-02-12T14:50:02+00:00","article_modified_time":"2024-02-14T09:33:02+00:00","og_image":[{"width":4267,"height":4267,"url":"https:\/\/www.efmaroc.org\/efm\/wp-content\/uploads\/2024\/02\/STOP-AU-HARCELMENT-EFM-2023-01.png","type":"image\/png"}],"author":"EFM","twitter_card":"summary_large_image","twitter_misc":{"\u00c9crit par":"EFM","Dur\u00e9e de lecture estim\u00e9e":"1 minute"},"schema":{"@context":"https:\/\/schema.org","@graph":[{"@type":"Article","@id":"https:\/\/www.efmaroc.org\/efm\/prix-non-au-harcelement-les-etablissements-du-reseau-efm-se-mobilisent\/#article","isPartOf":{"@id":"https:\/\/www.efmaroc.org\/efm\/prix-non-au-harcelement-les-etablissements-du-reseau-efm-se-mobilisent\/"},"author":{"name":"EFM","@id":"https:\/\/www.efmaroc.org\/efm\/#\/schema\/person\/25a9b635a4b2276393dd87dbd94c6302"},"headline":"Prix \u00a0\u00bbNon au harc\u00e8lement\u00a0\u00bb : les \u00e9tablissements du r\u00e9seau EFM se mobilisent","datePublished":"2024-02-12T14:50:02+00:00","dateModified":"2024-02-14T09:33:02+00:00","mainEntityOfPage":{"@id":"https:\/\/www.efmaroc.org\/efm\/prix-non-au-harcelement-les-etablissements-du-reseau-efm-se-mobilisent\/"},"wordCount":198,"publisher":{"@id":"https:\/\/www.efmaroc.org\/efm\/#organization"},"image":{"@id":"https:\/\/www.efmaroc.org\/efm\/prix-non-au-harcelement-les-etablissements-du-reseau-efm-se-mobilisent\/#primaryimage"},"thumbnailUrl":"https:\/\/www.efmaroc.org\/efm\/wp-content\/uploads\/2024\/02\/STOP-AU-HARCELMENT-EFM-2023-01.png","articleSection":["R\u00e9seau"],"inLanguage":"fr-FR"},{"@type":"WebPage","@id":"https:\/\/www.efmaroc.org\/efm\/prix-non-au-harcelement-les-etablissements-du-reseau-efm-se-mobilisent\/","url":"https:\/\/www.efmaroc.org\/efm\/prix-non-au-harcelement-les-etablissements-du-reseau-efm-se-mobilisent\/","name":"Prix ''Non au harc\u00e8lement'' : les \u00e9tablissements du r\u00e9seau EFM se mobilisent | Enseignement Fran\u00e7ais au Maroc","isPartOf":{"@id":"https:\/\/www.efmaroc.org\/efm\/#website"},"primaryImageOfPage":{"@id":"https:\/\/www.efmaroc.org\/efm\/prix-non-au-harcelement-les-etablissements-du-reseau-efm-se-mobilisent\/#primaryimage"},"image":{"@id":"https:\/\/www.efmaroc.org\/efm\/prix-non-au-harcelement-les-etablissements-du-reseau-efm-se-mobilisent\/#primaryimage"},"thumbnailUrl":"https:\/\/www.efmaroc.org\/efm\/wp-content\/uploads\/2024\/02\/STOP-AU-HARCELMENT-EFM-2023-01.png","datePublished":"2024-02-12T14:50:02+00:00","dateModified":"2024-02-14T09:33:02+00:00","description":"\u00c0 l\u2019occasion de la journ\u00e9e nationale, \u00ab Non au harc\u00e8lement \u00bb qui s'est tenue le 09 novembre 2023, l\u2019AEFE lance un appel \u00e0 participation au prix \u00ab Non au","breadcrumb":{"@id":"https:\/\/www.efmaroc.org\/efm\/prix-non-au-harcelement-les-etablissements-du-reseau-efm-se-mobilisent\/#breadcrumb"},"inLanguage":"fr-FR","potentialAction":[{"@type":"ReadAction","target":["https:\/\/www.efmaroc.org\/efm\/prix-non-au-harcelement-les-etablissements-du-reseau-efm-se-mobilisent\/"]}]},{"@type":"ImageObject","inLanguage":"fr-FR","@id":"https:\/\/www.efmaroc.org\/efm\/prix-non-au-harcelement-les-etablissements-du-reseau-efm-se-mobilisent\/#primaryimage","url":"https:\/\/www.efmaroc.org\/efm\/wp-content\/uploads\/2024\/02\/STOP-AU-HARCELMENT-EFM-2023-01.png","contentUrl":"https:\/\/www.efmaroc.org\/efm\/wp-content\/uploads\/2024\/02\/STOP-AU-HARCELMENT-EFM-2023-01.png","width":4267,"height":4267},{"@type":"BreadcrumbList","@id":"https:\/\/www.efmaroc.org\/efm\/prix-non-au-harcelement-les-etablissements-du-reseau-efm-se-mobilisent\/#breadcrumb","itemListElement":[{"@type":"ListItem","position":1,"name":"Accueil","item":"https:\/\/www.efmaroc.org\/efm\/"},{"@type":"ListItem","position":2,"name":"Prix \u00a0\u00bbNon au harc\u00e8lement\u00a0\u00bb : les \u00e9tablissements du r\u00e9seau EFM se mobilisent"}]},{"@type":"WebSite","@id":"https:\/\/www.efmaroc.org\/efm\/#website","url":"https:\/\/www.efmaroc.org\/efm\/","name":"EFM","description":"Enseignement Fran\u00e7ais au Maroc","publisher":{"@id":"https:\/\/www.efmaroc.org\/efm\/#organization"},"potentialAction":[{"@type":"SearchAction","target":{"@type":"EntryPoint","urlTemplate":"https:\/\/www.efmaroc.org\/efm\/?s={search_term_string}"},"query-input":{"@type":"PropertyValueSpecification","valueRequired":true,"valueName":"search_term_string"}}],"inLanguage":"fr-FR"},{"@type":"Organization","@id":"https:\/\/www.efmaroc.org\/efm\/#organization","name":"EFM","url":"https:\/\/www.efmaroc.org\/efm\/","logo":{"@type":"ImageObject","inLanguage":"fr-FR","@id":"https:\/\/www.efmaroc.org\/efm\/#\/schema\/logo\/image\/","url":"https:\/\/www.efmaroc.org\/efm\/wp-content\/uploads\/2022\/12\/efm-enseignement-francais-maroc-logotaglinex2.png","contentUrl":"https:\/\/www.efmaroc.org\/efm\/wp-content\/uploads\/2022\/12\/efm-enseignement-francais-maroc-logotaglinex2.png","width":104,"height":78,"caption":"EFM"},"image":{"@id":"https:\/\/www.efmaroc.org\/efm\/#\/schema\/logo\/image\/"}},{"@type":"Person","@id":"https:\/\/www.efmaroc.org\/efm\/#\/schema\/person\/25a9b635a4b2276393dd87dbd94c6302","name":"EFM","image":{"@type":"ImageObject","inLanguage":"fr-FR","@id":"https:\/\/www.efmaroc.org\/efm\/#\/schema\/person\/image\/","url":"https:\/\/secure.gravatar.com\/avatar\/0acf5f0ecc3b24f6fa3602920a0bc305ada83aa2d4adbe73d7718ee0e4155d61?s=96&d=mm&r=g","contentUrl":"https:\/\/secure.gravatar.com\/avatar\/0acf5f0ecc3b24f6fa3602920a0bc305ada83aa2d4adbe73d7718ee0e4155d61?s=96&d=mm&r=g","caption":"EFM"},"sameAs":["https:\/\/www.efmaroc.org\/efm"]}]}},"jetpack_featured_media_url":"https:\/\/www.efmaroc.org\/efm\/wp-content\/uploads\/2024\/02\/STOP-AU-HARCELMENT-EFM-2023-01.png","jetpack_sharing_enabled":true,"_links":{"self":[{"href":"https:\/\/www.efmaroc.org\/efm\/wp-json\/wp\/v2\/posts\/22897","targetHints":{"allow":["GET"]}}],"collection":[{"href":"https:\/\/www.efmaroc.org\/efm\/wp-json\/wp\/v2\/posts"}],"about":[{"href":"https:\/\/www.efmaroc.org\/efm\/wp-json\/wp\/v2\/types\/post"}],"author":[{"embeddable":true,"href":"https:\/\/www.efmaroc.org\/efm\/wp-json\/wp\/v2\/users\/1"}],"replies":[{"embeddable":true,"href":"https:\/\/www.efmaroc.org\/efm\/wp-json\/wp\/v2\/comments?post=22897"}],"version-history":[{"count":2,"href":"https:\/\/www.efmaroc.org\/efm\/wp-json\/wp\/v2\/posts\/22897\/revisions"}],"predecessor-version":[{"id":22908,"href":"https:\/\/www.efmaroc.org\/efm\/wp-json\/wp\/v2\/posts\/22897\/revisions\/22908"}],"wp:featuredmedia":[{"embeddable":true,"href":"https:\/\/www.efmaroc.org\/efm\/wp-json\/wp\/v2\/media\/22899"}],"wp:attachment":[{"href":"https:\/\/www.efmaroc.org\/efm\/wp-json\/wp\/v2\/media?parent=22897"}],"wp:term":[{"taxonomy":"category","embeddable":true,"href":"https:\/\/www.efmaroc.org\/efm\/wp-json\/wp\/v2\/categories?post=22897"},{"taxonomy":"post_tag","embeddable":true,"href":"https:\/\/www.efmaroc.org\/efm\/wp-json\/wp\/v2\/tags?post=22897"}],"curies":[{"name":"wp","href":"https:\/\/api.w.org\/{rel}","templated":true}]}}