{"id":22942,"date":"2024-03-18T11:20:24","date_gmt":"2024-03-18T10:20:24","guid":{"rendered":"https:\/\/www.efmaroc.org\/efm\/?p=22942"},"modified":"2024-03-18T11:20:59","modified_gmt":"2024-03-18T10:20:59","slug":"programme-de-la-semaine-olympique-et-paralympique-sop-du-1-au-5-avril-2024","status":"publish","type":"post","link":"https:\/\/www.efmaroc.org\/efm\/programme-de-la-semaine-olympique-et-paralympique-sop-du-1-au-5-avril-2024\/","title":{"rendered":"Programme de la Semaine Olympique et Paralympique (SOP)  du 1 au 5 avril 2024"},"content":{"rendered":"\n<p><strong>Lundi 01\/04 14\u00a0h\u00a030 &#8211; 15\u00a0h\u00a030<\/strong> : \u00a0<strong>masterclass sur le th\u00e8me du handicap et de l&rsquo;inclusion en milieu scolaire et sportif <\/strong>sera organis\u00e9e en salle S Veil le lundi 1\u1d49\u02b3 avril de 14\u00a0h\u00a030 \u00e0 15\u00a0h\u00a030.\u00a0<\/p>\n\n\n\n<p>L&rsquo;occasion de sensibiliser nos \u00e9l\u00e8ves et de d\u00e9battre avec nos invit\u00e9(e)s sur des questions comme :<\/p>\n\n\n\n<p>\u2014 Une personne en situation de handicap peut-elle tout faire ?<\/p>\n\n\n\n<p>\u2014 Quelles relations entretiennent les sportifs valides et ceux en situation de handicap ?<\/p>\n\n\n\n<p>\u2014 Comment les milieux scolaires et sportifs s&rsquo;adaptent aux diff\u00e9rents types de handicap ?<\/p>\n\n\n\n<p>\u2014 Ou encore quelles adaptations pourraient permettre une meilleure inclusion des personnes en situation de handicap dans notre soci\u00e9t\u00e9 ?<\/p>\n\n\n\n<p><strong>Les invit\u00e9(e)s seront :&nbsp;<\/strong><\/p>\n\n\n\n<p>&#8211; Michael Jeremiasz (joueur de tennis en fauteuil) ancien n\u00b01 mondial de tennis en fauteuil, 4 fois m\u00e9daill\u00e9s olympique et porte-drapeau lors des JO de Rio 2016<\/p>\n\n\n\n<p>&#8211; Malak Lazreq, \u00e9l\u00e8ve non voyante en 3\u1d49 au coll\u00e8ge Saint-Exup\u00e9ry de Rabat<\/p>\n\n\n\n<p>&#8211; Mohamed Amine Elbouazzaoui,  paracycliste\u00a0marocain en course pour les JO de Paris 2024<\/p>\n\n\n\n<p><strong>Mardi 02\/04 11\u00a0h\u00a015 &#8211; 12h<\/strong> : <strong>intervention du comit\u00e9 national olympique marocain (CNOM)<\/strong> sur l&rsquo;histoire des jeux olympiques depuis la premi\u00e8re m\u00e9daille marocaine aux JO de Rome en 1960 \u00e0 aujourd&rsquo;hui. Pr\u00e9sentation des athl\u00e8tes marocains s\u00e9lectionn\u00e9s\u00a0aux JO de Paris 2024.<\/p>\n\n\n\n<p>Toute la semaine, les enseignants du lyc\u00e9e Descartes organiseront <strong>des activit\u00e9s adapt\u00e9es<\/strong>&nbsp;avec leurs \u00e9l\u00e8ves lors de leurs cours et de leurs Associations Sportives (AS) . Cela sera \u00e9galement l&rsquo;occasion de <strong>cr\u00e9er du lien avec l&rsquo;\u00e9cole C\u00e9zanne<\/strong> qui viendra participer \u00e0 ces ateliers avec 2 classes de grande section et une classe de CM1.<\/p>\n\n\n\n<figure class=\"wp-block-image alignleft size-large\"><img fetchpriority=\"high\" decoding=\"async\" width=\"819\" height=\"1024\" src=\"https:\/\/www.efmaroc.org\/efm\/wp-content\/uploads\/2024\/03\/jeux-de-la-zone-Maroc-1-819x1024.jpg\" alt=\"\" class=\"wp-image-22944\" style=\"aspect-ratio:2\/3;object-fit:cover\" srcset=\"https:\/\/www.efmaroc.org\/efm\/wp-content\/uploads\/2024\/03\/jeux-de-la-zone-Maroc-1-819x1024.jpg 819w, https:\/\/www.efmaroc.org\/efm\/wp-content\/uploads\/2024\/03\/jeux-de-la-zone-Maroc-1-240x300.jpg 240w, https:\/\/www.efmaroc.org\/efm\/wp-content\/uploads\/2024\/03\/jeux-de-la-zone-Maroc-1-768x960.jpg 768w, https:\/\/www.efmaroc.org\/efm\/wp-content\/uploads\/2024\/03\/jeux-de-la-zone-Maroc-1-1229x1536.jpg 1229w, https:\/\/www.efmaroc.org\/efm\/wp-content\/uploads\/2024\/03\/jeux-de-la-zone-Maroc-1-370x463.jpg 370w, https:\/\/www.efmaroc.org\/efm\/wp-content\/uploads\/2024\/03\/jeux-de-la-zone-Maroc-1-840x1050.jpg 840w, https:\/\/www.efmaroc.org\/efm\/wp-content\/uploads\/2024\/03\/jeux-de-la-zone-Maroc-1-410x513.jpg 410w, https:\/\/www.efmaroc.org\/efm\/wp-content\/uploads\/2024\/03\/jeux-de-la-zone-Maroc-1.jpg 1500w\" sizes=\"(max-width: 819px) 100vw, 819px\" \/><\/figure>\n","protected":false},"excerpt":{"rendered":"<p>Lundi 01\/04 14\u00a0h\u00a030 &#8211; 15\u00a0h\u00a030 : \u00a0masterclass sur le th\u00e8me du handicap et de l&rsquo;inclusion&hellip;<\/p>\n","protected":false},"author":1,"featured_media":22944,"comment_status":"closed","ping_status":"open","sticky":false,"template":"","format":"standard","meta":{"_jetpack_newsletter_access":"","_jetpack_dont_email_post_to_subs":false,"_jetpack_newsletter_tier_id":0,"_jetpack_memberships_contains_paywalled_content":false,"_jetpack_memberships_contains_paid_content":false,"footnotes":""},"categories":[13],"tags":[],"class_list":["post-22942","post","type-post","status-publish","format-standard","has-post-thumbnail","hentry","category-reseau"],"yoast_head":"<!-- This site is optimized with the Yoast SEO plugin v26.8 - https:\/\/yoast.com\/product\/yoast-seo-wordpress\/ -->\n<title>Programme de la Semaine Olympique et Paralympique (SOP) du 1 au 5 avril 2024 | Enseignement Fran\u00e7ais au Maroc<\/title>\n<meta name=\"description\" content=\"Lundi 01\/04 14\u00a0h\u00a030 - 15\u00a0h\u00a030 : \u00a0masterclass sur le th\u00e8me du handicap et de l&#039;inclusion en milieu scolaire et sportif sera organis\u00e9e en salle S Veil le\" \/>\n<meta name=\"robots\" content=\"index, follow, max-snippet:-1, max-image-preview:large, max-video-preview:-1\" \/>\n<link rel=\"canonical\" href=\"https:\/\/www.efmaroc.org\/efm\/programme-de-la-semaine-olympique-et-paralympique-sop-du-1-au-5-avril-2024\/\" \/>\n<meta property=\"og:locale\" content=\"fr_FR\" \/>\n<meta property=\"og:type\" content=\"article\" \/>\n<meta property=\"og:title\" content=\"Programme de la Semaine Olympique et Paralympique (SOP) du 1 au 5 avril 2024 | Enseignement Fran\u00e7ais au Maroc\" \/>\n<meta property=\"og:description\" content=\"Lundi 01\/04 14\u00a0h\u00a030 - 15\u00a0h\u00a030 : \u00a0masterclass sur le th\u00e8me du handicap et de l&#039;inclusion en milieu scolaire et sportif sera organis\u00e9e en salle S Veil le\" \/>\n<meta property=\"og:url\" content=\"https:\/\/www.efmaroc.org\/efm\/programme-de-la-semaine-olympique-et-paralympique-sop-du-1-au-5-avril-2024\/\" \/>\n<meta property=\"og:site_name\" content=\"EFM\" \/>\n<meta property=\"article:published_time\" content=\"2024-03-18T10:20:24+00:00\" \/>\n<meta property=\"article:modified_time\" content=\"2024-03-18T10:20:59+00:00\" \/>\n<meta property=\"og:image\" content=\"https:\/\/www.efmaroc.org\/efm\/wp-content\/uploads\/2024\/03\/jeux-de-la-zone-Maroc-1.jpg\" \/>\n\t<meta property=\"og:image:width\" content=\"1500\" \/>\n\t<meta property=\"og:image:height\" content=\"1875\" \/>\n\t<meta property=\"og:image:type\" content=\"image\/jpeg\" \/>\n<meta name=\"author\" content=\"EFM\" \/>\n<meta name=\"twitter:card\" content=\"summary_large_image\" \/>\n<meta name=\"twitter:label1\" content=\"\u00c9crit par\" \/>\n\t<meta name=\"twitter:data1\" content=\"EFM\" \/>\n\t<meta name=\"twitter:label2\" content=\"Dur\u00e9e de lecture estim\u00e9e\" \/>\n\t<meta name=\"twitter:data2\" content=\"1 minute\" \/>\n<script type=\"application\/ld+json\" class=\"yoast-schema-graph\">{\"@context\":\"https:\/\/schema.org\",\"@graph\":[{\"@type\":\"Article\",\"@id\":\"https:\/\/www.efmaroc.org\/efm\/programme-de-la-semaine-olympique-et-paralympique-sop-du-1-au-5-avril-2024\/#article\",\"isPartOf\":{\"@id\":\"https:\/\/www.efmaroc.org\/efm\/programme-de-la-semaine-olympique-et-paralympique-sop-du-1-au-5-avril-2024\/\"},\"author\":{\"name\":\"EFM\",\"@id\":\"https:\/\/www.efmaroc.org\/efm\/#\/schema\/person\/25a9b635a4b2276393dd87dbd94c6302\"},\"headline\":\"Programme de la Semaine Olympique et Paralympique (SOP) du 1 au 5 avril 2024\",\"datePublished\":\"2024-03-18T10:20:24+00:00\",\"dateModified\":\"2024-03-18T10:20:59+00:00\",\"mainEntityOfPage\":{\"@id\":\"https:\/\/www.efmaroc.org\/efm\/programme-de-la-semaine-olympique-et-paralympique-sop-du-1-au-5-avril-2024\/\"},\"wordCount\":283,\"publisher\":{\"@id\":\"https:\/\/www.efmaroc.org\/efm\/#organization\"},\"image\":{\"@id\":\"https:\/\/www.efmaroc.org\/efm\/programme-de-la-semaine-olympique-et-paralympique-sop-du-1-au-5-avril-2024\/#primaryimage\"},\"thumbnailUrl\":\"https:\/\/www.efmaroc.org\/efm\/wp-content\/uploads\/2024\/03\/jeux-de-la-zone-Maroc-1.jpg\",\"articleSection\":[\"R\u00e9seau\"],\"inLanguage\":\"fr-FR\"},{\"@type\":\"WebPage\",\"@id\":\"https:\/\/www.efmaroc.org\/efm\/programme-de-la-semaine-olympique-et-paralympique-sop-du-1-au-5-avril-2024\/\",\"url\":\"https:\/\/www.efmaroc.org\/efm\/programme-de-la-semaine-olympique-et-paralympique-sop-du-1-au-5-avril-2024\/\",\"name\":\"Programme de la Semaine Olympique et Paralympique (SOP) du 1 au 5 avril 2024 | Enseignement Fran\u00e7ais au Maroc\",\"isPartOf\":{\"@id\":\"https:\/\/www.efmaroc.org\/efm\/#website\"},\"primaryImageOfPage\":{\"@id\":\"https:\/\/www.efmaroc.org\/efm\/programme-de-la-semaine-olympique-et-paralympique-sop-du-1-au-5-avril-2024\/#primaryimage\"},\"image\":{\"@id\":\"https:\/\/www.efmaroc.org\/efm\/programme-de-la-semaine-olympique-et-paralympique-sop-du-1-au-5-avril-2024\/#primaryimage\"},\"thumbnailUrl\":\"https:\/\/www.efmaroc.org\/efm\/wp-content\/uploads\/2024\/03\/jeux-de-la-zone-Maroc-1.jpg\",\"datePublished\":\"2024-03-18T10:20:24+00:00\",\"dateModified\":\"2024-03-18T10:20:59+00:00\",\"description\":\"Lundi 01\/04 14\u00a0h\u00a030 - 15\u00a0h\u00a030 : \u00a0masterclass sur le th\u00e8me du handicap et de l'inclusion en milieu scolaire et sportif sera organis\u00e9e en salle S Veil le\",\"breadcrumb\":{\"@id\":\"https:\/\/www.efmaroc.org\/efm\/programme-de-la-semaine-olympique-et-paralympique-sop-du-1-au-5-avril-2024\/#breadcrumb\"},\"inLanguage\":\"fr-FR\",\"potentialAction\":[{\"@type\":\"ReadAction\",\"target\":[\"https:\/\/www.efmaroc.org\/efm\/programme-de-la-semaine-olympique-et-paralympique-sop-du-1-au-5-avril-2024\/\"]}]},{\"@type\":\"ImageObject\",\"inLanguage\":\"fr-FR\",\"@id\":\"https:\/\/www.efmaroc.org\/efm\/programme-de-la-semaine-olympique-et-paralympique-sop-du-1-au-5-avril-2024\/#primaryimage\",\"url\":\"https:\/\/www.efmaroc.org\/efm\/wp-content\/uploads\/2024\/03\/jeux-de-la-zone-Maroc-1.jpg\",\"contentUrl\":\"https:\/\/www.efmaroc.org\/efm\/wp-content\/uploads\/2024\/03\/jeux-de-la-zone-Maroc-1.jpg\",\"width\":1500,\"height\":1875},{\"@type\":\"BreadcrumbList\",\"@id\":\"https:\/\/www.efmaroc.org\/efm\/programme-de-la-semaine-olympique-et-paralympique-sop-du-1-au-5-avril-2024\/#breadcrumb\",\"itemListElement\":[{\"@type\":\"ListItem\",\"position\":1,\"name\":\"Accueil\",\"item\":\"https:\/\/www.efmaroc.org\/efm\/\"},{\"@type\":\"ListItem\",\"position\":2,\"name\":\"Programme de la Semaine Olympique et Paralympique (SOP) du 1 au 5 avril 2024\"}]},{\"@type\":\"WebSite\",\"@id\":\"https:\/\/www.efmaroc.org\/efm\/#website\",\"url\":\"https:\/\/www.efmaroc.org\/efm\/\",\"name\":\"EFM\",\"description\":\"Enseignement Fran\u00e7ais au Maroc\",\"publisher\":{\"@id\":\"https:\/\/www.efmaroc.org\/efm\/#organization\"},\"potentialAction\":[{\"@type\":\"SearchAction\",\"target\":{\"@type\":\"EntryPoint\",\"urlTemplate\":\"https:\/\/www.efmaroc.org\/efm\/?s={search_term_string}\"},\"query-input\":{\"@type\":\"PropertyValueSpecification\",\"valueRequired\":true,\"valueName\":\"search_term_string\"}}],\"inLanguage\":\"fr-FR\"},{\"@type\":\"Organization\",\"@id\":\"https:\/\/www.efmaroc.org\/efm\/#organization\",\"name\":\"EFM\",\"url\":\"https:\/\/www.efmaroc.org\/efm\/\",\"logo\":{\"@type\":\"ImageObject\",\"inLanguage\":\"fr-FR\",\"@id\":\"https:\/\/www.efmaroc.org\/efm\/#\/schema\/logo\/image\/\",\"url\":\"https:\/\/www.efmaroc.org\/efm\/wp-content\/uploads\/2022\/12\/efm-enseignement-francais-maroc-logotaglinex2.png\",\"contentUrl\":\"https:\/\/www.efmaroc.org\/efm\/wp-content\/uploads\/2022\/12\/efm-enseignement-francais-maroc-logotaglinex2.png\",\"width\":104,\"height\":78,\"caption\":\"EFM\"},\"image\":{\"@id\":\"https:\/\/www.efmaroc.org\/efm\/#\/schema\/logo\/image\/\"}},{\"@type\":\"Person\",\"@id\":\"https:\/\/www.efmaroc.org\/efm\/#\/schema\/person\/25a9b635a4b2276393dd87dbd94c6302\",\"name\":\"EFM\",\"image\":{\"@type\":\"ImageObject\",\"inLanguage\":\"fr-FR\",\"@id\":\"https:\/\/www.efmaroc.org\/efm\/#\/schema\/person\/image\/\",\"url\":\"https:\/\/secure.gravatar.com\/avatar\/0acf5f0ecc3b24f6fa3602920a0bc305ada83aa2d4adbe73d7718ee0e4155d61?s=96&d=mm&r=g\",\"contentUrl\":\"https:\/\/secure.gravatar.com\/avatar\/0acf5f0ecc3b24f6fa3602920a0bc305ada83aa2d4adbe73d7718ee0e4155d61?s=96&d=mm&r=g\",\"caption\":\"EFM\"},\"sameAs\":[\"https:\/\/www.efmaroc.org\/efm\"]}]}<\/script>\n<!-- \/ Yoast SEO plugin. -->","yoast_head_json":{"title":"Programme de la Semaine Olympique et Paralympique (SOP) du 1 au 5 avril 2024 | Enseignement Fran\u00e7ais au Maroc","description":"Lundi 01\/04 14\u00a0h\u00a030 - 15\u00a0h\u00a030 : \u00a0masterclass sur le th\u00e8me du handicap et de l'inclusion en milieu scolaire et sportif sera organis\u00e9e en salle S Veil le","robots":{"index":"index","follow":"follow","max-snippet":"max-snippet:-1","max-image-preview":"max-image-preview:large","max-video-preview":"max-video-preview:-1"},"canonical":"https:\/\/www.efmaroc.org\/efm\/programme-de-la-semaine-olympique-et-paralympique-sop-du-1-au-5-avril-2024\/","og_locale":"fr_FR","og_type":"article","og_title":"Programme de la Semaine Olympique et Paralympique (SOP) du 1 au 5 avril 2024 | Enseignement Fran\u00e7ais au Maroc","og_description":"Lundi 01\/04 14\u00a0h\u00a030 - 15\u00a0h\u00a030 : \u00a0masterclass sur le th\u00e8me du handicap et de l'inclusion en milieu scolaire et sportif sera organis\u00e9e en salle S Veil le","og_url":"https:\/\/www.efmaroc.org\/efm\/programme-de-la-semaine-olympique-et-paralympique-sop-du-1-au-5-avril-2024\/","og_site_name":"EFM","article_published_time":"2024-03-18T10:20:24+00:00","article_modified_time":"2024-03-18T10:20:59+00:00","og_image":[{"width":1500,"height":1875,"url":"https:\/\/www.efmaroc.org\/efm\/wp-content\/uploads\/2024\/03\/jeux-de-la-zone-Maroc-1.jpg","type":"image\/jpeg"}],"author":"EFM","twitter_card":"summary_large_image","twitter_misc":{"\u00c9crit par":"EFM","Dur\u00e9e de lecture estim\u00e9e":"1 minute"},"schema":{"@context":"https:\/\/schema.org","@graph":[{"@type":"Article","@id":"https:\/\/www.efmaroc.org\/efm\/programme-de-la-semaine-olympique-et-paralympique-sop-du-1-au-5-avril-2024\/#article","isPartOf":{"@id":"https:\/\/www.efmaroc.org\/efm\/programme-de-la-semaine-olympique-et-paralympique-sop-du-1-au-5-avril-2024\/"},"author":{"name":"EFM","@id":"https:\/\/www.efmaroc.org\/efm\/#\/schema\/person\/25a9b635a4b2276393dd87dbd94c6302"},"headline":"Programme de la Semaine Olympique et Paralympique (SOP) du 1 au 5 avril 2024","datePublished":"2024-03-18T10:20:24+00:00","dateModified":"2024-03-18T10:20:59+00:00","mainEntityOfPage":{"@id":"https:\/\/www.efmaroc.org\/efm\/programme-de-la-semaine-olympique-et-paralympique-sop-du-1-au-5-avril-2024\/"},"wordCount":283,"publisher":{"@id":"https:\/\/www.efmaroc.org\/efm\/#organization"},"image":{"@id":"https:\/\/www.efmaroc.org\/efm\/programme-de-la-semaine-olympique-et-paralympique-sop-du-1-au-5-avril-2024\/#primaryimage"},"thumbnailUrl":"https:\/\/www.efmaroc.org\/efm\/wp-content\/uploads\/2024\/03\/jeux-de-la-zone-Maroc-1.jpg","articleSection":["R\u00e9seau"],"inLanguage":"fr-FR"},{"@type":"WebPage","@id":"https:\/\/www.efmaroc.org\/efm\/programme-de-la-semaine-olympique-et-paralympique-sop-du-1-au-5-avril-2024\/","url":"https:\/\/www.efmaroc.org\/efm\/programme-de-la-semaine-olympique-et-paralympique-sop-du-1-au-5-avril-2024\/","name":"Programme de la Semaine Olympique et Paralympique (SOP) du 1 au 5 avril 2024 | Enseignement Fran\u00e7ais au Maroc","isPartOf":{"@id":"https:\/\/www.efmaroc.org\/efm\/#website"},"primaryImageOfPage":{"@id":"https:\/\/www.efmaroc.org\/efm\/programme-de-la-semaine-olympique-et-paralympique-sop-du-1-au-5-avril-2024\/#primaryimage"},"image":{"@id":"https:\/\/www.efmaroc.org\/efm\/programme-de-la-semaine-olympique-et-paralympique-sop-du-1-au-5-avril-2024\/#primaryimage"},"thumbnailUrl":"https:\/\/www.efmaroc.org\/efm\/wp-content\/uploads\/2024\/03\/jeux-de-la-zone-Maroc-1.jpg","datePublished":"2024-03-18T10:20:24+00:00","dateModified":"2024-03-18T10:20:59+00:00","description":"Lundi 01\/04 14\u00a0h\u00a030 - 15\u00a0h\u00a030 : \u00a0masterclass sur le th\u00e8me du handicap et de l'inclusion en milieu scolaire et sportif sera organis\u00e9e en salle S Veil le","breadcrumb":{"@id":"https:\/\/www.efmaroc.org\/efm\/programme-de-la-semaine-olympique-et-paralympique-sop-du-1-au-5-avril-2024\/#breadcrumb"},"inLanguage":"fr-FR","potentialAction":[{"@type":"ReadAction","target":["https:\/\/www.efmaroc.org\/efm\/programme-de-la-semaine-olympique-et-paralympique-sop-du-1-au-5-avril-2024\/"]}]},{"@type":"ImageObject","inLanguage":"fr-FR","@id":"https:\/\/www.efmaroc.org\/efm\/programme-de-la-semaine-olympique-et-paralympique-sop-du-1-au-5-avril-2024\/#primaryimage","url":"https:\/\/www.efmaroc.org\/efm\/wp-content\/uploads\/2024\/03\/jeux-de-la-zone-Maroc-1.jpg","contentUrl":"https:\/\/www.efmaroc.org\/efm\/wp-content\/uploads\/2024\/03\/jeux-de-la-zone-Maroc-1.jpg","width":1500,"height":1875},{"@type":"BreadcrumbList","@id":"https:\/\/www.efmaroc.org\/efm\/programme-de-la-semaine-olympique-et-paralympique-sop-du-1-au-5-avril-2024\/#breadcrumb","itemListElement":[{"@type":"ListItem","position":1,"name":"Accueil","item":"https:\/\/www.efmaroc.org\/efm\/"},{"@type":"ListItem","position":2,"name":"Programme de la Semaine Olympique et Paralympique (SOP) du 1 au 5 avril 2024"}]},{"@type":"WebSite","@id":"https:\/\/www.efmaroc.org\/efm\/#website","url":"https:\/\/www.efmaroc.org\/efm\/","name":"EFM","description":"Enseignement Fran\u00e7ais au Maroc","publisher":{"@id":"https:\/\/www.efmaroc.org\/efm\/#organization"},"potentialAction":[{"@type":"SearchAction","target":{"@type":"EntryPoint","urlTemplate":"https:\/\/www.efmaroc.org\/efm\/?s={search_term_string}"},"query-input":{"@type":"PropertyValueSpecification","valueRequired":true,"valueName":"search_term_string"}}],"inLanguage":"fr-FR"},{"@type":"Organization","@id":"https:\/\/www.efmaroc.org\/efm\/#organization","name":"EFM","url":"https:\/\/www.efmaroc.org\/efm\/","logo":{"@type":"ImageObject","inLanguage":"fr-FR","@id":"https:\/\/www.efmaroc.org\/efm\/#\/schema\/logo\/image\/","url":"https:\/\/www.efmaroc.org\/efm\/wp-content\/uploads\/2022\/12\/efm-enseignement-francais-maroc-logotaglinex2.png","contentUrl":"https:\/\/www.efmaroc.org\/efm\/wp-content\/uploads\/2022\/12\/efm-enseignement-francais-maroc-logotaglinex2.png","width":104,"height":78,"caption":"EFM"},"image":{"@id":"https:\/\/www.efmaroc.org\/efm\/#\/schema\/logo\/image\/"}},{"@type":"Person","@id":"https:\/\/www.efmaroc.org\/efm\/#\/schema\/person\/25a9b635a4b2276393dd87dbd94c6302","name":"EFM","image":{"@type":"ImageObject","inLanguage":"fr-FR","@id":"https:\/\/www.efmaroc.org\/efm\/#\/schema\/person\/image\/","url":"https:\/\/secure.gravatar.com\/avatar\/0acf5f0ecc3b24f6fa3602920a0bc305ada83aa2d4adbe73d7718ee0e4155d61?s=96&d=mm&r=g","contentUrl":"https:\/\/secure.gravatar.com\/avatar\/0acf5f0ecc3b24f6fa3602920a0bc305ada83aa2d4adbe73d7718ee0e4155d61?s=96&d=mm&r=g","caption":"EFM"},"sameAs":["https:\/\/www.efmaroc.org\/efm"]}]}},"jetpack_featured_media_url":"https:\/\/www.efmaroc.org\/efm\/wp-content\/uploads\/2024\/03\/jeux-de-la-zone-Maroc-1.jpg","jetpack_sharing_enabled":true,"_links":{"self":[{"href":"https:\/\/www.efmaroc.org\/efm\/wp-json\/wp\/v2\/posts\/22942","targetHints":{"allow":["GET"]}}],"collection":[{"href":"https:\/\/www.efmaroc.org\/efm\/wp-json\/wp\/v2\/posts"}],"about":[{"href":"https:\/\/www.efmaroc.org\/efm\/wp-json\/wp\/v2\/types\/post"}],"author":[{"embeddable":true,"href":"https:\/\/www.efmaroc.org\/efm\/wp-json\/wp\/v2\/users\/1"}],"replies":[{"embeddable":true,"href":"https:\/\/www.efmaroc.org\/efm\/wp-json\/wp\/v2\/comments?post=22942"}],"version-history":[{"count":1,"href":"https:\/\/www.efmaroc.org\/efm\/wp-json\/wp\/v2\/posts\/22942\/revisions"}],"predecessor-version":[{"id":22945,"href":"https:\/\/www.efmaroc.org\/efm\/wp-json\/wp\/v2\/posts\/22942\/revisions\/22945"}],"wp:featuredmedia":[{"embeddable":true,"href":"https:\/\/www.efmaroc.org\/efm\/wp-json\/wp\/v2\/media\/22944"}],"wp:attachment":[{"href":"https:\/\/www.efmaroc.org\/efm\/wp-json\/wp\/v2\/media?parent=22942"}],"wp:term":[{"taxonomy":"category","embeddable":true,"href":"https:\/\/www.efmaroc.org\/efm\/wp-json\/wp\/v2\/categories?post=22942"},{"taxonomy":"post_tag","embeddable":true,"href":"https:\/\/www.efmaroc.org\/efm\/wp-json\/wp\/v2\/tags?post=22942"}],"curies":[{"name":"wp","href":"https:\/\/api.w.org\/{rel}","templated":true}]}}