{"id":23046,"date":"2024-04-26T16:31:23","date_gmt":"2024-04-26T14:31:23","guid":{"rendered":"https:\/\/www.efmaroc.org\/efm\/?p=23046"},"modified":"2024-04-26T17:57:47","modified_gmt":"2024-04-26T15:57:47","slug":"ecolexia-annonce-des-eleves-selectionnes-pour-la-finale-du-20-mai-2023-a-meknes","status":"publish","type":"post","link":"https:\/\/www.efmaroc.org\/efm\/ecolexia-annonce-des-eleves-selectionnes-pour-la-finale-du-20-mai-2023-a-meknes\/","title":{"rendered":"Ecolexia\u00a0: Annonce des \u00e9l\u00e8ves s\u00e9lectionn\u00e9s pour la finale du 20 mai 2023 \u00e0 Mekn\u00e8s"},"content":{"rendered":"\n<figure class=\"wp-block-image size-full\"><img fetchpriority=\"high\" decoding=\"async\" width=\"549\" height=\"550\" src=\"https:\/\/www.efmaroc.org\/efm\/wp-content\/uploads\/2024\/04\/Capture-decran-366.png\" alt=\"\" class=\"wp-image-23047\" srcset=\"https:\/\/www.efmaroc.org\/efm\/wp-content\/uploads\/2024\/04\/Capture-decran-366.png 549w, https:\/\/www.efmaroc.org\/efm\/wp-content\/uploads\/2024\/04\/Capture-decran-366-300x300.png 300w, https:\/\/www.efmaroc.org\/efm\/wp-content\/uploads\/2024\/04\/Capture-decran-366-150x150.png 150w, https:\/\/www.efmaroc.org\/efm\/wp-content\/uploads\/2024\/04\/Capture-decran-366-100x100.png 100w, https:\/\/www.efmaroc.org\/efm\/wp-content\/uploads\/2024\/04\/Capture-decran-366-370x370.png 370w, https:\/\/www.efmaroc.org\/efm\/wp-content\/uploads\/2024\/04\/Capture-decran-366-120x120.png 120w, https:\/\/www.efmaroc.org\/efm\/wp-content\/uploads\/2024\/04\/Capture-decran-366-410x411.png 410w\" sizes=\"(max-width: 600px) 100vw, 549px\" \/><\/figure>\n\n\n\n<p>Le concours Ecolexia est un concours de plaidoiries, d\u00e9di\u00e9 exclusivement au droit de l\u2019environnement, ouvert \u00e0 l\u2019ensemble des \u00e9l\u00e8ves de 1\u00e8re et de Terminale.<\/p>\n\n\n\n<p>Le concours a pour objectif de d\u00e9velopper les comp\u00e9tences orales et la capacit\u00e9 \u00e0 argumenter des \u00e9l\u00e8ves. Les \u00e9l\u00e8ves sont pr\u00e9par\u00e9s et form\u00e9s par des professionnels et experts de la plaidoirie (avocats, juges, magistrats) et coach\u00e9s par leurs professeurs durant plusieurs mois.<\/p>\n\n\n\n<p>A l\u2019issu des pr\u00e9s\u00e9lections, 12 finalistes s\u2019affronteront \u00e0 Mekn\u00e8s au lyc\u00e9e Paul Val\u00e9ry <strong>le 20 mai 2024<\/strong>&nbsp;!<\/p>\n\n\n\n<p>Pour cette 3<sup>\u00e8me<\/sup> \u00e9dition, 7 \u00e9tablissements de l&rsquo;Enseignement fran\u00e7ais au Maroc et 1 \u00e9tablissement de France seront repr\u00e9sent\u00e9s&nbsp;:<\/p>\n\n\n\n<ul class=\"wp-block-list\">\n<li>GS R\u00e9sidence<\/li>\n\n\n\n<li>Lyc\u00e9e Descartes<\/li>\n\n\n\n<li>Lyc\u00e9e Fran\u00e7ais Guy de Maupassant<\/li>\n\n\n\n<li>Lyc\u00e9e International de St-Germain-En-Laye<\/li>\n\n\n\n<li>Lyc\u00e9e L\u00e9on l\u2019Africain<\/li>\n\n\n\n<li>Lyc\u00e9e Lyautey<\/li>\n\n\n\n<li>Lyc\u00e9e Paul Valery<\/li>\n\n\n\n<li>Lyc\u00e9e Victor Hugo<\/li>\n<\/ul>\n\n\n\n<p>Rendez-vous pour la finale le 20 mai 2024 \u00e0 Mekn\u00e8s&nbsp;! Bon courage aux \u00e9l\u00e8ves<br><\/p>\n\n\n\n<p><\/p>\n","protected":false},"excerpt":{"rendered":"<p>Le concours Ecolexia est un concours de plaidoiries, d\u00e9di\u00e9 exclusivement au droit de l\u2019environnement, ouvert&hellip;<\/p>\n","protected":false},"author":1,"featured_media":23047,"comment_status":"closed","ping_status":"open","sticky":false,"template":"","format":"standard","meta":{"_jetpack_newsletter_access":"","_jetpack_dont_email_post_to_subs":false,"_jetpack_newsletter_tier_id":0,"_jetpack_memberships_contains_paywalled_content":false,"_jetpack_memberships_contains_paid_content":false,"footnotes":""},"categories":[13],"tags":[],"class_list":["post-23046","post","type-post","status-publish","format-standard","has-post-thumbnail","hentry","category-reseau"],"yoast_head":"<!-- This site is optimized with the Yoast SEO plugin v26.8 - https:\/\/yoast.com\/product\/yoast-seo-wordpress\/ -->\n<title>Ecolexia\u00a0: Annonce des \u00e9l\u00e8ves s\u00e9lectionn\u00e9s pour la finale du 20 mai 2023 \u00e0 Mekn\u00e8s | Enseignement Fran\u00e7ais au Maroc<\/title>\n<meta name=\"description\" content=\"Le concours Ecolexia est un concours de plaidoiries, d\u00e9di\u00e9 exclusivement au droit de l\u2019environnement, ouvert \u00e0 l\u2019ensemble des \u00e9l\u00e8ves de 1\u00e8re et de\" \/>\n<meta name=\"robots\" content=\"index, follow, max-snippet:-1, max-image-preview:large, max-video-preview:-1\" \/>\n<link rel=\"canonical\" href=\"https:\/\/www.efmaroc.org\/efm\/ecolexia-annonce-des-eleves-selectionnes-pour-la-finale-du-20-mai-2023-a-meknes\/\" \/>\n<meta property=\"og:locale\" content=\"fr_FR\" \/>\n<meta property=\"og:type\" content=\"article\" \/>\n<meta property=\"og:title\" content=\"Ecolexia\u00a0: Annonce des \u00e9l\u00e8ves s\u00e9lectionn\u00e9s pour la finale du 20 mai 2023 \u00e0 Mekn\u00e8s | Enseignement Fran\u00e7ais au Maroc\" \/>\n<meta property=\"og:description\" content=\"Le concours Ecolexia est un concours de plaidoiries, d\u00e9di\u00e9 exclusivement au droit de l\u2019environnement, ouvert \u00e0 l\u2019ensemble des \u00e9l\u00e8ves de 1\u00e8re et de\" \/>\n<meta property=\"og:url\" content=\"https:\/\/www.efmaroc.org\/efm\/ecolexia-annonce-des-eleves-selectionnes-pour-la-finale-du-20-mai-2023-a-meknes\/\" \/>\n<meta property=\"og:site_name\" content=\"EFM\" \/>\n<meta property=\"article:published_time\" content=\"2024-04-26T14:31:23+00:00\" \/>\n<meta property=\"article:modified_time\" content=\"2024-04-26T15:57:47+00:00\" \/>\n<meta property=\"og:image\" content=\"https:\/\/www.efmaroc.org\/efm\/wp-content\/uploads\/2024\/04\/Capture-decran-366.png\" \/>\n\t<meta property=\"og:image:width\" content=\"549\" \/>\n\t<meta property=\"og:image:height\" content=\"550\" \/>\n\t<meta property=\"og:image:type\" content=\"image\/png\" \/>\n<meta name=\"author\" content=\"EFM\" \/>\n<meta name=\"twitter:card\" content=\"summary_large_image\" \/>\n<meta name=\"twitter:label1\" content=\"\u00c9crit par\" \/>\n\t<meta name=\"twitter:data1\" content=\"EFM\" \/>\n\t<meta name=\"twitter:label2\" content=\"Dur\u00e9e de lecture estim\u00e9e\" \/>\n\t<meta name=\"twitter:data2\" content=\"1 minute\" \/>\n<script type=\"application\/ld+json\" class=\"yoast-schema-graph\">{\"@context\":\"https:\/\/schema.org\",\"@graph\":[{\"@type\":\"Article\",\"@id\":\"https:\/\/www.efmaroc.org\/efm\/ecolexia-annonce-des-eleves-selectionnes-pour-la-finale-du-20-mai-2023-a-meknes\/#article\",\"isPartOf\":{\"@id\":\"https:\/\/www.efmaroc.org\/efm\/ecolexia-annonce-des-eleves-selectionnes-pour-la-finale-du-20-mai-2023-a-meknes\/\"},\"author\":{\"name\":\"EFM\",\"@id\":\"https:\/\/www.efmaroc.org\/efm\/#\/schema\/person\/25a9b635a4b2276393dd87dbd94c6302\"},\"headline\":\"Ecolexia\u00a0: Annonce des \u00e9l\u00e8ves s\u00e9lectionn\u00e9s pour la finale du 20 mai 2023 \u00e0 Mekn\u00e8s\",\"datePublished\":\"2024-04-26T14:31:23+00:00\",\"dateModified\":\"2024-04-26T15:57:47+00:00\",\"mainEntityOfPage\":{\"@id\":\"https:\/\/www.efmaroc.org\/efm\/ecolexia-annonce-des-eleves-selectionnes-pour-la-finale-du-20-mai-2023-a-meknes\/\"},\"wordCount\":182,\"publisher\":{\"@id\":\"https:\/\/www.efmaroc.org\/efm\/#organization\"},\"image\":{\"@id\":\"https:\/\/www.efmaroc.org\/efm\/ecolexia-annonce-des-eleves-selectionnes-pour-la-finale-du-20-mai-2023-a-meknes\/#primaryimage\"},\"thumbnailUrl\":\"https:\/\/www.efmaroc.org\/efm\/wp-content\/uploads\/2024\/04\/Capture-decran-366.png\",\"articleSection\":[\"R\u00e9seau\"],\"inLanguage\":\"fr-FR\"},{\"@type\":\"WebPage\",\"@id\":\"https:\/\/www.efmaroc.org\/efm\/ecolexia-annonce-des-eleves-selectionnes-pour-la-finale-du-20-mai-2023-a-meknes\/\",\"url\":\"https:\/\/www.efmaroc.org\/efm\/ecolexia-annonce-des-eleves-selectionnes-pour-la-finale-du-20-mai-2023-a-meknes\/\",\"name\":\"Ecolexia\u00a0: Annonce des \u00e9l\u00e8ves s\u00e9lectionn\u00e9s pour la finale du 20 mai 2023 \u00e0 Mekn\u00e8s | Enseignement Fran\u00e7ais au Maroc\",\"isPartOf\":{\"@id\":\"https:\/\/www.efmaroc.org\/efm\/#website\"},\"primaryImageOfPage\":{\"@id\":\"https:\/\/www.efmaroc.org\/efm\/ecolexia-annonce-des-eleves-selectionnes-pour-la-finale-du-20-mai-2023-a-meknes\/#primaryimage\"},\"image\":{\"@id\":\"https:\/\/www.efmaroc.org\/efm\/ecolexia-annonce-des-eleves-selectionnes-pour-la-finale-du-20-mai-2023-a-meknes\/#primaryimage\"},\"thumbnailUrl\":\"https:\/\/www.efmaroc.org\/efm\/wp-content\/uploads\/2024\/04\/Capture-decran-366.png\",\"datePublished\":\"2024-04-26T14:31:23+00:00\",\"dateModified\":\"2024-04-26T15:57:47+00:00\",\"description\":\"Le concours Ecolexia est un concours de plaidoiries, d\u00e9di\u00e9 exclusivement au droit de l\u2019environnement, ouvert \u00e0 l\u2019ensemble des \u00e9l\u00e8ves de 1\u00e8re et de\",\"breadcrumb\":{\"@id\":\"https:\/\/www.efmaroc.org\/efm\/ecolexia-annonce-des-eleves-selectionnes-pour-la-finale-du-20-mai-2023-a-meknes\/#breadcrumb\"},\"inLanguage\":\"fr-FR\",\"potentialAction\":[{\"@type\":\"ReadAction\",\"target\":[\"https:\/\/www.efmaroc.org\/efm\/ecolexia-annonce-des-eleves-selectionnes-pour-la-finale-du-20-mai-2023-a-meknes\/\"]}]},{\"@type\":\"ImageObject\",\"inLanguage\":\"fr-FR\",\"@id\":\"https:\/\/www.efmaroc.org\/efm\/ecolexia-annonce-des-eleves-selectionnes-pour-la-finale-du-20-mai-2023-a-meknes\/#primaryimage\",\"url\":\"https:\/\/www.efmaroc.org\/efm\/wp-content\/uploads\/2024\/04\/Capture-decran-366.png\",\"contentUrl\":\"https:\/\/www.efmaroc.org\/efm\/wp-content\/uploads\/2024\/04\/Capture-decran-366.png\",\"width\":549,\"height\":550},{\"@type\":\"BreadcrumbList\",\"@id\":\"https:\/\/www.efmaroc.org\/efm\/ecolexia-annonce-des-eleves-selectionnes-pour-la-finale-du-20-mai-2023-a-meknes\/#breadcrumb\",\"itemListElement\":[{\"@type\":\"ListItem\",\"position\":1,\"name\":\"Accueil\",\"item\":\"https:\/\/www.efmaroc.org\/efm\/\"},{\"@type\":\"ListItem\",\"position\":2,\"name\":\"Ecolexia\u00a0: Annonce des \u00e9l\u00e8ves s\u00e9lectionn\u00e9s pour la finale du 20 mai 2023 \u00e0 Mekn\u00e8s\"}]},{\"@type\":\"WebSite\",\"@id\":\"https:\/\/www.efmaroc.org\/efm\/#website\",\"url\":\"https:\/\/www.efmaroc.org\/efm\/\",\"name\":\"EFM\",\"description\":\"Enseignement Fran\u00e7ais au Maroc\",\"publisher\":{\"@id\":\"https:\/\/www.efmaroc.org\/efm\/#organization\"},\"potentialAction\":[{\"@type\":\"SearchAction\",\"target\":{\"@type\":\"EntryPoint\",\"urlTemplate\":\"https:\/\/www.efmaroc.org\/efm\/?s={search_term_string}\"},\"query-input\":{\"@type\":\"PropertyValueSpecification\",\"valueRequired\":true,\"valueName\":\"search_term_string\"}}],\"inLanguage\":\"fr-FR\"},{\"@type\":\"Organization\",\"@id\":\"https:\/\/www.efmaroc.org\/efm\/#organization\",\"name\":\"EFM\",\"url\":\"https:\/\/www.efmaroc.org\/efm\/\",\"logo\":{\"@type\":\"ImageObject\",\"inLanguage\":\"fr-FR\",\"@id\":\"https:\/\/www.efmaroc.org\/efm\/#\/schema\/logo\/image\/\",\"url\":\"https:\/\/www.efmaroc.org\/efm\/wp-content\/uploads\/2022\/12\/efm-enseignement-francais-maroc-logotaglinex2.png\",\"contentUrl\":\"https:\/\/www.efmaroc.org\/efm\/wp-content\/uploads\/2022\/12\/efm-enseignement-francais-maroc-logotaglinex2.png\",\"width\":104,\"height\":78,\"caption\":\"EFM\"},\"image\":{\"@id\":\"https:\/\/www.efmaroc.org\/efm\/#\/schema\/logo\/image\/\"}},{\"@type\":\"Person\",\"@id\":\"https:\/\/www.efmaroc.org\/efm\/#\/schema\/person\/25a9b635a4b2276393dd87dbd94c6302\",\"name\":\"EFM\",\"image\":{\"@type\":\"ImageObject\",\"inLanguage\":\"fr-FR\",\"@id\":\"https:\/\/www.efmaroc.org\/efm\/#\/schema\/person\/image\/\",\"url\":\"https:\/\/secure.gravatar.com\/avatar\/0acf5f0ecc3b24f6fa3602920a0bc305ada83aa2d4adbe73d7718ee0e4155d61?s=96&d=mm&r=g\",\"contentUrl\":\"https:\/\/secure.gravatar.com\/avatar\/0acf5f0ecc3b24f6fa3602920a0bc305ada83aa2d4adbe73d7718ee0e4155d61?s=96&d=mm&r=g\",\"caption\":\"EFM\"},\"sameAs\":[\"https:\/\/www.efmaroc.org\/efm\"]}]}<\/script>\n<!-- \/ Yoast SEO plugin. -->","yoast_head_json":{"title":"Ecolexia\u00a0: Annonce des \u00e9l\u00e8ves s\u00e9lectionn\u00e9s pour la finale du 20 mai 2023 \u00e0 Mekn\u00e8s | Enseignement Fran\u00e7ais au Maroc","description":"Le concours Ecolexia est un concours de plaidoiries, d\u00e9di\u00e9 exclusivement au droit de l\u2019environnement, ouvert \u00e0 l\u2019ensemble des \u00e9l\u00e8ves de 1\u00e8re et de","robots":{"index":"index","follow":"follow","max-snippet":"max-snippet:-1","max-image-preview":"max-image-preview:large","max-video-preview":"max-video-preview:-1"},"canonical":"https:\/\/www.efmaroc.org\/efm\/ecolexia-annonce-des-eleves-selectionnes-pour-la-finale-du-20-mai-2023-a-meknes\/","og_locale":"fr_FR","og_type":"article","og_title":"Ecolexia\u00a0: Annonce des \u00e9l\u00e8ves s\u00e9lectionn\u00e9s pour la finale du 20 mai 2023 \u00e0 Mekn\u00e8s | Enseignement Fran\u00e7ais au Maroc","og_description":"Le concours Ecolexia est un concours de plaidoiries, d\u00e9di\u00e9 exclusivement au droit de l\u2019environnement, ouvert \u00e0 l\u2019ensemble des \u00e9l\u00e8ves de 1\u00e8re et de","og_url":"https:\/\/www.efmaroc.org\/efm\/ecolexia-annonce-des-eleves-selectionnes-pour-la-finale-du-20-mai-2023-a-meknes\/","og_site_name":"EFM","article_published_time":"2024-04-26T14:31:23+00:00","article_modified_time":"2024-04-26T15:57:47+00:00","og_image":[{"width":549,"height":550,"url":"https:\/\/www.efmaroc.org\/efm\/wp-content\/uploads\/2024\/04\/Capture-decran-366.png","type":"image\/png"}],"author":"EFM","twitter_card":"summary_large_image","twitter_misc":{"\u00c9crit par":"EFM","Dur\u00e9e de lecture estim\u00e9e":"1 minute"},"schema":{"@context":"https:\/\/schema.org","@graph":[{"@type":"Article","@id":"https:\/\/www.efmaroc.org\/efm\/ecolexia-annonce-des-eleves-selectionnes-pour-la-finale-du-20-mai-2023-a-meknes\/#article","isPartOf":{"@id":"https:\/\/www.efmaroc.org\/efm\/ecolexia-annonce-des-eleves-selectionnes-pour-la-finale-du-20-mai-2023-a-meknes\/"},"author":{"name":"EFM","@id":"https:\/\/www.efmaroc.org\/efm\/#\/schema\/person\/25a9b635a4b2276393dd87dbd94c6302"},"headline":"Ecolexia\u00a0: Annonce des \u00e9l\u00e8ves s\u00e9lectionn\u00e9s pour la finale du 20 mai 2023 \u00e0 Mekn\u00e8s","datePublished":"2024-04-26T14:31:23+00:00","dateModified":"2024-04-26T15:57:47+00:00","mainEntityOfPage":{"@id":"https:\/\/www.efmaroc.org\/efm\/ecolexia-annonce-des-eleves-selectionnes-pour-la-finale-du-20-mai-2023-a-meknes\/"},"wordCount":182,"publisher":{"@id":"https:\/\/www.efmaroc.org\/efm\/#organization"},"image":{"@id":"https:\/\/www.efmaroc.org\/efm\/ecolexia-annonce-des-eleves-selectionnes-pour-la-finale-du-20-mai-2023-a-meknes\/#primaryimage"},"thumbnailUrl":"https:\/\/www.efmaroc.org\/efm\/wp-content\/uploads\/2024\/04\/Capture-decran-366.png","articleSection":["R\u00e9seau"],"inLanguage":"fr-FR"},{"@type":"WebPage","@id":"https:\/\/www.efmaroc.org\/efm\/ecolexia-annonce-des-eleves-selectionnes-pour-la-finale-du-20-mai-2023-a-meknes\/","url":"https:\/\/www.efmaroc.org\/efm\/ecolexia-annonce-des-eleves-selectionnes-pour-la-finale-du-20-mai-2023-a-meknes\/","name":"Ecolexia\u00a0: Annonce des \u00e9l\u00e8ves s\u00e9lectionn\u00e9s pour la finale du 20 mai 2023 \u00e0 Mekn\u00e8s | Enseignement Fran\u00e7ais au Maroc","isPartOf":{"@id":"https:\/\/www.efmaroc.org\/efm\/#website"},"primaryImageOfPage":{"@id":"https:\/\/www.efmaroc.org\/efm\/ecolexia-annonce-des-eleves-selectionnes-pour-la-finale-du-20-mai-2023-a-meknes\/#primaryimage"},"image":{"@id":"https:\/\/www.efmaroc.org\/efm\/ecolexia-annonce-des-eleves-selectionnes-pour-la-finale-du-20-mai-2023-a-meknes\/#primaryimage"},"thumbnailUrl":"https:\/\/www.efmaroc.org\/efm\/wp-content\/uploads\/2024\/04\/Capture-decran-366.png","datePublished":"2024-04-26T14:31:23+00:00","dateModified":"2024-04-26T15:57:47+00:00","description":"Le concours Ecolexia est un concours de plaidoiries, d\u00e9di\u00e9 exclusivement au droit de l\u2019environnement, ouvert \u00e0 l\u2019ensemble des \u00e9l\u00e8ves de 1\u00e8re et de","breadcrumb":{"@id":"https:\/\/www.efmaroc.org\/efm\/ecolexia-annonce-des-eleves-selectionnes-pour-la-finale-du-20-mai-2023-a-meknes\/#breadcrumb"},"inLanguage":"fr-FR","potentialAction":[{"@type":"ReadAction","target":["https:\/\/www.efmaroc.org\/efm\/ecolexia-annonce-des-eleves-selectionnes-pour-la-finale-du-20-mai-2023-a-meknes\/"]}]},{"@type":"ImageObject","inLanguage":"fr-FR","@id":"https:\/\/www.efmaroc.org\/efm\/ecolexia-annonce-des-eleves-selectionnes-pour-la-finale-du-20-mai-2023-a-meknes\/#primaryimage","url":"https:\/\/www.efmaroc.org\/efm\/wp-content\/uploads\/2024\/04\/Capture-decran-366.png","contentUrl":"https:\/\/www.efmaroc.org\/efm\/wp-content\/uploads\/2024\/04\/Capture-decran-366.png","width":549,"height":550},{"@type":"BreadcrumbList","@id":"https:\/\/www.efmaroc.org\/efm\/ecolexia-annonce-des-eleves-selectionnes-pour-la-finale-du-20-mai-2023-a-meknes\/#breadcrumb","itemListElement":[{"@type":"ListItem","position":1,"name":"Accueil","item":"https:\/\/www.efmaroc.org\/efm\/"},{"@type":"ListItem","position":2,"name":"Ecolexia\u00a0: Annonce des \u00e9l\u00e8ves s\u00e9lectionn\u00e9s pour la finale du 20 mai 2023 \u00e0 Mekn\u00e8s"}]},{"@type":"WebSite","@id":"https:\/\/www.efmaroc.org\/efm\/#website","url":"https:\/\/www.efmaroc.org\/efm\/","name":"EFM","description":"Enseignement Fran\u00e7ais au Maroc","publisher":{"@id":"https:\/\/www.efmaroc.org\/efm\/#organization"},"potentialAction":[{"@type":"SearchAction","target":{"@type":"EntryPoint","urlTemplate":"https:\/\/www.efmaroc.org\/efm\/?s={search_term_string}"},"query-input":{"@type":"PropertyValueSpecification","valueRequired":true,"valueName":"search_term_string"}}],"inLanguage":"fr-FR"},{"@type":"Organization","@id":"https:\/\/www.efmaroc.org\/efm\/#organization","name":"EFM","url":"https:\/\/www.efmaroc.org\/efm\/","logo":{"@type":"ImageObject","inLanguage":"fr-FR","@id":"https:\/\/www.efmaroc.org\/efm\/#\/schema\/logo\/image\/","url":"https:\/\/www.efmaroc.org\/efm\/wp-content\/uploads\/2022\/12\/efm-enseignement-francais-maroc-logotaglinex2.png","contentUrl":"https:\/\/www.efmaroc.org\/efm\/wp-content\/uploads\/2022\/12\/efm-enseignement-francais-maroc-logotaglinex2.png","width":104,"height":78,"caption":"EFM"},"image":{"@id":"https:\/\/www.efmaroc.org\/efm\/#\/schema\/logo\/image\/"}},{"@type":"Person","@id":"https:\/\/www.efmaroc.org\/efm\/#\/schema\/person\/25a9b635a4b2276393dd87dbd94c6302","name":"EFM","image":{"@type":"ImageObject","inLanguage":"fr-FR","@id":"https:\/\/www.efmaroc.org\/efm\/#\/schema\/person\/image\/","url":"https:\/\/secure.gravatar.com\/avatar\/0acf5f0ecc3b24f6fa3602920a0bc305ada83aa2d4adbe73d7718ee0e4155d61?s=96&d=mm&r=g","contentUrl":"https:\/\/secure.gravatar.com\/avatar\/0acf5f0ecc3b24f6fa3602920a0bc305ada83aa2d4adbe73d7718ee0e4155d61?s=96&d=mm&r=g","caption":"EFM"},"sameAs":["https:\/\/www.efmaroc.org\/efm"]}]}},"jetpack_featured_media_url":"https:\/\/www.efmaroc.org\/efm\/wp-content\/uploads\/2024\/04\/Capture-decran-366.png","jetpack_sharing_enabled":true,"_links":{"self":[{"href":"https:\/\/www.efmaroc.org\/efm\/wp-json\/wp\/v2\/posts\/23046","targetHints":{"allow":["GET"]}}],"collection":[{"href":"https:\/\/www.efmaroc.org\/efm\/wp-json\/wp\/v2\/posts"}],"about":[{"href":"https:\/\/www.efmaroc.org\/efm\/wp-json\/wp\/v2\/types\/post"}],"author":[{"embeddable":true,"href":"https:\/\/www.efmaroc.org\/efm\/wp-json\/wp\/v2\/users\/1"}],"replies":[{"embeddable":true,"href":"https:\/\/www.efmaroc.org\/efm\/wp-json\/wp\/v2\/comments?post=23046"}],"version-history":[{"count":1,"href":"https:\/\/www.efmaroc.org\/efm\/wp-json\/wp\/v2\/posts\/23046\/revisions"}],"predecessor-version":[{"id":23048,"href":"https:\/\/www.efmaroc.org\/efm\/wp-json\/wp\/v2\/posts\/23046\/revisions\/23048"}],"wp:featuredmedia":[{"embeddable":true,"href":"https:\/\/www.efmaroc.org\/efm\/wp-json\/wp\/v2\/media\/23047"}],"wp:attachment":[{"href":"https:\/\/www.efmaroc.org\/efm\/wp-json\/wp\/v2\/media?parent=23046"}],"wp:term":[{"taxonomy":"category","embeddable":true,"href":"https:\/\/www.efmaroc.org\/efm\/wp-json\/wp\/v2\/categories?post=23046"},{"taxonomy":"post_tag","embeddable":true,"href":"https:\/\/www.efmaroc.org\/efm\/wp-json\/wp\/v2\/tags?post=23046"}],"curies":[{"name":"wp","href":"https:\/\/api.w.org\/{rel}","templated":true}]}}