{"id":23054,"date":"2024-04-26T17:18:27","date_gmt":"2024-04-26T15:18:27","guid":{"rendered":"https:\/\/www.efmaroc.org\/efm\/?p=23054"},"modified":"2026-01-30T16:06:17","modified_gmt":"2026-01-30T15:06:17","slug":"le-7eme-art-a-lhonneur-avec-la-1ere-edition-du-harakat-festival","status":"publish","type":"post","link":"https:\/\/www.efmaroc.org\/efm\/le-7eme-art-a-lhonneur-avec-la-1ere-edition-du-harakat-festival\/","title":{"rendered":"Le 7\u00e8me Art \u00e0 l&rsquo;honneur avec la 1\u00e8re \u00e9dition du Harakat Festival"},"content":{"rendered":"\n<p class=\"has-text-link-3-color has-text-color has-link-color wp-elements-e11099af02982a82dbfac768b00a954d\">\ud83c\udfacClap de fin pour la 1\u02b3\u1d49 \u00e9dition du Harakat festival qui s&rsquo;est d\u00e9roul\u00e9 ce mercredi 24 avril 2024 \u00e0 Rabat.<\/p>\n\n\n\n<figure class=\"wp-block-gallery has-nested-images columns-default is-cropped wp-block-gallery-1 is-layout-flex wp-block-gallery-is-layout-flex\">\n<figure class=\"wp-block-image size-large\"><img fetchpriority=\"high\" decoding=\"async\" width=\"1024\" height=\"838\" data-id=\"23058\" src=\"https:\/\/www.efmaroc.org\/efm\/wp-content\/uploads\/2024\/04\/IMG_0612-1-1024x838.jpg\" alt=\"\" class=\"wp-image-23058\" srcset=\"https:\/\/www.efmaroc.org\/efm\/wp-content\/uploads\/2024\/04\/IMG_0612-1-1024x838.jpg 1024w, https:\/\/www.efmaroc.org\/efm\/wp-content\/uploads\/2024\/04\/IMG_0612-1-300x245.jpg 300w, https:\/\/www.efmaroc.org\/efm\/wp-content\/uploads\/2024\/04\/IMG_0612-1-768x628.jpg 768w, https:\/\/www.efmaroc.org\/efm\/wp-content\/uploads\/2024\/04\/IMG_0612-1-1536x1257.jpg 1536w, https:\/\/www.efmaroc.org\/efm\/wp-content\/uploads\/2024\/04\/IMG_0612-1-2048x1676.jpg 2048w, https:\/\/www.efmaroc.org\/efm\/wp-content\/uploads\/2024\/04\/IMG_0612-1-370x303.jpg 370w, https:\/\/www.efmaroc.org\/efm\/wp-content\/uploads\/2024\/04\/IMG_0612-1-840x687.jpg 840w, https:\/\/www.efmaroc.org\/efm\/wp-content\/uploads\/2024\/04\/IMG_0612-1-410x336.jpg 410w\" sizes=\"(max-width: 1024px) 100vw, 1024px\" \/><\/figure>\n\n\n\n<figure class=\"wp-block-image size-large\"><img decoding=\"async\" width=\"1024\" height=\"593\" data-id=\"23059\" src=\"https:\/\/www.efmaroc.org\/efm\/wp-content\/uploads\/2024\/04\/IMG_0652-2-1024x593.jpg\" alt=\"\" class=\"wp-image-23059\" srcset=\"https:\/\/www.efmaroc.org\/efm\/wp-content\/uploads\/2024\/04\/IMG_0652-2-1024x593.jpg 1024w, https:\/\/www.efmaroc.org\/efm\/wp-content\/uploads\/2024\/04\/IMG_0652-2-300x174.jpg 300w, https:\/\/www.efmaroc.org\/efm\/wp-content\/uploads\/2024\/04\/IMG_0652-2-768x445.jpg 768w, https:\/\/www.efmaroc.org\/efm\/wp-content\/uploads\/2024\/04\/IMG_0652-2-1536x889.jpg 1536w, https:\/\/www.efmaroc.org\/efm\/wp-content\/uploads\/2024\/04\/IMG_0652-2-2048x1186.jpg 2048w, https:\/\/www.efmaroc.org\/efm\/wp-content\/uploads\/2024\/04\/IMG_0652-2-370x214.jpg 370w, https:\/\/www.efmaroc.org\/efm\/wp-content\/uploads\/2024\/04\/IMG_0652-2-840x486.jpg 840w, https:\/\/www.efmaroc.org\/efm\/wp-content\/uploads\/2024\/04\/IMG_0652-2-410x237.jpg 410w\" sizes=\"(max-width: 1024px) 100vw, 1024px\" \/><\/figure>\n<\/figure>\n\n\n\n<p>Une premi\u00e8re pour les \u00e9l\u00e8ves de la sp\u00e9cialit\u00e9 CAV de pouvoir projeter leurs films dans une salle aussi mythique que le cin\u00e9ma Renaissance, une opportunit\u00e9 unique pour les \u00e9l\u00e8ves, tant au niveau \u00e9ducatif qu\u2019artistique. Cette initiative port\u00e9e par les enseignants \u00e0 offert aux \u00e9l\u00e8ves une exp\u00e9rience unique gr\u00e2ce a jury compos\u00e9 de professionnels  : Mme BENKIRAN Yasmine, M. OURAHOU Kamal, M. ZNIBER Mohamed R\u00e9da, Mme LYOUBI Bahija , Mme HADI Sofia, M. FOURE Julien, M.BELKHAYAT Ahmed,M. GEIDI Sami, M. VASSEUR Max, Mme Ina Pouant et Mme HUMURIZIAN Agn\u00e8s<\/p>\n\n\n\n<p class=\"has-text-link-3-color has-text-color has-link-color wp-elements-7b69d7f2be0c4f68aceb10f58888aad2\">Pour cette 1\u02b3\u1d49 \u00e9dition, 11 films \u00e9taient en comp\u00e9tition et un invit\u00e9 d&rsquo;honneur, <a href=\"https:\/\/www.linkedin.com\/company\/grand-lyc%C3%A9e-franco-libanais-beyrouth\/\">Grand Lyc\u00e9e Franco-Libanais Beyrouth<\/a> qui a inaugur\u00e9 cette 1\u02b3\u1d49 \u00e9dition avec son film hors comp\u00e9tition \u00a0\u00bb\u00c9cran, ville noire\u00a0\u00bb.<br><br>Palmar\u00e8s des prix :<br><br>\ud83d\udcfd Prix du meilleur montage : Miraji , lyc\u00e9e Lyautey<br>\ud83c\udfbc Prix du meilleur son : Le d\u00e9compte, lyc\u00e9e Descartes<br>\ud83d\udcf8 Prix de la meilleure photographie : l&rsquo;\u00e9veil des illusions, lyc\u00e9e Lyautey<br>\ud83d\udc68 Prix du meilleur acteur : Sourire \u00e0 l&rsquo;envers, lyc\u00e9e Paul Val\u00e9ry<br>\ud83d\udc69 Prix de la meilleure actrice : Zahra, lyc\u00e9e Descartes<br>\ud83c\udf9e Prix du meilleur sc\u00e9nario : Zahra, lyc\u00e9e Descartes<br>\ud83d\udc96 Prix coup de c\u0153ur du jury : Sourire \u00e0 l&rsquo;envers, lyc\u00e9e Paul Val\u00e9ry<br>\ud83c\udfac Prix du meilleur film : \u00c9veil des illusions, lyc\u00e9e Lyautey<br>\ud83d\udc95 Prix coup de c\u0153ur du public&rsquo; : SH, Groupe scolaire Benabdellah<br><br><br>Un grand merci \u00e0 Mme Bougrine, la maitresse de c\u00e9r\u00e9monie et encore bravo aux \u00e9l\u00e8ves d&rsquo;avoir relev\u00e9 ce d\u00e9fi et aux \u00e9quipes p\u00e9dagogiques qui ont accompagn\u00e9 leurs \u00e9l\u00e8ves\u202f!<br><br>Merci \u00e9galement au lyc\u00e9e Descartes et aux partenaires <a href=\"https:\/\/www.linkedin.com\/company\/if-maroc\/\">Institut fran\u00e7ais du Maroc<\/a>, <a href=\"https:\/\/www.linkedin.com\/company\/esav-marrakech\/\">ESAV Marrakech<\/a> et la fondation Hiba.<\/p>\n\n\n\n<p>Rendez-vous sur le site : www.harakatfestival.ma<\/p>\n","protected":false},"excerpt":{"rendered":"<p>\ud83c\udfacClap de fin pour la 1\u02b3\u1d49 \u00e9dition du Harakat festival qui s&rsquo;est d\u00e9roul\u00e9 ce mercredi&hellip;<\/p>\n","protected":false},"author":1,"featured_media":23058,"comment_status":"closed","ping_status":"open","sticky":false,"template":"","format":"standard","meta":{"_jetpack_newsletter_access":"","_jetpack_dont_email_post_to_subs":false,"_jetpack_newsletter_tier_id":0,"_jetpack_memberships_contains_paywalled_content":false,"_jetpack_memberships_contains_paid_content":false,"footnotes":""},"categories":[14],"tags":[],"class_list":["post-23054","post","type-post","status-publish","format-standard","has-post-thumbnail","hentry","category-nouvelles"],"yoast_head":"<!-- This site is optimized with the Yoast SEO plugin v26.8 - https:\/\/yoast.com\/product\/yoast-seo-wordpress\/ -->\n<title>Le 7\u00e8me Art \u00e0 l&#039;honneur avec la 1\u00e8re \u00e9dition du Harakat Festival | Enseignement Fran\u00e7ais au Maroc<\/title>\n<meta name=\"description\" content=\"\ud83c\udfacClap de fin pour la 1\u02b3\u1d49 \u00e9dition du Harakat festival qui s&#039;est d\u00e9roul\u00e9 ce mercredi 24 avril 2024 \u00e0 Rabat. Une premi\u00e8re pour les \u00e9l\u00e8ves de la sp\u00e9cialit\u00e9\" \/>\n<meta name=\"robots\" content=\"index, follow, max-snippet:-1, max-image-preview:large, max-video-preview:-1\" \/>\n<link rel=\"canonical\" href=\"https:\/\/www.efmaroc.org\/efm\/le-7eme-art-a-lhonneur-avec-la-1ere-edition-du-harakat-festival\/\" \/>\n<meta property=\"og:locale\" content=\"fr_FR\" \/>\n<meta property=\"og:type\" content=\"article\" \/>\n<meta property=\"og:title\" content=\"Le 7\u00e8me Art \u00e0 l&#039;honneur avec la 1\u00e8re \u00e9dition du Harakat Festival | Enseignement Fran\u00e7ais au Maroc\" \/>\n<meta property=\"og:description\" content=\"\ud83c\udfacClap de fin pour la 1\u02b3\u1d49 \u00e9dition du Harakat festival qui s&#039;est d\u00e9roul\u00e9 ce mercredi 24 avril 2024 \u00e0 Rabat. Une premi\u00e8re pour les \u00e9l\u00e8ves de la sp\u00e9cialit\u00e9\" \/>\n<meta property=\"og:url\" content=\"https:\/\/www.efmaroc.org\/efm\/le-7eme-art-a-lhonneur-avec-la-1ere-edition-du-harakat-festival\/\" \/>\n<meta property=\"og:site_name\" content=\"EFM\" \/>\n<meta property=\"article:published_time\" content=\"2024-04-26T15:18:27+00:00\" \/>\n<meta property=\"article:modified_time\" content=\"2026-01-30T15:06:17+00:00\" \/>\n<meta property=\"og:image\" content=\"https:\/\/www.efmaroc.org\/efm\/wp-content\/uploads\/2024\/04\/IMG_0612-1-scaled.jpg\" \/>\n\t<meta property=\"og:image:width\" content=\"2560\" \/>\n\t<meta property=\"og:image:height\" content=\"2095\" \/>\n\t<meta property=\"og:image:type\" content=\"image\/jpeg\" \/>\n<meta name=\"author\" content=\"EFM\" \/>\n<meta name=\"twitter:card\" content=\"summary_large_image\" \/>\n<meta name=\"twitter:label1\" content=\"\u00c9crit par\" \/>\n\t<meta name=\"twitter:data1\" content=\"EFM\" \/>\n\t<meta name=\"twitter:label2\" content=\"Dur\u00e9e de lecture estim\u00e9e\" \/>\n\t<meta name=\"twitter:data2\" content=\"2 minutes\" \/>\n<script type=\"application\/ld+json\" class=\"yoast-schema-graph\">{\"@context\":\"https:\/\/schema.org\",\"@graph\":[{\"@type\":\"Article\",\"@id\":\"https:\/\/www.efmaroc.org\/efm\/le-7eme-art-a-lhonneur-avec-la-1ere-edition-du-harakat-festival\/#article\",\"isPartOf\":{\"@id\":\"https:\/\/www.efmaroc.org\/efm\/le-7eme-art-a-lhonneur-avec-la-1ere-edition-du-harakat-festival\/\"},\"author\":{\"name\":\"EFM\",\"@id\":\"https:\/\/www.efmaroc.org\/efm\/#\/schema\/person\/25a9b635a4b2276393dd87dbd94c6302\"},\"headline\":\"Le 7\u00e8me Art \u00e0 l&rsquo;honneur avec la 1\u00e8re \u00e9dition du Harakat Festival\",\"datePublished\":\"2024-04-26T15:18:27+00:00\",\"dateModified\":\"2026-01-30T15:06:17+00:00\",\"mainEntityOfPage\":{\"@id\":\"https:\/\/www.efmaroc.org\/efm\/le-7eme-art-a-lhonneur-avec-la-1ere-edition-du-harakat-festival\/\"},\"wordCount\":322,\"publisher\":{\"@id\":\"https:\/\/www.efmaroc.org\/efm\/#organization\"},\"image\":{\"@id\":\"https:\/\/www.efmaroc.org\/efm\/le-7eme-art-a-lhonneur-avec-la-1ere-edition-du-harakat-festival\/#primaryimage\"},\"thumbnailUrl\":\"https:\/\/www.efmaroc.org\/efm\/wp-content\/uploads\/2024\/04\/IMG_0612-1-scaled.jpg\",\"articleSection\":[\"Nouvelles\"],\"inLanguage\":\"fr-FR\"},{\"@type\":\"WebPage\",\"@id\":\"https:\/\/www.efmaroc.org\/efm\/le-7eme-art-a-lhonneur-avec-la-1ere-edition-du-harakat-festival\/\",\"url\":\"https:\/\/www.efmaroc.org\/efm\/le-7eme-art-a-lhonneur-avec-la-1ere-edition-du-harakat-festival\/\",\"name\":\"Le 7\u00e8me Art \u00e0 l'honneur avec la 1\u00e8re \u00e9dition du Harakat Festival | Enseignement Fran\u00e7ais au Maroc\",\"isPartOf\":{\"@id\":\"https:\/\/www.efmaroc.org\/efm\/#website\"},\"primaryImageOfPage\":{\"@id\":\"https:\/\/www.efmaroc.org\/efm\/le-7eme-art-a-lhonneur-avec-la-1ere-edition-du-harakat-festival\/#primaryimage\"},\"image\":{\"@id\":\"https:\/\/www.efmaroc.org\/efm\/le-7eme-art-a-lhonneur-avec-la-1ere-edition-du-harakat-festival\/#primaryimage\"},\"thumbnailUrl\":\"https:\/\/www.efmaroc.org\/efm\/wp-content\/uploads\/2024\/04\/IMG_0612-1-scaled.jpg\",\"datePublished\":\"2024-04-26T15:18:27+00:00\",\"dateModified\":\"2026-01-30T15:06:17+00:00\",\"description\":\"\ud83c\udfacClap de fin pour la 1\u02b3\u1d49 \u00e9dition du Harakat festival qui s'est d\u00e9roul\u00e9 ce mercredi 24 avril 2024 \u00e0 Rabat. Une premi\u00e8re pour les \u00e9l\u00e8ves de la sp\u00e9cialit\u00e9\",\"breadcrumb\":{\"@id\":\"https:\/\/www.efmaroc.org\/efm\/le-7eme-art-a-lhonneur-avec-la-1ere-edition-du-harakat-festival\/#breadcrumb\"},\"inLanguage\":\"fr-FR\",\"potentialAction\":[{\"@type\":\"ReadAction\",\"target\":[\"https:\/\/www.efmaroc.org\/efm\/le-7eme-art-a-lhonneur-avec-la-1ere-edition-du-harakat-festival\/\"]}]},{\"@type\":\"ImageObject\",\"inLanguage\":\"fr-FR\",\"@id\":\"https:\/\/www.efmaroc.org\/efm\/le-7eme-art-a-lhonneur-avec-la-1ere-edition-du-harakat-festival\/#primaryimage\",\"url\":\"https:\/\/www.efmaroc.org\/efm\/wp-content\/uploads\/2024\/04\/IMG_0612-1-scaled.jpg\",\"contentUrl\":\"https:\/\/www.efmaroc.org\/efm\/wp-content\/uploads\/2024\/04\/IMG_0612-1-scaled.jpg\",\"width\":2560,\"height\":2095},{\"@type\":\"BreadcrumbList\",\"@id\":\"https:\/\/www.efmaroc.org\/efm\/le-7eme-art-a-lhonneur-avec-la-1ere-edition-du-harakat-festival\/#breadcrumb\",\"itemListElement\":[{\"@type\":\"ListItem\",\"position\":1,\"name\":\"Accueil\",\"item\":\"https:\/\/www.efmaroc.org\/efm\/\"},{\"@type\":\"ListItem\",\"position\":2,\"name\":\"Le 7\u00e8me Art \u00e0 l&rsquo;honneur avec la 1\u00e8re \u00e9dition du Harakat Festival\"}]},{\"@type\":\"WebSite\",\"@id\":\"https:\/\/www.efmaroc.org\/efm\/#website\",\"url\":\"https:\/\/www.efmaroc.org\/efm\/\",\"name\":\"EFM\",\"description\":\"Enseignement Fran\u00e7ais au Maroc\",\"publisher\":{\"@id\":\"https:\/\/www.efmaroc.org\/efm\/#organization\"},\"potentialAction\":[{\"@type\":\"SearchAction\",\"target\":{\"@type\":\"EntryPoint\",\"urlTemplate\":\"https:\/\/www.efmaroc.org\/efm\/?s={search_term_string}\"},\"query-input\":{\"@type\":\"PropertyValueSpecification\",\"valueRequired\":true,\"valueName\":\"search_term_string\"}}],\"inLanguage\":\"fr-FR\"},{\"@type\":\"Organization\",\"@id\":\"https:\/\/www.efmaroc.org\/efm\/#organization\",\"name\":\"EFM\",\"url\":\"https:\/\/www.efmaroc.org\/efm\/\",\"logo\":{\"@type\":\"ImageObject\",\"inLanguage\":\"fr-FR\",\"@id\":\"https:\/\/www.efmaroc.org\/efm\/#\/schema\/logo\/image\/\",\"url\":\"https:\/\/www.efmaroc.org\/efm\/wp-content\/uploads\/2022\/12\/efm-enseignement-francais-maroc-logotaglinex2.png\",\"contentUrl\":\"https:\/\/www.efmaroc.org\/efm\/wp-content\/uploads\/2022\/12\/efm-enseignement-francais-maroc-logotaglinex2.png\",\"width\":104,\"height\":78,\"caption\":\"EFM\"},\"image\":{\"@id\":\"https:\/\/www.efmaroc.org\/efm\/#\/schema\/logo\/image\/\"}},{\"@type\":\"Person\",\"@id\":\"https:\/\/www.efmaroc.org\/efm\/#\/schema\/person\/25a9b635a4b2276393dd87dbd94c6302\",\"name\":\"EFM\",\"image\":{\"@type\":\"ImageObject\",\"inLanguage\":\"fr-FR\",\"@id\":\"https:\/\/www.efmaroc.org\/efm\/#\/schema\/person\/image\/\",\"url\":\"https:\/\/secure.gravatar.com\/avatar\/0acf5f0ecc3b24f6fa3602920a0bc305ada83aa2d4adbe73d7718ee0e4155d61?s=96&d=mm&r=g\",\"contentUrl\":\"https:\/\/secure.gravatar.com\/avatar\/0acf5f0ecc3b24f6fa3602920a0bc305ada83aa2d4adbe73d7718ee0e4155d61?s=96&d=mm&r=g\",\"caption\":\"EFM\"},\"sameAs\":[\"https:\/\/www.efmaroc.org\/efm\"]}]}<\/script>\n<!-- \/ Yoast SEO plugin. -->","yoast_head_json":{"title":"Le 7\u00e8me Art \u00e0 l'honneur avec la 1\u00e8re \u00e9dition du Harakat Festival | Enseignement Fran\u00e7ais au Maroc","description":"\ud83c\udfacClap de fin pour la 1\u02b3\u1d49 \u00e9dition du Harakat festival qui s'est d\u00e9roul\u00e9 ce mercredi 24 avril 2024 \u00e0 Rabat. Une premi\u00e8re pour les \u00e9l\u00e8ves de la sp\u00e9cialit\u00e9","robots":{"index":"index","follow":"follow","max-snippet":"max-snippet:-1","max-image-preview":"max-image-preview:large","max-video-preview":"max-video-preview:-1"},"canonical":"https:\/\/www.efmaroc.org\/efm\/le-7eme-art-a-lhonneur-avec-la-1ere-edition-du-harakat-festival\/","og_locale":"fr_FR","og_type":"article","og_title":"Le 7\u00e8me Art \u00e0 l'honneur avec la 1\u00e8re \u00e9dition du Harakat Festival | Enseignement Fran\u00e7ais au Maroc","og_description":"\ud83c\udfacClap de fin pour la 1\u02b3\u1d49 \u00e9dition du Harakat festival qui s'est d\u00e9roul\u00e9 ce mercredi 24 avril 2024 \u00e0 Rabat. Une premi\u00e8re pour les \u00e9l\u00e8ves de la sp\u00e9cialit\u00e9","og_url":"https:\/\/www.efmaroc.org\/efm\/le-7eme-art-a-lhonneur-avec-la-1ere-edition-du-harakat-festival\/","og_site_name":"EFM","article_published_time":"2024-04-26T15:18:27+00:00","article_modified_time":"2026-01-30T15:06:17+00:00","og_image":[{"width":2560,"height":2095,"url":"https:\/\/www.efmaroc.org\/efm\/wp-content\/uploads\/2024\/04\/IMG_0612-1-scaled.jpg","type":"image\/jpeg"}],"author":"EFM","twitter_card":"summary_large_image","twitter_misc":{"\u00c9crit par":"EFM","Dur\u00e9e de lecture estim\u00e9e":"2 minutes"},"schema":{"@context":"https:\/\/schema.org","@graph":[{"@type":"Article","@id":"https:\/\/www.efmaroc.org\/efm\/le-7eme-art-a-lhonneur-avec-la-1ere-edition-du-harakat-festival\/#article","isPartOf":{"@id":"https:\/\/www.efmaroc.org\/efm\/le-7eme-art-a-lhonneur-avec-la-1ere-edition-du-harakat-festival\/"},"author":{"name":"EFM","@id":"https:\/\/www.efmaroc.org\/efm\/#\/schema\/person\/25a9b635a4b2276393dd87dbd94c6302"},"headline":"Le 7\u00e8me Art \u00e0 l&rsquo;honneur avec la 1\u00e8re \u00e9dition du Harakat Festival","datePublished":"2024-04-26T15:18:27+00:00","dateModified":"2026-01-30T15:06:17+00:00","mainEntityOfPage":{"@id":"https:\/\/www.efmaroc.org\/efm\/le-7eme-art-a-lhonneur-avec-la-1ere-edition-du-harakat-festival\/"},"wordCount":322,"publisher":{"@id":"https:\/\/www.efmaroc.org\/efm\/#organization"},"image":{"@id":"https:\/\/www.efmaroc.org\/efm\/le-7eme-art-a-lhonneur-avec-la-1ere-edition-du-harakat-festival\/#primaryimage"},"thumbnailUrl":"https:\/\/www.efmaroc.org\/efm\/wp-content\/uploads\/2024\/04\/IMG_0612-1-scaled.jpg","articleSection":["Nouvelles"],"inLanguage":"fr-FR"},{"@type":"WebPage","@id":"https:\/\/www.efmaroc.org\/efm\/le-7eme-art-a-lhonneur-avec-la-1ere-edition-du-harakat-festival\/","url":"https:\/\/www.efmaroc.org\/efm\/le-7eme-art-a-lhonneur-avec-la-1ere-edition-du-harakat-festival\/","name":"Le 7\u00e8me Art \u00e0 l'honneur avec la 1\u00e8re \u00e9dition du Harakat Festival | Enseignement Fran\u00e7ais au Maroc","isPartOf":{"@id":"https:\/\/www.efmaroc.org\/efm\/#website"},"primaryImageOfPage":{"@id":"https:\/\/www.efmaroc.org\/efm\/le-7eme-art-a-lhonneur-avec-la-1ere-edition-du-harakat-festival\/#primaryimage"},"image":{"@id":"https:\/\/www.efmaroc.org\/efm\/le-7eme-art-a-lhonneur-avec-la-1ere-edition-du-harakat-festival\/#primaryimage"},"thumbnailUrl":"https:\/\/www.efmaroc.org\/efm\/wp-content\/uploads\/2024\/04\/IMG_0612-1-scaled.jpg","datePublished":"2024-04-26T15:18:27+00:00","dateModified":"2026-01-30T15:06:17+00:00","description":"\ud83c\udfacClap de fin pour la 1\u02b3\u1d49 \u00e9dition du Harakat festival qui s'est d\u00e9roul\u00e9 ce mercredi 24 avril 2024 \u00e0 Rabat. Une premi\u00e8re pour les \u00e9l\u00e8ves de la sp\u00e9cialit\u00e9","breadcrumb":{"@id":"https:\/\/www.efmaroc.org\/efm\/le-7eme-art-a-lhonneur-avec-la-1ere-edition-du-harakat-festival\/#breadcrumb"},"inLanguage":"fr-FR","potentialAction":[{"@type":"ReadAction","target":["https:\/\/www.efmaroc.org\/efm\/le-7eme-art-a-lhonneur-avec-la-1ere-edition-du-harakat-festival\/"]}]},{"@type":"ImageObject","inLanguage":"fr-FR","@id":"https:\/\/www.efmaroc.org\/efm\/le-7eme-art-a-lhonneur-avec-la-1ere-edition-du-harakat-festival\/#primaryimage","url":"https:\/\/www.efmaroc.org\/efm\/wp-content\/uploads\/2024\/04\/IMG_0612-1-scaled.jpg","contentUrl":"https:\/\/www.efmaroc.org\/efm\/wp-content\/uploads\/2024\/04\/IMG_0612-1-scaled.jpg","width":2560,"height":2095},{"@type":"BreadcrumbList","@id":"https:\/\/www.efmaroc.org\/efm\/le-7eme-art-a-lhonneur-avec-la-1ere-edition-du-harakat-festival\/#breadcrumb","itemListElement":[{"@type":"ListItem","position":1,"name":"Accueil","item":"https:\/\/www.efmaroc.org\/efm\/"},{"@type":"ListItem","position":2,"name":"Le 7\u00e8me Art \u00e0 l&rsquo;honneur avec la 1\u00e8re \u00e9dition du Harakat Festival"}]},{"@type":"WebSite","@id":"https:\/\/www.efmaroc.org\/efm\/#website","url":"https:\/\/www.efmaroc.org\/efm\/","name":"EFM","description":"Enseignement Fran\u00e7ais au Maroc","publisher":{"@id":"https:\/\/www.efmaroc.org\/efm\/#organization"},"potentialAction":[{"@type":"SearchAction","target":{"@type":"EntryPoint","urlTemplate":"https:\/\/www.efmaroc.org\/efm\/?s={search_term_string}"},"query-input":{"@type":"PropertyValueSpecification","valueRequired":true,"valueName":"search_term_string"}}],"inLanguage":"fr-FR"},{"@type":"Organization","@id":"https:\/\/www.efmaroc.org\/efm\/#organization","name":"EFM","url":"https:\/\/www.efmaroc.org\/efm\/","logo":{"@type":"ImageObject","inLanguage":"fr-FR","@id":"https:\/\/www.efmaroc.org\/efm\/#\/schema\/logo\/image\/","url":"https:\/\/www.efmaroc.org\/efm\/wp-content\/uploads\/2022\/12\/efm-enseignement-francais-maroc-logotaglinex2.png","contentUrl":"https:\/\/www.efmaroc.org\/efm\/wp-content\/uploads\/2022\/12\/efm-enseignement-francais-maroc-logotaglinex2.png","width":104,"height":78,"caption":"EFM"},"image":{"@id":"https:\/\/www.efmaroc.org\/efm\/#\/schema\/logo\/image\/"}},{"@type":"Person","@id":"https:\/\/www.efmaroc.org\/efm\/#\/schema\/person\/25a9b635a4b2276393dd87dbd94c6302","name":"EFM","image":{"@type":"ImageObject","inLanguage":"fr-FR","@id":"https:\/\/www.efmaroc.org\/efm\/#\/schema\/person\/image\/","url":"https:\/\/secure.gravatar.com\/avatar\/0acf5f0ecc3b24f6fa3602920a0bc305ada83aa2d4adbe73d7718ee0e4155d61?s=96&d=mm&r=g","contentUrl":"https:\/\/secure.gravatar.com\/avatar\/0acf5f0ecc3b24f6fa3602920a0bc305ada83aa2d4adbe73d7718ee0e4155d61?s=96&d=mm&r=g","caption":"EFM"},"sameAs":["https:\/\/www.efmaroc.org\/efm"]}]}},"jetpack_featured_media_url":"https:\/\/www.efmaroc.org\/efm\/wp-content\/uploads\/2024\/04\/IMG_0612-1-scaled.jpg","jetpack_sharing_enabled":true,"_links":{"self":[{"href":"https:\/\/www.efmaroc.org\/efm\/wp-json\/wp\/v2\/posts\/23054","targetHints":{"allow":["GET"]}}],"collection":[{"href":"https:\/\/www.efmaroc.org\/efm\/wp-json\/wp\/v2\/posts"}],"about":[{"href":"https:\/\/www.efmaroc.org\/efm\/wp-json\/wp\/v2\/types\/post"}],"author":[{"embeddable":true,"href":"https:\/\/www.efmaroc.org\/efm\/wp-json\/wp\/v2\/users\/1"}],"replies":[{"embeddable":true,"href":"https:\/\/www.efmaroc.org\/efm\/wp-json\/wp\/v2\/comments?post=23054"}],"version-history":[{"count":1,"href":"https:\/\/www.efmaroc.org\/efm\/wp-json\/wp\/v2\/posts\/23054\/revisions"}],"predecessor-version":[{"id":23060,"href":"https:\/\/www.efmaroc.org\/efm\/wp-json\/wp\/v2\/posts\/23054\/revisions\/23060"}],"wp:featuredmedia":[{"embeddable":true,"href":"https:\/\/www.efmaroc.org\/efm\/wp-json\/wp\/v2\/media\/23058"}],"wp:attachment":[{"href":"https:\/\/www.efmaroc.org\/efm\/wp-json\/wp\/v2\/media?parent=23054"}],"wp:term":[{"taxonomy":"category","embeddable":true,"href":"https:\/\/www.efmaroc.org\/efm\/wp-json\/wp\/v2\/categories?post=23054"},{"taxonomy":"post_tag","embeddable":true,"href":"https:\/\/www.efmaroc.org\/efm\/wp-json\/wp\/v2\/tags?post=23054"}],"curies":[{"name":"wp","href":"https:\/\/api.w.org\/{rel}","templated":true}]}}