{"id":23061,"date":"2024-04-26T17:31:07","date_gmt":"2024-04-26T15:31:07","guid":{"rendered":"https:\/\/www.efmaroc.org\/efm\/?p=23061"},"modified":"2024-04-26T17:54:11","modified_gmt":"2024-04-26T15:54:11","slug":"la-finale-ambassadeurs-ambassadrices-en-herbe-au-maroc","status":"publish","type":"post","link":"https:\/\/www.efmaroc.org\/efm\/la-finale-ambassadeurs-ambassadrices-en-herbe-au-maroc\/","title":{"rendered":"La finale \u00ab\u00a0Ambassadeurs-Ambassadrices en herbe\u00a0\u00bb au Maroc"},"content":{"rendered":"\n<figure class=\"wp-block-gallery has-nested-images columns-default is-cropped wp-block-gallery-1 is-layout-flex wp-block-gallery-is-layout-flex\">\n<figure class=\"wp-block-image size-large\"><img fetchpriority=\"high\" decoding=\"async\" width=\"845\" height=\"544\" data-id=\"23062\" src=\"https:\/\/www.efmaroc.org\/efm\/wp-content\/uploads\/2024\/04\/Capture-decran-362.png\" alt=\"\" class=\"wp-image-23062\" srcset=\"https:\/\/www.efmaroc.org\/efm\/wp-content\/uploads\/2024\/04\/Capture-decran-362.png 845w, https:\/\/www.efmaroc.org\/efm\/wp-content\/uploads\/2024\/04\/Capture-decran-362-300x193.png 300w, https:\/\/www.efmaroc.org\/efm\/wp-content\/uploads\/2024\/04\/Capture-decran-362-768x494.png 768w, https:\/\/www.efmaroc.org\/efm\/wp-content\/uploads\/2024\/04\/Capture-decran-362-370x238.png 370w, https:\/\/www.efmaroc.org\/efm\/wp-content\/uploads\/2024\/04\/Capture-decran-362-840x541.png 840w, https:\/\/www.efmaroc.org\/efm\/wp-content\/uploads\/2024\/04\/Capture-decran-362-410x264.png 410w\" sizes=\"(max-width: 845px) 100vw, 845px\" \/><\/figure>\n\n\n\n<figure class=\"wp-block-image size-large\"><img decoding=\"async\" width=\"1024\" height=\"645\" data-id=\"23063\" src=\"https:\/\/www.efmaroc.org\/efm\/wp-content\/uploads\/2024\/04\/Capture-decran-363-1024x645.png\" alt=\"\" class=\"wp-image-23063\" srcset=\"https:\/\/www.efmaroc.org\/efm\/wp-content\/uploads\/2024\/04\/Capture-decran-363-1024x645.png 1024w, https:\/\/www.efmaroc.org\/efm\/wp-content\/uploads\/2024\/04\/Capture-decran-363-300x189.png 300w, https:\/\/www.efmaroc.org\/efm\/wp-content\/uploads\/2024\/04\/Capture-decran-363-768x484.png 768w, https:\/\/www.efmaroc.org\/efm\/wp-content\/uploads\/2024\/04\/Capture-decran-363-370x233.png 370w, https:\/\/www.efmaroc.org\/efm\/wp-content\/uploads\/2024\/04\/Capture-decran-363-840x529.png 840w, https:\/\/www.efmaroc.org\/efm\/wp-content\/uploads\/2024\/04\/Capture-decran-363-410x258.png 410w, https:\/\/www.efmaroc.org\/efm\/wp-content\/uploads\/2024\/04\/Capture-decran-363.png 1164w\" sizes=\"(max-width: 1024px) 100vw, 1024px\" \/><\/figure>\n<\/figure>\n\n\n\n<p class=\"has-text-link-3-color has-text-color has-link-color wp-elements-ca3b0075c9d70811535987fc2afc29ad\">La 12\u00e8me \u00e9dition du concours oratoire Ambassadeurs et Ambassadrices en Herbe s\u2019est tenue au GS la r\u00e9sidence ce 23 avril 2024. Chaque\u00a0ann\u00e9e, les \u00e9tablissements du r\u00e9seau AEFE se mobilisent, toujours plus nombreux, pour participer \u00e0 \u201cAmbassadeurs, Ambassadrices en herbe\u201c, tournoi mondial de joutes oratoires et de d\u00e9bats citoyens. La finale du concours d\u2019\u00e9loquence (AAEH) s&rsquo;inscrit, par sa th\u00e9matique, dans l\u2019Ann\u00e9e du sport impuls\u00e9e par l&rsquo;AEFE avec pour th\u00e9matique \u00ab\u00a0les jeux olympiques et paralympiques\u00a0: un \u00e9v\u00e8nement f\u00e9d\u00e9rateur, inclusif et durable\u00a0\u00bb.<br><br>La finale s&rsquo;est d\u00e9ploy\u00e9e dans une\u00a0dynamique inter-r\u00e9seaux\u00a0avec 12 \u00e9tablissements : Anatole France, Claude Bernard, \u00c9cole Al Jabr, \u00c9cole Fran\u00e7aise Internationale de Casablanca, Georges Bizet , Groupe Scolaire la R\u00e9sidence, GSU Honor\u00e9 de Balzac, GSU la Fontanine, lyc\u00e9e Fran\u00e7ais L\u00e9on l\u2019Africain Casablanca, lyc\u00e9e Lyautey , lyc\u00e9e Regnault Officiel et Paul C\u00e9zanne.<br><br>Un grand bravo aux gagnants de cette finale Zone <a href=\"https:\/\/www.linkedin.com\/feed\/hashtag\/?keywords=maroc&amp;highlightedUpdateUrns=urn%3Ali%3Aactivity%3A7189565752666959872\">hashtag#Maroc<\/a> :<br><br>\ud83e\udd47 Individuel Cycle 3 : <a href=\"https:\/\/www.linkedin.com\/company\/lyc%C3%A9e-fran%C3%A7ais-l%C3%A9on-l-africain-domaine-d-anfa\/\">Lyc\u00e9e Fran\u00e7ais L\u00e9on l&rsquo;Africain Domaine d&rsquo;Anfa<\/a><br>\ud83e\udd47 Individuel Cycle 4 : <a href=\"https:\/\/www.linkedin.com\/company\/ecole-al-jabr\/\">Ecole Al Jabr<\/a><br>\ud83e\udd47 Individuel lyc\u00e9e : <a href=\"https:\/\/www.linkedin.com\/company\/groupe-scolaire-la-r%C3%A9sidence\/\">Groupe Scolaire la R\u00e9sidence<\/a><br>\ud83e\udd47 Collectif : \u00c9cole fran\u00e7aise Internationale (EFI)<br><br>Un grand merci au jury de cette 12\u1d49 \u00e9dition : Mme Agn\u00e8s Humruzian, Conseill\u00e8re de coop\u00e9ration et d&rsquo;action culturelle \u00e0 l&rsquo;ambassade de France au Maroc, Max Vasseur chef de secteur g\u00e9ographique Maghreb &#8211; P\u00e9ninsule ib\u00e9rique AEFE &#8211; Agence pour l&rsquo;enseignement fran\u00e7ais \u00e0 l&rsquo;\u00e9tranger, Mme Nathalie Soirat Consule G\u00e9n\u00e9rale adjointe de France \u00e0 Casablanca, M. Ga\u00ebtan Pellan Directeur de l&rsquo;Institut fran\u00e7ais Casablanca, M. Paco Mounir Messari Vice-pr\u00e9sident de la F\u00e9d\u00e9ration Royale des sports urbains et M. Abderrahim Bourkia sociologue Sport.<br><br>Merci \u00e9galement \u00e0 la marraine de cette \u00e9dition Mme Squalli Ranya, aux \u00e9quipes p\u00e9dagogiques encadrantes et au <a href=\"https:\/\/www.linkedin.com\/company\/groupe-scolaire-la-r%C3%A9sidence\/\">Groupe Scolaire la R\u00e9sidence<\/a> pour son accueil\u202f!<\/p>\n","protected":false},"excerpt":{"rendered":"<p>La 12\u00e8me \u00e9dition du concours oratoire Ambassadeurs et Ambassadrices en Herbe s\u2019est tenue au GS&hellip;<\/p>\n","protected":false},"author":1,"featured_media":23063,"comment_status":"closed","ping_status":"open","sticky":false,"template":"","format":"standard","meta":{"_jetpack_newsletter_access":"","_jetpack_dont_email_post_to_subs":false,"_jetpack_newsletter_tier_id":0,"_jetpack_memberships_contains_paywalled_content":false,"_jetpack_memberships_contains_paid_content":false,"footnotes":""},"categories":[13],"tags":[],"class_list":["post-23061","post","type-post","status-publish","format-standard","has-post-thumbnail","hentry","category-reseau"],"yoast_head":"<!-- This site is optimized with the Yoast SEO plugin v26.8 - https:\/\/yoast.com\/product\/yoast-seo-wordpress\/ -->\n<title>La finale \u00ab\u00a0Ambassadeurs-Ambassadrices en herbe\u00a0\u00bb au Maroc | Enseignement Fran\u00e7ais au Maroc<\/title>\n<meta name=\"description\" content=\"La 12\u00e8me \u00e9dition du concours oratoire Ambassadeurs et Ambassadrices en Herbe s\u2019est tenue au GS la r\u00e9sidence ce 23 avril 2024. Chaque\u00a0ann\u00e9e, les\" \/>\n<meta name=\"robots\" content=\"index, follow, max-snippet:-1, max-image-preview:large, max-video-preview:-1\" \/>\n<link rel=\"canonical\" href=\"https:\/\/www.efmaroc.org\/efm\/la-finale-ambassadeurs-ambassadrices-en-herbe-au-maroc\/\" \/>\n<meta property=\"og:locale\" content=\"fr_FR\" \/>\n<meta property=\"og:type\" content=\"article\" \/>\n<meta property=\"og:title\" content=\"La finale \u00ab\u00a0Ambassadeurs-Ambassadrices en herbe\u00a0\u00bb au Maroc | Enseignement Fran\u00e7ais au Maroc\" \/>\n<meta property=\"og:description\" content=\"La 12\u00e8me \u00e9dition du concours oratoire Ambassadeurs et Ambassadrices en Herbe s\u2019est tenue au GS la r\u00e9sidence ce 23 avril 2024. Chaque\u00a0ann\u00e9e, les\" \/>\n<meta property=\"og:url\" content=\"https:\/\/www.efmaroc.org\/efm\/la-finale-ambassadeurs-ambassadrices-en-herbe-au-maroc\/\" \/>\n<meta property=\"og:site_name\" content=\"EFM\" \/>\n<meta property=\"article:published_time\" content=\"2024-04-26T15:31:07+00:00\" \/>\n<meta property=\"article:modified_time\" content=\"2024-04-26T15:54:11+00:00\" \/>\n<meta property=\"og:image\" content=\"https:\/\/www.efmaroc.org\/efm\/wp-content\/uploads\/2024\/04\/Capture-decran-363.png\" \/>\n\t<meta property=\"og:image:width\" content=\"1164\" \/>\n\t<meta property=\"og:image:height\" content=\"733\" \/>\n\t<meta property=\"og:image:type\" content=\"image\/png\" \/>\n<meta name=\"author\" content=\"EFM\" \/>\n<meta name=\"twitter:card\" content=\"summary_large_image\" \/>\n<meta name=\"twitter:label1\" content=\"\u00c9crit par\" \/>\n\t<meta name=\"twitter:data1\" content=\"EFM\" \/>\n\t<meta name=\"twitter:label2\" content=\"Dur\u00e9e de lecture estim\u00e9e\" \/>\n\t<meta name=\"twitter:data2\" content=\"2 minutes\" \/>\n<script type=\"application\/ld+json\" class=\"yoast-schema-graph\">{\"@context\":\"https:\/\/schema.org\",\"@graph\":[{\"@type\":\"Article\",\"@id\":\"https:\/\/www.efmaroc.org\/efm\/la-finale-ambassadeurs-ambassadrices-en-herbe-au-maroc\/#article\",\"isPartOf\":{\"@id\":\"https:\/\/www.efmaroc.org\/efm\/la-finale-ambassadeurs-ambassadrices-en-herbe-au-maroc\/\"},\"author\":{\"name\":\"EFM\",\"@id\":\"https:\/\/www.efmaroc.org\/efm\/#\/schema\/person\/25a9b635a4b2276393dd87dbd94c6302\"},\"headline\":\"La finale \u00ab\u00a0Ambassadeurs-Ambassadrices en herbe\u00a0\u00bb au Maroc\",\"datePublished\":\"2024-04-26T15:31:07+00:00\",\"dateModified\":\"2024-04-26T15:54:11+00:00\",\"mainEntityOfPage\":{\"@id\":\"https:\/\/www.efmaroc.org\/efm\/la-finale-ambassadeurs-ambassadrices-en-herbe-au-maroc\/\"},\"wordCount\":322,\"publisher\":{\"@id\":\"https:\/\/www.efmaroc.org\/efm\/#organization\"},\"image\":{\"@id\":\"https:\/\/www.efmaroc.org\/efm\/la-finale-ambassadeurs-ambassadrices-en-herbe-au-maroc\/#primaryimage\"},\"thumbnailUrl\":\"https:\/\/www.efmaroc.org\/efm\/wp-content\/uploads\/2024\/04\/Capture-decran-363.png\",\"articleSection\":[\"R\u00e9seau\"],\"inLanguage\":\"fr-FR\"},{\"@type\":\"WebPage\",\"@id\":\"https:\/\/www.efmaroc.org\/efm\/la-finale-ambassadeurs-ambassadrices-en-herbe-au-maroc\/\",\"url\":\"https:\/\/www.efmaroc.org\/efm\/la-finale-ambassadeurs-ambassadrices-en-herbe-au-maroc\/\",\"name\":\"La finale \u00ab\u00a0Ambassadeurs-Ambassadrices en herbe\u00a0\u00bb au Maroc | Enseignement Fran\u00e7ais au Maroc\",\"isPartOf\":{\"@id\":\"https:\/\/www.efmaroc.org\/efm\/#website\"},\"primaryImageOfPage\":{\"@id\":\"https:\/\/www.efmaroc.org\/efm\/la-finale-ambassadeurs-ambassadrices-en-herbe-au-maroc\/#primaryimage\"},\"image\":{\"@id\":\"https:\/\/www.efmaroc.org\/efm\/la-finale-ambassadeurs-ambassadrices-en-herbe-au-maroc\/#primaryimage\"},\"thumbnailUrl\":\"https:\/\/www.efmaroc.org\/efm\/wp-content\/uploads\/2024\/04\/Capture-decran-363.png\",\"datePublished\":\"2024-04-26T15:31:07+00:00\",\"dateModified\":\"2024-04-26T15:54:11+00:00\",\"description\":\"La 12\u00e8me \u00e9dition du concours oratoire Ambassadeurs et Ambassadrices en Herbe s\u2019est tenue au GS la r\u00e9sidence ce 23 avril 2024. Chaque\u00a0ann\u00e9e, les\",\"breadcrumb\":{\"@id\":\"https:\/\/www.efmaroc.org\/efm\/la-finale-ambassadeurs-ambassadrices-en-herbe-au-maroc\/#breadcrumb\"},\"inLanguage\":\"fr-FR\",\"potentialAction\":[{\"@type\":\"ReadAction\",\"target\":[\"https:\/\/www.efmaroc.org\/efm\/la-finale-ambassadeurs-ambassadrices-en-herbe-au-maroc\/\"]}]},{\"@type\":\"ImageObject\",\"inLanguage\":\"fr-FR\",\"@id\":\"https:\/\/www.efmaroc.org\/efm\/la-finale-ambassadeurs-ambassadrices-en-herbe-au-maroc\/#primaryimage\",\"url\":\"https:\/\/www.efmaroc.org\/efm\/wp-content\/uploads\/2024\/04\/Capture-decran-363.png\",\"contentUrl\":\"https:\/\/www.efmaroc.org\/efm\/wp-content\/uploads\/2024\/04\/Capture-decran-363.png\",\"width\":1164,\"height\":733},{\"@type\":\"BreadcrumbList\",\"@id\":\"https:\/\/www.efmaroc.org\/efm\/la-finale-ambassadeurs-ambassadrices-en-herbe-au-maroc\/#breadcrumb\",\"itemListElement\":[{\"@type\":\"ListItem\",\"position\":1,\"name\":\"Accueil\",\"item\":\"https:\/\/www.efmaroc.org\/efm\/\"},{\"@type\":\"ListItem\",\"position\":2,\"name\":\"La finale \u00ab\u00a0Ambassadeurs-Ambassadrices en herbe\u00a0\u00bb au Maroc\"}]},{\"@type\":\"WebSite\",\"@id\":\"https:\/\/www.efmaroc.org\/efm\/#website\",\"url\":\"https:\/\/www.efmaroc.org\/efm\/\",\"name\":\"EFM\",\"description\":\"Enseignement Fran\u00e7ais au Maroc\",\"publisher\":{\"@id\":\"https:\/\/www.efmaroc.org\/efm\/#organization\"},\"potentialAction\":[{\"@type\":\"SearchAction\",\"target\":{\"@type\":\"EntryPoint\",\"urlTemplate\":\"https:\/\/www.efmaroc.org\/efm\/?s={search_term_string}\"},\"query-input\":{\"@type\":\"PropertyValueSpecification\",\"valueRequired\":true,\"valueName\":\"search_term_string\"}}],\"inLanguage\":\"fr-FR\"},{\"@type\":\"Organization\",\"@id\":\"https:\/\/www.efmaroc.org\/efm\/#organization\",\"name\":\"EFM\",\"url\":\"https:\/\/www.efmaroc.org\/efm\/\",\"logo\":{\"@type\":\"ImageObject\",\"inLanguage\":\"fr-FR\",\"@id\":\"https:\/\/www.efmaroc.org\/efm\/#\/schema\/logo\/image\/\",\"url\":\"https:\/\/www.efmaroc.org\/efm\/wp-content\/uploads\/2022\/12\/efm-enseignement-francais-maroc-logotaglinex2.png\",\"contentUrl\":\"https:\/\/www.efmaroc.org\/efm\/wp-content\/uploads\/2022\/12\/efm-enseignement-francais-maroc-logotaglinex2.png\",\"width\":104,\"height\":78,\"caption\":\"EFM\"},\"image\":{\"@id\":\"https:\/\/www.efmaroc.org\/efm\/#\/schema\/logo\/image\/\"}},{\"@type\":\"Person\",\"@id\":\"https:\/\/www.efmaroc.org\/efm\/#\/schema\/person\/25a9b635a4b2276393dd87dbd94c6302\",\"name\":\"EFM\",\"image\":{\"@type\":\"ImageObject\",\"inLanguage\":\"fr-FR\",\"@id\":\"https:\/\/www.efmaroc.org\/efm\/#\/schema\/person\/image\/\",\"url\":\"https:\/\/secure.gravatar.com\/avatar\/0acf5f0ecc3b24f6fa3602920a0bc305ada83aa2d4adbe73d7718ee0e4155d61?s=96&d=mm&r=g\",\"contentUrl\":\"https:\/\/secure.gravatar.com\/avatar\/0acf5f0ecc3b24f6fa3602920a0bc305ada83aa2d4adbe73d7718ee0e4155d61?s=96&d=mm&r=g\",\"caption\":\"EFM\"},\"sameAs\":[\"https:\/\/www.efmaroc.org\/efm\"]}]}<\/script>\n<!-- \/ Yoast SEO plugin. -->","yoast_head_json":{"title":"La finale \u00ab\u00a0Ambassadeurs-Ambassadrices en herbe\u00a0\u00bb au Maroc | Enseignement Fran\u00e7ais au Maroc","description":"La 12\u00e8me \u00e9dition du concours oratoire Ambassadeurs et Ambassadrices en Herbe s\u2019est tenue au GS la r\u00e9sidence ce 23 avril 2024. Chaque\u00a0ann\u00e9e, les","robots":{"index":"index","follow":"follow","max-snippet":"max-snippet:-1","max-image-preview":"max-image-preview:large","max-video-preview":"max-video-preview:-1"},"canonical":"https:\/\/www.efmaroc.org\/efm\/la-finale-ambassadeurs-ambassadrices-en-herbe-au-maroc\/","og_locale":"fr_FR","og_type":"article","og_title":"La finale \u00ab\u00a0Ambassadeurs-Ambassadrices en herbe\u00a0\u00bb au Maroc | Enseignement Fran\u00e7ais au Maroc","og_description":"La 12\u00e8me \u00e9dition du concours oratoire Ambassadeurs et Ambassadrices en Herbe s\u2019est tenue au GS la r\u00e9sidence ce 23 avril 2024. Chaque\u00a0ann\u00e9e, les","og_url":"https:\/\/www.efmaroc.org\/efm\/la-finale-ambassadeurs-ambassadrices-en-herbe-au-maroc\/","og_site_name":"EFM","article_published_time":"2024-04-26T15:31:07+00:00","article_modified_time":"2024-04-26T15:54:11+00:00","og_image":[{"width":1164,"height":733,"url":"https:\/\/www.efmaroc.org\/efm\/wp-content\/uploads\/2024\/04\/Capture-decran-363.png","type":"image\/png"}],"author":"EFM","twitter_card":"summary_large_image","twitter_misc":{"\u00c9crit par":"EFM","Dur\u00e9e de lecture estim\u00e9e":"2 minutes"},"schema":{"@context":"https:\/\/schema.org","@graph":[{"@type":"Article","@id":"https:\/\/www.efmaroc.org\/efm\/la-finale-ambassadeurs-ambassadrices-en-herbe-au-maroc\/#article","isPartOf":{"@id":"https:\/\/www.efmaroc.org\/efm\/la-finale-ambassadeurs-ambassadrices-en-herbe-au-maroc\/"},"author":{"name":"EFM","@id":"https:\/\/www.efmaroc.org\/efm\/#\/schema\/person\/25a9b635a4b2276393dd87dbd94c6302"},"headline":"La finale \u00ab\u00a0Ambassadeurs-Ambassadrices en herbe\u00a0\u00bb au Maroc","datePublished":"2024-04-26T15:31:07+00:00","dateModified":"2024-04-26T15:54:11+00:00","mainEntityOfPage":{"@id":"https:\/\/www.efmaroc.org\/efm\/la-finale-ambassadeurs-ambassadrices-en-herbe-au-maroc\/"},"wordCount":322,"publisher":{"@id":"https:\/\/www.efmaroc.org\/efm\/#organization"},"image":{"@id":"https:\/\/www.efmaroc.org\/efm\/la-finale-ambassadeurs-ambassadrices-en-herbe-au-maroc\/#primaryimage"},"thumbnailUrl":"https:\/\/www.efmaroc.org\/efm\/wp-content\/uploads\/2024\/04\/Capture-decran-363.png","articleSection":["R\u00e9seau"],"inLanguage":"fr-FR"},{"@type":"WebPage","@id":"https:\/\/www.efmaroc.org\/efm\/la-finale-ambassadeurs-ambassadrices-en-herbe-au-maroc\/","url":"https:\/\/www.efmaroc.org\/efm\/la-finale-ambassadeurs-ambassadrices-en-herbe-au-maroc\/","name":"La finale \u00ab\u00a0Ambassadeurs-Ambassadrices en herbe\u00a0\u00bb au Maroc | Enseignement Fran\u00e7ais au Maroc","isPartOf":{"@id":"https:\/\/www.efmaroc.org\/efm\/#website"},"primaryImageOfPage":{"@id":"https:\/\/www.efmaroc.org\/efm\/la-finale-ambassadeurs-ambassadrices-en-herbe-au-maroc\/#primaryimage"},"image":{"@id":"https:\/\/www.efmaroc.org\/efm\/la-finale-ambassadeurs-ambassadrices-en-herbe-au-maroc\/#primaryimage"},"thumbnailUrl":"https:\/\/www.efmaroc.org\/efm\/wp-content\/uploads\/2024\/04\/Capture-decran-363.png","datePublished":"2024-04-26T15:31:07+00:00","dateModified":"2024-04-26T15:54:11+00:00","description":"La 12\u00e8me \u00e9dition du concours oratoire Ambassadeurs et Ambassadrices en Herbe s\u2019est tenue au GS la r\u00e9sidence ce 23 avril 2024. Chaque\u00a0ann\u00e9e, les","breadcrumb":{"@id":"https:\/\/www.efmaroc.org\/efm\/la-finale-ambassadeurs-ambassadrices-en-herbe-au-maroc\/#breadcrumb"},"inLanguage":"fr-FR","potentialAction":[{"@type":"ReadAction","target":["https:\/\/www.efmaroc.org\/efm\/la-finale-ambassadeurs-ambassadrices-en-herbe-au-maroc\/"]}]},{"@type":"ImageObject","inLanguage":"fr-FR","@id":"https:\/\/www.efmaroc.org\/efm\/la-finale-ambassadeurs-ambassadrices-en-herbe-au-maroc\/#primaryimage","url":"https:\/\/www.efmaroc.org\/efm\/wp-content\/uploads\/2024\/04\/Capture-decran-363.png","contentUrl":"https:\/\/www.efmaroc.org\/efm\/wp-content\/uploads\/2024\/04\/Capture-decran-363.png","width":1164,"height":733},{"@type":"BreadcrumbList","@id":"https:\/\/www.efmaroc.org\/efm\/la-finale-ambassadeurs-ambassadrices-en-herbe-au-maroc\/#breadcrumb","itemListElement":[{"@type":"ListItem","position":1,"name":"Accueil","item":"https:\/\/www.efmaroc.org\/efm\/"},{"@type":"ListItem","position":2,"name":"La finale \u00ab\u00a0Ambassadeurs-Ambassadrices en herbe\u00a0\u00bb au Maroc"}]},{"@type":"WebSite","@id":"https:\/\/www.efmaroc.org\/efm\/#website","url":"https:\/\/www.efmaroc.org\/efm\/","name":"EFM","description":"Enseignement Fran\u00e7ais au Maroc","publisher":{"@id":"https:\/\/www.efmaroc.org\/efm\/#organization"},"potentialAction":[{"@type":"SearchAction","target":{"@type":"EntryPoint","urlTemplate":"https:\/\/www.efmaroc.org\/efm\/?s={search_term_string}"},"query-input":{"@type":"PropertyValueSpecification","valueRequired":true,"valueName":"search_term_string"}}],"inLanguage":"fr-FR"},{"@type":"Organization","@id":"https:\/\/www.efmaroc.org\/efm\/#organization","name":"EFM","url":"https:\/\/www.efmaroc.org\/efm\/","logo":{"@type":"ImageObject","inLanguage":"fr-FR","@id":"https:\/\/www.efmaroc.org\/efm\/#\/schema\/logo\/image\/","url":"https:\/\/www.efmaroc.org\/efm\/wp-content\/uploads\/2022\/12\/efm-enseignement-francais-maroc-logotaglinex2.png","contentUrl":"https:\/\/www.efmaroc.org\/efm\/wp-content\/uploads\/2022\/12\/efm-enseignement-francais-maroc-logotaglinex2.png","width":104,"height":78,"caption":"EFM"},"image":{"@id":"https:\/\/www.efmaroc.org\/efm\/#\/schema\/logo\/image\/"}},{"@type":"Person","@id":"https:\/\/www.efmaroc.org\/efm\/#\/schema\/person\/25a9b635a4b2276393dd87dbd94c6302","name":"EFM","image":{"@type":"ImageObject","inLanguage":"fr-FR","@id":"https:\/\/www.efmaroc.org\/efm\/#\/schema\/person\/image\/","url":"https:\/\/secure.gravatar.com\/avatar\/0acf5f0ecc3b24f6fa3602920a0bc305ada83aa2d4adbe73d7718ee0e4155d61?s=96&d=mm&r=g","contentUrl":"https:\/\/secure.gravatar.com\/avatar\/0acf5f0ecc3b24f6fa3602920a0bc305ada83aa2d4adbe73d7718ee0e4155d61?s=96&d=mm&r=g","caption":"EFM"},"sameAs":["https:\/\/www.efmaroc.org\/efm"]}]}},"jetpack_featured_media_url":"https:\/\/www.efmaroc.org\/efm\/wp-content\/uploads\/2024\/04\/Capture-decran-363.png","jetpack_sharing_enabled":true,"_links":{"self":[{"href":"https:\/\/www.efmaroc.org\/efm\/wp-json\/wp\/v2\/posts\/23061","targetHints":{"allow":["GET"]}}],"collection":[{"href":"https:\/\/www.efmaroc.org\/efm\/wp-json\/wp\/v2\/posts"}],"about":[{"href":"https:\/\/www.efmaroc.org\/efm\/wp-json\/wp\/v2\/types\/post"}],"author":[{"embeddable":true,"href":"https:\/\/www.efmaroc.org\/efm\/wp-json\/wp\/v2\/users\/1"}],"replies":[{"embeddable":true,"href":"https:\/\/www.efmaroc.org\/efm\/wp-json\/wp\/v2\/comments?post=23061"}],"version-history":[{"count":1,"href":"https:\/\/www.efmaroc.org\/efm\/wp-json\/wp\/v2\/posts\/23061\/revisions"}],"predecessor-version":[{"id":23064,"href":"https:\/\/www.efmaroc.org\/efm\/wp-json\/wp\/v2\/posts\/23061\/revisions\/23064"}],"wp:featuredmedia":[{"embeddable":true,"href":"https:\/\/www.efmaroc.org\/efm\/wp-json\/wp\/v2\/media\/23063"}],"wp:attachment":[{"href":"https:\/\/www.efmaroc.org\/efm\/wp-json\/wp\/v2\/media?parent=23061"}],"wp:term":[{"taxonomy":"category","embeddable":true,"href":"https:\/\/www.efmaroc.org\/efm\/wp-json\/wp\/v2\/categories?post=23061"},{"taxonomy":"post_tag","embeddable":true,"href":"https:\/\/www.efmaroc.org\/efm\/wp-json\/wp\/v2\/tags?post=23061"}],"curies":[{"name":"wp","href":"https:\/\/api.w.org\/{rel}","templated":true}]}}