{"id":23108,"date":"2024-05-23T12:27:10","date_gmt":"2024-05-23T10:27:10","guid":{"rendered":"https:\/\/www.efmaroc.org\/efm\/?p=23108"},"modified":"2024-05-23T12:27:13","modified_gmt":"2024-05-23T10:27:13","slug":"3%e1%b5%89-edition-du-concours-ecolexia","status":"publish","type":"post","link":"https:\/\/www.efmaroc.org\/efm\/3%e1%b5%89-edition-du-concours-ecolexia\/","title":{"rendered":"3\u1d49 \u00e9dition du concours Ecolexia"},"content":{"rendered":"\n<figure class=\"wp-block-image size-large is-style-default\"><img fetchpriority=\"high\" decoding=\"async\" width=\"1024\" height=\"768\" src=\"https:\/\/www.efmaroc.org\/efm\/wp-content\/uploads\/2024\/05\/laureat-ecolexia-2023-2024_2024-05-21_12-21-20_936-1024x768.jpg\" alt=\"\" class=\"wp-image-23109\" srcset=\"https:\/\/www.efmaroc.org\/efm\/wp-content\/uploads\/2024\/05\/laureat-ecolexia-2023-2024_2024-05-21_12-21-20_936-1024x768.jpg 1024w, https:\/\/www.efmaroc.org\/efm\/wp-content\/uploads\/2024\/05\/laureat-ecolexia-2023-2024_2024-05-21_12-21-20_936-300x225.jpg 300w, https:\/\/www.efmaroc.org\/efm\/wp-content\/uploads\/2024\/05\/laureat-ecolexia-2023-2024_2024-05-21_12-21-20_936-768x576.jpg 768w, https:\/\/www.efmaroc.org\/efm\/wp-content\/uploads\/2024\/05\/laureat-ecolexia-2023-2024_2024-05-21_12-21-20_936-1536x1152.jpg 1536w, https:\/\/www.efmaroc.org\/efm\/wp-content\/uploads\/2024\/05\/laureat-ecolexia-2023-2024_2024-05-21_12-21-20_936-370x278.jpg 370w, https:\/\/www.efmaroc.org\/efm\/wp-content\/uploads\/2024\/05\/laureat-ecolexia-2023-2024_2024-05-21_12-21-20_936-840x630.jpg 840w, https:\/\/www.efmaroc.org\/efm\/wp-content\/uploads\/2024\/05\/laureat-ecolexia-2023-2024_2024-05-21_12-21-20_936-410x308.jpg 410w, https:\/\/www.efmaroc.org\/efm\/wp-content\/uploads\/2024\/05\/laureat-ecolexia-2023-2024_2024-05-21_12-21-20_936.jpg 2016w\" sizes=\"(max-width: 1024px) 100vw, 1024px\" \/><\/figure>\n\n\n\n<p>La grande finale de la 3<sup>\u1d49<\/sup> \u00e9dition du concours Ecolexia, concours exclusivement d\u00e9di\u00e9 au droit de l\u2019environnement, ouvert \u00e0 l\u2019ensemble des \u00e9l\u00e8ves de 1<sup>\u00e8re<\/sup> et de Terminale des \u00e9tablissements de l\u2019enseignement fran\u00e7ais au Maroc et aux lyc\u00e9ens de l\u2019\u00e9tablissement lyc\u00e9e International de Saint-Germain-En-Laye, s\u2019est d\u00e9roul\u00e9e ce lundi 20 mai 2024, \u00e0 l\u2019Institut fran\u00e7ais de Mekn\u00e8s.<\/p>\n\n\n\n<p>Ce projet zone Maroc a r\u00e9uni 11 \u00e9l\u00e8ves finalistes de 8 \u00e9tablissements de la zone Maroc\u00a0: lyc\u00e9e Paul Valery (Mekn\u00e8s), lyc\u00e9e Descartes (Rabat), lyc\u00e9e Lyautey (Casablanca), lyc\u00e9e Victor Hugo (Marrakech), Lyc\u00e9e L\u00e9on l\u2019Africain (Casablanca), lyc\u00e9e Groupe scolaire La R\u00e9sidence (Casablanca), lyc\u00e9e Maupassant (Casablanca) et en coop\u00e9ration avec un \u00e9tablissement fran\u00e7ais le lyc\u00e9e International de Saint-Germain-En-Laye.<\/p>\n\n\n\n<p>Il y avait un Jury exceptionnel compos\u00e9 de professionnel de l\u2019\u00e9loquence, du droit de l\u2019environnement. Merci \u00e0 M. Jaouad BAHAJI, Maire de Mekn\u00e8s, Mme Carine FOELLER-VIALLON, Consule G\u00e9n\u00e9rale de F\u00e8s-Mekn\u00e8s, M. Bruno ELDIN, Conseiller de coop\u00e9ration et d\u2019action culturelle adjoint, M. Th\u00e9ophile BEGEL, avocat du barreau de Paris, Mme Zineb HAZZAZ, avocate du barreau de Mekn\u00e8s et M Eddy Moniot, com\u00e9dien et formateur en art oratoire-\u00e9loquence.<\/p>\n\n\n\n<p>Liste des gagnants\u00a0:<\/p>\n\n\n\n<ul class=\"wp-block-list\">\n<li>1\u1d49\u02b3 prix attribu\u00e9 \u00e0 H\u00e9lo\u00efse MARQUES, lyc\u00e9e International de Saint-Germain en Laye (Paris) pour sa plaidoirie \u00ab\u00a0Alerte rouge sur le bassin du Congo\u00a0\u00bb<\/li>\n\n\n\n<li>2\u1d49<sup> <\/sup>prix attribu\u00e9 Radia CHLYEH, lyc\u00e9e L\u00e9on l\u2019Africain (Casablanca) pour sa plaidoirie \u00ab\u00a0La Fast-Fashion\u00a0\u00bb<\/li>\n\n\n\n<li>3\u1d49 prix attribu\u00e9 \u00e0 Alya BOUANANI, lyc\u00e9e Lyautey (Casablanca) pour sa plaidoirie \u00ab\u00a0Wilow Project\u00a0en Alaska\u00a0\u00bb<\/li>\n\n\n\n<li>Le prix des Lyc\u00e9ens du Maroc a \u00e9t\u00e9 attribu\u00e9 \u00e0 Hanae DE BAGNEUX, lyc\u00e9e Victor Hugo (Marrakech) remis pas les membres de l\u2019Inter CVL Maroc, repr\u00e9sentant des lyc\u00e9ens du Maroc<\/li>\n<\/ul>\n\n\n\n<p>Bravo et f\u00e9licitations aux \u00e9l\u00e8ves pour leurs joutes \u00e9loquentes et aux \u00e9quipes p\u00e9dagogiques encadrantes.<\/p>\n","protected":false},"excerpt":{"rendered":"<p>La grande finale de la 3\u1d49 \u00e9dition du concours Ecolexia, concours exclusivement d\u00e9di\u00e9 au droit&hellip;<\/p>\n","protected":false},"author":1,"featured_media":23109,"comment_status":"closed","ping_status":"open","sticky":false,"template":"","format":"standard","meta":{"_jetpack_newsletter_access":"","_jetpack_dont_email_post_to_subs":false,"_jetpack_newsletter_tier_id":0,"_jetpack_memberships_contains_paywalled_content":false,"_jetpack_memberships_contains_paid_content":false,"footnotes":""},"categories":[135,13],"tags":[],"class_list":["post-23108","post","type-post","status-publish","format-standard","has-post-thumbnail","hentry","category-education","category-reseau"],"yoast_head":"<!-- This site is optimized with the Yoast SEO plugin v26.8 - https:\/\/yoast.com\/product\/yoast-seo-wordpress\/ -->\n<title>3\u1d49 \u00e9dition du concours Ecolexia | Enseignement Fran\u00e7ais au Maroc<\/title>\n<meta name=\"description\" content=\"La grande finale de la 3\u1d49 \u00e9dition du concours Ecolexia, concours exclusivement d\u00e9di\u00e9 au droit de l\u2019environnement, ouvert \u00e0 l\u2019ensemble des \u00e9l\u00e8ves de 1\u00e8re\" \/>\n<meta name=\"robots\" content=\"index, follow, max-snippet:-1, max-image-preview:large, max-video-preview:-1\" \/>\n<link rel=\"canonical\" href=\"https:\/\/www.efmaroc.org\/efm\/3\u1d49-edition-du-concours-ecolexia\/\" \/>\n<meta property=\"og:locale\" content=\"fr_FR\" \/>\n<meta property=\"og:type\" content=\"article\" \/>\n<meta property=\"og:title\" content=\"3\u1d49 \u00e9dition du concours Ecolexia | Enseignement Fran\u00e7ais au Maroc\" \/>\n<meta property=\"og:description\" content=\"La grande finale de la 3\u1d49 \u00e9dition du concours Ecolexia, concours exclusivement d\u00e9di\u00e9 au droit de l\u2019environnement, ouvert \u00e0 l\u2019ensemble des \u00e9l\u00e8ves de 1\u00e8re\" \/>\n<meta property=\"og:url\" content=\"https:\/\/www.efmaroc.org\/efm\/3\u1d49-edition-du-concours-ecolexia\/\" \/>\n<meta property=\"og:site_name\" content=\"EFM\" \/>\n<meta property=\"article:published_time\" content=\"2024-05-23T10:27:10+00:00\" \/>\n<meta property=\"article:modified_time\" content=\"2024-05-23T10:27:13+00:00\" \/>\n<meta property=\"og:image\" content=\"https:\/\/www.efmaroc.org\/efm\/wp-content\/uploads\/2024\/05\/laureat-ecolexia-2023-2024_2024-05-21_12-21-20_936.jpg\" \/>\n\t<meta property=\"og:image:width\" content=\"2016\" \/>\n\t<meta property=\"og:image:height\" content=\"1512\" \/>\n\t<meta property=\"og:image:type\" content=\"image\/jpeg\" \/>\n<meta name=\"author\" content=\"EFM\" \/>\n<meta name=\"twitter:card\" content=\"summary_large_image\" \/>\n<meta name=\"twitter:label1\" content=\"\u00c9crit par\" \/>\n\t<meta name=\"twitter:data1\" content=\"EFM\" \/>\n\t<meta name=\"twitter:label2\" content=\"Dur\u00e9e de lecture estim\u00e9e\" \/>\n\t<meta name=\"twitter:data2\" content=\"2 minutes\" \/>\n<script type=\"application\/ld+json\" class=\"yoast-schema-graph\">{\"@context\":\"https:\/\/schema.org\",\"@graph\":[{\"@type\":\"Article\",\"@id\":\"https:\/\/www.efmaroc.org\/efm\/3%e1%b5%89-edition-du-concours-ecolexia\/#article\",\"isPartOf\":{\"@id\":\"https:\/\/www.efmaroc.org\/efm\/3%e1%b5%89-edition-du-concours-ecolexia\/\"},\"author\":{\"name\":\"EFM\",\"@id\":\"https:\/\/www.efmaroc.org\/efm\/#\/schema\/person\/25a9b635a4b2276393dd87dbd94c6302\"},\"headline\":\"3\u1d49 \u00e9dition du concours Ecolexia\",\"datePublished\":\"2024-05-23T10:27:10+00:00\",\"dateModified\":\"2024-05-23T10:27:13+00:00\",\"mainEntityOfPage\":{\"@id\":\"https:\/\/www.efmaroc.org\/efm\/3%e1%b5%89-edition-du-concours-ecolexia\/\"},\"wordCount\":325,\"publisher\":{\"@id\":\"https:\/\/www.efmaroc.org\/efm\/#organization\"},\"image\":{\"@id\":\"https:\/\/www.efmaroc.org\/efm\/3%e1%b5%89-edition-du-concours-ecolexia\/#primaryimage\"},\"thumbnailUrl\":\"https:\/\/www.efmaroc.org\/efm\/wp-content\/uploads\/2024\/05\/laureat-ecolexia-2023-2024_2024-05-21_12-21-20_936.jpg\",\"articleSection\":[\"Education\",\"R\u00e9seau\"],\"inLanguage\":\"fr-FR\"},{\"@type\":\"WebPage\",\"@id\":\"https:\/\/www.efmaroc.org\/efm\/3%e1%b5%89-edition-du-concours-ecolexia\/\",\"url\":\"https:\/\/www.efmaroc.org\/efm\/3%e1%b5%89-edition-du-concours-ecolexia\/\",\"name\":\"3\u1d49 \u00e9dition du concours Ecolexia | Enseignement Fran\u00e7ais au Maroc\",\"isPartOf\":{\"@id\":\"https:\/\/www.efmaroc.org\/efm\/#website\"},\"primaryImageOfPage\":{\"@id\":\"https:\/\/www.efmaroc.org\/efm\/3%e1%b5%89-edition-du-concours-ecolexia\/#primaryimage\"},\"image\":{\"@id\":\"https:\/\/www.efmaroc.org\/efm\/3%e1%b5%89-edition-du-concours-ecolexia\/#primaryimage\"},\"thumbnailUrl\":\"https:\/\/www.efmaroc.org\/efm\/wp-content\/uploads\/2024\/05\/laureat-ecolexia-2023-2024_2024-05-21_12-21-20_936.jpg\",\"datePublished\":\"2024-05-23T10:27:10+00:00\",\"dateModified\":\"2024-05-23T10:27:13+00:00\",\"description\":\"La grande finale de la 3\u1d49 \u00e9dition du concours Ecolexia, concours exclusivement d\u00e9di\u00e9 au droit de l\u2019environnement, ouvert \u00e0 l\u2019ensemble des \u00e9l\u00e8ves de 1\u00e8re\",\"breadcrumb\":{\"@id\":\"https:\/\/www.efmaroc.org\/efm\/3%e1%b5%89-edition-du-concours-ecolexia\/#breadcrumb\"},\"inLanguage\":\"fr-FR\",\"potentialAction\":[{\"@type\":\"ReadAction\",\"target\":[\"https:\/\/www.efmaroc.org\/efm\/3%e1%b5%89-edition-du-concours-ecolexia\/\"]}]},{\"@type\":\"ImageObject\",\"inLanguage\":\"fr-FR\",\"@id\":\"https:\/\/www.efmaroc.org\/efm\/3%e1%b5%89-edition-du-concours-ecolexia\/#primaryimage\",\"url\":\"https:\/\/www.efmaroc.org\/efm\/wp-content\/uploads\/2024\/05\/laureat-ecolexia-2023-2024_2024-05-21_12-21-20_936.jpg\",\"contentUrl\":\"https:\/\/www.efmaroc.org\/efm\/wp-content\/uploads\/2024\/05\/laureat-ecolexia-2023-2024_2024-05-21_12-21-20_936.jpg\",\"width\":2016,\"height\":1512},{\"@type\":\"BreadcrumbList\",\"@id\":\"https:\/\/www.efmaroc.org\/efm\/3%e1%b5%89-edition-du-concours-ecolexia\/#breadcrumb\",\"itemListElement\":[{\"@type\":\"ListItem\",\"position\":1,\"name\":\"Accueil\",\"item\":\"https:\/\/www.efmaroc.org\/efm\/\"},{\"@type\":\"ListItem\",\"position\":2,\"name\":\"3\u1d49 \u00e9dition du concours Ecolexia\"}]},{\"@type\":\"WebSite\",\"@id\":\"https:\/\/www.efmaroc.org\/efm\/#website\",\"url\":\"https:\/\/www.efmaroc.org\/efm\/\",\"name\":\"EFM\",\"description\":\"Enseignement Fran\u00e7ais au Maroc\",\"publisher\":{\"@id\":\"https:\/\/www.efmaroc.org\/efm\/#organization\"},\"potentialAction\":[{\"@type\":\"SearchAction\",\"target\":{\"@type\":\"EntryPoint\",\"urlTemplate\":\"https:\/\/www.efmaroc.org\/efm\/?s={search_term_string}\"},\"query-input\":{\"@type\":\"PropertyValueSpecification\",\"valueRequired\":true,\"valueName\":\"search_term_string\"}}],\"inLanguage\":\"fr-FR\"},{\"@type\":\"Organization\",\"@id\":\"https:\/\/www.efmaroc.org\/efm\/#organization\",\"name\":\"EFM\",\"url\":\"https:\/\/www.efmaroc.org\/efm\/\",\"logo\":{\"@type\":\"ImageObject\",\"inLanguage\":\"fr-FR\",\"@id\":\"https:\/\/www.efmaroc.org\/efm\/#\/schema\/logo\/image\/\",\"url\":\"https:\/\/www.efmaroc.org\/efm\/wp-content\/uploads\/2022\/12\/efm-enseignement-francais-maroc-logotaglinex2.png\",\"contentUrl\":\"https:\/\/www.efmaroc.org\/efm\/wp-content\/uploads\/2022\/12\/efm-enseignement-francais-maroc-logotaglinex2.png\",\"width\":104,\"height\":78,\"caption\":\"EFM\"},\"image\":{\"@id\":\"https:\/\/www.efmaroc.org\/efm\/#\/schema\/logo\/image\/\"}},{\"@type\":\"Person\",\"@id\":\"https:\/\/www.efmaroc.org\/efm\/#\/schema\/person\/25a9b635a4b2276393dd87dbd94c6302\",\"name\":\"EFM\",\"image\":{\"@type\":\"ImageObject\",\"inLanguage\":\"fr-FR\",\"@id\":\"https:\/\/www.efmaroc.org\/efm\/#\/schema\/person\/image\/\",\"url\":\"https:\/\/secure.gravatar.com\/avatar\/0acf5f0ecc3b24f6fa3602920a0bc305ada83aa2d4adbe73d7718ee0e4155d61?s=96&d=mm&r=g\",\"contentUrl\":\"https:\/\/secure.gravatar.com\/avatar\/0acf5f0ecc3b24f6fa3602920a0bc305ada83aa2d4adbe73d7718ee0e4155d61?s=96&d=mm&r=g\",\"caption\":\"EFM\"},\"sameAs\":[\"https:\/\/www.efmaroc.org\/efm\"]}]}<\/script>\n<!-- \/ Yoast SEO plugin. -->","yoast_head_json":{"title":"3\u1d49 \u00e9dition du concours Ecolexia | Enseignement Fran\u00e7ais au Maroc","description":"La grande finale de la 3\u1d49 \u00e9dition du concours Ecolexia, concours exclusivement d\u00e9di\u00e9 au droit de l\u2019environnement, ouvert \u00e0 l\u2019ensemble des \u00e9l\u00e8ves de 1\u00e8re","robots":{"index":"index","follow":"follow","max-snippet":"max-snippet:-1","max-image-preview":"max-image-preview:large","max-video-preview":"max-video-preview:-1"},"canonical":"https:\/\/www.efmaroc.org\/efm\/3\u1d49-edition-du-concours-ecolexia\/","og_locale":"fr_FR","og_type":"article","og_title":"3\u1d49 \u00e9dition du concours Ecolexia | Enseignement Fran\u00e7ais au Maroc","og_description":"La grande finale de la 3\u1d49 \u00e9dition du concours Ecolexia, concours exclusivement d\u00e9di\u00e9 au droit de l\u2019environnement, ouvert \u00e0 l\u2019ensemble des \u00e9l\u00e8ves de 1\u00e8re","og_url":"https:\/\/www.efmaroc.org\/efm\/3\u1d49-edition-du-concours-ecolexia\/","og_site_name":"EFM","article_published_time":"2024-05-23T10:27:10+00:00","article_modified_time":"2024-05-23T10:27:13+00:00","og_image":[{"width":2016,"height":1512,"url":"https:\/\/www.efmaroc.org\/efm\/wp-content\/uploads\/2024\/05\/laureat-ecolexia-2023-2024_2024-05-21_12-21-20_936.jpg","type":"image\/jpeg"}],"author":"EFM","twitter_card":"summary_large_image","twitter_misc":{"\u00c9crit par":"EFM","Dur\u00e9e de lecture estim\u00e9e":"2 minutes"},"schema":{"@context":"https:\/\/schema.org","@graph":[{"@type":"Article","@id":"https:\/\/www.efmaroc.org\/efm\/3%e1%b5%89-edition-du-concours-ecolexia\/#article","isPartOf":{"@id":"https:\/\/www.efmaroc.org\/efm\/3%e1%b5%89-edition-du-concours-ecolexia\/"},"author":{"name":"EFM","@id":"https:\/\/www.efmaroc.org\/efm\/#\/schema\/person\/25a9b635a4b2276393dd87dbd94c6302"},"headline":"3\u1d49 \u00e9dition du concours Ecolexia","datePublished":"2024-05-23T10:27:10+00:00","dateModified":"2024-05-23T10:27:13+00:00","mainEntityOfPage":{"@id":"https:\/\/www.efmaroc.org\/efm\/3%e1%b5%89-edition-du-concours-ecolexia\/"},"wordCount":325,"publisher":{"@id":"https:\/\/www.efmaroc.org\/efm\/#organization"},"image":{"@id":"https:\/\/www.efmaroc.org\/efm\/3%e1%b5%89-edition-du-concours-ecolexia\/#primaryimage"},"thumbnailUrl":"https:\/\/www.efmaroc.org\/efm\/wp-content\/uploads\/2024\/05\/laureat-ecolexia-2023-2024_2024-05-21_12-21-20_936.jpg","articleSection":["Education","R\u00e9seau"],"inLanguage":"fr-FR"},{"@type":"WebPage","@id":"https:\/\/www.efmaroc.org\/efm\/3%e1%b5%89-edition-du-concours-ecolexia\/","url":"https:\/\/www.efmaroc.org\/efm\/3%e1%b5%89-edition-du-concours-ecolexia\/","name":"3\u1d49 \u00e9dition du concours Ecolexia | Enseignement Fran\u00e7ais au Maroc","isPartOf":{"@id":"https:\/\/www.efmaroc.org\/efm\/#website"},"primaryImageOfPage":{"@id":"https:\/\/www.efmaroc.org\/efm\/3%e1%b5%89-edition-du-concours-ecolexia\/#primaryimage"},"image":{"@id":"https:\/\/www.efmaroc.org\/efm\/3%e1%b5%89-edition-du-concours-ecolexia\/#primaryimage"},"thumbnailUrl":"https:\/\/www.efmaroc.org\/efm\/wp-content\/uploads\/2024\/05\/laureat-ecolexia-2023-2024_2024-05-21_12-21-20_936.jpg","datePublished":"2024-05-23T10:27:10+00:00","dateModified":"2024-05-23T10:27:13+00:00","description":"La grande finale de la 3\u1d49 \u00e9dition du concours Ecolexia, concours exclusivement d\u00e9di\u00e9 au droit de l\u2019environnement, ouvert \u00e0 l\u2019ensemble des \u00e9l\u00e8ves de 1\u00e8re","breadcrumb":{"@id":"https:\/\/www.efmaroc.org\/efm\/3%e1%b5%89-edition-du-concours-ecolexia\/#breadcrumb"},"inLanguage":"fr-FR","potentialAction":[{"@type":"ReadAction","target":["https:\/\/www.efmaroc.org\/efm\/3%e1%b5%89-edition-du-concours-ecolexia\/"]}]},{"@type":"ImageObject","inLanguage":"fr-FR","@id":"https:\/\/www.efmaroc.org\/efm\/3%e1%b5%89-edition-du-concours-ecolexia\/#primaryimage","url":"https:\/\/www.efmaroc.org\/efm\/wp-content\/uploads\/2024\/05\/laureat-ecolexia-2023-2024_2024-05-21_12-21-20_936.jpg","contentUrl":"https:\/\/www.efmaroc.org\/efm\/wp-content\/uploads\/2024\/05\/laureat-ecolexia-2023-2024_2024-05-21_12-21-20_936.jpg","width":2016,"height":1512},{"@type":"BreadcrumbList","@id":"https:\/\/www.efmaroc.org\/efm\/3%e1%b5%89-edition-du-concours-ecolexia\/#breadcrumb","itemListElement":[{"@type":"ListItem","position":1,"name":"Accueil","item":"https:\/\/www.efmaroc.org\/efm\/"},{"@type":"ListItem","position":2,"name":"3\u1d49 \u00e9dition du concours Ecolexia"}]},{"@type":"WebSite","@id":"https:\/\/www.efmaroc.org\/efm\/#website","url":"https:\/\/www.efmaroc.org\/efm\/","name":"EFM","description":"Enseignement Fran\u00e7ais au Maroc","publisher":{"@id":"https:\/\/www.efmaroc.org\/efm\/#organization"},"potentialAction":[{"@type":"SearchAction","target":{"@type":"EntryPoint","urlTemplate":"https:\/\/www.efmaroc.org\/efm\/?s={search_term_string}"},"query-input":{"@type":"PropertyValueSpecification","valueRequired":true,"valueName":"search_term_string"}}],"inLanguage":"fr-FR"},{"@type":"Organization","@id":"https:\/\/www.efmaroc.org\/efm\/#organization","name":"EFM","url":"https:\/\/www.efmaroc.org\/efm\/","logo":{"@type":"ImageObject","inLanguage":"fr-FR","@id":"https:\/\/www.efmaroc.org\/efm\/#\/schema\/logo\/image\/","url":"https:\/\/www.efmaroc.org\/efm\/wp-content\/uploads\/2022\/12\/efm-enseignement-francais-maroc-logotaglinex2.png","contentUrl":"https:\/\/www.efmaroc.org\/efm\/wp-content\/uploads\/2022\/12\/efm-enseignement-francais-maroc-logotaglinex2.png","width":104,"height":78,"caption":"EFM"},"image":{"@id":"https:\/\/www.efmaroc.org\/efm\/#\/schema\/logo\/image\/"}},{"@type":"Person","@id":"https:\/\/www.efmaroc.org\/efm\/#\/schema\/person\/25a9b635a4b2276393dd87dbd94c6302","name":"EFM","image":{"@type":"ImageObject","inLanguage":"fr-FR","@id":"https:\/\/www.efmaroc.org\/efm\/#\/schema\/person\/image\/","url":"https:\/\/secure.gravatar.com\/avatar\/0acf5f0ecc3b24f6fa3602920a0bc305ada83aa2d4adbe73d7718ee0e4155d61?s=96&d=mm&r=g","contentUrl":"https:\/\/secure.gravatar.com\/avatar\/0acf5f0ecc3b24f6fa3602920a0bc305ada83aa2d4adbe73d7718ee0e4155d61?s=96&d=mm&r=g","caption":"EFM"},"sameAs":["https:\/\/www.efmaroc.org\/efm"]}]}},"jetpack_featured_media_url":"https:\/\/www.efmaroc.org\/efm\/wp-content\/uploads\/2024\/05\/laureat-ecolexia-2023-2024_2024-05-21_12-21-20_936.jpg","jetpack_sharing_enabled":true,"_links":{"self":[{"href":"https:\/\/www.efmaroc.org\/efm\/wp-json\/wp\/v2\/posts\/23108","targetHints":{"allow":["GET"]}}],"collection":[{"href":"https:\/\/www.efmaroc.org\/efm\/wp-json\/wp\/v2\/posts"}],"about":[{"href":"https:\/\/www.efmaroc.org\/efm\/wp-json\/wp\/v2\/types\/post"}],"author":[{"embeddable":true,"href":"https:\/\/www.efmaroc.org\/efm\/wp-json\/wp\/v2\/users\/1"}],"replies":[{"embeddable":true,"href":"https:\/\/www.efmaroc.org\/efm\/wp-json\/wp\/v2\/comments?post=23108"}],"version-history":[{"count":1,"href":"https:\/\/www.efmaroc.org\/efm\/wp-json\/wp\/v2\/posts\/23108\/revisions"}],"predecessor-version":[{"id":23110,"href":"https:\/\/www.efmaroc.org\/efm\/wp-json\/wp\/v2\/posts\/23108\/revisions\/23110"}],"wp:featuredmedia":[{"embeddable":true,"href":"https:\/\/www.efmaroc.org\/efm\/wp-json\/wp\/v2\/media\/23109"}],"wp:attachment":[{"href":"https:\/\/www.efmaroc.org\/efm\/wp-json\/wp\/v2\/media?parent=23108"}],"wp:term":[{"taxonomy":"category","embeddable":true,"href":"https:\/\/www.efmaroc.org\/efm\/wp-json\/wp\/v2\/categories?post=23108"},{"taxonomy":"post_tag","embeddable":true,"href":"https:\/\/www.efmaroc.org\/efm\/wp-json\/wp\/v2\/tags?post=23108"}],"curies":[{"name":"wp","href":"https:\/\/api.w.org\/{rel}","templated":true}]}}