{"id":23124,"date":"2024-05-31T16:35:21","date_gmt":"2024-05-31T14:35:21","guid":{"rendered":"https:\/\/www.efmaroc.org\/efm\/?p=23124"},"modified":"2026-01-30T16:06:25","modified_gmt":"2026-01-30T15:06:25","slug":"prix-litteraire-arganier-lyceens-du-maroc-2024-4-auteurs-1-thematique-lidentite","status":"publish","type":"post","link":"https:\/\/www.efmaroc.org\/efm\/prix-litteraire-arganier-lyceens-du-maroc-2024-4-auteurs-1-thematique-lidentite\/","title":{"rendered":"Prix litt\u00e9raire Arganier lyc\u00e9ens du Maroc\u00a02024 : 4 auteurs, 1 th\u00e9matique: l\u2019identit\u00e9."},"content":{"rendered":"\n<figure class=\"wp-block-image size-large\"><img fetchpriority=\"high\" decoding=\"async\" width=\"1024\" height=\"768\" src=\"https:\/\/www.efmaroc.org\/efm\/wp-content\/uploads\/2024\/05\/9-1024x768.jpg\" alt=\"\" class=\"wp-image-23125\" srcset=\"https:\/\/www.efmaroc.org\/efm\/wp-content\/uploads\/2024\/05\/9-1024x768.jpg 1024w, https:\/\/www.efmaroc.org\/efm\/wp-content\/uploads\/2024\/05\/9-300x225.jpg 300w, https:\/\/www.efmaroc.org\/efm\/wp-content\/uploads\/2024\/05\/9-768x576.jpg 768w, https:\/\/www.efmaroc.org\/efm\/wp-content\/uploads\/2024\/05\/9-1536x1152.jpg 1536w, https:\/\/www.efmaroc.org\/efm\/wp-content\/uploads\/2024\/05\/9-370x278.jpg 370w, https:\/\/www.efmaroc.org\/efm\/wp-content\/uploads\/2024\/05\/9-840x630.jpg 840w, https:\/\/www.efmaroc.org\/efm\/wp-content\/uploads\/2024\/05\/9-410x308.jpg 410w, https:\/\/www.efmaroc.org\/efm\/wp-content\/uploads\/2024\/05\/9.jpg 1600w\" sizes=\"(max-width: 1024px) 100vw, 1024px\" \/><\/figure>\n\n\n\n<p>Le prix Arganier est un prix litt\u00e9raire des lyc\u00e9ens des \u00e9tablissements de l\u2019enseignement fran\u00e7ais au Maroc. Il permet aux \u00e9l\u00e8ves lyc\u00e9ens d\u2019\u00e9lire une \u0153uvre litt\u00e9raire parmi la s\u00e9lection propos\u00e9e de 4 \u0153uvres francophones.&nbsp;<\/p>\n\n\n\n<p>La s\u00e9lection de cette ann\u00e9e \u00e9tait la suivante&nbsp;: \u00ab&nbsp;Tibi la Blanche&nbsp;\u00bb d\u2019Hadrien Bels, \u00ab&nbsp;Le journal d\u2019un fou&nbsp;\u00bb d\u2019Ahmed El Fallah, \u00ab&nbsp;Les mangeurs de nuit&nbsp;\u00bb de Marie Charrel et \u00ab&nbsp;Tenir sa langue&nbsp;\u00bb de Polina Panassenko.&nbsp;<\/p>\n\n\n\n<p>Pour la 6<sup>\u00e8me<\/sup>&nbsp;\u00e9dition du prix litt\u00e9raire ce n\u2019est pas un mais deux auteurs qui ont \u00e9t\u00e9 prim\u00e9s, ce samedi 25 mai 20234, \u00e0 l\u2019Institut fran\u00e7ais de Rabat, Maroc.&nbsp;<\/p>\n\n\n\n<p>Hadrien Bels a \u00e9t\u00e9 d\u00e9sign\u00e9 par les 200 \u00e9l\u00e8ves des 9 classes, de 4 lyc\u00e9es de l\u2019enseignement fran\u00e7ais au Maroc (lyc\u00e9e Victor Hugo \u00e0 Marrakech, lyc\u00e9e Massignon et lyc\u00e9e Lyautey \u00e0 Casablanca et le lyc\u00e9e Descartes \u00e0 Rabat) pour recevoir le prix litt\u00e9raire des lyc\u00e9ens.&nbsp;<\/p>\n\n\n\n<p>Hadrien Bels, \u00e9crivain marseillais, est laur\u00e9at des lyc\u00e9ens Maroc avec son roman \u00ab&nbsp;Tibi la Blanche&nbsp;\u00bb, un roman de r\u00eaves, de l\u2019avenir, d\u2019amiti\u00e9 et d\u2019amours, de trois adolescents dakarois scolaris\u00e9s en lyc\u00e9e fran\u00e7ais, \u00e0 la veille des r\u00e9sultats du baccalaur\u00e9at&nbsp;; une adolescence imag\u00e9e faisant \u00e9chos \u00e0 nos jeunes lyc\u00e9ens marocains.&nbsp;<\/p>\n\n\n\n<p>Ahmed El Fallah laur\u00e9at du prix Grand Public au Maroc a \u00e9t\u00e9 d\u00e9sign\u00e9 par les lecteurs passionn\u00e9s ou n\u00e9ophytes de litt\u00e9rature au Maroc. C\u2019est une poign\u00e9e de lecteurs des divers horizons&nbsp;: Rabat, Casablanca, Marrakech qui a s\u00e9lectionn\u00e9 Ahmed El Fallah pour recevoir le prix du Grand public Maroc. \u00ab&nbsp;Le journal d\u2019un fou&nbsp;\u00bb est le premier roman d\u2019Ahmed El Fallah&nbsp;: premier roman, premi\u00e8re s\u00e9lection, premier prix&nbsp;! \u00ab&nbsp;Le journal d\u2019un fou&nbsp;\u00bb est dystopique et onirique, noir et profond. Le roman est \u00e9dit\u00e9 aux Editions Le S\u00e9l\u00e9nite.&nbsp;<\/p>\n\n\n\n<p>La c\u00e9r\u00e9monie a \u00e9t\u00e9 pr\u00e9sid\u00e9e par Hanane Harrath, journaliste litt\u00e9raire.&nbsp;<\/p>\n\n\n\n<p>Monsieur Bruno Eldin, conseiller de coop\u00e9ration et d\u2019action culturel adjoint a ouvert cette remise du prix Arganier accompagn\u00e9 par Marie-C\u00e9cile Le Luec, directrice de l\u2019Institut fran\u00e7ais Rabat-K\u00e9nitra.<\/p>\n\n\n\n<p>Les laur\u00e9ats ont chacun re\u00e7u une \u0153uvre de l\u2019artiste Aicha Abouaj, artiste visuelle multidisciplinaire, passionn\u00e9e par la recherche d\u2019identit\u00e9 et la culture, les \u0153uvres expriment l\u2019h\u00e9ritage amazigh, un chouette souvenir du Maroc pour nos chers \u00e9crivains.&nbsp;<\/p>\n","protected":false},"excerpt":{"rendered":"<p>Le prix Arganier est un prix litt\u00e9raire des lyc\u00e9ens des \u00e9tablissements de l\u2019enseignement fran\u00e7ais au&hellip;<\/p>\n","protected":false},"author":1,"featured_media":23125,"comment_status":"closed","ping_status":"closed","sticky":false,"template":"","format":"standard","meta":{"_jetpack_newsletter_access":"","_jetpack_dont_email_post_to_subs":false,"_jetpack_newsletter_tier_id":0,"_jetpack_memberships_contains_paywalled_content":false,"_jetpack_memberships_contains_paid_content":false,"footnotes":""},"categories":[14],"tags":[],"class_list":["post-23124","post","type-post","status-publish","format-standard","has-post-thumbnail","hentry","category-nouvelles"],"yoast_head":"<!-- This site is optimized with the Yoast SEO plugin v26.8 - https:\/\/yoast.com\/product\/yoast-seo-wordpress\/ -->\n<title>Prix litt\u00e9raire Arganier lyc\u00e9ens du Maroc\u00a02024 : 4 auteurs, 1 th\u00e9matique: l\u2019identit\u00e9. | Enseignement Fran\u00e7ais au Maroc<\/title>\n<meta name=\"description\" content=\"Le prix Arganier est un prix litt\u00e9raire des lyc\u00e9ens des \u00e9tablissements de l\u2019enseignement fran\u00e7ais au Maroc. Il permet aux \u00e9l\u00e8ves lyc\u00e9ens d\u2019\u00e9lire une \u0153uvre\" \/>\n<meta name=\"robots\" content=\"index, follow, max-snippet:-1, max-image-preview:large, max-video-preview:-1\" \/>\n<link rel=\"canonical\" href=\"https:\/\/www.efmaroc.org\/efm\/prix-litteraire-arganier-lyceens-du-maroc-2024-4-auteurs-1-thematique-lidentite\/\" \/>\n<meta property=\"og:locale\" content=\"fr_FR\" \/>\n<meta property=\"og:type\" content=\"article\" \/>\n<meta property=\"og:title\" content=\"Prix litt\u00e9raire Arganier lyc\u00e9ens du Maroc\u00a02024 : 4 auteurs, 1 th\u00e9matique: l\u2019identit\u00e9. | Enseignement Fran\u00e7ais au Maroc\" \/>\n<meta property=\"og:description\" content=\"Le prix Arganier est un prix litt\u00e9raire des lyc\u00e9ens des \u00e9tablissements de l\u2019enseignement fran\u00e7ais au Maroc. Il permet aux \u00e9l\u00e8ves lyc\u00e9ens d\u2019\u00e9lire une \u0153uvre\" \/>\n<meta property=\"og:url\" content=\"https:\/\/www.efmaroc.org\/efm\/prix-litteraire-arganier-lyceens-du-maroc-2024-4-auteurs-1-thematique-lidentite\/\" \/>\n<meta property=\"og:site_name\" content=\"EFM\" \/>\n<meta property=\"article:published_time\" content=\"2024-05-31T14:35:21+00:00\" \/>\n<meta property=\"article:modified_time\" content=\"2026-01-30T15:06:25+00:00\" \/>\n<meta property=\"og:image\" content=\"https:\/\/www.efmaroc.org\/efm\/wp-content\/uploads\/2024\/05\/9.jpg\" \/>\n\t<meta property=\"og:image:width\" content=\"1600\" \/>\n\t<meta property=\"og:image:height\" content=\"1200\" \/>\n\t<meta property=\"og:image:type\" content=\"image\/jpeg\" \/>\n<meta name=\"author\" content=\"EFM\" \/>\n<meta name=\"twitter:card\" content=\"summary_large_image\" \/>\n<meta name=\"twitter:label1\" content=\"\u00c9crit par\" \/>\n\t<meta name=\"twitter:data1\" content=\"EFM\" \/>\n\t<meta name=\"twitter:label2\" content=\"Dur\u00e9e de lecture estim\u00e9e\" \/>\n\t<meta name=\"twitter:data2\" content=\"2 minutes\" \/>\n<script type=\"application\/ld+json\" class=\"yoast-schema-graph\">{\"@context\":\"https:\/\/schema.org\",\"@graph\":[{\"@type\":\"Article\",\"@id\":\"https:\/\/www.efmaroc.org\/efm\/prix-litteraire-arganier-lyceens-du-maroc-2024-4-auteurs-1-thematique-lidentite\/#article\",\"isPartOf\":{\"@id\":\"https:\/\/www.efmaroc.org\/efm\/prix-litteraire-arganier-lyceens-du-maroc-2024-4-auteurs-1-thematique-lidentite\/\"},\"author\":{\"name\":\"EFM\",\"@id\":\"https:\/\/www.efmaroc.org\/efm\/#\/schema\/person\/25a9b635a4b2276393dd87dbd94c6302\"},\"headline\":\"Prix litt\u00e9raire Arganier lyc\u00e9ens du Maroc\u00a02024 : 4 auteurs, 1 th\u00e9matique: l\u2019identit\u00e9.\",\"datePublished\":\"2024-05-31T14:35:21+00:00\",\"dateModified\":\"2026-01-30T15:06:25+00:00\",\"mainEntityOfPage\":{\"@id\":\"https:\/\/www.efmaroc.org\/efm\/prix-litteraire-arganier-lyceens-du-maroc-2024-4-auteurs-1-thematique-lidentite\/\"},\"wordCount\":453,\"publisher\":{\"@id\":\"https:\/\/www.efmaroc.org\/efm\/#organization\"},\"image\":{\"@id\":\"https:\/\/www.efmaroc.org\/efm\/prix-litteraire-arganier-lyceens-du-maroc-2024-4-auteurs-1-thematique-lidentite\/#primaryimage\"},\"thumbnailUrl\":\"https:\/\/www.efmaroc.org\/efm\/wp-content\/uploads\/2024\/05\/9.jpg\",\"articleSection\":[\"Nouvelles\"],\"inLanguage\":\"fr-FR\"},{\"@type\":\"WebPage\",\"@id\":\"https:\/\/www.efmaroc.org\/efm\/prix-litteraire-arganier-lyceens-du-maroc-2024-4-auteurs-1-thematique-lidentite\/\",\"url\":\"https:\/\/www.efmaroc.org\/efm\/prix-litteraire-arganier-lyceens-du-maroc-2024-4-auteurs-1-thematique-lidentite\/\",\"name\":\"Prix litt\u00e9raire Arganier lyc\u00e9ens du Maroc\u00a02024 : 4 auteurs, 1 th\u00e9matique: l\u2019identit\u00e9. | Enseignement Fran\u00e7ais au Maroc\",\"isPartOf\":{\"@id\":\"https:\/\/www.efmaroc.org\/efm\/#website\"},\"primaryImageOfPage\":{\"@id\":\"https:\/\/www.efmaroc.org\/efm\/prix-litteraire-arganier-lyceens-du-maroc-2024-4-auteurs-1-thematique-lidentite\/#primaryimage\"},\"image\":{\"@id\":\"https:\/\/www.efmaroc.org\/efm\/prix-litteraire-arganier-lyceens-du-maroc-2024-4-auteurs-1-thematique-lidentite\/#primaryimage\"},\"thumbnailUrl\":\"https:\/\/www.efmaroc.org\/efm\/wp-content\/uploads\/2024\/05\/9.jpg\",\"datePublished\":\"2024-05-31T14:35:21+00:00\",\"dateModified\":\"2026-01-30T15:06:25+00:00\",\"description\":\"Le prix Arganier est un prix litt\u00e9raire des lyc\u00e9ens des \u00e9tablissements de l\u2019enseignement fran\u00e7ais au Maroc. Il permet aux \u00e9l\u00e8ves lyc\u00e9ens d\u2019\u00e9lire une \u0153uvre\",\"breadcrumb\":{\"@id\":\"https:\/\/www.efmaroc.org\/efm\/prix-litteraire-arganier-lyceens-du-maroc-2024-4-auteurs-1-thematique-lidentite\/#breadcrumb\"},\"inLanguage\":\"fr-FR\",\"potentialAction\":[{\"@type\":\"ReadAction\",\"target\":[\"https:\/\/www.efmaroc.org\/efm\/prix-litteraire-arganier-lyceens-du-maroc-2024-4-auteurs-1-thematique-lidentite\/\"]}]},{\"@type\":\"ImageObject\",\"inLanguage\":\"fr-FR\",\"@id\":\"https:\/\/www.efmaroc.org\/efm\/prix-litteraire-arganier-lyceens-du-maroc-2024-4-auteurs-1-thematique-lidentite\/#primaryimage\",\"url\":\"https:\/\/www.efmaroc.org\/efm\/wp-content\/uploads\/2024\/05\/9.jpg\",\"contentUrl\":\"https:\/\/www.efmaroc.org\/efm\/wp-content\/uploads\/2024\/05\/9.jpg\",\"width\":1600,\"height\":1200},{\"@type\":\"BreadcrumbList\",\"@id\":\"https:\/\/www.efmaroc.org\/efm\/prix-litteraire-arganier-lyceens-du-maroc-2024-4-auteurs-1-thematique-lidentite\/#breadcrumb\",\"itemListElement\":[{\"@type\":\"ListItem\",\"position\":1,\"name\":\"Accueil\",\"item\":\"https:\/\/www.efmaroc.org\/efm\/\"},{\"@type\":\"ListItem\",\"position\":2,\"name\":\"Prix litt\u00e9raire Arganier lyc\u00e9ens du Maroc\u00a02024 : 4 auteurs, 1 th\u00e9matique: l\u2019identit\u00e9.\"}]},{\"@type\":\"WebSite\",\"@id\":\"https:\/\/www.efmaroc.org\/efm\/#website\",\"url\":\"https:\/\/www.efmaroc.org\/efm\/\",\"name\":\"EFM\",\"description\":\"Enseignement Fran\u00e7ais au Maroc\",\"publisher\":{\"@id\":\"https:\/\/www.efmaroc.org\/efm\/#organization\"},\"potentialAction\":[{\"@type\":\"SearchAction\",\"target\":{\"@type\":\"EntryPoint\",\"urlTemplate\":\"https:\/\/www.efmaroc.org\/efm\/?s={search_term_string}\"},\"query-input\":{\"@type\":\"PropertyValueSpecification\",\"valueRequired\":true,\"valueName\":\"search_term_string\"}}],\"inLanguage\":\"fr-FR\"},{\"@type\":\"Organization\",\"@id\":\"https:\/\/www.efmaroc.org\/efm\/#organization\",\"name\":\"EFM\",\"url\":\"https:\/\/www.efmaroc.org\/efm\/\",\"logo\":{\"@type\":\"ImageObject\",\"inLanguage\":\"fr-FR\",\"@id\":\"https:\/\/www.efmaroc.org\/efm\/#\/schema\/logo\/image\/\",\"url\":\"https:\/\/www.efmaroc.org\/efm\/wp-content\/uploads\/2022\/12\/efm-enseignement-francais-maroc-logotaglinex2.png\",\"contentUrl\":\"https:\/\/www.efmaroc.org\/efm\/wp-content\/uploads\/2022\/12\/efm-enseignement-francais-maroc-logotaglinex2.png\",\"width\":104,\"height\":78,\"caption\":\"EFM\"},\"image\":{\"@id\":\"https:\/\/www.efmaroc.org\/efm\/#\/schema\/logo\/image\/\"}},{\"@type\":\"Person\",\"@id\":\"https:\/\/www.efmaroc.org\/efm\/#\/schema\/person\/25a9b635a4b2276393dd87dbd94c6302\",\"name\":\"EFM\",\"image\":{\"@type\":\"ImageObject\",\"inLanguage\":\"fr-FR\",\"@id\":\"https:\/\/www.efmaroc.org\/efm\/#\/schema\/person\/image\/\",\"url\":\"https:\/\/secure.gravatar.com\/avatar\/0acf5f0ecc3b24f6fa3602920a0bc305ada83aa2d4adbe73d7718ee0e4155d61?s=96&d=mm&r=g\",\"contentUrl\":\"https:\/\/secure.gravatar.com\/avatar\/0acf5f0ecc3b24f6fa3602920a0bc305ada83aa2d4adbe73d7718ee0e4155d61?s=96&d=mm&r=g\",\"caption\":\"EFM\"},\"sameAs\":[\"https:\/\/www.efmaroc.org\/efm\"]}]}<\/script>\n<!-- \/ Yoast SEO plugin. -->","yoast_head_json":{"title":"Prix litt\u00e9raire Arganier lyc\u00e9ens du Maroc\u00a02024 : 4 auteurs, 1 th\u00e9matique: l\u2019identit\u00e9. | Enseignement Fran\u00e7ais au Maroc","description":"Le prix Arganier est un prix litt\u00e9raire des lyc\u00e9ens des \u00e9tablissements de l\u2019enseignement fran\u00e7ais au Maroc. Il permet aux \u00e9l\u00e8ves lyc\u00e9ens d\u2019\u00e9lire une \u0153uvre","robots":{"index":"index","follow":"follow","max-snippet":"max-snippet:-1","max-image-preview":"max-image-preview:large","max-video-preview":"max-video-preview:-1"},"canonical":"https:\/\/www.efmaroc.org\/efm\/prix-litteraire-arganier-lyceens-du-maroc-2024-4-auteurs-1-thematique-lidentite\/","og_locale":"fr_FR","og_type":"article","og_title":"Prix litt\u00e9raire Arganier lyc\u00e9ens du Maroc\u00a02024 : 4 auteurs, 1 th\u00e9matique: l\u2019identit\u00e9. | Enseignement Fran\u00e7ais au Maroc","og_description":"Le prix Arganier est un prix litt\u00e9raire des lyc\u00e9ens des \u00e9tablissements de l\u2019enseignement fran\u00e7ais au Maroc. Il permet aux \u00e9l\u00e8ves lyc\u00e9ens d\u2019\u00e9lire une \u0153uvre","og_url":"https:\/\/www.efmaroc.org\/efm\/prix-litteraire-arganier-lyceens-du-maroc-2024-4-auteurs-1-thematique-lidentite\/","og_site_name":"EFM","article_published_time":"2024-05-31T14:35:21+00:00","article_modified_time":"2026-01-30T15:06:25+00:00","og_image":[{"width":1600,"height":1200,"url":"https:\/\/www.efmaroc.org\/efm\/wp-content\/uploads\/2024\/05\/9.jpg","type":"image\/jpeg"}],"author":"EFM","twitter_card":"summary_large_image","twitter_misc":{"\u00c9crit par":"EFM","Dur\u00e9e de lecture estim\u00e9e":"2 minutes"},"schema":{"@context":"https:\/\/schema.org","@graph":[{"@type":"Article","@id":"https:\/\/www.efmaroc.org\/efm\/prix-litteraire-arganier-lyceens-du-maroc-2024-4-auteurs-1-thematique-lidentite\/#article","isPartOf":{"@id":"https:\/\/www.efmaroc.org\/efm\/prix-litteraire-arganier-lyceens-du-maroc-2024-4-auteurs-1-thematique-lidentite\/"},"author":{"name":"EFM","@id":"https:\/\/www.efmaroc.org\/efm\/#\/schema\/person\/25a9b635a4b2276393dd87dbd94c6302"},"headline":"Prix litt\u00e9raire Arganier lyc\u00e9ens du Maroc\u00a02024 : 4 auteurs, 1 th\u00e9matique: l\u2019identit\u00e9.","datePublished":"2024-05-31T14:35:21+00:00","dateModified":"2026-01-30T15:06:25+00:00","mainEntityOfPage":{"@id":"https:\/\/www.efmaroc.org\/efm\/prix-litteraire-arganier-lyceens-du-maroc-2024-4-auteurs-1-thematique-lidentite\/"},"wordCount":453,"publisher":{"@id":"https:\/\/www.efmaroc.org\/efm\/#organization"},"image":{"@id":"https:\/\/www.efmaroc.org\/efm\/prix-litteraire-arganier-lyceens-du-maroc-2024-4-auteurs-1-thematique-lidentite\/#primaryimage"},"thumbnailUrl":"https:\/\/www.efmaroc.org\/efm\/wp-content\/uploads\/2024\/05\/9.jpg","articleSection":["Nouvelles"],"inLanguage":"fr-FR"},{"@type":"WebPage","@id":"https:\/\/www.efmaroc.org\/efm\/prix-litteraire-arganier-lyceens-du-maroc-2024-4-auteurs-1-thematique-lidentite\/","url":"https:\/\/www.efmaroc.org\/efm\/prix-litteraire-arganier-lyceens-du-maroc-2024-4-auteurs-1-thematique-lidentite\/","name":"Prix litt\u00e9raire Arganier lyc\u00e9ens du Maroc\u00a02024 : 4 auteurs, 1 th\u00e9matique: l\u2019identit\u00e9. | Enseignement Fran\u00e7ais au Maroc","isPartOf":{"@id":"https:\/\/www.efmaroc.org\/efm\/#website"},"primaryImageOfPage":{"@id":"https:\/\/www.efmaroc.org\/efm\/prix-litteraire-arganier-lyceens-du-maroc-2024-4-auteurs-1-thematique-lidentite\/#primaryimage"},"image":{"@id":"https:\/\/www.efmaroc.org\/efm\/prix-litteraire-arganier-lyceens-du-maroc-2024-4-auteurs-1-thematique-lidentite\/#primaryimage"},"thumbnailUrl":"https:\/\/www.efmaroc.org\/efm\/wp-content\/uploads\/2024\/05\/9.jpg","datePublished":"2024-05-31T14:35:21+00:00","dateModified":"2026-01-30T15:06:25+00:00","description":"Le prix Arganier est un prix litt\u00e9raire des lyc\u00e9ens des \u00e9tablissements de l\u2019enseignement fran\u00e7ais au Maroc. Il permet aux \u00e9l\u00e8ves lyc\u00e9ens d\u2019\u00e9lire une \u0153uvre","breadcrumb":{"@id":"https:\/\/www.efmaroc.org\/efm\/prix-litteraire-arganier-lyceens-du-maroc-2024-4-auteurs-1-thematique-lidentite\/#breadcrumb"},"inLanguage":"fr-FR","potentialAction":[{"@type":"ReadAction","target":["https:\/\/www.efmaroc.org\/efm\/prix-litteraire-arganier-lyceens-du-maroc-2024-4-auteurs-1-thematique-lidentite\/"]}]},{"@type":"ImageObject","inLanguage":"fr-FR","@id":"https:\/\/www.efmaroc.org\/efm\/prix-litteraire-arganier-lyceens-du-maroc-2024-4-auteurs-1-thematique-lidentite\/#primaryimage","url":"https:\/\/www.efmaroc.org\/efm\/wp-content\/uploads\/2024\/05\/9.jpg","contentUrl":"https:\/\/www.efmaroc.org\/efm\/wp-content\/uploads\/2024\/05\/9.jpg","width":1600,"height":1200},{"@type":"BreadcrumbList","@id":"https:\/\/www.efmaroc.org\/efm\/prix-litteraire-arganier-lyceens-du-maroc-2024-4-auteurs-1-thematique-lidentite\/#breadcrumb","itemListElement":[{"@type":"ListItem","position":1,"name":"Accueil","item":"https:\/\/www.efmaroc.org\/efm\/"},{"@type":"ListItem","position":2,"name":"Prix litt\u00e9raire Arganier lyc\u00e9ens du Maroc\u00a02024 : 4 auteurs, 1 th\u00e9matique: l\u2019identit\u00e9."}]},{"@type":"WebSite","@id":"https:\/\/www.efmaroc.org\/efm\/#website","url":"https:\/\/www.efmaroc.org\/efm\/","name":"EFM","description":"Enseignement Fran\u00e7ais au Maroc","publisher":{"@id":"https:\/\/www.efmaroc.org\/efm\/#organization"},"potentialAction":[{"@type":"SearchAction","target":{"@type":"EntryPoint","urlTemplate":"https:\/\/www.efmaroc.org\/efm\/?s={search_term_string}"},"query-input":{"@type":"PropertyValueSpecification","valueRequired":true,"valueName":"search_term_string"}}],"inLanguage":"fr-FR"},{"@type":"Organization","@id":"https:\/\/www.efmaroc.org\/efm\/#organization","name":"EFM","url":"https:\/\/www.efmaroc.org\/efm\/","logo":{"@type":"ImageObject","inLanguage":"fr-FR","@id":"https:\/\/www.efmaroc.org\/efm\/#\/schema\/logo\/image\/","url":"https:\/\/www.efmaroc.org\/efm\/wp-content\/uploads\/2022\/12\/efm-enseignement-francais-maroc-logotaglinex2.png","contentUrl":"https:\/\/www.efmaroc.org\/efm\/wp-content\/uploads\/2022\/12\/efm-enseignement-francais-maroc-logotaglinex2.png","width":104,"height":78,"caption":"EFM"},"image":{"@id":"https:\/\/www.efmaroc.org\/efm\/#\/schema\/logo\/image\/"}},{"@type":"Person","@id":"https:\/\/www.efmaroc.org\/efm\/#\/schema\/person\/25a9b635a4b2276393dd87dbd94c6302","name":"EFM","image":{"@type":"ImageObject","inLanguage":"fr-FR","@id":"https:\/\/www.efmaroc.org\/efm\/#\/schema\/person\/image\/","url":"https:\/\/secure.gravatar.com\/avatar\/0acf5f0ecc3b24f6fa3602920a0bc305ada83aa2d4adbe73d7718ee0e4155d61?s=96&d=mm&r=g","contentUrl":"https:\/\/secure.gravatar.com\/avatar\/0acf5f0ecc3b24f6fa3602920a0bc305ada83aa2d4adbe73d7718ee0e4155d61?s=96&d=mm&r=g","caption":"EFM"},"sameAs":["https:\/\/www.efmaroc.org\/efm"]}]}},"jetpack_featured_media_url":"https:\/\/www.efmaroc.org\/efm\/wp-content\/uploads\/2024\/05\/9.jpg","jetpack_sharing_enabled":true,"_links":{"self":[{"href":"https:\/\/www.efmaroc.org\/efm\/wp-json\/wp\/v2\/posts\/23124","targetHints":{"allow":["GET"]}}],"collection":[{"href":"https:\/\/www.efmaroc.org\/efm\/wp-json\/wp\/v2\/posts"}],"about":[{"href":"https:\/\/www.efmaroc.org\/efm\/wp-json\/wp\/v2\/types\/post"}],"author":[{"embeddable":true,"href":"https:\/\/www.efmaroc.org\/efm\/wp-json\/wp\/v2\/users\/1"}],"replies":[{"embeddable":true,"href":"https:\/\/www.efmaroc.org\/efm\/wp-json\/wp\/v2\/comments?post=23124"}],"version-history":[{"count":2,"href":"https:\/\/www.efmaroc.org\/efm\/wp-json\/wp\/v2\/posts\/23124\/revisions"}],"predecessor-version":[{"id":23127,"href":"https:\/\/www.efmaroc.org\/efm\/wp-json\/wp\/v2\/posts\/23124\/revisions\/23127"}],"wp:featuredmedia":[{"embeddable":true,"href":"https:\/\/www.efmaroc.org\/efm\/wp-json\/wp\/v2\/media\/23125"}],"wp:attachment":[{"href":"https:\/\/www.efmaroc.org\/efm\/wp-json\/wp\/v2\/media?parent=23124"}],"wp:term":[{"taxonomy":"category","embeddable":true,"href":"https:\/\/www.efmaroc.org\/efm\/wp-json\/wp\/v2\/categories?post=23124"},{"taxonomy":"post_tag","embeddable":true,"href":"https:\/\/www.efmaroc.org\/efm\/wp-json\/wp\/v2\/tags?post=23124"}],"curies":[{"name":"wp","href":"https:\/\/api.w.org\/{rel}","templated":true}]}}