{"id":23393,"date":"2024-11-22T15:50:46","date_gmt":"2024-11-22T14:50:46","guid":{"rendered":"https:\/\/www.efmaroc.org\/efm\/?p=23393"},"modified":"2024-11-22T16:23:19","modified_gmt":"2024-11-22T15:23:19","slug":"lancement-de-la-plateforme-talents","status":"publish","type":"post","link":"https:\/\/www.efmaroc.org\/efm\/lancement-de-la-plateforme-talents\/","title":{"rendered":"Lancement de la plateforme Talents"},"content":{"rendered":"\n<figure class=\"wp-block-gallery has-nested-images columns-default is-cropped wp-block-gallery-1 is-layout-flex wp-block-gallery-is-layout-flex\">\n<figure class=\"wp-block-image size-large\"><img fetchpriority=\"high\" decoding=\"async\" width=\"970\" height=\"687\" data-id=\"23394\" src=\"https:\/\/www.efmaroc.org\/efm\/wp-content\/uploads\/2024\/11\/th-970x1000-talents_presentation_saz_et__2024-11-18_14-33-17_795.png.png\" alt=\"\" class=\"wp-image-23394\" srcset=\"https:\/\/www.efmaroc.org\/efm\/wp-content\/uploads\/2024\/11\/th-970x1000-talents_presentation_saz_et__2024-11-18_14-33-17_795.png.png 970w, https:\/\/www.efmaroc.org\/efm\/wp-content\/uploads\/2024\/11\/th-970x1000-talents_presentation_saz_et__2024-11-18_14-33-17_795.png-300x212.png 300w, https:\/\/www.efmaroc.org\/efm\/wp-content\/uploads\/2024\/11\/th-970x1000-talents_presentation_saz_et__2024-11-18_14-33-17_795.png-768x544.png 768w, https:\/\/www.efmaroc.org\/efm\/wp-content\/uploads\/2024\/11\/th-970x1000-talents_presentation_saz_et__2024-11-18_14-33-17_795.png-370x262.png 370w, https:\/\/www.efmaroc.org\/efm\/wp-content\/uploads\/2024\/11\/th-970x1000-talents_presentation_saz_et__2024-11-18_14-33-17_795.png-840x595.png 840w, https:\/\/www.efmaroc.org\/efm\/wp-content\/uploads\/2024\/11\/th-970x1000-talents_presentation_saz_et__2024-11-18_14-33-17_795.png-410x290.png 410w\" sizes=\"(max-width: 970px) 100vw, 970px\" \/><\/figure>\n<\/figure>\n\n\n\n<p><a href=\"https:\/\/www.linkedin.com\/feed\/hashtag\/?keywords=talents&amp;highlightedUpdateUrns=urn%3Ali%3Aactivity%3A7265023691107799040\"><br><\/a>Lancement de la nouvelle plateforme TALENTS cr\u00e9\u00e9e par l\u2019AEFE et propos\u00e9e au r\u00e9seau des \u00e9tablissements d\u2019enseignement fran\u00e7ais homologu\u00e9s \u00e0 l\u2019\u00e9tranger.<\/p>\n\n\n\n<p>D\u00e9couvrez une multitude de postes \u00e0 travers le monde ; une v\u00e9ritable avanc\u00e9e vers une gestion simplifi\u00e9e du recrutement de personnels de droit local pour les \u00e9tablissements, mais aussi un acc\u00e8s facilit\u00e9 pour les candidates et candidats qui y retrouveront toutes les offres d\u2019emploi en contrat local dans le r\u00e9seau des \u00e9tablissements d\u2019enseignement fran\u00e7ais homologu\u00e9s \u00e0 l\u2019\u00e9tranger.<\/p>\n\n\n\n<p>TALENTS devient donc un outil incontournable pour toute personne cherchant une opportunit\u00e9 professionnelle dans un des 600 \u00e9tablissements internationaux fran\u00e7ais r\u00e9partis dans 139 pays du monde.<\/p>\n\n\n\n<p><strong>Rendez-vous sur&nbsp;: <a href=\"https:\/\/talents.aefe.fr\/\">https:\/\/talents.aefe.fr<\/a><\/strong><\/p>\n\n\n\n<p><\/p>\n","protected":false},"excerpt":{"rendered":"<p>Lancement de la nouvelle plateforme TALENTS cr\u00e9\u00e9e par l\u2019AEFE et propos\u00e9e au r\u00e9seau des \u00e9tablissements&hellip;<\/p>\n","protected":false},"author":1,"featured_media":23394,"comment_status":"closed","ping_status":"closed","sticky":false,"template":"","format":"standard","meta":{"_jetpack_newsletter_access":"","_jetpack_dont_email_post_to_subs":false,"_jetpack_newsletter_tier_id":0,"_jetpack_memberships_contains_paywalled_content":false,"_jetpack_memberships_contains_paid_content":false,"footnotes":""},"categories":[13],"tags":[],"class_list":["post-23393","post","type-post","status-publish","format-standard","has-post-thumbnail","hentry","category-reseau"],"yoast_head":"<!-- This site is optimized with the Yoast SEO plugin v26.8 - https:\/\/yoast.com\/product\/yoast-seo-wordpress\/ -->\n<title>Lancement de la plateforme Talents | Enseignement Fran\u00e7ais au Maroc<\/title>\n<meta name=\"description\" content=\"Lancement de la nouvelle plateforme TALENTS cr\u00e9\u00e9e par l\u2019AEFE et propos\u00e9e au r\u00e9seau des \u00e9tablissements d\u2019enseignement fran\u00e7ais homologu\u00e9s \u00e0 l\u2019\u00e9tranger.\" \/>\n<meta name=\"robots\" content=\"index, follow, max-snippet:-1, max-image-preview:large, max-video-preview:-1\" \/>\n<link rel=\"canonical\" href=\"https:\/\/www.efmaroc.org\/efm\/lancement-de-la-plateforme-talents\/\" \/>\n<meta property=\"og:locale\" content=\"fr_FR\" \/>\n<meta property=\"og:type\" content=\"article\" \/>\n<meta property=\"og:title\" content=\"Lancement de la plateforme Talents | Enseignement Fran\u00e7ais au Maroc\" \/>\n<meta property=\"og:description\" content=\"Lancement de la nouvelle plateforme TALENTS cr\u00e9\u00e9e par l\u2019AEFE et propos\u00e9e au r\u00e9seau des \u00e9tablissements d\u2019enseignement fran\u00e7ais homologu\u00e9s \u00e0 l\u2019\u00e9tranger.\" \/>\n<meta property=\"og:url\" content=\"https:\/\/www.efmaroc.org\/efm\/lancement-de-la-plateforme-talents\/\" \/>\n<meta property=\"og:site_name\" content=\"EFM\" \/>\n<meta property=\"article:published_time\" content=\"2024-11-22T14:50:46+00:00\" \/>\n<meta property=\"article:modified_time\" content=\"2024-11-22T15:23:19+00:00\" \/>\n<meta property=\"og:image\" content=\"https:\/\/www.efmaroc.org\/efm\/wp-content\/uploads\/2024\/11\/th-970x1000-talents_presentation_saz_et__2024-11-18_14-33-17_795.png.png\" \/>\n\t<meta property=\"og:image:width\" content=\"970\" \/>\n\t<meta property=\"og:image:height\" content=\"687\" \/>\n\t<meta property=\"og:image:type\" content=\"image\/png\" \/>\n<meta name=\"author\" content=\"EFM\" \/>\n<meta name=\"twitter:card\" content=\"summary_large_image\" \/>\n<meta name=\"twitter:label1\" content=\"\u00c9crit par\" \/>\n\t<meta name=\"twitter:data1\" content=\"EFM\" \/>\n\t<meta name=\"twitter:label2\" content=\"Dur\u00e9e de lecture estim\u00e9e\" \/>\n\t<meta name=\"twitter:data2\" content=\"1 minute\" \/>\n<script type=\"application\/ld+json\" class=\"yoast-schema-graph\">{\"@context\":\"https:\/\/schema.org\",\"@graph\":[{\"@type\":\"Article\",\"@id\":\"https:\/\/www.efmaroc.org\/efm\/lancement-de-la-plateforme-talents\/#article\",\"isPartOf\":{\"@id\":\"https:\/\/www.efmaroc.org\/efm\/lancement-de-la-plateforme-talents\/\"},\"author\":{\"name\":\"EFM\",\"@id\":\"https:\/\/www.efmaroc.org\/efm\/#\/schema\/person\/25a9b635a4b2276393dd87dbd94c6302\"},\"headline\":\"Lancement de la plateforme Talents\",\"datePublished\":\"2024-11-22T14:50:46+00:00\",\"dateModified\":\"2024-11-22T15:23:19+00:00\",\"mainEntityOfPage\":{\"@id\":\"https:\/\/www.efmaroc.org\/efm\/lancement-de-la-plateforme-talents\/\"},\"wordCount\":130,\"publisher\":{\"@id\":\"https:\/\/www.efmaroc.org\/efm\/#organization\"},\"image\":{\"@id\":\"https:\/\/www.efmaroc.org\/efm\/lancement-de-la-plateforme-talents\/#primaryimage\"},\"thumbnailUrl\":\"https:\/\/www.efmaroc.org\/efm\/wp-content\/uploads\/2024\/11\/th-970x1000-talents_presentation_saz_et__2024-11-18_14-33-17_795.png.png\",\"articleSection\":[\"R\u00e9seau\"],\"inLanguage\":\"fr-FR\"},{\"@type\":\"WebPage\",\"@id\":\"https:\/\/www.efmaroc.org\/efm\/lancement-de-la-plateforme-talents\/\",\"url\":\"https:\/\/www.efmaroc.org\/efm\/lancement-de-la-plateforme-talents\/\",\"name\":\"Lancement de la plateforme Talents | Enseignement Fran\u00e7ais au Maroc\",\"isPartOf\":{\"@id\":\"https:\/\/www.efmaroc.org\/efm\/#website\"},\"primaryImageOfPage\":{\"@id\":\"https:\/\/www.efmaroc.org\/efm\/lancement-de-la-plateforme-talents\/#primaryimage\"},\"image\":{\"@id\":\"https:\/\/www.efmaroc.org\/efm\/lancement-de-la-plateforme-talents\/#primaryimage\"},\"thumbnailUrl\":\"https:\/\/www.efmaroc.org\/efm\/wp-content\/uploads\/2024\/11\/th-970x1000-talents_presentation_saz_et__2024-11-18_14-33-17_795.png.png\",\"datePublished\":\"2024-11-22T14:50:46+00:00\",\"dateModified\":\"2024-11-22T15:23:19+00:00\",\"description\":\"Lancement de la nouvelle plateforme TALENTS cr\u00e9\u00e9e par l\u2019AEFE et propos\u00e9e au r\u00e9seau des \u00e9tablissements d\u2019enseignement fran\u00e7ais homologu\u00e9s \u00e0 l\u2019\u00e9tranger.\",\"breadcrumb\":{\"@id\":\"https:\/\/www.efmaroc.org\/efm\/lancement-de-la-plateforme-talents\/#breadcrumb\"},\"inLanguage\":\"fr-FR\",\"potentialAction\":[{\"@type\":\"ReadAction\",\"target\":[\"https:\/\/www.efmaroc.org\/efm\/lancement-de-la-plateforme-talents\/\"]}]},{\"@type\":\"ImageObject\",\"inLanguage\":\"fr-FR\",\"@id\":\"https:\/\/www.efmaroc.org\/efm\/lancement-de-la-plateforme-talents\/#primaryimage\",\"url\":\"https:\/\/www.efmaroc.org\/efm\/wp-content\/uploads\/2024\/11\/th-970x1000-talents_presentation_saz_et__2024-11-18_14-33-17_795.png.png\",\"contentUrl\":\"https:\/\/www.efmaroc.org\/efm\/wp-content\/uploads\/2024\/11\/th-970x1000-talents_presentation_saz_et__2024-11-18_14-33-17_795.png.png\",\"width\":970,\"height\":687},{\"@type\":\"BreadcrumbList\",\"@id\":\"https:\/\/www.efmaroc.org\/efm\/lancement-de-la-plateforme-talents\/#breadcrumb\",\"itemListElement\":[{\"@type\":\"ListItem\",\"position\":1,\"name\":\"Accueil\",\"item\":\"https:\/\/www.efmaroc.org\/efm\/\"},{\"@type\":\"ListItem\",\"position\":2,\"name\":\"Lancement de la plateforme Talents\"}]},{\"@type\":\"WebSite\",\"@id\":\"https:\/\/www.efmaroc.org\/efm\/#website\",\"url\":\"https:\/\/www.efmaroc.org\/efm\/\",\"name\":\"EFM\",\"description\":\"Enseignement Fran\u00e7ais au Maroc\",\"publisher\":{\"@id\":\"https:\/\/www.efmaroc.org\/efm\/#organization\"},\"potentialAction\":[{\"@type\":\"SearchAction\",\"target\":{\"@type\":\"EntryPoint\",\"urlTemplate\":\"https:\/\/www.efmaroc.org\/efm\/?s={search_term_string}\"},\"query-input\":{\"@type\":\"PropertyValueSpecification\",\"valueRequired\":true,\"valueName\":\"search_term_string\"}}],\"inLanguage\":\"fr-FR\"},{\"@type\":\"Organization\",\"@id\":\"https:\/\/www.efmaroc.org\/efm\/#organization\",\"name\":\"EFM\",\"url\":\"https:\/\/www.efmaroc.org\/efm\/\",\"logo\":{\"@type\":\"ImageObject\",\"inLanguage\":\"fr-FR\",\"@id\":\"https:\/\/www.efmaroc.org\/efm\/#\/schema\/logo\/image\/\",\"url\":\"https:\/\/www.efmaroc.org\/efm\/wp-content\/uploads\/2022\/12\/efm-enseignement-francais-maroc-logotaglinex2.png\",\"contentUrl\":\"https:\/\/www.efmaroc.org\/efm\/wp-content\/uploads\/2022\/12\/efm-enseignement-francais-maroc-logotaglinex2.png\",\"width\":104,\"height\":78,\"caption\":\"EFM\"},\"image\":{\"@id\":\"https:\/\/www.efmaroc.org\/efm\/#\/schema\/logo\/image\/\"}},{\"@type\":\"Person\",\"@id\":\"https:\/\/www.efmaroc.org\/efm\/#\/schema\/person\/25a9b635a4b2276393dd87dbd94c6302\",\"name\":\"EFM\",\"image\":{\"@type\":\"ImageObject\",\"inLanguage\":\"fr-FR\",\"@id\":\"https:\/\/www.efmaroc.org\/efm\/#\/schema\/person\/image\/\",\"url\":\"https:\/\/secure.gravatar.com\/avatar\/0acf5f0ecc3b24f6fa3602920a0bc305ada83aa2d4adbe73d7718ee0e4155d61?s=96&d=mm&r=g\",\"contentUrl\":\"https:\/\/secure.gravatar.com\/avatar\/0acf5f0ecc3b24f6fa3602920a0bc305ada83aa2d4adbe73d7718ee0e4155d61?s=96&d=mm&r=g\",\"caption\":\"EFM\"},\"sameAs\":[\"https:\/\/www.efmaroc.org\/efm\"]}]}<\/script>\n<!-- \/ Yoast SEO plugin. -->","yoast_head_json":{"title":"Lancement de la plateforme Talents | Enseignement Fran\u00e7ais au Maroc","description":"Lancement de la nouvelle plateforme TALENTS cr\u00e9\u00e9e par l\u2019AEFE et propos\u00e9e au r\u00e9seau des \u00e9tablissements d\u2019enseignement fran\u00e7ais homologu\u00e9s \u00e0 l\u2019\u00e9tranger.","robots":{"index":"index","follow":"follow","max-snippet":"max-snippet:-1","max-image-preview":"max-image-preview:large","max-video-preview":"max-video-preview:-1"},"canonical":"https:\/\/www.efmaroc.org\/efm\/lancement-de-la-plateforme-talents\/","og_locale":"fr_FR","og_type":"article","og_title":"Lancement de la plateforme Talents | Enseignement Fran\u00e7ais au Maroc","og_description":"Lancement de la nouvelle plateforme TALENTS cr\u00e9\u00e9e par l\u2019AEFE et propos\u00e9e au r\u00e9seau des \u00e9tablissements d\u2019enseignement fran\u00e7ais homologu\u00e9s \u00e0 l\u2019\u00e9tranger.","og_url":"https:\/\/www.efmaroc.org\/efm\/lancement-de-la-plateforme-talents\/","og_site_name":"EFM","article_published_time":"2024-11-22T14:50:46+00:00","article_modified_time":"2024-11-22T15:23:19+00:00","og_image":[{"width":970,"height":687,"url":"https:\/\/www.efmaroc.org\/efm\/wp-content\/uploads\/2024\/11\/th-970x1000-talents_presentation_saz_et__2024-11-18_14-33-17_795.png.png","type":"image\/png"}],"author":"EFM","twitter_card":"summary_large_image","twitter_misc":{"\u00c9crit par":"EFM","Dur\u00e9e de lecture estim\u00e9e":"1 minute"},"schema":{"@context":"https:\/\/schema.org","@graph":[{"@type":"Article","@id":"https:\/\/www.efmaroc.org\/efm\/lancement-de-la-plateforme-talents\/#article","isPartOf":{"@id":"https:\/\/www.efmaroc.org\/efm\/lancement-de-la-plateforme-talents\/"},"author":{"name":"EFM","@id":"https:\/\/www.efmaroc.org\/efm\/#\/schema\/person\/25a9b635a4b2276393dd87dbd94c6302"},"headline":"Lancement de la plateforme Talents","datePublished":"2024-11-22T14:50:46+00:00","dateModified":"2024-11-22T15:23:19+00:00","mainEntityOfPage":{"@id":"https:\/\/www.efmaroc.org\/efm\/lancement-de-la-plateforme-talents\/"},"wordCount":130,"publisher":{"@id":"https:\/\/www.efmaroc.org\/efm\/#organization"},"image":{"@id":"https:\/\/www.efmaroc.org\/efm\/lancement-de-la-plateforme-talents\/#primaryimage"},"thumbnailUrl":"https:\/\/www.efmaroc.org\/efm\/wp-content\/uploads\/2024\/11\/th-970x1000-talents_presentation_saz_et__2024-11-18_14-33-17_795.png.png","articleSection":["R\u00e9seau"],"inLanguage":"fr-FR"},{"@type":"WebPage","@id":"https:\/\/www.efmaroc.org\/efm\/lancement-de-la-plateforme-talents\/","url":"https:\/\/www.efmaroc.org\/efm\/lancement-de-la-plateforme-talents\/","name":"Lancement de la plateforme Talents | Enseignement Fran\u00e7ais au Maroc","isPartOf":{"@id":"https:\/\/www.efmaroc.org\/efm\/#website"},"primaryImageOfPage":{"@id":"https:\/\/www.efmaroc.org\/efm\/lancement-de-la-plateforme-talents\/#primaryimage"},"image":{"@id":"https:\/\/www.efmaroc.org\/efm\/lancement-de-la-plateforme-talents\/#primaryimage"},"thumbnailUrl":"https:\/\/www.efmaroc.org\/efm\/wp-content\/uploads\/2024\/11\/th-970x1000-talents_presentation_saz_et__2024-11-18_14-33-17_795.png.png","datePublished":"2024-11-22T14:50:46+00:00","dateModified":"2024-11-22T15:23:19+00:00","description":"Lancement de la nouvelle plateforme TALENTS cr\u00e9\u00e9e par l\u2019AEFE et propos\u00e9e au r\u00e9seau des \u00e9tablissements d\u2019enseignement fran\u00e7ais homologu\u00e9s \u00e0 l\u2019\u00e9tranger.","breadcrumb":{"@id":"https:\/\/www.efmaroc.org\/efm\/lancement-de-la-plateforme-talents\/#breadcrumb"},"inLanguage":"fr-FR","potentialAction":[{"@type":"ReadAction","target":["https:\/\/www.efmaroc.org\/efm\/lancement-de-la-plateforme-talents\/"]}]},{"@type":"ImageObject","inLanguage":"fr-FR","@id":"https:\/\/www.efmaroc.org\/efm\/lancement-de-la-plateforme-talents\/#primaryimage","url":"https:\/\/www.efmaroc.org\/efm\/wp-content\/uploads\/2024\/11\/th-970x1000-talents_presentation_saz_et__2024-11-18_14-33-17_795.png.png","contentUrl":"https:\/\/www.efmaroc.org\/efm\/wp-content\/uploads\/2024\/11\/th-970x1000-talents_presentation_saz_et__2024-11-18_14-33-17_795.png.png","width":970,"height":687},{"@type":"BreadcrumbList","@id":"https:\/\/www.efmaroc.org\/efm\/lancement-de-la-plateforme-talents\/#breadcrumb","itemListElement":[{"@type":"ListItem","position":1,"name":"Accueil","item":"https:\/\/www.efmaroc.org\/efm\/"},{"@type":"ListItem","position":2,"name":"Lancement de la plateforme Talents"}]},{"@type":"WebSite","@id":"https:\/\/www.efmaroc.org\/efm\/#website","url":"https:\/\/www.efmaroc.org\/efm\/","name":"EFM","description":"Enseignement Fran\u00e7ais au Maroc","publisher":{"@id":"https:\/\/www.efmaroc.org\/efm\/#organization"},"potentialAction":[{"@type":"SearchAction","target":{"@type":"EntryPoint","urlTemplate":"https:\/\/www.efmaroc.org\/efm\/?s={search_term_string}"},"query-input":{"@type":"PropertyValueSpecification","valueRequired":true,"valueName":"search_term_string"}}],"inLanguage":"fr-FR"},{"@type":"Organization","@id":"https:\/\/www.efmaroc.org\/efm\/#organization","name":"EFM","url":"https:\/\/www.efmaroc.org\/efm\/","logo":{"@type":"ImageObject","inLanguage":"fr-FR","@id":"https:\/\/www.efmaroc.org\/efm\/#\/schema\/logo\/image\/","url":"https:\/\/www.efmaroc.org\/efm\/wp-content\/uploads\/2022\/12\/efm-enseignement-francais-maroc-logotaglinex2.png","contentUrl":"https:\/\/www.efmaroc.org\/efm\/wp-content\/uploads\/2022\/12\/efm-enseignement-francais-maroc-logotaglinex2.png","width":104,"height":78,"caption":"EFM"},"image":{"@id":"https:\/\/www.efmaroc.org\/efm\/#\/schema\/logo\/image\/"}},{"@type":"Person","@id":"https:\/\/www.efmaroc.org\/efm\/#\/schema\/person\/25a9b635a4b2276393dd87dbd94c6302","name":"EFM","image":{"@type":"ImageObject","inLanguage":"fr-FR","@id":"https:\/\/www.efmaroc.org\/efm\/#\/schema\/person\/image\/","url":"https:\/\/secure.gravatar.com\/avatar\/0acf5f0ecc3b24f6fa3602920a0bc305ada83aa2d4adbe73d7718ee0e4155d61?s=96&d=mm&r=g","contentUrl":"https:\/\/secure.gravatar.com\/avatar\/0acf5f0ecc3b24f6fa3602920a0bc305ada83aa2d4adbe73d7718ee0e4155d61?s=96&d=mm&r=g","caption":"EFM"},"sameAs":["https:\/\/www.efmaroc.org\/efm"]}]}},"jetpack_featured_media_url":"https:\/\/www.efmaroc.org\/efm\/wp-content\/uploads\/2024\/11\/th-970x1000-talents_presentation_saz_et__2024-11-18_14-33-17_795.png.png","jetpack_sharing_enabled":true,"_links":{"self":[{"href":"https:\/\/www.efmaroc.org\/efm\/wp-json\/wp\/v2\/posts\/23393","targetHints":{"allow":["GET"]}}],"collection":[{"href":"https:\/\/www.efmaroc.org\/efm\/wp-json\/wp\/v2\/posts"}],"about":[{"href":"https:\/\/www.efmaroc.org\/efm\/wp-json\/wp\/v2\/types\/post"}],"author":[{"embeddable":true,"href":"https:\/\/www.efmaroc.org\/efm\/wp-json\/wp\/v2\/users\/1"}],"replies":[{"embeddable":true,"href":"https:\/\/www.efmaroc.org\/efm\/wp-json\/wp\/v2\/comments?post=23393"}],"version-history":[{"count":3,"href":"https:\/\/www.efmaroc.org\/efm\/wp-json\/wp\/v2\/posts\/23393\/revisions"}],"predecessor-version":[{"id":23416,"href":"https:\/\/www.efmaroc.org\/efm\/wp-json\/wp\/v2\/posts\/23393\/revisions\/23416"}],"wp:featuredmedia":[{"embeddable":true,"href":"https:\/\/www.efmaroc.org\/efm\/wp-json\/wp\/v2\/media\/23394"}],"wp:attachment":[{"href":"https:\/\/www.efmaroc.org\/efm\/wp-json\/wp\/v2\/media?parent=23393"}],"wp:term":[{"taxonomy":"category","embeddable":true,"href":"https:\/\/www.efmaroc.org\/efm\/wp-json\/wp\/v2\/categories?post=23393"},{"taxonomy":"post_tag","embeddable":true,"href":"https:\/\/www.efmaroc.org\/efm\/wp-json\/wp\/v2\/tags?post=23393"}],"curies":[{"name":"wp","href":"https:\/\/api.w.org\/{rel}","templated":true}]}}