{"id":23406,"date":"2024-11-22T16:09:34","date_gmt":"2024-11-22T15:09:34","guid":{"rendered":"https:\/\/www.efmaroc.org\/efm\/?p=23406"},"modified":"2026-01-30T16:05:53","modified_gmt":"2026-01-30T15:05:53","slug":"lancement-du-concours-ecolexia","status":"publish","type":"post","link":"https:\/\/www.efmaroc.org\/efm\/lancement-du-concours-ecolexia\/","title":{"rendered":"Lancement du concours Ecolexia"},"content":{"rendered":"\n<figure class=\"wp-block-image size-large\"><img fetchpriority=\"high\" decoding=\"async\" width=\"1024\" height=\"1024\" src=\"https:\/\/www.efmaroc.org\/efm\/wp-content\/uploads\/2024\/11\/POST-INSTAGRAM_Plan-de-travail-1-1024x1024.jpg\" alt=\"\" class=\"wp-image-23407\" srcset=\"https:\/\/www.efmaroc.org\/efm\/wp-content\/uploads\/2024\/11\/POST-INSTAGRAM_Plan-de-travail-1-1024x1024.jpg 1024w, https:\/\/www.efmaroc.org\/efm\/wp-content\/uploads\/2024\/11\/POST-INSTAGRAM_Plan-de-travail-1-300x300.jpg 300w, https:\/\/www.efmaroc.org\/efm\/wp-content\/uploads\/2024\/11\/POST-INSTAGRAM_Plan-de-travail-1-150x150.jpg 150w, https:\/\/www.efmaroc.org\/efm\/wp-content\/uploads\/2024\/11\/POST-INSTAGRAM_Plan-de-travail-1-768x768.jpg 768w, https:\/\/www.efmaroc.org\/efm\/wp-content\/uploads\/2024\/11\/POST-INSTAGRAM_Plan-de-travail-1-100x100.jpg 100w, https:\/\/www.efmaroc.org\/efm\/wp-content\/uploads\/2024\/11\/POST-INSTAGRAM_Plan-de-travail-1-1536x1536.jpg 1536w, https:\/\/www.efmaroc.org\/efm\/wp-content\/uploads\/2024\/11\/POST-INSTAGRAM_Plan-de-travail-1-2048x2048.jpg 2048w, https:\/\/www.efmaroc.org\/efm\/wp-content\/uploads\/2024\/11\/POST-INSTAGRAM_Plan-de-travail-1-370x370.jpg 370w, https:\/\/www.efmaroc.org\/efm\/wp-content\/uploads\/2024\/11\/POST-INSTAGRAM_Plan-de-travail-1-120x120.jpg 120w, https:\/\/www.efmaroc.org\/efm\/wp-content\/uploads\/2024\/11\/POST-INSTAGRAM_Plan-de-travail-1-840x840.jpg 840w, https:\/\/www.efmaroc.org\/efm\/wp-content\/uploads\/2024\/11\/POST-INSTAGRAM_Plan-de-travail-1-410x410.jpg 410w\" sizes=\"(max-width: 1024px) 100vw, 1024px\" \/><\/figure>\n\n\n\n<p>Le concours Ecolexia est un concours de plaidoiries, d\u00e9di\u00e9 exclusivement au droit de l\u2019environnement, ouvert \u00e0 l\u2019ensemble des \u00e9l\u00e8ves de 1\u00e8re et de Terminale du r\u00e9seau de l\u2019enseignement fran\u00e7ais au Maroc. Ce projet est une action p\u00e9dagogique compl\u00e9mentaire Zone et s\u2019inscrit dans nos valeurs telles que l\u2019\u00e9ducation et la d\u00e9marche au d\u00e9veloppement durable.<\/p>\n\n\n\n<p>Le concours a pour objectif de d\u00e9velopper les comp\u00e9tences orales et la capacit\u00e9 \u00e0 argumenter des \u00e9l\u00e8ves. Les \u00e9l\u00e8ves sont pr\u00e9par\u00e9s et form\u00e9s par des professionnels et experts de la plaidoirie (avocats, juges, magistrats). <\/p>\n\n\n\n<p><\/p>\n","protected":false},"excerpt":{"rendered":"<p>Le concours Ecolexia est un concours de plaidoiries, d\u00e9di\u00e9 exclusivement au droit de l\u2019environnement, ouvert&hellip;<\/p>\n","protected":false},"author":1,"featured_media":23407,"comment_status":"closed","ping_status":"closed","sticky":false,"template":"","format":"standard","meta":{"_jetpack_newsletter_access":"","_jetpack_dont_email_post_to_subs":false,"_jetpack_newsletter_tier_id":0,"_jetpack_memberships_contains_paywalled_content":false,"_jetpack_memberships_contains_paid_content":false,"footnotes":""},"categories":[13],"tags":[],"class_list":["post-23406","post","type-post","status-publish","format-standard","has-post-thumbnail","hentry","category-reseau"],"yoast_head":"<!-- This site is optimized with the Yoast SEO plugin v26.8 - https:\/\/yoast.com\/product\/yoast-seo-wordpress\/ -->\n<title>Lancement du concours Ecolexia | Enseignement Fran\u00e7ais au Maroc<\/title>\n<meta name=\"description\" content=\"Le concours Ecolexia est un concours de plaidoiries, d\u00e9di\u00e9 exclusivement au droit de l\u2019environnement, ouvert \u00e0 l\u2019ensemble des \u00e9l\u00e8ves de 1\u00e8re et de\" \/>\n<meta name=\"robots\" content=\"index, follow, max-snippet:-1, max-image-preview:large, max-video-preview:-1\" \/>\n<link rel=\"canonical\" href=\"https:\/\/www.efmaroc.org\/efm\/lancement-du-concours-ecolexia\/\" \/>\n<meta property=\"og:locale\" content=\"fr_FR\" \/>\n<meta property=\"og:type\" content=\"article\" \/>\n<meta property=\"og:title\" content=\"Lancement du concours Ecolexia | Enseignement Fran\u00e7ais au Maroc\" \/>\n<meta property=\"og:description\" content=\"Le concours Ecolexia est un concours de plaidoiries, d\u00e9di\u00e9 exclusivement au droit de l\u2019environnement, ouvert \u00e0 l\u2019ensemble des \u00e9l\u00e8ves de 1\u00e8re et de\" \/>\n<meta property=\"og:url\" content=\"https:\/\/www.efmaroc.org\/efm\/lancement-du-concours-ecolexia\/\" \/>\n<meta property=\"og:site_name\" content=\"EFM\" \/>\n<meta property=\"article:published_time\" content=\"2024-11-22T15:09:34+00:00\" \/>\n<meta property=\"article:modified_time\" content=\"2026-01-30T15:05:53+00:00\" \/>\n<meta property=\"og:image\" content=\"https:\/\/www.efmaroc.org\/efm\/wp-content\/uploads\/2024\/11\/POST-INSTAGRAM_Plan-de-travail-1-scaled.jpg\" \/>\n\t<meta property=\"og:image:width\" content=\"2560\" \/>\n\t<meta property=\"og:image:height\" content=\"2560\" \/>\n\t<meta property=\"og:image:type\" content=\"image\/jpeg\" \/>\n<meta name=\"author\" content=\"EFM\" \/>\n<meta name=\"twitter:card\" content=\"summary_large_image\" \/>\n<meta name=\"twitter:label1\" content=\"\u00c9crit par\" \/>\n\t<meta name=\"twitter:data1\" content=\"EFM\" \/>\n\t<meta name=\"twitter:label2\" content=\"Dur\u00e9e de lecture estim\u00e9e\" \/>\n\t<meta name=\"twitter:data2\" content=\"1 minute\" \/>\n<script type=\"application\/ld+json\" class=\"yoast-schema-graph\">{\"@context\":\"https:\/\/schema.org\",\"@graph\":[{\"@type\":\"Article\",\"@id\":\"https:\/\/www.efmaroc.org\/efm\/lancement-du-concours-ecolexia\/#article\",\"isPartOf\":{\"@id\":\"https:\/\/www.efmaroc.org\/efm\/lancement-du-concours-ecolexia\/\"},\"author\":{\"name\":\"EFM\",\"@id\":\"https:\/\/www.efmaroc.org\/efm\/#\/schema\/person\/25a9b635a4b2276393dd87dbd94c6302\"},\"headline\":\"Lancement du concours Ecolexia\",\"datePublished\":\"2024-11-22T15:09:34+00:00\",\"dateModified\":\"2026-01-30T15:05:53+00:00\",\"mainEntityOfPage\":{\"@id\":\"https:\/\/www.efmaroc.org\/efm\/lancement-du-concours-ecolexia\/\"},\"wordCount\":109,\"publisher\":{\"@id\":\"https:\/\/www.efmaroc.org\/efm\/#organization\"},\"image\":{\"@id\":\"https:\/\/www.efmaroc.org\/efm\/lancement-du-concours-ecolexia\/#primaryimage\"},\"thumbnailUrl\":\"https:\/\/www.efmaroc.org\/efm\/wp-content\/uploads\/2024\/11\/POST-INSTAGRAM_Plan-de-travail-1-scaled.jpg\",\"articleSection\":[\"R\u00e9seau\"],\"inLanguage\":\"fr-FR\"},{\"@type\":\"WebPage\",\"@id\":\"https:\/\/www.efmaroc.org\/efm\/lancement-du-concours-ecolexia\/\",\"url\":\"https:\/\/www.efmaroc.org\/efm\/lancement-du-concours-ecolexia\/\",\"name\":\"Lancement du concours Ecolexia | Enseignement Fran\u00e7ais au Maroc\",\"isPartOf\":{\"@id\":\"https:\/\/www.efmaroc.org\/efm\/#website\"},\"primaryImageOfPage\":{\"@id\":\"https:\/\/www.efmaroc.org\/efm\/lancement-du-concours-ecolexia\/#primaryimage\"},\"image\":{\"@id\":\"https:\/\/www.efmaroc.org\/efm\/lancement-du-concours-ecolexia\/#primaryimage\"},\"thumbnailUrl\":\"https:\/\/www.efmaroc.org\/efm\/wp-content\/uploads\/2024\/11\/POST-INSTAGRAM_Plan-de-travail-1-scaled.jpg\",\"datePublished\":\"2024-11-22T15:09:34+00:00\",\"dateModified\":\"2026-01-30T15:05:53+00:00\",\"description\":\"Le concours Ecolexia est un concours de plaidoiries, d\u00e9di\u00e9 exclusivement au droit de l\u2019environnement, ouvert \u00e0 l\u2019ensemble des \u00e9l\u00e8ves de 1\u00e8re et de\",\"breadcrumb\":{\"@id\":\"https:\/\/www.efmaroc.org\/efm\/lancement-du-concours-ecolexia\/#breadcrumb\"},\"inLanguage\":\"fr-FR\",\"potentialAction\":[{\"@type\":\"ReadAction\",\"target\":[\"https:\/\/www.efmaroc.org\/efm\/lancement-du-concours-ecolexia\/\"]}]},{\"@type\":\"ImageObject\",\"inLanguage\":\"fr-FR\",\"@id\":\"https:\/\/www.efmaroc.org\/efm\/lancement-du-concours-ecolexia\/#primaryimage\",\"url\":\"https:\/\/www.efmaroc.org\/efm\/wp-content\/uploads\/2024\/11\/POST-INSTAGRAM_Plan-de-travail-1-scaled.jpg\",\"contentUrl\":\"https:\/\/www.efmaroc.org\/efm\/wp-content\/uploads\/2024\/11\/POST-INSTAGRAM_Plan-de-travail-1-scaled.jpg\",\"width\":2560,\"height\":2560},{\"@type\":\"BreadcrumbList\",\"@id\":\"https:\/\/www.efmaroc.org\/efm\/lancement-du-concours-ecolexia\/#breadcrumb\",\"itemListElement\":[{\"@type\":\"ListItem\",\"position\":1,\"name\":\"Accueil\",\"item\":\"https:\/\/www.efmaroc.org\/efm\/\"},{\"@type\":\"ListItem\",\"position\":2,\"name\":\"Lancement du concours Ecolexia\"}]},{\"@type\":\"WebSite\",\"@id\":\"https:\/\/www.efmaroc.org\/efm\/#website\",\"url\":\"https:\/\/www.efmaroc.org\/efm\/\",\"name\":\"EFM\",\"description\":\"Enseignement Fran\u00e7ais au Maroc\",\"publisher\":{\"@id\":\"https:\/\/www.efmaroc.org\/efm\/#organization\"},\"potentialAction\":[{\"@type\":\"SearchAction\",\"target\":{\"@type\":\"EntryPoint\",\"urlTemplate\":\"https:\/\/www.efmaroc.org\/efm\/?s={search_term_string}\"},\"query-input\":{\"@type\":\"PropertyValueSpecification\",\"valueRequired\":true,\"valueName\":\"search_term_string\"}}],\"inLanguage\":\"fr-FR\"},{\"@type\":\"Organization\",\"@id\":\"https:\/\/www.efmaroc.org\/efm\/#organization\",\"name\":\"EFM\",\"url\":\"https:\/\/www.efmaroc.org\/efm\/\",\"logo\":{\"@type\":\"ImageObject\",\"inLanguage\":\"fr-FR\",\"@id\":\"https:\/\/www.efmaroc.org\/efm\/#\/schema\/logo\/image\/\",\"url\":\"https:\/\/www.efmaroc.org\/efm\/wp-content\/uploads\/2022\/12\/efm-enseignement-francais-maroc-logotaglinex2.png\",\"contentUrl\":\"https:\/\/www.efmaroc.org\/efm\/wp-content\/uploads\/2022\/12\/efm-enseignement-francais-maroc-logotaglinex2.png\",\"width\":104,\"height\":78,\"caption\":\"EFM\"},\"image\":{\"@id\":\"https:\/\/www.efmaroc.org\/efm\/#\/schema\/logo\/image\/\"}},{\"@type\":\"Person\",\"@id\":\"https:\/\/www.efmaroc.org\/efm\/#\/schema\/person\/25a9b635a4b2276393dd87dbd94c6302\",\"name\":\"EFM\",\"image\":{\"@type\":\"ImageObject\",\"inLanguage\":\"fr-FR\",\"@id\":\"https:\/\/www.efmaroc.org\/efm\/#\/schema\/person\/image\/\",\"url\":\"https:\/\/secure.gravatar.com\/avatar\/0acf5f0ecc3b24f6fa3602920a0bc305ada83aa2d4adbe73d7718ee0e4155d61?s=96&d=mm&r=g\",\"contentUrl\":\"https:\/\/secure.gravatar.com\/avatar\/0acf5f0ecc3b24f6fa3602920a0bc305ada83aa2d4adbe73d7718ee0e4155d61?s=96&d=mm&r=g\",\"caption\":\"EFM\"},\"sameAs\":[\"https:\/\/www.efmaroc.org\/efm\"]}]}<\/script>\n<!-- \/ Yoast SEO plugin. -->","yoast_head_json":{"title":"Lancement du concours Ecolexia | Enseignement Fran\u00e7ais au Maroc","description":"Le concours Ecolexia est un concours de plaidoiries, d\u00e9di\u00e9 exclusivement au droit de l\u2019environnement, ouvert \u00e0 l\u2019ensemble des \u00e9l\u00e8ves de 1\u00e8re et de","robots":{"index":"index","follow":"follow","max-snippet":"max-snippet:-1","max-image-preview":"max-image-preview:large","max-video-preview":"max-video-preview:-1"},"canonical":"https:\/\/www.efmaroc.org\/efm\/lancement-du-concours-ecolexia\/","og_locale":"fr_FR","og_type":"article","og_title":"Lancement du concours Ecolexia | Enseignement Fran\u00e7ais au Maroc","og_description":"Le concours Ecolexia est un concours de plaidoiries, d\u00e9di\u00e9 exclusivement au droit de l\u2019environnement, ouvert \u00e0 l\u2019ensemble des \u00e9l\u00e8ves de 1\u00e8re et de","og_url":"https:\/\/www.efmaroc.org\/efm\/lancement-du-concours-ecolexia\/","og_site_name":"EFM","article_published_time":"2024-11-22T15:09:34+00:00","article_modified_time":"2026-01-30T15:05:53+00:00","og_image":[{"width":2560,"height":2560,"url":"https:\/\/www.efmaroc.org\/efm\/wp-content\/uploads\/2024\/11\/POST-INSTAGRAM_Plan-de-travail-1-scaled.jpg","type":"image\/jpeg"}],"author":"EFM","twitter_card":"summary_large_image","twitter_misc":{"\u00c9crit par":"EFM","Dur\u00e9e de lecture estim\u00e9e":"1 minute"},"schema":{"@context":"https:\/\/schema.org","@graph":[{"@type":"Article","@id":"https:\/\/www.efmaroc.org\/efm\/lancement-du-concours-ecolexia\/#article","isPartOf":{"@id":"https:\/\/www.efmaroc.org\/efm\/lancement-du-concours-ecolexia\/"},"author":{"name":"EFM","@id":"https:\/\/www.efmaroc.org\/efm\/#\/schema\/person\/25a9b635a4b2276393dd87dbd94c6302"},"headline":"Lancement du concours Ecolexia","datePublished":"2024-11-22T15:09:34+00:00","dateModified":"2026-01-30T15:05:53+00:00","mainEntityOfPage":{"@id":"https:\/\/www.efmaroc.org\/efm\/lancement-du-concours-ecolexia\/"},"wordCount":109,"publisher":{"@id":"https:\/\/www.efmaroc.org\/efm\/#organization"},"image":{"@id":"https:\/\/www.efmaroc.org\/efm\/lancement-du-concours-ecolexia\/#primaryimage"},"thumbnailUrl":"https:\/\/www.efmaroc.org\/efm\/wp-content\/uploads\/2024\/11\/POST-INSTAGRAM_Plan-de-travail-1-scaled.jpg","articleSection":["R\u00e9seau"],"inLanguage":"fr-FR"},{"@type":"WebPage","@id":"https:\/\/www.efmaroc.org\/efm\/lancement-du-concours-ecolexia\/","url":"https:\/\/www.efmaroc.org\/efm\/lancement-du-concours-ecolexia\/","name":"Lancement du concours Ecolexia | Enseignement Fran\u00e7ais au Maroc","isPartOf":{"@id":"https:\/\/www.efmaroc.org\/efm\/#website"},"primaryImageOfPage":{"@id":"https:\/\/www.efmaroc.org\/efm\/lancement-du-concours-ecolexia\/#primaryimage"},"image":{"@id":"https:\/\/www.efmaroc.org\/efm\/lancement-du-concours-ecolexia\/#primaryimage"},"thumbnailUrl":"https:\/\/www.efmaroc.org\/efm\/wp-content\/uploads\/2024\/11\/POST-INSTAGRAM_Plan-de-travail-1-scaled.jpg","datePublished":"2024-11-22T15:09:34+00:00","dateModified":"2026-01-30T15:05:53+00:00","description":"Le concours Ecolexia est un concours de plaidoiries, d\u00e9di\u00e9 exclusivement au droit de l\u2019environnement, ouvert \u00e0 l\u2019ensemble des \u00e9l\u00e8ves de 1\u00e8re et de","breadcrumb":{"@id":"https:\/\/www.efmaroc.org\/efm\/lancement-du-concours-ecolexia\/#breadcrumb"},"inLanguage":"fr-FR","potentialAction":[{"@type":"ReadAction","target":["https:\/\/www.efmaroc.org\/efm\/lancement-du-concours-ecolexia\/"]}]},{"@type":"ImageObject","inLanguage":"fr-FR","@id":"https:\/\/www.efmaroc.org\/efm\/lancement-du-concours-ecolexia\/#primaryimage","url":"https:\/\/www.efmaroc.org\/efm\/wp-content\/uploads\/2024\/11\/POST-INSTAGRAM_Plan-de-travail-1-scaled.jpg","contentUrl":"https:\/\/www.efmaroc.org\/efm\/wp-content\/uploads\/2024\/11\/POST-INSTAGRAM_Plan-de-travail-1-scaled.jpg","width":2560,"height":2560},{"@type":"BreadcrumbList","@id":"https:\/\/www.efmaroc.org\/efm\/lancement-du-concours-ecolexia\/#breadcrumb","itemListElement":[{"@type":"ListItem","position":1,"name":"Accueil","item":"https:\/\/www.efmaroc.org\/efm\/"},{"@type":"ListItem","position":2,"name":"Lancement du concours Ecolexia"}]},{"@type":"WebSite","@id":"https:\/\/www.efmaroc.org\/efm\/#website","url":"https:\/\/www.efmaroc.org\/efm\/","name":"EFM","description":"Enseignement Fran\u00e7ais au Maroc","publisher":{"@id":"https:\/\/www.efmaroc.org\/efm\/#organization"},"potentialAction":[{"@type":"SearchAction","target":{"@type":"EntryPoint","urlTemplate":"https:\/\/www.efmaroc.org\/efm\/?s={search_term_string}"},"query-input":{"@type":"PropertyValueSpecification","valueRequired":true,"valueName":"search_term_string"}}],"inLanguage":"fr-FR"},{"@type":"Organization","@id":"https:\/\/www.efmaroc.org\/efm\/#organization","name":"EFM","url":"https:\/\/www.efmaroc.org\/efm\/","logo":{"@type":"ImageObject","inLanguage":"fr-FR","@id":"https:\/\/www.efmaroc.org\/efm\/#\/schema\/logo\/image\/","url":"https:\/\/www.efmaroc.org\/efm\/wp-content\/uploads\/2022\/12\/efm-enseignement-francais-maroc-logotaglinex2.png","contentUrl":"https:\/\/www.efmaroc.org\/efm\/wp-content\/uploads\/2022\/12\/efm-enseignement-francais-maroc-logotaglinex2.png","width":104,"height":78,"caption":"EFM"},"image":{"@id":"https:\/\/www.efmaroc.org\/efm\/#\/schema\/logo\/image\/"}},{"@type":"Person","@id":"https:\/\/www.efmaroc.org\/efm\/#\/schema\/person\/25a9b635a4b2276393dd87dbd94c6302","name":"EFM","image":{"@type":"ImageObject","inLanguage":"fr-FR","@id":"https:\/\/www.efmaroc.org\/efm\/#\/schema\/person\/image\/","url":"https:\/\/secure.gravatar.com\/avatar\/0acf5f0ecc3b24f6fa3602920a0bc305ada83aa2d4adbe73d7718ee0e4155d61?s=96&d=mm&r=g","contentUrl":"https:\/\/secure.gravatar.com\/avatar\/0acf5f0ecc3b24f6fa3602920a0bc305ada83aa2d4adbe73d7718ee0e4155d61?s=96&d=mm&r=g","caption":"EFM"},"sameAs":["https:\/\/www.efmaroc.org\/efm"]}]}},"jetpack_featured_media_url":"https:\/\/www.efmaroc.org\/efm\/wp-content\/uploads\/2024\/11\/POST-INSTAGRAM_Plan-de-travail-1-scaled.jpg","jetpack_sharing_enabled":true,"_links":{"self":[{"href":"https:\/\/www.efmaroc.org\/efm\/wp-json\/wp\/v2\/posts\/23406","targetHints":{"allow":["GET"]}}],"collection":[{"href":"https:\/\/www.efmaroc.org\/efm\/wp-json\/wp\/v2\/posts"}],"about":[{"href":"https:\/\/www.efmaroc.org\/efm\/wp-json\/wp\/v2\/types\/post"}],"author":[{"embeddable":true,"href":"https:\/\/www.efmaroc.org\/efm\/wp-json\/wp\/v2\/users\/1"}],"replies":[{"embeddable":true,"href":"https:\/\/www.efmaroc.org\/efm\/wp-json\/wp\/v2\/comments?post=23406"}],"version-history":[{"count":1,"href":"https:\/\/www.efmaroc.org\/efm\/wp-json\/wp\/v2\/posts\/23406\/revisions"}],"predecessor-version":[{"id":23408,"href":"https:\/\/www.efmaroc.org\/efm\/wp-json\/wp\/v2\/posts\/23406\/revisions\/23408"}],"wp:featuredmedia":[{"embeddable":true,"href":"https:\/\/www.efmaroc.org\/efm\/wp-json\/wp\/v2\/media\/23407"}],"wp:attachment":[{"href":"https:\/\/www.efmaroc.org\/efm\/wp-json\/wp\/v2\/media?parent=23406"}],"wp:term":[{"taxonomy":"category","embeddable":true,"href":"https:\/\/www.efmaroc.org\/efm\/wp-json\/wp\/v2\/categories?post=23406"},{"taxonomy":"post_tag","embeddable":true,"href":"https:\/\/www.efmaroc.org\/efm\/wp-json\/wp\/v2\/tags?post=23406"}],"curies":[{"name":"wp","href":"https:\/\/api.w.org\/{rel}","templated":true}]}}