{"id":23513,"date":"2024-12-13T16:28:20","date_gmt":"2024-12-13T15:28:20","guid":{"rendered":"https:\/\/www.efmaroc.org\/efm\/?p=23513"},"modified":"2025-02-10T13:55:04","modified_gmt":"2025-02-10T12:55:04","slug":"lancement-du-projet-tarbouches","status":"publish","type":"post","link":"https:\/\/www.efmaroc.org\/efm\/lancement-du-projet-tarbouches\/","title":{"rendered":"Lancement du projet Tarbouches"},"content":{"rendered":"\n<figure class=\"wp-block-image size-full\"><img fetchpriority=\"high\" decoding=\"async\" width=\"800\" height=\"800\" src=\"https:\/\/www.efmaroc.org\/efm\/wp-content\/uploads\/2024\/12\/RS-TARBOUCHES.gif\" alt=\"\" class=\"wp-image-23514\"\/><\/figure>\n\n\n\n<p><\/p>\n\n\n\n<p>Le Projet Tarbouches est un festival de courts-m\u00e9trages litt\u00e9raires de l\u2019Enseignement Fran\u00e7ais au Maroc. Cette 3\u1d49 \u00e9dition invite les \u00e9l\u00e8ves des classes de CM1 \u00e0 produire un <em>booktrailer <\/em>(film publicitaire litt\u00e9raire ayant pour objectif d\u2019inciter \u00e0 la lecture d\u2019un livre en particulier sans en d\u00e9voiler l\u2019histoire) de 1\u201930 maximum.<\/p>\n\n\n\n<p>L\u2019objectif est de d\u00e9velopper l\u2019esprit critique des \u00e9l\u00e8ves gr\u00e2ce \u00e0 la lecture d\u2019images et la cr\u00e9ation de films publicitaires en cultivant le go\u00fbt de lire.<\/p>\n\n\n\n<p>Cette ann\u00e9e, 9 \u00e9tablissements participent au Projet Tarbouches\u00a0: l\u2019\u00e9cole Al Jabr (Casablanca), le GS La R\u00e9sidence (Casablanca), l\u2019\u00e9cole et le LFI Odette Dupuigaudeau (Dakhla), le GS Jean de la Fontaine (F\u00e8s), le GS Claude Monet (Mohamm\u00e9dia), le LFI Sandrin\u00e9O (Oujda), l\u2019\u00e9cole Paul C\u00e9zanne (Rabat), l\u2019\u00e9cole Andr\u00e9 Ch\u00e9nier (Rabat) et le LF Sophie Germain (Rabat) ce qui repr\u00e9sente 19 classes de cours moyen \u00e9l\u00e9mentaire.<\/p>\n\n\n\n<p>Lors de la finale qui aura lieu le 22 avril 2025, un jury r\u00e9compensera les vid\u00e9os, essentiellement en fonction de leurs qualit\u00e9s argumentaires et cin\u00e9matographiques. Le prix le plus prestigieux sera le Tarbouche d\u2019or.<\/p>\n\n\n\n<p>\u00c0 vos cam\u00e9ras\u00a0!<\/p>\n\n\n\n<p><\/p>\n","protected":false},"excerpt":{"rendered":"<p>Le Projet Tarbouches est un festival de courts-m\u00e9trages litt\u00e9raires de l\u2019Enseignement Fran\u00e7ais au Maroc. Cette&hellip;<\/p>\n","protected":false},"author":1,"featured_media":23514,"comment_status":"closed","ping_status":"open","sticky":false,"template":"","format":"standard","meta":{"_jetpack_newsletter_access":"","_jetpack_dont_email_post_to_subs":false,"_jetpack_newsletter_tier_id":0,"_jetpack_memberships_contains_paywalled_content":false,"_jetpack_memberships_contains_paid_content":false,"footnotes":""},"categories":[13],"tags":[],"class_list":["post-23513","post","type-post","status-publish","format-standard","has-post-thumbnail","hentry","category-reseau"],"yoast_head":"<!-- This site is optimized with the Yoast SEO plugin v26.8 - https:\/\/yoast.com\/product\/yoast-seo-wordpress\/ -->\n<title>Lancement du projet Tarbouches | Enseignement Fran\u00e7ais au Maroc<\/title>\n<meta name=\"description\" content=\"Le Projet Tarbouches est un festival de courts-m\u00e9trages litt\u00e9raires de l\u2019Enseignement Fran\u00e7ais au Maroc. Cette 3\u1d49 \u00e9dition invite les \u00e9l\u00e8ves des classes de\" \/>\n<meta name=\"robots\" content=\"index, follow, max-snippet:-1, max-image-preview:large, max-video-preview:-1\" \/>\n<link rel=\"canonical\" href=\"https:\/\/www.efmaroc.org\/efm\/lancement-du-projet-tarbouches\/\" \/>\n<meta property=\"og:locale\" content=\"fr_FR\" \/>\n<meta property=\"og:type\" content=\"article\" \/>\n<meta property=\"og:title\" content=\"Lancement du projet Tarbouches | Enseignement Fran\u00e7ais au Maroc\" \/>\n<meta property=\"og:description\" content=\"Le Projet Tarbouches est un festival de courts-m\u00e9trages litt\u00e9raires de l\u2019Enseignement Fran\u00e7ais au Maroc. Cette 3\u1d49 \u00e9dition invite les \u00e9l\u00e8ves des classes de\" \/>\n<meta property=\"og:url\" content=\"https:\/\/www.efmaroc.org\/efm\/lancement-du-projet-tarbouches\/\" \/>\n<meta property=\"og:site_name\" content=\"EFM\" \/>\n<meta property=\"article:published_time\" content=\"2024-12-13T15:28:20+00:00\" \/>\n<meta property=\"article:modified_time\" content=\"2025-02-10T12:55:04+00:00\" \/>\n<meta property=\"og:image\" content=\"https:\/\/www.efmaroc.org\/efm\/wp-content\/uploads\/2024\/12\/RS-TARBOUCHES.gif\" \/>\n\t<meta property=\"og:image:width\" content=\"800\" \/>\n\t<meta property=\"og:image:height\" content=\"800\" \/>\n\t<meta property=\"og:image:type\" content=\"image\/gif\" \/>\n<meta name=\"author\" content=\"EFM\" \/>\n<meta name=\"twitter:card\" content=\"summary_large_image\" \/>\n<meta name=\"twitter:label1\" content=\"\u00c9crit par\" \/>\n\t<meta name=\"twitter:data1\" content=\"EFM\" \/>\n\t<meta name=\"twitter:label2\" content=\"Dur\u00e9e de lecture estim\u00e9e\" \/>\n\t<meta name=\"twitter:data2\" content=\"1 minute\" \/>\n<script type=\"application\/ld+json\" class=\"yoast-schema-graph\">{\"@context\":\"https:\/\/schema.org\",\"@graph\":[{\"@type\":\"Article\",\"@id\":\"https:\/\/www.efmaroc.org\/efm\/lancement-du-projet-tarbouches\/#article\",\"isPartOf\":{\"@id\":\"https:\/\/www.efmaroc.org\/efm\/lancement-du-projet-tarbouches\/\"},\"author\":{\"name\":\"EFM\",\"@id\":\"https:\/\/www.efmaroc.org\/efm\/#\/schema\/person\/25a9b635a4b2276393dd87dbd94c6302\"},\"headline\":\"Lancement du projet Tarbouches\",\"datePublished\":\"2024-12-13T15:28:20+00:00\",\"dateModified\":\"2025-02-10T12:55:04+00:00\",\"mainEntityOfPage\":{\"@id\":\"https:\/\/www.efmaroc.org\/efm\/lancement-du-projet-tarbouches\/\"},\"wordCount\":205,\"publisher\":{\"@id\":\"https:\/\/www.efmaroc.org\/efm\/#organization\"},\"image\":{\"@id\":\"https:\/\/www.efmaroc.org\/efm\/lancement-du-projet-tarbouches\/#primaryimage\"},\"thumbnailUrl\":\"https:\/\/www.efmaroc.org\/efm\/wp-content\/uploads\/2024\/12\/RS-TARBOUCHES.gif\",\"articleSection\":[\"R\u00e9seau\"],\"inLanguage\":\"fr-FR\"},{\"@type\":\"WebPage\",\"@id\":\"https:\/\/www.efmaroc.org\/efm\/lancement-du-projet-tarbouches\/\",\"url\":\"https:\/\/www.efmaroc.org\/efm\/lancement-du-projet-tarbouches\/\",\"name\":\"Lancement du projet Tarbouches | Enseignement Fran\u00e7ais au Maroc\",\"isPartOf\":{\"@id\":\"https:\/\/www.efmaroc.org\/efm\/#website\"},\"primaryImageOfPage\":{\"@id\":\"https:\/\/www.efmaroc.org\/efm\/lancement-du-projet-tarbouches\/#primaryimage\"},\"image\":{\"@id\":\"https:\/\/www.efmaroc.org\/efm\/lancement-du-projet-tarbouches\/#primaryimage\"},\"thumbnailUrl\":\"https:\/\/www.efmaroc.org\/efm\/wp-content\/uploads\/2024\/12\/RS-TARBOUCHES.gif\",\"datePublished\":\"2024-12-13T15:28:20+00:00\",\"dateModified\":\"2025-02-10T12:55:04+00:00\",\"description\":\"Le Projet Tarbouches est un festival de courts-m\u00e9trages litt\u00e9raires de l\u2019Enseignement Fran\u00e7ais au Maroc. Cette 3\u1d49 \u00e9dition invite les \u00e9l\u00e8ves des classes de\",\"breadcrumb\":{\"@id\":\"https:\/\/www.efmaroc.org\/efm\/lancement-du-projet-tarbouches\/#breadcrumb\"},\"inLanguage\":\"fr-FR\",\"potentialAction\":[{\"@type\":\"ReadAction\",\"target\":[\"https:\/\/www.efmaroc.org\/efm\/lancement-du-projet-tarbouches\/\"]}]},{\"@type\":\"ImageObject\",\"inLanguage\":\"fr-FR\",\"@id\":\"https:\/\/www.efmaroc.org\/efm\/lancement-du-projet-tarbouches\/#primaryimage\",\"url\":\"https:\/\/www.efmaroc.org\/efm\/wp-content\/uploads\/2024\/12\/RS-TARBOUCHES.gif\",\"contentUrl\":\"https:\/\/www.efmaroc.org\/efm\/wp-content\/uploads\/2024\/12\/RS-TARBOUCHES.gif\",\"width\":800,\"height\":800},{\"@type\":\"BreadcrumbList\",\"@id\":\"https:\/\/www.efmaroc.org\/efm\/lancement-du-projet-tarbouches\/#breadcrumb\",\"itemListElement\":[{\"@type\":\"ListItem\",\"position\":1,\"name\":\"Accueil\",\"item\":\"https:\/\/www.efmaroc.org\/efm\/\"},{\"@type\":\"ListItem\",\"position\":2,\"name\":\"Lancement du projet Tarbouches\"}]},{\"@type\":\"WebSite\",\"@id\":\"https:\/\/www.efmaroc.org\/efm\/#website\",\"url\":\"https:\/\/www.efmaroc.org\/efm\/\",\"name\":\"EFM\",\"description\":\"Enseignement Fran\u00e7ais au Maroc\",\"publisher\":{\"@id\":\"https:\/\/www.efmaroc.org\/efm\/#organization\"},\"potentialAction\":[{\"@type\":\"SearchAction\",\"target\":{\"@type\":\"EntryPoint\",\"urlTemplate\":\"https:\/\/www.efmaroc.org\/efm\/?s={search_term_string}\"},\"query-input\":{\"@type\":\"PropertyValueSpecification\",\"valueRequired\":true,\"valueName\":\"search_term_string\"}}],\"inLanguage\":\"fr-FR\"},{\"@type\":\"Organization\",\"@id\":\"https:\/\/www.efmaroc.org\/efm\/#organization\",\"name\":\"EFM\",\"url\":\"https:\/\/www.efmaroc.org\/efm\/\",\"logo\":{\"@type\":\"ImageObject\",\"inLanguage\":\"fr-FR\",\"@id\":\"https:\/\/www.efmaroc.org\/efm\/#\/schema\/logo\/image\/\",\"url\":\"https:\/\/www.efmaroc.org\/efm\/wp-content\/uploads\/2022\/12\/efm-enseignement-francais-maroc-logotaglinex2.png\",\"contentUrl\":\"https:\/\/www.efmaroc.org\/efm\/wp-content\/uploads\/2022\/12\/efm-enseignement-francais-maroc-logotaglinex2.png\",\"width\":104,\"height\":78,\"caption\":\"EFM\"},\"image\":{\"@id\":\"https:\/\/www.efmaroc.org\/efm\/#\/schema\/logo\/image\/\"}},{\"@type\":\"Person\",\"@id\":\"https:\/\/www.efmaroc.org\/efm\/#\/schema\/person\/25a9b635a4b2276393dd87dbd94c6302\",\"name\":\"EFM\",\"image\":{\"@type\":\"ImageObject\",\"inLanguage\":\"fr-FR\",\"@id\":\"https:\/\/www.efmaroc.org\/efm\/#\/schema\/person\/image\/\",\"url\":\"https:\/\/secure.gravatar.com\/avatar\/0acf5f0ecc3b24f6fa3602920a0bc305ada83aa2d4adbe73d7718ee0e4155d61?s=96&d=mm&r=g\",\"contentUrl\":\"https:\/\/secure.gravatar.com\/avatar\/0acf5f0ecc3b24f6fa3602920a0bc305ada83aa2d4adbe73d7718ee0e4155d61?s=96&d=mm&r=g\",\"caption\":\"EFM\"},\"sameAs\":[\"https:\/\/www.efmaroc.org\/efm\"]}]}<\/script>\n<!-- \/ Yoast SEO plugin. -->","yoast_head_json":{"title":"Lancement du projet Tarbouches | Enseignement Fran\u00e7ais au Maroc","description":"Le Projet Tarbouches est un festival de courts-m\u00e9trages litt\u00e9raires de l\u2019Enseignement Fran\u00e7ais au Maroc. Cette 3\u1d49 \u00e9dition invite les \u00e9l\u00e8ves des classes de","robots":{"index":"index","follow":"follow","max-snippet":"max-snippet:-1","max-image-preview":"max-image-preview:large","max-video-preview":"max-video-preview:-1"},"canonical":"https:\/\/www.efmaroc.org\/efm\/lancement-du-projet-tarbouches\/","og_locale":"fr_FR","og_type":"article","og_title":"Lancement du projet Tarbouches | Enseignement Fran\u00e7ais au Maroc","og_description":"Le Projet Tarbouches est un festival de courts-m\u00e9trages litt\u00e9raires de l\u2019Enseignement Fran\u00e7ais au Maroc. Cette 3\u1d49 \u00e9dition invite les \u00e9l\u00e8ves des classes de","og_url":"https:\/\/www.efmaroc.org\/efm\/lancement-du-projet-tarbouches\/","og_site_name":"EFM","article_published_time":"2024-12-13T15:28:20+00:00","article_modified_time":"2025-02-10T12:55:04+00:00","og_image":[{"width":800,"height":800,"url":"https:\/\/www.efmaroc.org\/efm\/wp-content\/uploads\/2024\/12\/RS-TARBOUCHES.gif","type":"image\/gif"}],"author":"EFM","twitter_card":"summary_large_image","twitter_misc":{"\u00c9crit par":"EFM","Dur\u00e9e de lecture estim\u00e9e":"1 minute"},"schema":{"@context":"https:\/\/schema.org","@graph":[{"@type":"Article","@id":"https:\/\/www.efmaroc.org\/efm\/lancement-du-projet-tarbouches\/#article","isPartOf":{"@id":"https:\/\/www.efmaroc.org\/efm\/lancement-du-projet-tarbouches\/"},"author":{"name":"EFM","@id":"https:\/\/www.efmaroc.org\/efm\/#\/schema\/person\/25a9b635a4b2276393dd87dbd94c6302"},"headline":"Lancement du projet Tarbouches","datePublished":"2024-12-13T15:28:20+00:00","dateModified":"2025-02-10T12:55:04+00:00","mainEntityOfPage":{"@id":"https:\/\/www.efmaroc.org\/efm\/lancement-du-projet-tarbouches\/"},"wordCount":205,"publisher":{"@id":"https:\/\/www.efmaroc.org\/efm\/#organization"},"image":{"@id":"https:\/\/www.efmaroc.org\/efm\/lancement-du-projet-tarbouches\/#primaryimage"},"thumbnailUrl":"https:\/\/www.efmaroc.org\/efm\/wp-content\/uploads\/2024\/12\/RS-TARBOUCHES.gif","articleSection":["R\u00e9seau"],"inLanguage":"fr-FR"},{"@type":"WebPage","@id":"https:\/\/www.efmaroc.org\/efm\/lancement-du-projet-tarbouches\/","url":"https:\/\/www.efmaroc.org\/efm\/lancement-du-projet-tarbouches\/","name":"Lancement du projet Tarbouches | Enseignement Fran\u00e7ais au Maroc","isPartOf":{"@id":"https:\/\/www.efmaroc.org\/efm\/#website"},"primaryImageOfPage":{"@id":"https:\/\/www.efmaroc.org\/efm\/lancement-du-projet-tarbouches\/#primaryimage"},"image":{"@id":"https:\/\/www.efmaroc.org\/efm\/lancement-du-projet-tarbouches\/#primaryimage"},"thumbnailUrl":"https:\/\/www.efmaroc.org\/efm\/wp-content\/uploads\/2024\/12\/RS-TARBOUCHES.gif","datePublished":"2024-12-13T15:28:20+00:00","dateModified":"2025-02-10T12:55:04+00:00","description":"Le Projet Tarbouches est un festival de courts-m\u00e9trages litt\u00e9raires de l\u2019Enseignement Fran\u00e7ais au Maroc. Cette 3\u1d49 \u00e9dition invite les \u00e9l\u00e8ves des classes de","breadcrumb":{"@id":"https:\/\/www.efmaroc.org\/efm\/lancement-du-projet-tarbouches\/#breadcrumb"},"inLanguage":"fr-FR","potentialAction":[{"@type":"ReadAction","target":["https:\/\/www.efmaroc.org\/efm\/lancement-du-projet-tarbouches\/"]}]},{"@type":"ImageObject","inLanguage":"fr-FR","@id":"https:\/\/www.efmaroc.org\/efm\/lancement-du-projet-tarbouches\/#primaryimage","url":"https:\/\/www.efmaroc.org\/efm\/wp-content\/uploads\/2024\/12\/RS-TARBOUCHES.gif","contentUrl":"https:\/\/www.efmaroc.org\/efm\/wp-content\/uploads\/2024\/12\/RS-TARBOUCHES.gif","width":800,"height":800},{"@type":"BreadcrumbList","@id":"https:\/\/www.efmaroc.org\/efm\/lancement-du-projet-tarbouches\/#breadcrumb","itemListElement":[{"@type":"ListItem","position":1,"name":"Accueil","item":"https:\/\/www.efmaroc.org\/efm\/"},{"@type":"ListItem","position":2,"name":"Lancement du projet Tarbouches"}]},{"@type":"WebSite","@id":"https:\/\/www.efmaroc.org\/efm\/#website","url":"https:\/\/www.efmaroc.org\/efm\/","name":"EFM","description":"Enseignement Fran\u00e7ais au Maroc","publisher":{"@id":"https:\/\/www.efmaroc.org\/efm\/#organization"},"potentialAction":[{"@type":"SearchAction","target":{"@type":"EntryPoint","urlTemplate":"https:\/\/www.efmaroc.org\/efm\/?s={search_term_string}"},"query-input":{"@type":"PropertyValueSpecification","valueRequired":true,"valueName":"search_term_string"}}],"inLanguage":"fr-FR"},{"@type":"Organization","@id":"https:\/\/www.efmaroc.org\/efm\/#organization","name":"EFM","url":"https:\/\/www.efmaroc.org\/efm\/","logo":{"@type":"ImageObject","inLanguage":"fr-FR","@id":"https:\/\/www.efmaroc.org\/efm\/#\/schema\/logo\/image\/","url":"https:\/\/www.efmaroc.org\/efm\/wp-content\/uploads\/2022\/12\/efm-enseignement-francais-maroc-logotaglinex2.png","contentUrl":"https:\/\/www.efmaroc.org\/efm\/wp-content\/uploads\/2022\/12\/efm-enseignement-francais-maroc-logotaglinex2.png","width":104,"height":78,"caption":"EFM"},"image":{"@id":"https:\/\/www.efmaroc.org\/efm\/#\/schema\/logo\/image\/"}},{"@type":"Person","@id":"https:\/\/www.efmaroc.org\/efm\/#\/schema\/person\/25a9b635a4b2276393dd87dbd94c6302","name":"EFM","image":{"@type":"ImageObject","inLanguage":"fr-FR","@id":"https:\/\/www.efmaroc.org\/efm\/#\/schema\/person\/image\/","url":"https:\/\/secure.gravatar.com\/avatar\/0acf5f0ecc3b24f6fa3602920a0bc305ada83aa2d4adbe73d7718ee0e4155d61?s=96&d=mm&r=g","contentUrl":"https:\/\/secure.gravatar.com\/avatar\/0acf5f0ecc3b24f6fa3602920a0bc305ada83aa2d4adbe73d7718ee0e4155d61?s=96&d=mm&r=g","caption":"EFM"},"sameAs":["https:\/\/www.efmaroc.org\/efm"]}]}},"jetpack_featured_media_url":"https:\/\/www.efmaroc.org\/efm\/wp-content\/uploads\/2024\/12\/RS-TARBOUCHES.gif","jetpack_sharing_enabled":true,"_links":{"self":[{"href":"https:\/\/www.efmaroc.org\/efm\/wp-json\/wp\/v2\/posts\/23513","targetHints":{"allow":["GET"]}}],"collection":[{"href":"https:\/\/www.efmaroc.org\/efm\/wp-json\/wp\/v2\/posts"}],"about":[{"href":"https:\/\/www.efmaroc.org\/efm\/wp-json\/wp\/v2\/types\/post"}],"author":[{"embeddable":true,"href":"https:\/\/www.efmaroc.org\/efm\/wp-json\/wp\/v2\/users\/1"}],"replies":[{"embeddable":true,"href":"https:\/\/www.efmaroc.org\/efm\/wp-json\/wp\/v2\/comments?post=23513"}],"version-history":[{"count":1,"href":"https:\/\/www.efmaroc.org\/efm\/wp-json\/wp\/v2\/posts\/23513\/revisions"}],"predecessor-version":[{"id":23515,"href":"https:\/\/www.efmaroc.org\/efm\/wp-json\/wp\/v2\/posts\/23513\/revisions\/23515"}],"wp:featuredmedia":[{"embeddable":true,"href":"https:\/\/www.efmaroc.org\/efm\/wp-json\/wp\/v2\/media\/23514"}],"wp:attachment":[{"href":"https:\/\/www.efmaroc.org\/efm\/wp-json\/wp\/v2\/media?parent=23513"}],"wp:term":[{"taxonomy":"category","embeddable":true,"href":"https:\/\/www.efmaroc.org\/efm\/wp-json\/wp\/v2\/categories?post=23513"},{"taxonomy":"post_tag","embeddable":true,"href":"https:\/\/www.efmaroc.org\/efm\/wp-json\/wp\/v2\/tags?post=23513"}],"curies":[{"name":"wp","href":"https:\/\/api.w.org\/{rel}","templated":true}]}}