{"id":23542,"date":"2024-12-16T16:02:19","date_gmt":"2024-12-16T15:02:19","guid":{"rendered":"https:\/\/www.efmaroc.org\/efm\/?p=23542"},"modified":"2025-04-30T12:31:53","modified_gmt":"2025-04-30T10:31:53","slug":"journee-mondiale-de-la-langue-arabe","status":"publish","type":"post","link":"https:\/\/www.efmaroc.org\/efm\/journee-mondiale-de-la-langue-arabe\/","title":{"rendered":"Journ\u00e9e mondiale de la Langue Arabe"},"content":{"rendered":"\t\t<div data-elementor-type=\"wp-post\" data-elementor-id=\"23542\" class=\"elementor elementor-23542\">\n\t\t\t\t\t\t<section class=\"elementor-section elementor-top-section elementor-element elementor-element-22dc0ba7 elementor-section-boxed elementor-section-height-default elementor-section-height-default sc_fly_static\" data-id=\"22dc0ba7\" data-element_type=\"section\" data-e-type=\"section\">\n\t\t\t\t\t\t<div class=\"elementor-container elementor-column-gap-extended\">\n\t\t\t\t\t<div class=\"elementor-column elementor-col-100 elementor-top-column elementor-element elementor-element-229d9e4 sc_content_align_inherit sc_layouts_column_icons_position_left sc_fly_static\" data-id=\"229d9e4\" data-element_type=\"column\" data-e-type=\"column\">\n\t\t\t<div class=\"elementor-widget-wrap elementor-element-populated\">\n\t\t\t\t\t\t<div class=\"elementor-element elementor-element-74fcdfd sc_fly_static elementor-widget elementor-widget-text-editor\" data-id=\"74fcdfd\" data-element_type=\"widget\" data-e-type=\"widget\" data-widget_type=\"text-editor.default\">\n\t\t\t\t<div class=\"elementor-widget-container\">\n\t\t\t\t\t\t\t\t\t<figure class=\"wp-block-image size-large\"><img fetchpriority=\"high\" decoding=\"async\" width=\"724\" height=\"1024\" class=\"wp-image-23543\" src=\"https:\/\/www.efmaroc.org\/efm\/wp-content\/uploads\/2024\/12\/JMLA-2024-la-IA-1-724x1024.jpg\" alt=\"\" srcset=\"https:\/\/www.efmaroc.org\/efm\/wp-content\/uploads\/2024\/12\/JMLA-2024-la-IA-1-724x1024.jpg 724w, https:\/\/www.efmaroc.org\/efm\/wp-content\/uploads\/2024\/12\/JMLA-2024-la-IA-1-212x300.jpg 212w, https:\/\/www.efmaroc.org\/efm\/wp-content\/uploads\/2024\/12\/JMLA-2024-la-IA-1-768x1086.jpg 768w, https:\/\/www.efmaroc.org\/efm\/wp-content\/uploads\/2024\/12\/JMLA-2024-la-IA-1-1086x1536.jpg 1086w, https:\/\/www.efmaroc.org\/efm\/wp-content\/uploads\/2024\/12\/JMLA-2024-la-IA-1-1448x2048.jpg 1448w, https:\/\/www.efmaroc.org\/efm\/wp-content\/uploads\/2024\/12\/JMLA-2024-la-IA-1-370x523.jpg 370w, https:\/\/www.efmaroc.org\/efm\/wp-content\/uploads\/2024\/12\/JMLA-2024-la-IA-1-840x1188.jpg 840w, https:\/\/www.efmaroc.org\/efm\/wp-content\/uploads\/2024\/12\/JMLA-2024-la-IA-1-410x580.jpg 410w, https:\/\/www.efmaroc.org\/efm\/wp-content\/uploads\/2024\/12\/JMLA-2024-la-IA-1.jpg 1587w\" sizes=\"(max-width: 724px) 100vw, 724px\" \/><\/figure>\n<p><!-- \/wp:image --><\/p>\n<p><!-- wp:paragraph --><\/p>\n<p><strong>\u00ab Langue arabe et IA : faire progresser l&rsquo;innovation tout en pr\u00e9servant le patrimoine culturel \u00bb\u00a0<\/strong>est le th\u00e8me choisi par l&rsquo;UNESCO pour la Journ\u00e9e Mondiale de la Langue Arabe de cette ann\u00e9e 2024. Une occasion de valoriser la langue arabe\u00a0\u00e0 travers l&rsquo;innovation tout en pr\u00e9servant l\u2019identit\u00e9 culturelle.<\/p>\n<p><!-- \/wp:paragraph --><\/p>\n<p><!-- wp:paragraph --><\/p>\n<p>L\u2019AEFE, le CEA, l\u2019Enseignement Fran\u00e7ais au Maroc et l\u2019\u00e9quipe des EF2D d\u2019arabe, accompagnent les enseignants pour c\u00e9l\u00e9brer la Journ\u00e9e mondiale de la langue arabe le\u00a0<strong>18 d\u00e9cembre<\/strong>.<\/p>\n<p><!-- \/wp:paragraph --><\/p>\n<p><!-- wp:paragraph --><\/p>\n<p>Les \u00e9tablissements scolaires de la zone Maroc organisent, sur un ou plusieurs jours, divers ateliers en lien avec cette th\u00e9matique. Les \u00e9l\u00e8ves participent ainsi \u00e0 un programme vari\u00e9 au travers d\u2019expositions, de contes, de chorales, de th\u00e9\u00e2tre, de po\u00e9sies, de calligraphies et bien d\u2019autres activit\u00e9s m\u00ealant la langue arabe et l\u2019intelligence artificielle.<\/p>\n<p><!-- \/wp:paragraph --><\/p>\n<p><!-- wp:paragraph --><\/p>\n<p>Plus de trente cinq \u00e9tablissements r\u00e9partis dans les villes de Casablanca, F\u00e8s, K\u00e9nitra, Marrakech, Nador, Rabat et Tanger proposent un programme riche de d\u00e9couvertes, d\u2019interactions et de partages.<\/p>\n<p><!-- \/wp:paragraph --><\/p>\n<p><!-- wp:paragraph --><\/p>\n<p><!-- \/wp:paragraph --><\/p>\t\t\t\t\t\t\t\t<\/div>\n\t\t\t\t<\/div>\n\t\t\t\t\t<\/div>\n\t\t<\/div>\n\t\t\t\t\t<\/div>\n\t\t<\/section>\n\t\t\t\t<\/div>\n\t\t","protected":false},"excerpt":{"rendered":"<p>\u00ab Langue arabe et IA : faire progresser l&rsquo;innovation tout en pr\u00e9servant le patrimoine culturel&hellip;<\/p>\n","protected":false},"author":1,"featured_media":23543,"comment_status":"closed","ping_status":"open","sticky":false,"template":"","format":"standard","meta":{"_jetpack_newsletter_access":"","_jetpack_dont_email_post_to_subs":false,"_jetpack_newsletter_tier_id":0,"_jetpack_memberships_contains_paywalled_content":false,"_jetpack_memberships_contains_paid_content":false,"footnotes":""},"categories":[13],"tags":[],"class_list":["post-23542","post","type-post","status-publish","format-standard","has-post-thumbnail","hentry","category-reseau"],"yoast_head":"<!-- This site is optimized with the Yoast SEO plugin v26.8 - https:\/\/yoast.com\/product\/yoast-seo-wordpress\/ -->\n<title>Journ\u00e9e mondiale de la Langue Arabe | Enseignement Fran\u00e7ais au Maroc<\/title>\n<meta name=\"description\" content=\"\u00ab Langue arabe et IA : faire progresser l&#039;innovation tout en pr\u00e9servant le patrimoine culturel \u00bb\u00a0est le th\u00e8me choisi par l&#039;UNESCO pour la Journ\u00e9e Mondiale\" \/>\n<meta name=\"robots\" content=\"index, follow, max-snippet:-1, max-image-preview:large, max-video-preview:-1\" \/>\n<link rel=\"canonical\" href=\"https:\/\/www.efmaroc.org\/efm\/journee-mondiale-de-la-langue-arabe\/\" \/>\n<meta property=\"og:locale\" content=\"fr_FR\" \/>\n<meta property=\"og:type\" content=\"article\" \/>\n<meta property=\"og:title\" content=\"Journ\u00e9e mondiale de la Langue Arabe | Enseignement Fran\u00e7ais au Maroc\" \/>\n<meta property=\"og:description\" content=\"\u00ab Langue arabe et IA : faire progresser l&#039;innovation tout en pr\u00e9servant le patrimoine culturel \u00bb\u00a0est le th\u00e8me choisi par l&#039;UNESCO pour la Journ\u00e9e Mondiale\" \/>\n<meta property=\"og:url\" content=\"https:\/\/www.efmaroc.org\/efm\/journee-mondiale-de-la-langue-arabe\/\" \/>\n<meta property=\"og:site_name\" content=\"EFM\" \/>\n<meta property=\"article:published_time\" content=\"2024-12-16T15:02:19+00:00\" \/>\n<meta property=\"article:modified_time\" content=\"2025-04-30T10:31:53+00:00\" \/>\n<meta property=\"og:image\" content=\"https:\/\/www.efmaroc.org\/efm\/wp-content\/uploads\/2024\/12\/JMLA-2024-la-IA-1.jpg\" \/>\n\t<meta property=\"og:image:width\" content=\"1587\" \/>\n\t<meta property=\"og:image:height\" content=\"2245\" \/>\n\t<meta property=\"og:image:type\" content=\"image\/jpeg\" \/>\n<meta name=\"author\" content=\"EFM\" \/>\n<meta name=\"twitter:card\" content=\"summary_large_image\" \/>\n<meta name=\"twitter:label1\" content=\"\u00c9crit par\" \/>\n\t<meta name=\"twitter:data1\" content=\"EFM\" \/>\n\t<meta name=\"twitter:label2\" content=\"Dur\u00e9e de lecture estim\u00e9e\" \/>\n\t<meta name=\"twitter:data2\" content=\"1 minute\" \/>\n<script type=\"application\/ld+json\" class=\"yoast-schema-graph\">{\"@context\":\"https:\/\/schema.org\",\"@graph\":[{\"@type\":\"Article\",\"@id\":\"https:\/\/www.efmaroc.org\/efm\/journee-mondiale-de-la-langue-arabe\/#article\",\"isPartOf\":{\"@id\":\"https:\/\/www.efmaroc.org\/efm\/journee-mondiale-de-la-langue-arabe\/\"},\"author\":{\"name\":\"EFM\",\"@id\":\"https:\/\/www.efmaroc.org\/efm\/#\/schema\/person\/25a9b635a4b2276393dd87dbd94c6302\"},\"headline\":\"Journ\u00e9e mondiale de la Langue Arabe\",\"datePublished\":\"2024-12-16T15:02:19+00:00\",\"dateModified\":\"2025-04-30T10:31:53+00:00\",\"mainEntityOfPage\":{\"@id\":\"https:\/\/www.efmaroc.org\/efm\/journee-mondiale-de-la-langue-arabe\/\"},\"wordCount\":189,\"publisher\":{\"@id\":\"https:\/\/www.efmaroc.org\/efm\/#organization\"},\"image\":{\"@id\":\"https:\/\/www.efmaroc.org\/efm\/journee-mondiale-de-la-langue-arabe\/#primaryimage\"},\"thumbnailUrl\":\"https:\/\/www.efmaroc.org\/efm\/wp-content\/uploads\/2024\/12\/JMLA-2024-la-IA-1.jpg\",\"articleSection\":[\"R\u00e9seau\"],\"inLanguage\":\"fr-FR\"},{\"@type\":\"WebPage\",\"@id\":\"https:\/\/www.efmaroc.org\/efm\/journee-mondiale-de-la-langue-arabe\/\",\"url\":\"https:\/\/www.efmaroc.org\/efm\/journee-mondiale-de-la-langue-arabe\/\",\"name\":\"Journ\u00e9e mondiale de la Langue Arabe | Enseignement Fran\u00e7ais au Maroc\",\"isPartOf\":{\"@id\":\"https:\/\/www.efmaroc.org\/efm\/#website\"},\"primaryImageOfPage\":{\"@id\":\"https:\/\/www.efmaroc.org\/efm\/journee-mondiale-de-la-langue-arabe\/#primaryimage\"},\"image\":{\"@id\":\"https:\/\/www.efmaroc.org\/efm\/journee-mondiale-de-la-langue-arabe\/#primaryimage\"},\"thumbnailUrl\":\"https:\/\/www.efmaroc.org\/efm\/wp-content\/uploads\/2024\/12\/JMLA-2024-la-IA-1.jpg\",\"datePublished\":\"2024-12-16T15:02:19+00:00\",\"dateModified\":\"2025-04-30T10:31:53+00:00\",\"description\":\"\u00ab Langue arabe et IA : faire progresser l'innovation tout en pr\u00e9servant le patrimoine culturel \u00bb\u00a0est le th\u00e8me choisi par l'UNESCO pour la Journ\u00e9e Mondiale\",\"breadcrumb\":{\"@id\":\"https:\/\/www.efmaroc.org\/efm\/journee-mondiale-de-la-langue-arabe\/#breadcrumb\"},\"inLanguage\":\"fr-FR\",\"potentialAction\":[{\"@type\":\"ReadAction\",\"target\":[\"https:\/\/www.efmaroc.org\/efm\/journee-mondiale-de-la-langue-arabe\/\"]}]},{\"@type\":\"ImageObject\",\"inLanguage\":\"fr-FR\",\"@id\":\"https:\/\/www.efmaroc.org\/efm\/journee-mondiale-de-la-langue-arabe\/#primaryimage\",\"url\":\"https:\/\/www.efmaroc.org\/efm\/wp-content\/uploads\/2024\/12\/JMLA-2024-la-IA-1.jpg\",\"contentUrl\":\"https:\/\/www.efmaroc.org\/efm\/wp-content\/uploads\/2024\/12\/JMLA-2024-la-IA-1.jpg\",\"width\":1587,\"height\":2245},{\"@type\":\"BreadcrumbList\",\"@id\":\"https:\/\/www.efmaroc.org\/efm\/journee-mondiale-de-la-langue-arabe\/#breadcrumb\",\"itemListElement\":[{\"@type\":\"ListItem\",\"position\":1,\"name\":\"Accueil\",\"item\":\"https:\/\/www.efmaroc.org\/efm\/\"},{\"@type\":\"ListItem\",\"position\":2,\"name\":\"Journ\u00e9e mondiale de la Langue Arabe\"}]},{\"@type\":\"WebSite\",\"@id\":\"https:\/\/www.efmaroc.org\/efm\/#website\",\"url\":\"https:\/\/www.efmaroc.org\/efm\/\",\"name\":\"EFM\",\"description\":\"Enseignement Fran\u00e7ais au Maroc\",\"publisher\":{\"@id\":\"https:\/\/www.efmaroc.org\/efm\/#organization\"},\"potentialAction\":[{\"@type\":\"SearchAction\",\"target\":{\"@type\":\"EntryPoint\",\"urlTemplate\":\"https:\/\/www.efmaroc.org\/efm\/?s={search_term_string}\"},\"query-input\":{\"@type\":\"PropertyValueSpecification\",\"valueRequired\":true,\"valueName\":\"search_term_string\"}}],\"inLanguage\":\"fr-FR\"},{\"@type\":\"Organization\",\"@id\":\"https:\/\/www.efmaroc.org\/efm\/#organization\",\"name\":\"EFM\",\"url\":\"https:\/\/www.efmaroc.org\/efm\/\",\"logo\":{\"@type\":\"ImageObject\",\"inLanguage\":\"fr-FR\",\"@id\":\"https:\/\/www.efmaroc.org\/efm\/#\/schema\/logo\/image\/\",\"url\":\"https:\/\/www.efmaroc.org\/efm\/wp-content\/uploads\/2022\/12\/efm-enseignement-francais-maroc-logotaglinex2.png\",\"contentUrl\":\"https:\/\/www.efmaroc.org\/efm\/wp-content\/uploads\/2022\/12\/efm-enseignement-francais-maroc-logotaglinex2.png\",\"width\":104,\"height\":78,\"caption\":\"EFM\"},\"image\":{\"@id\":\"https:\/\/www.efmaroc.org\/efm\/#\/schema\/logo\/image\/\"}},{\"@type\":\"Person\",\"@id\":\"https:\/\/www.efmaroc.org\/efm\/#\/schema\/person\/25a9b635a4b2276393dd87dbd94c6302\",\"name\":\"EFM\",\"image\":{\"@type\":\"ImageObject\",\"inLanguage\":\"fr-FR\",\"@id\":\"https:\/\/www.efmaroc.org\/efm\/#\/schema\/person\/image\/\",\"url\":\"https:\/\/secure.gravatar.com\/avatar\/0acf5f0ecc3b24f6fa3602920a0bc305ada83aa2d4adbe73d7718ee0e4155d61?s=96&d=mm&r=g\",\"contentUrl\":\"https:\/\/secure.gravatar.com\/avatar\/0acf5f0ecc3b24f6fa3602920a0bc305ada83aa2d4adbe73d7718ee0e4155d61?s=96&d=mm&r=g\",\"caption\":\"EFM\"},\"sameAs\":[\"https:\/\/www.efmaroc.org\/efm\"]}]}<\/script>\n<!-- \/ Yoast SEO plugin. -->","yoast_head_json":{"title":"Journ\u00e9e mondiale de la Langue Arabe | Enseignement Fran\u00e7ais au Maroc","description":"\u00ab Langue arabe et IA : faire progresser l'innovation tout en pr\u00e9servant le patrimoine culturel \u00bb\u00a0est le th\u00e8me choisi par l'UNESCO pour la Journ\u00e9e Mondiale","robots":{"index":"index","follow":"follow","max-snippet":"max-snippet:-1","max-image-preview":"max-image-preview:large","max-video-preview":"max-video-preview:-1"},"canonical":"https:\/\/www.efmaroc.org\/efm\/journee-mondiale-de-la-langue-arabe\/","og_locale":"fr_FR","og_type":"article","og_title":"Journ\u00e9e mondiale de la Langue Arabe | Enseignement Fran\u00e7ais au Maroc","og_description":"\u00ab Langue arabe et IA : faire progresser l'innovation tout en pr\u00e9servant le patrimoine culturel \u00bb\u00a0est le th\u00e8me choisi par l'UNESCO pour la Journ\u00e9e Mondiale","og_url":"https:\/\/www.efmaroc.org\/efm\/journee-mondiale-de-la-langue-arabe\/","og_site_name":"EFM","article_published_time":"2024-12-16T15:02:19+00:00","article_modified_time":"2025-04-30T10:31:53+00:00","og_image":[{"width":1587,"height":2245,"url":"https:\/\/www.efmaroc.org\/efm\/wp-content\/uploads\/2024\/12\/JMLA-2024-la-IA-1.jpg","type":"image\/jpeg"}],"author":"EFM","twitter_card":"summary_large_image","twitter_misc":{"\u00c9crit par":"EFM","Dur\u00e9e de lecture estim\u00e9e":"1 minute"},"schema":{"@context":"https:\/\/schema.org","@graph":[{"@type":"Article","@id":"https:\/\/www.efmaroc.org\/efm\/journee-mondiale-de-la-langue-arabe\/#article","isPartOf":{"@id":"https:\/\/www.efmaroc.org\/efm\/journee-mondiale-de-la-langue-arabe\/"},"author":{"name":"EFM","@id":"https:\/\/www.efmaroc.org\/efm\/#\/schema\/person\/25a9b635a4b2276393dd87dbd94c6302"},"headline":"Journ\u00e9e mondiale de la Langue Arabe","datePublished":"2024-12-16T15:02:19+00:00","dateModified":"2025-04-30T10:31:53+00:00","mainEntityOfPage":{"@id":"https:\/\/www.efmaroc.org\/efm\/journee-mondiale-de-la-langue-arabe\/"},"wordCount":189,"publisher":{"@id":"https:\/\/www.efmaroc.org\/efm\/#organization"},"image":{"@id":"https:\/\/www.efmaroc.org\/efm\/journee-mondiale-de-la-langue-arabe\/#primaryimage"},"thumbnailUrl":"https:\/\/www.efmaroc.org\/efm\/wp-content\/uploads\/2024\/12\/JMLA-2024-la-IA-1.jpg","articleSection":["R\u00e9seau"],"inLanguage":"fr-FR"},{"@type":"WebPage","@id":"https:\/\/www.efmaroc.org\/efm\/journee-mondiale-de-la-langue-arabe\/","url":"https:\/\/www.efmaroc.org\/efm\/journee-mondiale-de-la-langue-arabe\/","name":"Journ\u00e9e mondiale de la Langue Arabe | Enseignement Fran\u00e7ais au Maroc","isPartOf":{"@id":"https:\/\/www.efmaroc.org\/efm\/#website"},"primaryImageOfPage":{"@id":"https:\/\/www.efmaroc.org\/efm\/journee-mondiale-de-la-langue-arabe\/#primaryimage"},"image":{"@id":"https:\/\/www.efmaroc.org\/efm\/journee-mondiale-de-la-langue-arabe\/#primaryimage"},"thumbnailUrl":"https:\/\/www.efmaroc.org\/efm\/wp-content\/uploads\/2024\/12\/JMLA-2024-la-IA-1.jpg","datePublished":"2024-12-16T15:02:19+00:00","dateModified":"2025-04-30T10:31:53+00:00","description":"\u00ab Langue arabe et IA : faire progresser l'innovation tout en pr\u00e9servant le patrimoine culturel \u00bb\u00a0est le th\u00e8me choisi par l'UNESCO pour la Journ\u00e9e Mondiale","breadcrumb":{"@id":"https:\/\/www.efmaroc.org\/efm\/journee-mondiale-de-la-langue-arabe\/#breadcrumb"},"inLanguage":"fr-FR","potentialAction":[{"@type":"ReadAction","target":["https:\/\/www.efmaroc.org\/efm\/journee-mondiale-de-la-langue-arabe\/"]}]},{"@type":"ImageObject","inLanguage":"fr-FR","@id":"https:\/\/www.efmaroc.org\/efm\/journee-mondiale-de-la-langue-arabe\/#primaryimage","url":"https:\/\/www.efmaroc.org\/efm\/wp-content\/uploads\/2024\/12\/JMLA-2024-la-IA-1.jpg","contentUrl":"https:\/\/www.efmaroc.org\/efm\/wp-content\/uploads\/2024\/12\/JMLA-2024-la-IA-1.jpg","width":1587,"height":2245},{"@type":"BreadcrumbList","@id":"https:\/\/www.efmaroc.org\/efm\/journee-mondiale-de-la-langue-arabe\/#breadcrumb","itemListElement":[{"@type":"ListItem","position":1,"name":"Accueil","item":"https:\/\/www.efmaroc.org\/efm\/"},{"@type":"ListItem","position":2,"name":"Journ\u00e9e mondiale de la Langue Arabe"}]},{"@type":"WebSite","@id":"https:\/\/www.efmaroc.org\/efm\/#website","url":"https:\/\/www.efmaroc.org\/efm\/","name":"EFM","description":"Enseignement Fran\u00e7ais au Maroc","publisher":{"@id":"https:\/\/www.efmaroc.org\/efm\/#organization"},"potentialAction":[{"@type":"SearchAction","target":{"@type":"EntryPoint","urlTemplate":"https:\/\/www.efmaroc.org\/efm\/?s={search_term_string}"},"query-input":{"@type":"PropertyValueSpecification","valueRequired":true,"valueName":"search_term_string"}}],"inLanguage":"fr-FR"},{"@type":"Organization","@id":"https:\/\/www.efmaroc.org\/efm\/#organization","name":"EFM","url":"https:\/\/www.efmaroc.org\/efm\/","logo":{"@type":"ImageObject","inLanguage":"fr-FR","@id":"https:\/\/www.efmaroc.org\/efm\/#\/schema\/logo\/image\/","url":"https:\/\/www.efmaroc.org\/efm\/wp-content\/uploads\/2022\/12\/efm-enseignement-francais-maroc-logotaglinex2.png","contentUrl":"https:\/\/www.efmaroc.org\/efm\/wp-content\/uploads\/2022\/12\/efm-enseignement-francais-maroc-logotaglinex2.png","width":104,"height":78,"caption":"EFM"},"image":{"@id":"https:\/\/www.efmaroc.org\/efm\/#\/schema\/logo\/image\/"}},{"@type":"Person","@id":"https:\/\/www.efmaroc.org\/efm\/#\/schema\/person\/25a9b635a4b2276393dd87dbd94c6302","name":"EFM","image":{"@type":"ImageObject","inLanguage":"fr-FR","@id":"https:\/\/www.efmaroc.org\/efm\/#\/schema\/person\/image\/","url":"https:\/\/secure.gravatar.com\/avatar\/0acf5f0ecc3b24f6fa3602920a0bc305ada83aa2d4adbe73d7718ee0e4155d61?s=96&d=mm&r=g","contentUrl":"https:\/\/secure.gravatar.com\/avatar\/0acf5f0ecc3b24f6fa3602920a0bc305ada83aa2d4adbe73d7718ee0e4155d61?s=96&d=mm&r=g","caption":"EFM"},"sameAs":["https:\/\/www.efmaroc.org\/efm"]}]}},"jetpack_featured_media_url":"https:\/\/www.efmaroc.org\/efm\/wp-content\/uploads\/2024\/12\/JMLA-2024-la-IA-1.jpg","jetpack_sharing_enabled":true,"_links":{"self":[{"href":"https:\/\/www.efmaroc.org\/efm\/wp-json\/wp\/v2\/posts\/23542","targetHints":{"allow":["GET"]}}],"collection":[{"href":"https:\/\/www.efmaroc.org\/efm\/wp-json\/wp\/v2\/posts"}],"about":[{"href":"https:\/\/www.efmaroc.org\/efm\/wp-json\/wp\/v2\/types\/post"}],"author":[{"embeddable":true,"href":"https:\/\/www.efmaroc.org\/efm\/wp-json\/wp\/v2\/users\/1"}],"replies":[{"embeddable":true,"href":"https:\/\/www.efmaroc.org\/efm\/wp-json\/wp\/v2\/comments?post=23542"}],"version-history":[{"count":11,"href":"https:\/\/www.efmaroc.org\/efm\/wp-json\/wp\/v2\/posts\/23542\/revisions"}],"predecessor-version":[{"id":24160,"href":"https:\/\/www.efmaroc.org\/efm\/wp-json\/wp\/v2\/posts\/23542\/revisions\/24160"}],"wp:featuredmedia":[{"embeddable":true,"href":"https:\/\/www.efmaroc.org\/efm\/wp-json\/wp\/v2\/media\/23543"}],"wp:attachment":[{"href":"https:\/\/www.efmaroc.org\/efm\/wp-json\/wp\/v2\/media?parent=23542"}],"wp:term":[{"taxonomy":"category","embeddable":true,"href":"https:\/\/www.efmaroc.org\/efm\/wp-json\/wp\/v2\/categories?post=23542"},{"taxonomy":"post_tag","embeddable":true,"href":"https:\/\/www.efmaroc.org\/efm\/wp-json\/wp\/v2\/tags?post=23542"}],"curies":[{"name":"wp","href":"https:\/\/api.w.org\/{rel}","templated":true}]}}