{"id":23775,"date":"2025-01-06T15:49:06","date_gmt":"2025-01-06T14:49:06","guid":{"rendered":"https:\/\/www.efmaroc.org\/efm\/?p=23775"},"modified":"2025-02-10T13:54:55","modified_gmt":"2025-02-10T12:54:55","slug":"les-actualites","status":"publish","type":"post","link":"https:\/\/www.efmaroc.org\/efm\/les-actualites\/","title":{"rendered":"Les actualit\u00e9s"},"content":{"rendered":"<p><\/p>\n<h3 class=\"wp-block-heading\">Br\u00e8ve<\/h3>\n<p><\/p>\n<p><img decoding=\"async\" src=\"https:\/\/cdnjs.cloudflare.com\/ajax\/libs\/twemoji\/14.0.2\/72x72\/1f5d3.png\" alt=\"\ud83d\uddd3\ufe0f\" \/>\u00a0Semaine des lyc\u00e9es fran\u00e7ais du monde (SLFM) 2024 !\u00a0<img decoding=\"async\" src=\"https:\/\/cdnjs.cloudflare.com\/ajax\/libs\/twemoji\/14.0.2\/72x72\/1f5a5.png\" alt=\"\ud83d\udda5\ufe0f\" \/>\u00a0Vous pouvez toujours inscrire vos projets p\u00e9dagogiques sur la cartograp&#8230;<\/p>\n<p><\/p>\n<p><a href=\"https:\/\/tinyurl.com\/3anjcwej\" target=\"_blank\" rel=\"noreferrer noopener\">Lire l&rsquo;article<\/a><\/p>\n<p><\/p>\n<h3 class=\"wp-block-heading\"><a href=\"https:\/\/contribution-orion.aefe.fr\/Intranet\/plaefe_591337\/claudia-scherer-effosse-vous-adresse-ses-meilleurs-voeux-pour-2025\">Claudia Scherer-Effosse vous adresse ses meilleurs voeux pour 2025 !<\/a><\/h3>\n<p><\/p>\n<p>\u00ab\u00a0Je vous adresse \u00e0 tous et toutes mes v\u0153ux les plus chaleureux pour la nouvelle ann\u00e9e. Que 2025 soit une ann\u00e9e remplie de joie, de rencontres et de projets fructueux au sein de ce merveilleux r\u00e9seau que vous contribuez \u00e0 faire vivre au quotidien\u00a0\u00bb.\u00a0<\/p>\n<p><a href=\"https:\/\/youtu.be\/CaK1QYFa--s\">https:\/\/youtu.be\/CaK1QYFa&#8211;s<\/a><\/p>\n<p><\/p>\n<p><\/p>","protected":false},"excerpt":{"rendered":"<p>Br\u00e8ve \u00a0Semaine des lyc\u00e9es fran\u00e7ais du monde (SLFM) 2024 !\u00a0\u00a0Vous pouvez toujours inscrire vos projets&hellip;<\/p>\n","protected":false},"author":1,"featured_media":23776,"comment_status":"closed","ping_status":"open","sticky":false,"template":"","format":"image","meta":{"_jetpack_newsletter_access":"","_jetpack_dont_email_post_to_subs":false,"_jetpack_newsletter_tier_id":0,"_jetpack_memberships_contains_paywalled_content":false,"_jetpack_memberships_contains_paid_content":false,"footnotes":""},"categories":[13],"tags":[],"class_list":["post-23775","post","type-post","status-publish","format-image","has-post-thumbnail","hentry","category-reseau","post_format-post-format-image"],"yoast_head":"<!-- This site is optimized with the Yoast SEO plugin v26.8 - https:\/\/yoast.com\/product\/yoast-seo-wordpress\/ -->\n<title>Les actualit\u00e9s | Enseignement Fran\u00e7ais au Maroc<\/title>\n<meta name=\"description\" content=\"Br\u00e8ve \u00a0Semaine des lyc\u00e9es fran\u00e7ais du monde (SLFM) 2024 !\u00a0\u00a0Vous pouvez toujours inscrire vos projets p\u00e9dagogiques sur la cartograp... Lire l&#039;article\" \/>\n<meta name=\"robots\" content=\"index, follow, max-snippet:-1, max-image-preview:large, max-video-preview:-1\" \/>\n<link rel=\"canonical\" href=\"https:\/\/www.efmaroc.org\/efm\/les-actualites\/\" \/>\n<meta property=\"og:locale\" content=\"fr_FR\" \/>\n<meta property=\"og:type\" content=\"article\" \/>\n<meta property=\"og:title\" content=\"Les actualit\u00e9s | Enseignement Fran\u00e7ais au Maroc\" \/>\n<meta property=\"og:description\" content=\"Br\u00e8ve \u00a0Semaine des lyc\u00e9es fran\u00e7ais du monde (SLFM) 2024 !\u00a0\u00a0Vous pouvez toujours inscrire vos projets p\u00e9dagogiques sur la cartograp... Lire l&#039;article\" \/>\n<meta property=\"og:url\" content=\"https:\/\/www.efmaroc.org\/efm\/les-actualites\/\" \/>\n<meta property=\"og:site_name\" content=\"EFM\" \/>\n<meta property=\"article:published_time\" content=\"2025-01-06T14:49:06+00:00\" \/>\n<meta property=\"article:modified_time\" content=\"2025-02-10T12:54:55+00:00\" \/>\n<meta property=\"og:image\" content=\"https:\/\/www.efmaroc.org\/efm\/wp-content\/uploads\/2025\/01\/banniere-site-meilleurs_voeux_2025.png\" \/>\n\t<meta property=\"og:image:width\" content=\"860\" \/>\n\t<meta property=\"og:image:height\" content=\"480\" \/>\n\t<meta property=\"og:image:type\" content=\"image\/png\" \/>\n<meta name=\"author\" content=\"EFM\" \/>\n<meta name=\"twitter:card\" content=\"summary_large_image\" \/>\n<meta name=\"twitter:label1\" content=\"\u00c9crit par\" \/>\n\t<meta name=\"twitter:data1\" content=\"EFM\" \/>\n<script type=\"application\/ld+json\" class=\"yoast-schema-graph\">{\"@context\":\"https:\/\/schema.org\",\"@graph\":[{\"@type\":\"Article\",\"@id\":\"https:\/\/www.efmaroc.org\/efm\/les-actualites\/#article\",\"isPartOf\":{\"@id\":\"https:\/\/www.efmaroc.org\/efm\/les-actualites\/\"},\"author\":{\"name\":\"EFM\",\"@id\":\"https:\/\/www.efmaroc.org\/efm\/#\/schema\/person\/25a9b635a4b2276393dd87dbd94c6302\"},\"headline\":\"Les actualit\u00e9s\",\"datePublished\":\"2025-01-06T14:49:06+00:00\",\"dateModified\":\"2025-02-10T12:54:55+00:00\",\"mainEntityOfPage\":{\"@id\":\"https:\/\/www.efmaroc.org\/efm\/les-actualites\/\"},\"wordCount\":86,\"publisher\":{\"@id\":\"https:\/\/www.efmaroc.org\/efm\/#organization\"},\"image\":{\"@id\":\"https:\/\/www.efmaroc.org\/efm\/les-actualites\/#primaryimage\"},\"thumbnailUrl\":\"https:\/\/www.efmaroc.org\/efm\/wp-content\/uploads\/2025\/01\/banniere-site-meilleurs_voeux_2025.png\",\"articleSection\":[\"R\u00e9seau\"],\"inLanguage\":\"fr-FR\"},{\"@type\":\"WebPage\",\"@id\":\"https:\/\/www.efmaroc.org\/efm\/les-actualites\/\",\"url\":\"https:\/\/www.efmaroc.org\/efm\/les-actualites\/\",\"name\":\"Les actualit\u00e9s | Enseignement Fran\u00e7ais au Maroc\",\"isPartOf\":{\"@id\":\"https:\/\/www.efmaroc.org\/efm\/#website\"},\"primaryImageOfPage\":{\"@id\":\"https:\/\/www.efmaroc.org\/efm\/les-actualites\/#primaryimage\"},\"image\":{\"@id\":\"https:\/\/www.efmaroc.org\/efm\/les-actualites\/#primaryimage\"},\"thumbnailUrl\":\"https:\/\/www.efmaroc.org\/efm\/wp-content\/uploads\/2025\/01\/banniere-site-meilleurs_voeux_2025.png\",\"datePublished\":\"2025-01-06T14:49:06+00:00\",\"dateModified\":\"2025-02-10T12:54:55+00:00\",\"description\":\"Br\u00e8ve \u00a0Semaine des lyc\u00e9es fran\u00e7ais du monde (SLFM) 2024 !\u00a0\u00a0Vous pouvez toujours inscrire vos projets p\u00e9dagogiques sur la cartograp... Lire l'article\",\"breadcrumb\":{\"@id\":\"https:\/\/www.efmaroc.org\/efm\/les-actualites\/#breadcrumb\"},\"inLanguage\":\"fr-FR\",\"potentialAction\":[{\"@type\":\"ReadAction\",\"target\":[\"https:\/\/www.efmaroc.org\/efm\/les-actualites\/\"]}]},{\"@type\":\"ImageObject\",\"inLanguage\":\"fr-FR\",\"@id\":\"https:\/\/www.efmaroc.org\/efm\/les-actualites\/#primaryimage\",\"url\":\"https:\/\/www.efmaroc.org\/efm\/wp-content\/uploads\/2025\/01\/banniere-site-meilleurs_voeux_2025.png\",\"contentUrl\":\"https:\/\/www.efmaroc.org\/efm\/wp-content\/uploads\/2025\/01\/banniere-site-meilleurs_voeux_2025.png\",\"width\":860,\"height\":480},{\"@type\":\"BreadcrumbList\",\"@id\":\"https:\/\/www.efmaroc.org\/efm\/les-actualites\/#breadcrumb\",\"itemListElement\":[{\"@type\":\"ListItem\",\"position\":1,\"name\":\"Accueil\",\"item\":\"https:\/\/www.efmaroc.org\/efm\/\"},{\"@type\":\"ListItem\",\"position\":2,\"name\":\"Les actualit\u00e9s\"}]},{\"@type\":\"WebSite\",\"@id\":\"https:\/\/www.efmaroc.org\/efm\/#website\",\"url\":\"https:\/\/www.efmaroc.org\/efm\/\",\"name\":\"EFM\",\"description\":\"Enseignement Fran\u00e7ais au Maroc\",\"publisher\":{\"@id\":\"https:\/\/www.efmaroc.org\/efm\/#organization\"},\"potentialAction\":[{\"@type\":\"SearchAction\",\"target\":{\"@type\":\"EntryPoint\",\"urlTemplate\":\"https:\/\/www.efmaroc.org\/efm\/?s={search_term_string}\"},\"query-input\":{\"@type\":\"PropertyValueSpecification\",\"valueRequired\":true,\"valueName\":\"search_term_string\"}}],\"inLanguage\":\"fr-FR\"},{\"@type\":\"Organization\",\"@id\":\"https:\/\/www.efmaroc.org\/efm\/#organization\",\"name\":\"EFM\",\"url\":\"https:\/\/www.efmaroc.org\/efm\/\",\"logo\":{\"@type\":\"ImageObject\",\"inLanguage\":\"fr-FR\",\"@id\":\"https:\/\/www.efmaroc.org\/efm\/#\/schema\/logo\/image\/\",\"url\":\"https:\/\/www.efmaroc.org\/efm\/wp-content\/uploads\/2022\/12\/efm-enseignement-francais-maroc-logotaglinex2.png\",\"contentUrl\":\"https:\/\/www.efmaroc.org\/efm\/wp-content\/uploads\/2022\/12\/efm-enseignement-francais-maroc-logotaglinex2.png\",\"width\":104,\"height\":78,\"caption\":\"EFM\"},\"image\":{\"@id\":\"https:\/\/www.efmaroc.org\/efm\/#\/schema\/logo\/image\/\"}},{\"@type\":\"Person\",\"@id\":\"https:\/\/www.efmaroc.org\/efm\/#\/schema\/person\/25a9b635a4b2276393dd87dbd94c6302\",\"name\":\"EFM\",\"image\":{\"@type\":\"ImageObject\",\"inLanguage\":\"fr-FR\",\"@id\":\"https:\/\/www.efmaroc.org\/efm\/#\/schema\/person\/image\/\",\"url\":\"https:\/\/secure.gravatar.com\/avatar\/0acf5f0ecc3b24f6fa3602920a0bc305ada83aa2d4adbe73d7718ee0e4155d61?s=96&d=mm&r=g\",\"contentUrl\":\"https:\/\/secure.gravatar.com\/avatar\/0acf5f0ecc3b24f6fa3602920a0bc305ada83aa2d4adbe73d7718ee0e4155d61?s=96&d=mm&r=g\",\"caption\":\"EFM\"},\"sameAs\":[\"https:\/\/www.efmaroc.org\/efm\"]}]}<\/script>\n<!-- \/ Yoast SEO plugin. -->","yoast_head_json":{"title":"Les actualit\u00e9s | Enseignement Fran\u00e7ais au Maroc","description":"Br\u00e8ve \u00a0Semaine des lyc\u00e9es fran\u00e7ais du monde (SLFM) 2024 !\u00a0\u00a0Vous pouvez toujours inscrire vos projets p\u00e9dagogiques sur la cartograp... Lire l'article","robots":{"index":"index","follow":"follow","max-snippet":"max-snippet:-1","max-image-preview":"max-image-preview:large","max-video-preview":"max-video-preview:-1"},"canonical":"https:\/\/www.efmaroc.org\/efm\/les-actualites\/","og_locale":"fr_FR","og_type":"article","og_title":"Les actualit\u00e9s | Enseignement Fran\u00e7ais au Maroc","og_description":"Br\u00e8ve \u00a0Semaine des lyc\u00e9es fran\u00e7ais du monde (SLFM) 2024 !\u00a0\u00a0Vous pouvez toujours inscrire vos projets p\u00e9dagogiques sur la cartograp... Lire l'article","og_url":"https:\/\/www.efmaroc.org\/efm\/les-actualites\/","og_site_name":"EFM","article_published_time":"2025-01-06T14:49:06+00:00","article_modified_time":"2025-02-10T12:54:55+00:00","og_image":[{"width":860,"height":480,"url":"https:\/\/www.efmaroc.org\/efm\/wp-content\/uploads\/2025\/01\/banniere-site-meilleurs_voeux_2025.png","type":"image\/png"}],"author":"EFM","twitter_card":"summary_large_image","twitter_misc":{"\u00c9crit par":"EFM"},"schema":{"@context":"https:\/\/schema.org","@graph":[{"@type":"Article","@id":"https:\/\/www.efmaroc.org\/efm\/les-actualites\/#article","isPartOf":{"@id":"https:\/\/www.efmaroc.org\/efm\/les-actualites\/"},"author":{"name":"EFM","@id":"https:\/\/www.efmaroc.org\/efm\/#\/schema\/person\/25a9b635a4b2276393dd87dbd94c6302"},"headline":"Les actualit\u00e9s","datePublished":"2025-01-06T14:49:06+00:00","dateModified":"2025-02-10T12:54:55+00:00","mainEntityOfPage":{"@id":"https:\/\/www.efmaroc.org\/efm\/les-actualites\/"},"wordCount":86,"publisher":{"@id":"https:\/\/www.efmaroc.org\/efm\/#organization"},"image":{"@id":"https:\/\/www.efmaroc.org\/efm\/les-actualites\/#primaryimage"},"thumbnailUrl":"https:\/\/www.efmaroc.org\/efm\/wp-content\/uploads\/2025\/01\/banniere-site-meilleurs_voeux_2025.png","articleSection":["R\u00e9seau"],"inLanguage":"fr-FR"},{"@type":"WebPage","@id":"https:\/\/www.efmaroc.org\/efm\/les-actualites\/","url":"https:\/\/www.efmaroc.org\/efm\/les-actualites\/","name":"Les actualit\u00e9s | Enseignement Fran\u00e7ais au Maroc","isPartOf":{"@id":"https:\/\/www.efmaroc.org\/efm\/#website"},"primaryImageOfPage":{"@id":"https:\/\/www.efmaroc.org\/efm\/les-actualites\/#primaryimage"},"image":{"@id":"https:\/\/www.efmaroc.org\/efm\/les-actualites\/#primaryimage"},"thumbnailUrl":"https:\/\/www.efmaroc.org\/efm\/wp-content\/uploads\/2025\/01\/banniere-site-meilleurs_voeux_2025.png","datePublished":"2025-01-06T14:49:06+00:00","dateModified":"2025-02-10T12:54:55+00:00","description":"Br\u00e8ve \u00a0Semaine des lyc\u00e9es fran\u00e7ais du monde (SLFM) 2024 !\u00a0\u00a0Vous pouvez toujours inscrire vos projets p\u00e9dagogiques sur la cartograp... Lire l'article","breadcrumb":{"@id":"https:\/\/www.efmaroc.org\/efm\/les-actualites\/#breadcrumb"},"inLanguage":"fr-FR","potentialAction":[{"@type":"ReadAction","target":["https:\/\/www.efmaroc.org\/efm\/les-actualites\/"]}]},{"@type":"ImageObject","inLanguage":"fr-FR","@id":"https:\/\/www.efmaroc.org\/efm\/les-actualites\/#primaryimage","url":"https:\/\/www.efmaroc.org\/efm\/wp-content\/uploads\/2025\/01\/banniere-site-meilleurs_voeux_2025.png","contentUrl":"https:\/\/www.efmaroc.org\/efm\/wp-content\/uploads\/2025\/01\/banniere-site-meilleurs_voeux_2025.png","width":860,"height":480},{"@type":"BreadcrumbList","@id":"https:\/\/www.efmaroc.org\/efm\/les-actualites\/#breadcrumb","itemListElement":[{"@type":"ListItem","position":1,"name":"Accueil","item":"https:\/\/www.efmaroc.org\/efm\/"},{"@type":"ListItem","position":2,"name":"Les actualit\u00e9s"}]},{"@type":"WebSite","@id":"https:\/\/www.efmaroc.org\/efm\/#website","url":"https:\/\/www.efmaroc.org\/efm\/","name":"EFM","description":"Enseignement Fran\u00e7ais au Maroc","publisher":{"@id":"https:\/\/www.efmaroc.org\/efm\/#organization"},"potentialAction":[{"@type":"SearchAction","target":{"@type":"EntryPoint","urlTemplate":"https:\/\/www.efmaroc.org\/efm\/?s={search_term_string}"},"query-input":{"@type":"PropertyValueSpecification","valueRequired":true,"valueName":"search_term_string"}}],"inLanguage":"fr-FR"},{"@type":"Organization","@id":"https:\/\/www.efmaroc.org\/efm\/#organization","name":"EFM","url":"https:\/\/www.efmaroc.org\/efm\/","logo":{"@type":"ImageObject","inLanguage":"fr-FR","@id":"https:\/\/www.efmaroc.org\/efm\/#\/schema\/logo\/image\/","url":"https:\/\/www.efmaroc.org\/efm\/wp-content\/uploads\/2022\/12\/efm-enseignement-francais-maroc-logotaglinex2.png","contentUrl":"https:\/\/www.efmaroc.org\/efm\/wp-content\/uploads\/2022\/12\/efm-enseignement-francais-maroc-logotaglinex2.png","width":104,"height":78,"caption":"EFM"},"image":{"@id":"https:\/\/www.efmaroc.org\/efm\/#\/schema\/logo\/image\/"}},{"@type":"Person","@id":"https:\/\/www.efmaroc.org\/efm\/#\/schema\/person\/25a9b635a4b2276393dd87dbd94c6302","name":"EFM","image":{"@type":"ImageObject","inLanguage":"fr-FR","@id":"https:\/\/www.efmaroc.org\/efm\/#\/schema\/person\/image\/","url":"https:\/\/secure.gravatar.com\/avatar\/0acf5f0ecc3b24f6fa3602920a0bc305ada83aa2d4adbe73d7718ee0e4155d61?s=96&d=mm&r=g","contentUrl":"https:\/\/secure.gravatar.com\/avatar\/0acf5f0ecc3b24f6fa3602920a0bc305ada83aa2d4adbe73d7718ee0e4155d61?s=96&d=mm&r=g","caption":"EFM"},"sameAs":["https:\/\/www.efmaroc.org\/efm"]}]}},"jetpack_featured_media_url":"https:\/\/www.efmaroc.org\/efm\/wp-content\/uploads\/2025\/01\/banniere-site-meilleurs_voeux_2025.png","jetpack_sharing_enabled":true,"_links":{"self":[{"href":"https:\/\/www.efmaroc.org\/efm\/wp-json\/wp\/v2\/posts\/23775","targetHints":{"allow":["GET"]}}],"collection":[{"href":"https:\/\/www.efmaroc.org\/efm\/wp-json\/wp\/v2\/posts"}],"about":[{"href":"https:\/\/www.efmaroc.org\/efm\/wp-json\/wp\/v2\/types\/post"}],"author":[{"embeddable":true,"href":"https:\/\/www.efmaroc.org\/efm\/wp-json\/wp\/v2\/users\/1"}],"replies":[{"embeddable":true,"href":"https:\/\/www.efmaroc.org\/efm\/wp-json\/wp\/v2\/comments?post=23775"}],"version-history":[{"count":4,"href":"https:\/\/www.efmaroc.org\/efm\/wp-json\/wp\/v2\/posts\/23775\/revisions"}],"predecessor-version":[{"id":23780,"href":"https:\/\/www.efmaroc.org\/efm\/wp-json\/wp\/v2\/posts\/23775\/revisions\/23780"}],"wp:featuredmedia":[{"embeddable":true,"href":"https:\/\/www.efmaroc.org\/efm\/wp-json\/wp\/v2\/media\/23776"}],"wp:attachment":[{"href":"https:\/\/www.efmaroc.org\/efm\/wp-json\/wp\/v2\/media?parent=23775"}],"wp:term":[{"taxonomy":"category","embeddable":true,"href":"https:\/\/www.efmaroc.org\/efm\/wp-json\/wp\/v2\/categories?post=23775"},{"taxonomy":"post_tag","embeddable":true,"href":"https:\/\/www.efmaroc.org\/efm\/wp-json\/wp\/v2\/tags?post=23775"}],"curies":[{"name":"wp","href":"https:\/\/api.w.org\/{rel}","templated":true}]}}