{"id":23782,"date":"2025-01-06T16:14:28","date_gmt":"2025-01-06T15:14:28","guid":{"rendered":"https:\/\/www.efmaroc.org\/efm\/?p=23782"},"modified":"2025-01-06T16:14:31","modified_gmt":"2025-01-06T15:14:31","slug":"claudia-scherer-effosse-vous-adresse-ses-meilleurs-voeux-pour-2025","status":"publish","type":"post","link":"https:\/\/www.efmaroc.org\/efm\/claudia-scherer-effosse-vous-adresse-ses-meilleurs-voeux-pour-2025\/","title":{"rendered":"Claudia Scherer-Effosse vous adresse ses meilleurs v\u0153ux pour 2025"},"content":{"rendered":"\n<p>En ce d\u00e9but d&rsquo;ann\u00e9e 2025, Claudia Scherer-Effosse, Directrice g\u00e9n\u00e9rale de l&rsquo;AEFE, adresse ses meilleurs v\u0153ux \u00e0 tous les membres des communaut\u00e9s scolaires de l&rsquo;enseignement fran\u00e7ais \u00e0 l&rsquo;\u00e9tranger sous la forme d&rsquo;un message vid\u00e9o. <a href=\"https:\/\/youtu.be\/CaK1QYFa--s\">https:\/\/youtu.be\/CaK1QYFa&#8211;s<\/a><\/p>\n\n\n\n<p><\/p>\n\n\n\n<p><\/p>\n","protected":false},"excerpt":{"rendered":"<p>En ce d\u00e9but d&rsquo;ann\u00e9e 2025, Claudia Scherer-Effosse, Directrice g\u00e9n\u00e9rale de l&rsquo;AEFE, adresse ses meilleurs v\u0153ux&hellip;<\/p>\n","protected":false},"author":1,"featured_media":23776,"comment_status":"open","ping_status":"open","sticky":false,"template":"","format":"standard","meta":{"_jetpack_newsletter_access":"","_jetpack_dont_email_post_to_subs":false,"_jetpack_newsletter_tier_id":0,"_jetpack_memberships_contains_paywalled_content":false,"_jetpack_memberships_contains_paid_content":false,"footnotes":""},"categories":[13],"tags":[],"class_list":["post-23782","post","type-post","status-publish","format-standard","has-post-thumbnail","hentry","category-reseau"],"yoast_head":"<!-- This site is optimized with the Yoast SEO plugin v26.8 - https:\/\/yoast.com\/product\/yoast-seo-wordpress\/ -->\n<title>Claudia Scherer-Effosse vous adresse ses meilleurs v\u0153ux pour 2025 | Enseignement Fran\u00e7ais au Maroc<\/title>\n<meta name=\"description\" content=\"En ce d\u00e9but d&#039;ann\u00e9e 2025, Claudia Scherer-Effosse, Directrice g\u00e9n\u00e9rale de l&#039;AEFE, adresse ses meilleurs v\u0153ux \u00e0 tous les membres des communaut\u00e9s scolaires\" \/>\n<meta name=\"robots\" content=\"index, follow, max-snippet:-1, max-image-preview:large, max-video-preview:-1\" \/>\n<link rel=\"canonical\" href=\"https:\/\/www.efmaroc.org\/efm\/claudia-scherer-effosse-vous-adresse-ses-meilleurs-voeux-pour-2025\/\" \/>\n<meta property=\"og:locale\" content=\"fr_FR\" \/>\n<meta property=\"og:type\" content=\"article\" \/>\n<meta property=\"og:title\" content=\"Claudia Scherer-Effosse vous adresse ses meilleurs v\u0153ux pour 2025 | Enseignement Fran\u00e7ais au Maroc\" \/>\n<meta property=\"og:description\" content=\"En ce d\u00e9but d&#039;ann\u00e9e 2025, Claudia Scherer-Effosse, Directrice g\u00e9n\u00e9rale de l&#039;AEFE, adresse ses meilleurs v\u0153ux \u00e0 tous les membres des communaut\u00e9s scolaires\" \/>\n<meta property=\"og:url\" content=\"https:\/\/www.efmaroc.org\/efm\/claudia-scherer-effosse-vous-adresse-ses-meilleurs-voeux-pour-2025\/\" \/>\n<meta property=\"og:site_name\" content=\"EFM\" \/>\n<meta property=\"article:published_time\" content=\"2025-01-06T15:14:28+00:00\" \/>\n<meta property=\"article:modified_time\" content=\"2025-01-06T15:14:31+00:00\" \/>\n<meta property=\"og:image\" content=\"https:\/\/www.efmaroc.org\/efm\/wp-content\/uploads\/2025\/01\/banniere-site-meilleurs_voeux_2025.png\" \/>\n\t<meta property=\"og:image:width\" content=\"860\" \/>\n\t<meta property=\"og:image:height\" content=\"480\" \/>\n\t<meta property=\"og:image:type\" content=\"image\/png\" \/>\n<meta name=\"author\" content=\"EFM\" \/>\n<meta name=\"twitter:card\" content=\"summary_large_image\" \/>\n<meta name=\"twitter:label1\" content=\"\u00c9crit par\" \/>\n\t<meta name=\"twitter:data1\" content=\"EFM\" \/>\n<script type=\"application\/ld+json\" class=\"yoast-schema-graph\">{\"@context\":\"https:\/\/schema.org\",\"@graph\":[{\"@type\":\"Article\",\"@id\":\"https:\/\/www.efmaroc.org\/efm\/claudia-scherer-effosse-vous-adresse-ses-meilleurs-voeux-pour-2025\/#article\",\"isPartOf\":{\"@id\":\"https:\/\/www.efmaroc.org\/efm\/claudia-scherer-effosse-vous-adresse-ses-meilleurs-voeux-pour-2025\/\"},\"author\":{\"name\":\"EFM\",\"@id\":\"https:\/\/www.efmaroc.org\/efm\/#\/schema\/person\/25a9b635a4b2276393dd87dbd94c6302\"},\"headline\":\"Claudia Scherer-Effosse vous adresse ses meilleurs v\u0153ux pour 2025\",\"datePublished\":\"2025-01-06T15:14:28+00:00\",\"dateModified\":\"2025-01-06T15:14:31+00:00\",\"mainEntityOfPage\":{\"@id\":\"https:\/\/www.efmaroc.org\/efm\/claudia-scherer-effosse-vous-adresse-ses-meilleurs-voeux-pour-2025\/\"},\"wordCount\":57,\"commentCount\":0,\"publisher\":{\"@id\":\"https:\/\/www.efmaroc.org\/efm\/#organization\"},\"image\":{\"@id\":\"https:\/\/www.efmaroc.org\/efm\/claudia-scherer-effosse-vous-adresse-ses-meilleurs-voeux-pour-2025\/#primaryimage\"},\"thumbnailUrl\":\"https:\/\/www.efmaroc.org\/efm\/wp-content\/uploads\/2025\/01\/banniere-site-meilleurs_voeux_2025.png\",\"articleSection\":[\"R\u00e9seau\"],\"inLanguage\":\"fr-FR\",\"potentialAction\":[{\"@type\":\"CommentAction\",\"name\":\"Comment\",\"target\":[\"https:\/\/www.efmaroc.org\/efm\/claudia-scherer-effosse-vous-adresse-ses-meilleurs-voeux-pour-2025\/#respond\"]}]},{\"@type\":\"WebPage\",\"@id\":\"https:\/\/www.efmaroc.org\/efm\/claudia-scherer-effosse-vous-adresse-ses-meilleurs-voeux-pour-2025\/\",\"url\":\"https:\/\/www.efmaroc.org\/efm\/claudia-scherer-effosse-vous-adresse-ses-meilleurs-voeux-pour-2025\/\",\"name\":\"Claudia Scherer-Effosse vous adresse ses meilleurs v\u0153ux pour 2025 | Enseignement Fran\u00e7ais au Maroc\",\"isPartOf\":{\"@id\":\"https:\/\/www.efmaroc.org\/efm\/#website\"},\"primaryImageOfPage\":{\"@id\":\"https:\/\/www.efmaroc.org\/efm\/claudia-scherer-effosse-vous-adresse-ses-meilleurs-voeux-pour-2025\/#primaryimage\"},\"image\":{\"@id\":\"https:\/\/www.efmaroc.org\/efm\/claudia-scherer-effosse-vous-adresse-ses-meilleurs-voeux-pour-2025\/#primaryimage\"},\"thumbnailUrl\":\"https:\/\/www.efmaroc.org\/efm\/wp-content\/uploads\/2025\/01\/banniere-site-meilleurs_voeux_2025.png\",\"datePublished\":\"2025-01-06T15:14:28+00:00\",\"dateModified\":\"2025-01-06T15:14:31+00:00\",\"description\":\"En ce d\u00e9but d'ann\u00e9e 2025, Claudia Scherer-Effosse, Directrice g\u00e9n\u00e9rale de l'AEFE, adresse ses meilleurs v\u0153ux \u00e0 tous les membres des communaut\u00e9s scolaires\",\"breadcrumb\":{\"@id\":\"https:\/\/www.efmaroc.org\/efm\/claudia-scherer-effosse-vous-adresse-ses-meilleurs-voeux-pour-2025\/#breadcrumb\"},\"inLanguage\":\"fr-FR\",\"potentialAction\":[{\"@type\":\"ReadAction\",\"target\":[\"https:\/\/www.efmaroc.org\/efm\/claudia-scherer-effosse-vous-adresse-ses-meilleurs-voeux-pour-2025\/\"]}]},{\"@type\":\"ImageObject\",\"inLanguage\":\"fr-FR\",\"@id\":\"https:\/\/www.efmaroc.org\/efm\/claudia-scherer-effosse-vous-adresse-ses-meilleurs-voeux-pour-2025\/#primaryimage\",\"url\":\"https:\/\/www.efmaroc.org\/efm\/wp-content\/uploads\/2025\/01\/banniere-site-meilleurs_voeux_2025.png\",\"contentUrl\":\"https:\/\/www.efmaroc.org\/efm\/wp-content\/uploads\/2025\/01\/banniere-site-meilleurs_voeux_2025.png\",\"width\":860,\"height\":480},{\"@type\":\"BreadcrumbList\",\"@id\":\"https:\/\/www.efmaroc.org\/efm\/claudia-scherer-effosse-vous-adresse-ses-meilleurs-voeux-pour-2025\/#breadcrumb\",\"itemListElement\":[{\"@type\":\"ListItem\",\"position\":1,\"name\":\"Accueil\",\"item\":\"https:\/\/www.efmaroc.org\/efm\/\"},{\"@type\":\"ListItem\",\"position\":2,\"name\":\"Claudia Scherer-Effosse vous adresse ses meilleurs v\u0153ux pour 2025\"}]},{\"@type\":\"WebSite\",\"@id\":\"https:\/\/www.efmaroc.org\/efm\/#website\",\"url\":\"https:\/\/www.efmaroc.org\/efm\/\",\"name\":\"EFM\",\"description\":\"Enseignement Fran\u00e7ais au Maroc\",\"publisher\":{\"@id\":\"https:\/\/www.efmaroc.org\/efm\/#organization\"},\"potentialAction\":[{\"@type\":\"SearchAction\",\"target\":{\"@type\":\"EntryPoint\",\"urlTemplate\":\"https:\/\/www.efmaroc.org\/efm\/?s={search_term_string}\"},\"query-input\":{\"@type\":\"PropertyValueSpecification\",\"valueRequired\":true,\"valueName\":\"search_term_string\"}}],\"inLanguage\":\"fr-FR\"},{\"@type\":\"Organization\",\"@id\":\"https:\/\/www.efmaroc.org\/efm\/#organization\",\"name\":\"EFM\",\"url\":\"https:\/\/www.efmaroc.org\/efm\/\",\"logo\":{\"@type\":\"ImageObject\",\"inLanguage\":\"fr-FR\",\"@id\":\"https:\/\/www.efmaroc.org\/efm\/#\/schema\/logo\/image\/\",\"url\":\"https:\/\/www.efmaroc.org\/efm\/wp-content\/uploads\/2022\/12\/efm-enseignement-francais-maroc-logotaglinex2.png\",\"contentUrl\":\"https:\/\/www.efmaroc.org\/efm\/wp-content\/uploads\/2022\/12\/efm-enseignement-francais-maroc-logotaglinex2.png\",\"width\":104,\"height\":78,\"caption\":\"EFM\"},\"image\":{\"@id\":\"https:\/\/www.efmaroc.org\/efm\/#\/schema\/logo\/image\/\"}},{\"@type\":\"Person\",\"@id\":\"https:\/\/www.efmaroc.org\/efm\/#\/schema\/person\/25a9b635a4b2276393dd87dbd94c6302\",\"name\":\"EFM\",\"image\":{\"@type\":\"ImageObject\",\"inLanguage\":\"fr-FR\",\"@id\":\"https:\/\/www.efmaroc.org\/efm\/#\/schema\/person\/image\/\",\"url\":\"https:\/\/secure.gravatar.com\/avatar\/0acf5f0ecc3b24f6fa3602920a0bc305ada83aa2d4adbe73d7718ee0e4155d61?s=96&d=mm&r=g\",\"contentUrl\":\"https:\/\/secure.gravatar.com\/avatar\/0acf5f0ecc3b24f6fa3602920a0bc305ada83aa2d4adbe73d7718ee0e4155d61?s=96&d=mm&r=g\",\"caption\":\"EFM\"},\"sameAs\":[\"https:\/\/www.efmaroc.org\/efm\"]}]}<\/script>\n<!-- \/ Yoast SEO plugin. -->","yoast_head_json":{"title":"Claudia Scherer-Effosse vous adresse ses meilleurs v\u0153ux pour 2025 | Enseignement Fran\u00e7ais au Maroc","description":"En ce d\u00e9but d'ann\u00e9e 2025, Claudia Scherer-Effosse, Directrice g\u00e9n\u00e9rale de l'AEFE, adresse ses meilleurs v\u0153ux \u00e0 tous les membres des communaut\u00e9s scolaires","robots":{"index":"index","follow":"follow","max-snippet":"max-snippet:-1","max-image-preview":"max-image-preview:large","max-video-preview":"max-video-preview:-1"},"canonical":"https:\/\/www.efmaroc.org\/efm\/claudia-scherer-effosse-vous-adresse-ses-meilleurs-voeux-pour-2025\/","og_locale":"fr_FR","og_type":"article","og_title":"Claudia Scherer-Effosse vous adresse ses meilleurs v\u0153ux pour 2025 | Enseignement Fran\u00e7ais au Maroc","og_description":"En ce d\u00e9but d'ann\u00e9e 2025, Claudia Scherer-Effosse, Directrice g\u00e9n\u00e9rale de l'AEFE, adresse ses meilleurs v\u0153ux \u00e0 tous les membres des communaut\u00e9s scolaires","og_url":"https:\/\/www.efmaroc.org\/efm\/claudia-scherer-effosse-vous-adresse-ses-meilleurs-voeux-pour-2025\/","og_site_name":"EFM","article_published_time":"2025-01-06T15:14:28+00:00","article_modified_time":"2025-01-06T15:14:31+00:00","og_image":[{"width":860,"height":480,"url":"https:\/\/www.efmaroc.org\/efm\/wp-content\/uploads\/2025\/01\/banniere-site-meilleurs_voeux_2025.png","type":"image\/png"}],"author":"EFM","twitter_card":"summary_large_image","twitter_misc":{"\u00c9crit par":"EFM"},"schema":{"@context":"https:\/\/schema.org","@graph":[{"@type":"Article","@id":"https:\/\/www.efmaroc.org\/efm\/claudia-scherer-effosse-vous-adresse-ses-meilleurs-voeux-pour-2025\/#article","isPartOf":{"@id":"https:\/\/www.efmaroc.org\/efm\/claudia-scherer-effosse-vous-adresse-ses-meilleurs-voeux-pour-2025\/"},"author":{"name":"EFM","@id":"https:\/\/www.efmaroc.org\/efm\/#\/schema\/person\/25a9b635a4b2276393dd87dbd94c6302"},"headline":"Claudia Scherer-Effosse vous adresse ses meilleurs v\u0153ux pour 2025","datePublished":"2025-01-06T15:14:28+00:00","dateModified":"2025-01-06T15:14:31+00:00","mainEntityOfPage":{"@id":"https:\/\/www.efmaroc.org\/efm\/claudia-scherer-effosse-vous-adresse-ses-meilleurs-voeux-pour-2025\/"},"wordCount":57,"commentCount":0,"publisher":{"@id":"https:\/\/www.efmaroc.org\/efm\/#organization"},"image":{"@id":"https:\/\/www.efmaroc.org\/efm\/claudia-scherer-effosse-vous-adresse-ses-meilleurs-voeux-pour-2025\/#primaryimage"},"thumbnailUrl":"https:\/\/www.efmaroc.org\/efm\/wp-content\/uploads\/2025\/01\/banniere-site-meilleurs_voeux_2025.png","articleSection":["R\u00e9seau"],"inLanguage":"fr-FR","potentialAction":[{"@type":"CommentAction","name":"Comment","target":["https:\/\/www.efmaroc.org\/efm\/claudia-scherer-effosse-vous-adresse-ses-meilleurs-voeux-pour-2025\/#respond"]}]},{"@type":"WebPage","@id":"https:\/\/www.efmaroc.org\/efm\/claudia-scherer-effosse-vous-adresse-ses-meilleurs-voeux-pour-2025\/","url":"https:\/\/www.efmaroc.org\/efm\/claudia-scherer-effosse-vous-adresse-ses-meilleurs-voeux-pour-2025\/","name":"Claudia Scherer-Effosse vous adresse ses meilleurs v\u0153ux pour 2025 | Enseignement Fran\u00e7ais au Maroc","isPartOf":{"@id":"https:\/\/www.efmaroc.org\/efm\/#website"},"primaryImageOfPage":{"@id":"https:\/\/www.efmaroc.org\/efm\/claudia-scherer-effosse-vous-adresse-ses-meilleurs-voeux-pour-2025\/#primaryimage"},"image":{"@id":"https:\/\/www.efmaroc.org\/efm\/claudia-scherer-effosse-vous-adresse-ses-meilleurs-voeux-pour-2025\/#primaryimage"},"thumbnailUrl":"https:\/\/www.efmaroc.org\/efm\/wp-content\/uploads\/2025\/01\/banniere-site-meilleurs_voeux_2025.png","datePublished":"2025-01-06T15:14:28+00:00","dateModified":"2025-01-06T15:14:31+00:00","description":"En ce d\u00e9but d'ann\u00e9e 2025, Claudia Scherer-Effosse, Directrice g\u00e9n\u00e9rale de l'AEFE, adresse ses meilleurs v\u0153ux \u00e0 tous les membres des communaut\u00e9s scolaires","breadcrumb":{"@id":"https:\/\/www.efmaroc.org\/efm\/claudia-scherer-effosse-vous-adresse-ses-meilleurs-voeux-pour-2025\/#breadcrumb"},"inLanguage":"fr-FR","potentialAction":[{"@type":"ReadAction","target":["https:\/\/www.efmaroc.org\/efm\/claudia-scherer-effosse-vous-adresse-ses-meilleurs-voeux-pour-2025\/"]}]},{"@type":"ImageObject","inLanguage":"fr-FR","@id":"https:\/\/www.efmaroc.org\/efm\/claudia-scherer-effosse-vous-adresse-ses-meilleurs-voeux-pour-2025\/#primaryimage","url":"https:\/\/www.efmaroc.org\/efm\/wp-content\/uploads\/2025\/01\/banniere-site-meilleurs_voeux_2025.png","contentUrl":"https:\/\/www.efmaroc.org\/efm\/wp-content\/uploads\/2025\/01\/banniere-site-meilleurs_voeux_2025.png","width":860,"height":480},{"@type":"BreadcrumbList","@id":"https:\/\/www.efmaroc.org\/efm\/claudia-scherer-effosse-vous-adresse-ses-meilleurs-voeux-pour-2025\/#breadcrumb","itemListElement":[{"@type":"ListItem","position":1,"name":"Accueil","item":"https:\/\/www.efmaroc.org\/efm\/"},{"@type":"ListItem","position":2,"name":"Claudia Scherer-Effosse vous adresse ses meilleurs v\u0153ux pour 2025"}]},{"@type":"WebSite","@id":"https:\/\/www.efmaroc.org\/efm\/#website","url":"https:\/\/www.efmaroc.org\/efm\/","name":"EFM","description":"Enseignement Fran\u00e7ais au Maroc","publisher":{"@id":"https:\/\/www.efmaroc.org\/efm\/#organization"},"potentialAction":[{"@type":"SearchAction","target":{"@type":"EntryPoint","urlTemplate":"https:\/\/www.efmaroc.org\/efm\/?s={search_term_string}"},"query-input":{"@type":"PropertyValueSpecification","valueRequired":true,"valueName":"search_term_string"}}],"inLanguage":"fr-FR"},{"@type":"Organization","@id":"https:\/\/www.efmaroc.org\/efm\/#organization","name":"EFM","url":"https:\/\/www.efmaroc.org\/efm\/","logo":{"@type":"ImageObject","inLanguage":"fr-FR","@id":"https:\/\/www.efmaroc.org\/efm\/#\/schema\/logo\/image\/","url":"https:\/\/www.efmaroc.org\/efm\/wp-content\/uploads\/2022\/12\/efm-enseignement-francais-maroc-logotaglinex2.png","contentUrl":"https:\/\/www.efmaroc.org\/efm\/wp-content\/uploads\/2022\/12\/efm-enseignement-francais-maroc-logotaglinex2.png","width":104,"height":78,"caption":"EFM"},"image":{"@id":"https:\/\/www.efmaroc.org\/efm\/#\/schema\/logo\/image\/"}},{"@type":"Person","@id":"https:\/\/www.efmaroc.org\/efm\/#\/schema\/person\/25a9b635a4b2276393dd87dbd94c6302","name":"EFM","image":{"@type":"ImageObject","inLanguage":"fr-FR","@id":"https:\/\/www.efmaroc.org\/efm\/#\/schema\/person\/image\/","url":"https:\/\/secure.gravatar.com\/avatar\/0acf5f0ecc3b24f6fa3602920a0bc305ada83aa2d4adbe73d7718ee0e4155d61?s=96&d=mm&r=g","contentUrl":"https:\/\/secure.gravatar.com\/avatar\/0acf5f0ecc3b24f6fa3602920a0bc305ada83aa2d4adbe73d7718ee0e4155d61?s=96&d=mm&r=g","caption":"EFM"},"sameAs":["https:\/\/www.efmaroc.org\/efm"]}]}},"jetpack_featured_media_url":"https:\/\/www.efmaroc.org\/efm\/wp-content\/uploads\/2025\/01\/banniere-site-meilleurs_voeux_2025.png","jetpack_sharing_enabled":true,"_links":{"self":[{"href":"https:\/\/www.efmaroc.org\/efm\/wp-json\/wp\/v2\/posts\/23782","targetHints":{"allow":["GET"]}}],"collection":[{"href":"https:\/\/www.efmaroc.org\/efm\/wp-json\/wp\/v2\/posts"}],"about":[{"href":"https:\/\/www.efmaroc.org\/efm\/wp-json\/wp\/v2\/types\/post"}],"author":[{"embeddable":true,"href":"https:\/\/www.efmaroc.org\/efm\/wp-json\/wp\/v2\/users\/1"}],"replies":[{"embeddable":true,"href":"https:\/\/www.efmaroc.org\/efm\/wp-json\/wp\/v2\/comments?post=23782"}],"version-history":[{"count":1,"href":"https:\/\/www.efmaroc.org\/efm\/wp-json\/wp\/v2\/posts\/23782\/revisions"}],"predecessor-version":[{"id":23783,"href":"https:\/\/www.efmaroc.org\/efm\/wp-json\/wp\/v2\/posts\/23782\/revisions\/23783"}],"wp:featuredmedia":[{"embeddable":true,"href":"https:\/\/www.efmaroc.org\/efm\/wp-json\/wp\/v2\/media\/23776"}],"wp:attachment":[{"href":"https:\/\/www.efmaroc.org\/efm\/wp-json\/wp\/v2\/media?parent=23782"}],"wp:term":[{"taxonomy":"category","embeddable":true,"href":"https:\/\/www.efmaroc.org\/efm\/wp-json\/wp\/v2\/categories?post=23782"},{"taxonomy":"post_tag","embeddable":true,"href":"https:\/\/www.efmaroc.org\/efm\/wp-json\/wp\/v2\/tags?post=23782"}],"curies":[{"name":"wp","href":"https:\/\/api.w.org\/{rel}","templated":true}]}}