{"id":23798,"date":"2025-01-09T12:36:24","date_gmt":"2025-01-09T11:36:24","guid":{"rendered":"https:\/\/www.efmaroc.org\/efm\/?p=23798"},"modified":"2025-02-10T13:54:42","modified_gmt":"2025-02-10T12:54:42","slug":"prix-primed-des-jeunes-de-la-mediterranee-des-etablissements-du-reseau-primes","status":"publish","type":"post","link":"https:\/\/www.efmaroc.org\/efm\/prix-primed-des-jeunes-de-la-mediterranee-des-etablissements-du-reseau-primes\/","title":{"rendered":"Prix PriMed des jeunes de la M\u00e9diterran\u00e9e : des \u00e9tablissements du r\u00e9seau prim\u00e9s !"},"content":{"rendered":"\n<p>Cr\u00e9\u00e9 en 2010, le Prix Jeune Public des lyc\u00e9ens du<strong>\u00a0<a href=\"https:\/\/primed.tv\/les-films-en-concours\/\" data-type=\"link\" data-id=\"https:\/\/primed.tv\/les-films-en-concours\/\">PriMed<\/a>\u00a0<\/strong>a \u00e9t\u00e9 renomm\u00e9 Prix Averro\u00e8s Junior en 2013, avant de devenir en 2018 le <strong>Prix des Jeunes de la M\u00e9diterran\u00e9e<\/strong>. Ce dispositif unique permet \u00e0 3000 lyc\u00e9ens, de la R\u00e9gion Sud- Provence-Alpes-C\u00f4te-d\u2019Azur, et \u00e9galement en provenance d\u2019autres pays : Alg\u00e9rie, \u00c9gypte, Italie, Liban, Maroc, Tunisie, Canada, etc. de devenir jur\u00e9s du festival PriMed.<\/p>\n\n\n\n<p>En invitant les \u00e9l\u00e8ves \u00e0 visionner une s\u00e9lection de 3 documentaires puis \u00e0 d\u00e9battre, \u00e9changer et voter,\u00a0<strong>ce dispositif entend \u0153uvrer comme un outil d\u2019\u00e9ducation tant \u00e0 l\u2019image qu\u2019\u00e0 la citoyennet\u00e9.<\/strong><br><strong>Le festival vise aussi \u00e0 donner go\u00fbt aux \u00e9l\u00e8ves pour les films documentaires.<\/strong>\u00a0<\/p>\n\n\n\n<p>Cette ann\u00e9e, 3 documentaires ont \u00e9t\u00e9 retenus pour le prix des lyc\u00e9ens :<\/p>\n\n\n\n<ul class=\"wp-block-list\">\n<li><a href=\"https:\/\/primed.tv\/categorie-jeunes-mediterranee\/\" data-type=\"link\" data-id=\"https:\/\/primed.tv\/categorie-jeunes-mediterranee\/\"><strong>FRAGMENTS D\u2019UNE JEUNESSE FRAN\u00c7AISE<\/strong>, de J\u00e9r\u00e9mie BATTAGLIA (France), 52 min \u2013 2023<\/a> ;<\/li>\n\n\n\n<li class=\"has-text-hover-2-color has-text-color has-link-color wp-elements-4baefa15afd21a18b06f40cab178ddc9\"><a href=\"https:\/\/primed.tv\/categorie-jeunes-mediterranee\/\" data-type=\"link\" data-id=\"https:\/\/primed.tv\/categorie-jeunes-mediterranee\/\"><strong>UNTIL HE\u2019S BACK,\u00a0<\/strong>de Jacqueline BAYLON (Maroc), 40 min \u2013 2023<\/a> ;<\/li>\n\n\n\n<li><a href=\"https:\/\/primed.tv\/categorie-jeunes-mediterranee\/\" data-type=\"link\" data-id=\"https:\/\/primed.tv\/categorie-jeunes-mediterranee\/\"><strong>118 TELEMLY,<\/strong>\u00a0de Bilal BEGHOURA (Alg\u00e9rie), 53 min \u2013 2024<\/a>.<\/li>\n<\/ul>\n\n\n\n<p><em>Les \u00e9l\u00e8ves, encadr\u00e9s par leurs enseignants et leurs enseignantes, apprennent \u00e0 d\u00e9crypter, discuter le point de vue du r\u00e9alisateur ou de la r\u00e9alisatrice et finalement \u00e0 appr\u00e9cier le travail cin\u00e9matographique et croiser leurs regards sur ces histoire r\u00e9elles film\u00e9es dans diff\u00e9rents pays du bassin m\u00e9diterran\u00e9en. Puis ils votent pour le film documentaire qui a eu leur pr\u00e9f\u00e9rence.<\/em><\/p>\n\n\n\n<p>Pour les classes hors de France, qui ne peuvent pas se rendre \u00e0 Marseille pendant le festival, il est propos\u00e9 aux \u00e9l\u00e8ves d\u2019enregistrer un message vid\u00e9o o\u00f9 les lyc\u00e9ens donnent leurs impressions sur l&rsquo;un des films documentaires visionn\u00e9s, soit face cam\u00e9ra soit sous forme d\u2019un court-m\u00e9trage.<\/p>\n\n\n\n<p>Cette ann\u00e9e, un groupe d\u2019\u00e9l\u00e8ves du r\u00e9seau a re\u00e7u les f\u00e9licitations du jury pour leur production&nbsp;:<\/p>\n\n\n\n<ul class=\"wp-block-list\">\n<li><a href=\"https:\/\/drive.google.com\/file\/d\/1SKwIRrD9LcfmV3Swbh5MlFME0YOxNZ3m\/view?usp=sharing\" data-type=\"link\" data-id=\"https:\/\/drive.google.com\/file\/d\/1SKwIRrD9LcfmV3Swbh5MlFME0YOxNZ3m\/view?usp=sharing\"><strong>Les fragments du r\u00eave<\/strong>\u00a0<\/a>, Ecole internationale de Carthage, Tunis, Tunisie\u00a0<br>R\u00e9alisateur : Chaari Hani, \u00e9l\u00e8ve de premi\u00e8re, encadr\u00e9 par son enseignante d\u2019histoire-g\u00e9ographie, madame L\u00e9onor Kohli.<\/li>\n<\/ul>\n\n\n\n<p>Pour cette \u00e9dition 2024, un \u00e9l\u00e8ve de Tunisie a produit un film prim\u00e9 au festival :<\/p>\n\n\n\n<ul class=\"wp-block-list\">\n<li><strong><a href=\"https:\/\/drive.google.com\/file\/d\/1TUqQGeN9jXqXDETSJXyk7uAyXMe_iCM1\/view?usp=sharing\" data-type=\"link\" data-id=\"https:\/\/drive.google.com\/file\/d\/1TUqQGeN9jXqXDETSJXyk7uAyXMe_iCM1\/view?usp=sharing\">Boxer est mon r\u00eave et alors&#8230;\u00a0<\/a><\/strong>, Lyc\u00e9e Gustave Flaubert, La Marsa, Tunisie\u00a0<br>R\u00e9alisateur : Rayan Gigante, \u00e9l\u00e8ve de Seconde, encadr\u00e9 par son enseignante d\u2019histoire-g\u00e9ographie, madame H\u00e9l\u00e8ne Porcheron.<\/li>\n<\/ul>\n\n\n\n<p class=\"has-text-hover-2-color has-text-color has-link-color wp-elements-08c4afc8a063cf3cfeca65687211361f\"><strong>F\u00e9licitations aux \u00e9l\u00e8ves accompagn\u00e9s de leurs professeurs pour leur talent de cin\u00e9matographe en herbe !<\/strong><\/p>\n\n\n\n<p><em>En plus du Prix des Jeunes de la M\u00e9diterran\u00e9e, un concours vid\u00e9o, le Prix \u00ab Moi, citoyen m\u00e9diterran\u00e9en \u00bb, est \u00e9galement propos\u00e9 aux lyc\u00e9ens inscrits autour d\u2019une production audiovisuelle et individuelle d\u2019une minute, cr\u00e9\u00e9e avec un smartphone. Cette ann\u00e9e, la th\u00e9matique s\u2019intitulait\u00a0<strong>\u00ab\u00a0Je r\u00eave\u2026 Et alors ?\u00a0\u00bb<\/strong><\/em><\/p>\n\n\n\n<p><\/p>\n","protected":false},"excerpt":{"rendered":"<p>Cr\u00e9\u00e9 en 2010, le Prix Jeune Public des lyc\u00e9ens du\u00a0PriMed\u00a0a \u00e9t\u00e9 renomm\u00e9 Prix Averro\u00e8s Junior&hellip;<\/p>\n","protected":false},"author":1,"featured_media":23799,"comment_status":"closed","ping_status":"open","sticky":false,"template":"","format":"standard","meta":{"_jetpack_newsletter_access":"","_jetpack_dont_email_post_to_subs":false,"_jetpack_newsletter_tier_id":0,"_jetpack_memberships_contains_paywalled_content":false,"_jetpack_memberships_contains_paid_content":false,"footnotes":""},"categories":[13],"tags":[],"class_list":["post-23798","post","type-post","status-publish","format-standard","has-post-thumbnail","hentry","category-reseau"],"yoast_head":"<!-- This site is optimized with the Yoast SEO plugin v26.8 - https:\/\/yoast.com\/product\/yoast-seo-wordpress\/ -->\n<title>Prix PriMed des jeunes de la M\u00e9diterran\u00e9e : des \u00e9tablissements du r\u00e9seau prim\u00e9s ! | Enseignement Fran\u00e7ais au Maroc<\/title>\n<meta name=\"description\" content=\"Cr\u00e9\u00e9 en 2010, le Prix Jeune Public des lyc\u00e9ens du\u00a0PriMed\u00a0a \u00e9t\u00e9 renomm\u00e9 Prix Averro\u00e8s Junior en 2013, avant de devenir en 2018 le Prix des Jeunes de la\" \/>\n<meta name=\"robots\" content=\"index, follow, max-snippet:-1, max-image-preview:large, max-video-preview:-1\" \/>\n<link rel=\"canonical\" href=\"https:\/\/www.efmaroc.org\/efm\/prix-primed-des-jeunes-de-la-mediterranee-des-etablissements-du-reseau-primes\/\" \/>\n<meta property=\"og:locale\" content=\"fr_FR\" \/>\n<meta property=\"og:type\" content=\"article\" \/>\n<meta property=\"og:title\" content=\"Prix PriMed des jeunes de la M\u00e9diterran\u00e9e : des \u00e9tablissements du r\u00e9seau prim\u00e9s ! | Enseignement Fran\u00e7ais au Maroc\" \/>\n<meta property=\"og:description\" content=\"Cr\u00e9\u00e9 en 2010, le Prix Jeune Public des lyc\u00e9ens du\u00a0PriMed\u00a0a \u00e9t\u00e9 renomm\u00e9 Prix Averro\u00e8s Junior en 2013, avant de devenir en 2018 le Prix des Jeunes de la\" \/>\n<meta property=\"og:url\" content=\"https:\/\/www.efmaroc.org\/efm\/prix-primed-des-jeunes-de-la-mediterranee-des-etablissements-du-reseau-primes\/\" \/>\n<meta property=\"og:site_name\" content=\"EFM\" \/>\n<meta property=\"article:published_time\" content=\"2025-01-09T11:36:24+00:00\" \/>\n<meta property=\"article:modified_time\" content=\"2025-02-10T12:54:42+00:00\" \/>\n<meta property=\"og:image\" content=\"https:\/\/www.efmaroc.org\/efm\/wp-content\/uploads\/2025\/01\/Prix-PriMed-2024.jpg\" \/>\n\t<meta property=\"og:image:width\" content=\"1090\" \/>\n\t<meta property=\"og:image:height\" content=\"682\" \/>\n\t<meta property=\"og:image:type\" content=\"image\/jpeg\" \/>\n<meta name=\"author\" content=\"EFM\" \/>\n<meta name=\"twitter:card\" content=\"summary_large_image\" \/>\n<meta name=\"twitter:label1\" content=\"\u00c9crit par\" \/>\n\t<meta name=\"twitter:data1\" content=\"EFM\" \/>\n\t<meta name=\"twitter:label2\" content=\"Dur\u00e9e de lecture estim\u00e9e\" \/>\n\t<meta name=\"twitter:data2\" content=\"2 minutes\" \/>\n<script type=\"application\/ld+json\" class=\"yoast-schema-graph\">{\"@context\":\"https:\/\/schema.org\",\"@graph\":[{\"@type\":\"Article\",\"@id\":\"https:\/\/www.efmaroc.org\/efm\/prix-primed-des-jeunes-de-la-mediterranee-des-etablissements-du-reseau-primes\/#article\",\"isPartOf\":{\"@id\":\"https:\/\/www.efmaroc.org\/efm\/prix-primed-des-jeunes-de-la-mediterranee-des-etablissements-du-reseau-primes\/\"},\"author\":{\"name\":\"EFM\",\"@id\":\"https:\/\/www.efmaroc.org\/efm\/#\/schema\/person\/25a9b635a4b2276393dd87dbd94c6302\"},\"headline\":\"Prix PriMed des jeunes de la M\u00e9diterran\u00e9e : des \u00e9tablissements du r\u00e9seau prim\u00e9s !\",\"datePublished\":\"2025-01-09T11:36:24+00:00\",\"dateModified\":\"2025-02-10T12:54:42+00:00\",\"mainEntityOfPage\":{\"@id\":\"https:\/\/www.efmaroc.org\/efm\/prix-primed-des-jeunes-de-la-mediterranee-des-etablissements-du-reseau-primes\/\"},\"wordCount\":474,\"publisher\":{\"@id\":\"https:\/\/www.efmaroc.org\/efm\/#organization\"},\"image\":{\"@id\":\"https:\/\/www.efmaroc.org\/efm\/prix-primed-des-jeunes-de-la-mediterranee-des-etablissements-du-reseau-primes\/#primaryimage\"},\"thumbnailUrl\":\"https:\/\/www.efmaroc.org\/efm\/wp-content\/uploads\/2025\/01\/Prix-PriMed-2024.jpg\",\"articleSection\":[\"R\u00e9seau\"],\"inLanguage\":\"fr-FR\"},{\"@type\":\"WebPage\",\"@id\":\"https:\/\/www.efmaroc.org\/efm\/prix-primed-des-jeunes-de-la-mediterranee-des-etablissements-du-reseau-primes\/\",\"url\":\"https:\/\/www.efmaroc.org\/efm\/prix-primed-des-jeunes-de-la-mediterranee-des-etablissements-du-reseau-primes\/\",\"name\":\"Prix PriMed des jeunes de la M\u00e9diterran\u00e9e : des \u00e9tablissements du r\u00e9seau prim\u00e9s ! | Enseignement Fran\u00e7ais au Maroc\",\"isPartOf\":{\"@id\":\"https:\/\/www.efmaroc.org\/efm\/#website\"},\"primaryImageOfPage\":{\"@id\":\"https:\/\/www.efmaroc.org\/efm\/prix-primed-des-jeunes-de-la-mediterranee-des-etablissements-du-reseau-primes\/#primaryimage\"},\"image\":{\"@id\":\"https:\/\/www.efmaroc.org\/efm\/prix-primed-des-jeunes-de-la-mediterranee-des-etablissements-du-reseau-primes\/#primaryimage\"},\"thumbnailUrl\":\"https:\/\/www.efmaroc.org\/efm\/wp-content\/uploads\/2025\/01\/Prix-PriMed-2024.jpg\",\"datePublished\":\"2025-01-09T11:36:24+00:00\",\"dateModified\":\"2025-02-10T12:54:42+00:00\",\"description\":\"Cr\u00e9\u00e9 en 2010, le Prix Jeune Public des lyc\u00e9ens du\u00a0PriMed\u00a0a \u00e9t\u00e9 renomm\u00e9 Prix Averro\u00e8s Junior en 2013, avant de devenir en 2018 le Prix des Jeunes de la\",\"breadcrumb\":{\"@id\":\"https:\/\/www.efmaroc.org\/efm\/prix-primed-des-jeunes-de-la-mediterranee-des-etablissements-du-reseau-primes\/#breadcrumb\"},\"inLanguage\":\"fr-FR\",\"potentialAction\":[{\"@type\":\"ReadAction\",\"target\":[\"https:\/\/www.efmaroc.org\/efm\/prix-primed-des-jeunes-de-la-mediterranee-des-etablissements-du-reseau-primes\/\"]}]},{\"@type\":\"ImageObject\",\"inLanguage\":\"fr-FR\",\"@id\":\"https:\/\/www.efmaroc.org\/efm\/prix-primed-des-jeunes-de-la-mediterranee-des-etablissements-du-reseau-primes\/#primaryimage\",\"url\":\"https:\/\/www.efmaroc.org\/efm\/wp-content\/uploads\/2025\/01\/Prix-PriMed-2024.jpg\",\"contentUrl\":\"https:\/\/www.efmaroc.org\/efm\/wp-content\/uploads\/2025\/01\/Prix-PriMed-2024.jpg\",\"width\":1090,\"height\":682},{\"@type\":\"BreadcrumbList\",\"@id\":\"https:\/\/www.efmaroc.org\/efm\/prix-primed-des-jeunes-de-la-mediterranee-des-etablissements-du-reseau-primes\/#breadcrumb\",\"itemListElement\":[{\"@type\":\"ListItem\",\"position\":1,\"name\":\"Accueil\",\"item\":\"https:\/\/www.efmaroc.org\/efm\/\"},{\"@type\":\"ListItem\",\"position\":2,\"name\":\"Prix PriMed des jeunes de la M\u00e9diterran\u00e9e : des \u00e9tablissements du r\u00e9seau prim\u00e9s !\"}]},{\"@type\":\"WebSite\",\"@id\":\"https:\/\/www.efmaroc.org\/efm\/#website\",\"url\":\"https:\/\/www.efmaroc.org\/efm\/\",\"name\":\"EFM\",\"description\":\"Enseignement Fran\u00e7ais au Maroc\",\"publisher\":{\"@id\":\"https:\/\/www.efmaroc.org\/efm\/#organization\"},\"potentialAction\":[{\"@type\":\"SearchAction\",\"target\":{\"@type\":\"EntryPoint\",\"urlTemplate\":\"https:\/\/www.efmaroc.org\/efm\/?s={search_term_string}\"},\"query-input\":{\"@type\":\"PropertyValueSpecification\",\"valueRequired\":true,\"valueName\":\"search_term_string\"}}],\"inLanguage\":\"fr-FR\"},{\"@type\":\"Organization\",\"@id\":\"https:\/\/www.efmaroc.org\/efm\/#organization\",\"name\":\"EFM\",\"url\":\"https:\/\/www.efmaroc.org\/efm\/\",\"logo\":{\"@type\":\"ImageObject\",\"inLanguage\":\"fr-FR\",\"@id\":\"https:\/\/www.efmaroc.org\/efm\/#\/schema\/logo\/image\/\",\"url\":\"https:\/\/www.efmaroc.org\/efm\/wp-content\/uploads\/2022\/12\/efm-enseignement-francais-maroc-logotaglinex2.png\",\"contentUrl\":\"https:\/\/www.efmaroc.org\/efm\/wp-content\/uploads\/2022\/12\/efm-enseignement-francais-maroc-logotaglinex2.png\",\"width\":104,\"height\":78,\"caption\":\"EFM\"},\"image\":{\"@id\":\"https:\/\/www.efmaroc.org\/efm\/#\/schema\/logo\/image\/\"}},{\"@type\":\"Person\",\"@id\":\"https:\/\/www.efmaroc.org\/efm\/#\/schema\/person\/25a9b635a4b2276393dd87dbd94c6302\",\"name\":\"EFM\",\"image\":{\"@type\":\"ImageObject\",\"inLanguage\":\"fr-FR\",\"@id\":\"https:\/\/www.efmaroc.org\/efm\/#\/schema\/person\/image\/\",\"url\":\"https:\/\/secure.gravatar.com\/avatar\/0acf5f0ecc3b24f6fa3602920a0bc305ada83aa2d4adbe73d7718ee0e4155d61?s=96&d=mm&r=g\",\"contentUrl\":\"https:\/\/secure.gravatar.com\/avatar\/0acf5f0ecc3b24f6fa3602920a0bc305ada83aa2d4adbe73d7718ee0e4155d61?s=96&d=mm&r=g\",\"caption\":\"EFM\"},\"sameAs\":[\"https:\/\/www.efmaroc.org\/efm\"]}]}<\/script>\n<!-- \/ Yoast SEO plugin. -->","yoast_head_json":{"title":"Prix PriMed des jeunes de la M\u00e9diterran\u00e9e : des \u00e9tablissements du r\u00e9seau prim\u00e9s ! | Enseignement Fran\u00e7ais au Maroc","description":"Cr\u00e9\u00e9 en 2010, le Prix Jeune Public des lyc\u00e9ens du\u00a0PriMed\u00a0a \u00e9t\u00e9 renomm\u00e9 Prix Averro\u00e8s Junior en 2013, avant de devenir en 2018 le Prix des Jeunes de la","robots":{"index":"index","follow":"follow","max-snippet":"max-snippet:-1","max-image-preview":"max-image-preview:large","max-video-preview":"max-video-preview:-1"},"canonical":"https:\/\/www.efmaroc.org\/efm\/prix-primed-des-jeunes-de-la-mediterranee-des-etablissements-du-reseau-primes\/","og_locale":"fr_FR","og_type":"article","og_title":"Prix PriMed des jeunes de la M\u00e9diterran\u00e9e : des \u00e9tablissements du r\u00e9seau prim\u00e9s ! | Enseignement Fran\u00e7ais au Maroc","og_description":"Cr\u00e9\u00e9 en 2010, le Prix Jeune Public des lyc\u00e9ens du\u00a0PriMed\u00a0a \u00e9t\u00e9 renomm\u00e9 Prix Averro\u00e8s Junior en 2013, avant de devenir en 2018 le Prix des Jeunes de la","og_url":"https:\/\/www.efmaroc.org\/efm\/prix-primed-des-jeunes-de-la-mediterranee-des-etablissements-du-reseau-primes\/","og_site_name":"EFM","article_published_time":"2025-01-09T11:36:24+00:00","article_modified_time":"2025-02-10T12:54:42+00:00","og_image":[{"width":1090,"height":682,"url":"https:\/\/www.efmaroc.org\/efm\/wp-content\/uploads\/2025\/01\/Prix-PriMed-2024.jpg","type":"image\/jpeg"}],"author":"EFM","twitter_card":"summary_large_image","twitter_misc":{"\u00c9crit par":"EFM","Dur\u00e9e de lecture estim\u00e9e":"2 minutes"},"schema":{"@context":"https:\/\/schema.org","@graph":[{"@type":"Article","@id":"https:\/\/www.efmaroc.org\/efm\/prix-primed-des-jeunes-de-la-mediterranee-des-etablissements-du-reseau-primes\/#article","isPartOf":{"@id":"https:\/\/www.efmaroc.org\/efm\/prix-primed-des-jeunes-de-la-mediterranee-des-etablissements-du-reseau-primes\/"},"author":{"name":"EFM","@id":"https:\/\/www.efmaroc.org\/efm\/#\/schema\/person\/25a9b635a4b2276393dd87dbd94c6302"},"headline":"Prix PriMed des jeunes de la M\u00e9diterran\u00e9e : des \u00e9tablissements du r\u00e9seau prim\u00e9s !","datePublished":"2025-01-09T11:36:24+00:00","dateModified":"2025-02-10T12:54:42+00:00","mainEntityOfPage":{"@id":"https:\/\/www.efmaroc.org\/efm\/prix-primed-des-jeunes-de-la-mediterranee-des-etablissements-du-reseau-primes\/"},"wordCount":474,"publisher":{"@id":"https:\/\/www.efmaroc.org\/efm\/#organization"},"image":{"@id":"https:\/\/www.efmaroc.org\/efm\/prix-primed-des-jeunes-de-la-mediterranee-des-etablissements-du-reseau-primes\/#primaryimage"},"thumbnailUrl":"https:\/\/www.efmaroc.org\/efm\/wp-content\/uploads\/2025\/01\/Prix-PriMed-2024.jpg","articleSection":["R\u00e9seau"],"inLanguage":"fr-FR"},{"@type":"WebPage","@id":"https:\/\/www.efmaroc.org\/efm\/prix-primed-des-jeunes-de-la-mediterranee-des-etablissements-du-reseau-primes\/","url":"https:\/\/www.efmaroc.org\/efm\/prix-primed-des-jeunes-de-la-mediterranee-des-etablissements-du-reseau-primes\/","name":"Prix PriMed des jeunes de la M\u00e9diterran\u00e9e : des \u00e9tablissements du r\u00e9seau prim\u00e9s ! | Enseignement Fran\u00e7ais au Maroc","isPartOf":{"@id":"https:\/\/www.efmaroc.org\/efm\/#website"},"primaryImageOfPage":{"@id":"https:\/\/www.efmaroc.org\/efm\/prix-primed-des-jeunes-de-la-mediterranee-des-etablissements-du-reseau-primes\/#primaryimage"},"image":{"@id":"https:\/\/www.efmaroc.org\/efm\/prix-primed-des-jeunes-de-la-mediterranee-des-etablissements-du-reseau-primes\/#primaryimage"},"thumbnailUrl":"https:\/\/www.efmaroc.org\/efm\/wp-content\/uploads\/2025\/01\/Prix-PriMed-2024.jpg","datePublished":"2025-01-09T11:36:24+00:00","dateModified":"2025-02-10T12:54:42+00:00","description":"Cr\u00e9\u00e9 en 2010, le Prix Jeune Public des lyc\u00e9ens du\u00a0PriMed\u00a0a \u00e9t\u00e9 renomm\u00e9 Prix Averro\u00e8s Junior en 2013, avant de devenir en 2018 le Prix des Jeunes de la","breadcrumb":{"@id":"https:\/\/www.efmaroc.org\/efm\/prix-primed-des-jeunes-de-la-mediterranee-des-etablissements-du-reseau-primes\/#breadcrumb"},"inLanguage":"fr-FR","potentialAction":[{"@type":"ReadAction","target":["https:\/\/www.efmaroc.org\/efm\/prix-primed-des-jeunes-de-la-mediterranee-des-etablissements-du-reseau-primes\/"]}]},{"@type":"ImageObject","inLanguage":"fr-FR","@id":"https:\/\/www.efmaroc.org\/efm\/prix-primed-des-jeunes-de-la-mediterranee-des-etablissements-du-reseau-primes\/#primaryimage","url":"https:\/\/www.efmaroc.org\/efm\/wp-content\/uploads\/2025\/01\/Prix-PriMed-2024.jpg","contentUrl":"https:\/\/www.efmaroc.org\/efm\/wp-content\/uploads\/2025\/01\/Prix-PriMed-2024.jpg","width":1090,"height":682},{"@type":"BreadcrumbList","@id":"https:\/\/www.efmaroc.org\/efm\/prix-primed-des-jeunes-de-la-mediterranee-des-etablissements-du-reseau-primes\/#breadcrumb","itemListElement":[{"@type":"ListItem","position":1,"name":"Accueil","item":"https:\/\/www.efmaroc.org\/efm\/"},{"@type":"ListItem","position":2,"name":"Prix PriMed des jeunes de la M\u00e9diterran\u00e9e : des \u00e9tablissements du r\u00e9seau prim\u00e9s !"}]},{"@type":"WebSite","@id":"https:\/\/www.efmaroc.org\/efm\/#website","url":"https:\/\/www.efmaroc.org\/efm\/","name":"EFM","description":"Enseignement Fran\u00e7ais au Maroc","publisher":{"@id":"https:\/\/www.efmaroc.org\/efm\/#organization"},"potentialAction":[{"@type":"SearchAction","target":{"@type":"EntryPoint","urlTemplate":"https:\/\/www.efmaroc.org\/efm\/?s={search_term_string}"},"query-input":{"@type":"PropertyValueSpecification","valueRequired":true,"valueName":"search_term_string"}}],"inLanguage":"fr-FR"},{"@type":"Organization","@id":"https:\/\/www.efmaroc.org\/efm\/#organization","name":"EFM","url":"https:\/\/www.efmaroc.org\/efm\/","logo":{"@type":"ImageObject","inLanguage":"fr-FR","@id":"https:\/\/www.efmaroc.org\/efm\/#\/schema\/logo\/image\/","url":"https:\/\/www.efmaroc.org\/efm\/wp-content\/uploads\/2022\/12\/efm-enseignement-francais-maroc-logotaglinex2.png","contentUrl":"https:\/\/www.efmaroc.org\/efm\/wp-content\/uploads\/2022\/12\/efm-enseignement-francais-maroc-logotaglinex2.png","width":104,"height":78,"caption":"EFM"},"image":{"@id":"https:\/\/www.efmaroc.org\/efm\/#\/schema\/logo\/image\/"}},{"@type":"Person","@id":"https:\/\/www.efmaroc.org\/efm\/#\/schema\/person\/25a9b635a4b2276393dd87dbd94c6302","name":"EFM","image":{"@type":"ImageObject","inLanguage":"fr-FR","@id":"https:\/\/www.efmaroc.org\/efm\/#\/schema\/person\/image\/","url":"https:\/\/secure.gravatar.com\/avatar\/0acf5f0ecc3b24f6fa3602920a0bc305ada83aa2d4adbe73d7718ee0e4155d61?s=96&d=mm&r=g","contentUrl":"https:\/\/secure.gravatar.com\/avatar\/0acf5f0ecc3b24f6fa3602920a0bc305ada83aa2d4adbe73d7718ee0e4155d61?s=96&d=mm&r=g","caption":"EFM"},"sameAs":["https:\/\/www.efmaroc.org\/efm"]}]}},"jetpack_featured_media_url":"https:\/\/www.efmaroc.org\/efm\/wp-content\/uploads\/2025\/01\/Prix-PriMed-2024.jpg","jetpack_sharing_enabled":true,"_links":{"self":[{"href":"https:\/\/www.efmaroc.org\/efm\/wp-json\/wp\/v2\/posts\/23798","targetHints":{"allow":["GET"]}}],"collection":[{"href":"https:\/\/www.efmaroc.org\/efm\/wp-json\/wp\/v2\/posts"}],"about":[{"href":"https:\/\/www.efmaroc.org\/efm\/wp-json\/wp\/v2\/types\/post"}],"author":[{"embeddable":true,"href":"https:\/\/www.efmaroc.org\/efm\/wp-json\/wp\/v2\/users\/1"}],"replies":[{"embeddable":true,"href":"https:\/\/www.efmaroc.org\/efm\/wp-json\/wp\/v2\/comments?post=23798"}],"version-history":[{"count":1,"href":"https:\/\/www.efmaroc.org\/efm\/wp-json\/wp\/v2\/posts\/23798\/revisions"}],"predecessor-version":[{"id":23800,"href":"https:\/\/www.efmaroc.org\/efm\/wp-json\/wp\/v2\/posts\/23798\/revisions\/23800"}],"wp:featuredmedia":[{"embeddable":true,"href":"https:\/\/www.efmaroc.org\/efm\/wp-json\/wp\/v2\/media\/23799"}],"wp:attachment":[{"href":"https:\/\/www.efmaroc.org\/efm\/wp-json\/wp\/v2\/media?parent=23798"}],"wp:term":[{"taxonomy":"category","embeddable":true,"href":"https:\/\/www.efmaroc.org\/efm\/wp-json\/wp\/v2\/categories?post=23798"},{"taxonomy":"post_tag","embeddable":true,"href":"https:\/\/www.efmaroc.org\/efm\/wp-json\/wp\/v2\/tags?post=23798"}],"curies":[{"name":"wp","href":"https:\/\/api.w.org\/{rel}","templated":true}]}}