{"id":23819,"date":"2025-01-10T14:16:37","date_gmt":"2025-01-10T13:16:37","guid":{"rendered":"https:\/\/www.efmaroc.org\/efm\/?p=23819"},"modified":"2025-02-10T13:54:31","modified_gmt":"2025-02-10T12:54:31","slug":"voeux-de-madame-esnault-cocac-adjointe-en-charge-de-lenseignement-francais-au-maroc","status":"publish","type":"post","link":"https:\/\/www.efmaroc.org\/efm\/voeux-de-madame-esnault-cocac-adjointe-en-charge-de-lenseignement-francais-au-maroc\/","title":{"rendered":"V\u0153ux de Madame Esnault, COCAC Adjointe en charge de l&rsquo;enseignement fran\u00e7ais au Maroc"},"content":{"rendered":"\n<p>Mesdames et messieurs,<\/p>\n\n\n\n<p>Ch\u00e8res et chers \u00e9l\u00e8ves,<\/p>\n\n\n\n<p>Ch\u00e8res et chers parents,<\/p>\n\n\n\n<p>Ch\u00e8res et chers coll\u00e8gues,&nbsp;<\/p>\n\n\n\n<p>Je tiens, en cette rentr\u00e9e 2025, \u00e0 vous souhaiter une excellente ann\u00e9e emplie de r\u00e9ussites et de perspectives nouvelles et enthousiasmantes.<\/p>\n\n\n\n<p>Depuis septembre, j\u2019ai pu appr\u00e9cier l\u2019engagement de l\u2019ensemble des personnels des \u00e9tablissements fran\u00e7ais au Maroc.<\/p>\n\n\n\n<p>J\u2019ai aussi pu constater l\u2019importance de ce r\u00e9seau d\u2019enseignement fran\u00e7ais, en constante \u00e9volution avec 44 \u00e9tablissements et pr\u00e8s de 50 000 \u00e9l\u00e8ves.<\/p>\n\n\n\n<p>Non seulement par sa taille, mais aussi par son ancrage historique sur ce territoire, je mesure au quotidien l\u2019attachement des familles au syst\u00e8me \u00e9ducatif fran\u00e7ais et aux valeurs de notre \u00e9cole.<\/p>\n\n\n\n<p>Bien s\u00fbr, nous rencontrons des situations parfois complexes qu\u2019il nous faut r\u00e9soudre. Nous devons soutenir au quotidien l\u2019attractivit\u00e9 de nos \u00e9tablissements, mais c\u2019est bien ensemble que nous sommes capables de vous garantir, \u00e0 vous les \u00e9l\u00e8ves, un enseignement de qualit\u00e9 et un \u00e9panouissement pour devenir les adultes de demain.<\/p>\n\n\n\n<p>Gr\u00e2ce \u00e0 l\u2019implication des \u00e9quipes \u00e9ducatives et \u00e0 la confiance que nous accordent les familles, je sais que vous pouvez \u00eatre&nbsp;fiers d\u2019\u00eatre au c\u0153ur de ce r\u00e9seau.<\/p>\n\n\n\n<p>Au nom du service de coop\u00e9ration et d\u2019action culturelle de l\u2019ambassade de France au Maroc, et du r\u00e9seau d\u2019enseignement fran\u00e7ais au Maroc, je vous pr\u00e9sente tous mes v\u0153ux pour 2025 !<\/p>\n\n\n\n<p>GUYLENE ESNAULT<\/p>\n\n\n\n<p>Inspectrice d\u2019acad\u00e9mie<\/p>\n\n\n\n<p>Conseill\u00e8re adjointe de Coop\u00e9ration et d\u2019Action Culturelle<\/p>\n\n\n\n<p>en charge de l\u2019Enseignement Fran\u00e7ais au Maroc<\/p>\n\n\n\n<p><\/p>\n\n\n\n<p><\/p>\n","protected":false},"excerpt":{"rendered":"<p>Mesdames et messieurs, Ch\u00e8res et chers \u00e9l\u00e8ves, Ch\u00e8res et chers parents, Ch\u00e8res et chers coll\u00e8gues,&nbsp;&hellip;<\/p>\n","protected":false},"author":1,"featured_media":23820,"comment_status":"closed","ping_status":"open","sticky":false,"template":"","format":"standard","meta":{"_jetpack_newsletter_access":"","_jetpack_dont_email_post_to_subs":false,"_jetpack_newsletter_tier_id":0,"_jetpack_memberships_contains_paywalled_content":false,"_jetpack_memberships_contains_paid_content":false,"footnotes":""},"categories":[13],"tags":[],"class_list":["post-23819","post","type-post","status-publish","format-standard","has-post-thumbnail","hentry","category-reseau"],"yoast_head":"<!-- This site is optimized with the Yoast SEO plugin v26.8 - https:\/\/yoast.com\/product\/yoast-seo-wordpress\/ -->\n<title>V\u0153ux de Madame Esnault, COCAC Adjointe en charge de l&#039;enseignement fran\u00e7ais au Maroc | Enseignement Fran\u00e7ais au Maroc<\/title>\n<meta name=\"description\" content=\"Mesdames et messieurs, Ch\u00e8res et chers \u00e9l\u00e8ves, Ch\u00e8res et chers parents, Ch\u00e8res et chers coll\u00e8gues,&nbsp; Je tiens, en cette rentr\u00e9e 2025, \u00e0 vous souhaiter\" \/>\n<meta name=\"robots\" content=\"index, follow, max-snippet:-1, max-image-preview:large, max-video-preview:-1\" \/>\n<link rel=\"canonical\" href=\"https:\/\/www.efmaroc.org\/efm\/voeux-de-madame-esnault-cocac-adjointe-en-charge-de-lenseignement-francais-au-maroc\/\" \/>\n<meta property=\"og:locale\" content=\"fr_FR\" \/>\n<meta property=\"og:type\" content=\"article\" \/>\n<meta property=\"og:title\" content=\"V\u0153ux de Madame Esnault, COCAC Adjointe en charge de l&#039;enseignement fran\u00e7ais au Maroc | Enseignement Fran\u00e7ais au Maroc\" \/>\n<meta property=\"og:description\" content=\"Mesdames et messieurs, Ch\u00e8res et chers \u00e9l\u00e8ves, Ch\u00e8res et chers parents, Ch\u00e8res et chers coll\u00e8gues,&nbsp; Je tiens, en cette rentr\u00e9e 2025, \u00e0 vous souhaiter\" \/>\n<meta property=\"og:url\" content=\"https:\/\/www.efmaroc.org\/efm\/voeux-de-madame-esnault-cocac-adjointe-en-charge-de-lenseignement-francais-au-maroc\/\" \/>\n<meta property=\"og:site_name\" content=\"EFM\" \/>\n<meta property=\"article:published_time\" content=\"2025-01-10T13:16:37+00:00\" \/>\n<meta property=\"article:modified_time\" content=\"2025-02-10T12:54:31+00:00\" \/>\n<meta property=\"og:image\" content=\"https:\/\/www.efmaroc.org\/efm\/wp-content\/uploads\/2025\/01\/6orw9bsh.png\" \/>\n\t<meta property=\"og:image:width\" content=\"795\" \/>\n\t<meta property=\"og:image:height\" content=\"750\" \/>\n\t<meta property=\"og:image:type\" content=\"image\/png\" \/>\n<meta name=\"author\" content=\"EFM\" \/>\n<meta name=\"twitter:card\" content=\"summary_large_image\" \/>\n<meta name=\"twitter:label1\" content=\"\u00c9crit par\" \/>\n\t<meta name=\"twitter:data1\" content=\"EFM\" \/>\n\t<meta name=\"twitter:label2\" content=\"Dur\u00e9e de lecture estim\u00e9e\" \/>\n\t<meta name=\"twitter:data2\" content=\"1 minute\" \/>\n<script type=\"application\/ld+json\" class=\"yoast-schema-graph\">{\"@context\":\"https:\/\/schema.org\",\"@graph\":[{\"@type\":\"Article\",\"@id\":\"https:\/\/www.efmaroc.org\/efm\/voeux-de-madame-esnault-cocac-adjointe-en-charge-de-lenseignement-francais-au-maroc\/#article\",\"isPartOf\":{\"@id\":\"https:\/\/www.efmaroc.org\/efm\/voeux-de-madame-esnault-cocac-adjointe-en-charge-de-lenseignement-francais-au-maroc\/\"},\"author\":{\"name\":\"EFM\",\"@id\":\"https:\/\/www.efmaroc.org\/efm\/#\/schema\/person\/25a9b635a4b2276393dd87dbd94c6302\"},\"headline\":\"V\u0153ux de Madame Esnault, COCAC Adjointe en charge de l&rsquo;enseignement fran\u00e7ais au Maroc\",\"datePublished\":\"2025-01-10T13:16:37+00:00\",\"dateModified\":\"2025-02-10T12:54:31+00:00\",\"mainEntityOfPage\":{\"@id\":\"https:\/\/www.efmaroc.org\/efm\/voeux-de-madame-esnault-cocac-adjointe-en-charge-de-lenseignement-francais-au-maroc\/\"},\"wordCount\":287,\"publisher\":{\"@id\":\"https:\/\/www.efmaroc.org\/efm\/#organization\"},\"image\":{\"@id\":\"https:\/\/www.efmaroc.org\/efm\/voeux-de-madame-esnault-cocac-adjointe-en-charge-de-lenseignement-francais-au-maroc\/#primaryimage\"},\"thumbnailUrl\":\"https:\/\/www.efmaroc.org\/efm\/wp-content\/uploads\/2025\/01\/6orw9bsh.png\",\"articleSection\":[\"R\u00e9seau\"],\"inLanguage\":\"fr-FR\"},{\"@type\":\"WebPage\",\"@id\":\"https:\/\/www.efmaroc.org\/efm\/voeux-de-madame-esnault-cocac-adjointe-en-charge-de-lenseignement-francais-au-maroc\/\",\"url\":\"https:\/\/www.efmaroc.org\/efm\/voeux-de-madame-esnault-cocac-adjointe-en-charge-de-lenseignement-francais-au-maroc\/\",\"name\":\"V\u0153ux de Madame Esnault, COCAC Adjointe en charge de l'enseignement fran\u00e7ais au Maroc | Enseignement Fran\u00e7ais au Maroc\",\"isPartOf\":{\"@id\":\"https:\/\/www.efmaroc.org\/efm\/#website\"},\"primaryImageOfPage\":{\"@id\":\"https:\/\/www.efmaroc.org\/efm\/voeux-de-madame-esnault-cocac-adjointe-en-charge-de-lenseignement-francais-au-maroc\/#primaryimage\"},\"image\":{\"@id\":\"https:\/\/www.efmaroc.org\/efm\/voeux-de-madame-esnault-cocac-adjointe-en-charge-de-lenseignement-francais-au-maroc\/#primaryimage\"},\"thumbnailUrl\":\"https:\/\/www.efmaroc.org\/efm\/wp-content\/uploads\/2025\/01\/6orw9bsh.png\",\"datePublished\":\"2025-01-10T13:16:37+00:00\",\"dateModified\":\"2025-02-10T12:54:31+00:00\",\"description\":\"Mesdames et messieurs, Ch\u00e8res et chers \u00e9l\u00e8ves, Ch\u00e8res et chers parents, Ch\u00e8res et chers coll\u00e8gues,&nbsp; Je tiens, en cette rentr\u00e9e 2025, \u00e0 vous souhaiter\",\"breadcrumb\":{\"@id\":\"https:\/\/www.efmaroc.org\/efm\/voeux-de-madame-esnault-cocac-adjointe-en-charge-de-lenseignement-francais-au-maroc\/#breadcrumb\"},\"inLanguage\":\"fr-FR\",\"potentialAction\":[{\"@type\":\"ReadAction\",\"target\":[\"https:\/\/www.efmaroc.org\/efm\/voeux-de-madame-esnault-cocac-adjointe-en-charge-de-lenseignement-francais-au-maroc\/\"]}]},{\"@type\":\"ImageObject\",\"inLanguage\":\"fr-FR\",\"@id\":\"https:\/\/www.efmaroc.org\/efm\/voeux-de-madame-esnault-cocac-adjointe-en-charge-de-lenseignement-francais-au-maroc\/#primaryimage\",\"url\":\"https:\/\/www.efmaroc.org\/efm\/wp-content\/uploads\/2025\/01\/6orw9bsh.png\",\"contentUrl\":\"https:\/\/www.efmaroc.org\/efm\/wp-content\/uploads\/2025\/01\/6orw9bsh.png\",\"width\":795,\"height\":750},{\"@type\":\"BreadcrumbList\",\"@id\":\"https:\/\/www.efmaroc.org\/efm\/voeux-de-madame-esnault-cocac-adjointe-en-charge-de-lenseignement-francais-au-maroc\/#breadcrumb\",\"itemListElement\":[{\"@type\":\"ListItem\",\"position\":1,\"name\":\"Accueil\",\"item\":\"https:\/\/www.efmaroc.org\/efm\/\"},{\"@type\":\"ListItem\",\"position\":2,\"name\":\"V\u0153ux de Madame Esnault, COCAC Adjointe en charge de l&rsquo;enseignement fran\u00e7ais au Maroc\"}]},{\"@type\":\"WebSite\",\"@id\":\"https:\/\/www.efmaroc.org\/efm\/#website\",\"url\":\"https:\/\/www.efmaroc.org\/efm\/\",\"name\":\"EFM\",\"description\":\"Enseignement Fran\u00e7ais au Maroc\",\"publisher\":{\"@id\":\"https:\/\/www.efmaroc.org\/efm\/#organization\"},\"potentialAction\":[{\"@type\":\"SearchAction\",\"target\":{\"@type\":\"EntryPoint\",\"urlTemplate\":\"https:\/\/www.efmaroc.org\/efm\/?s={search_term_string}\"},\"query-input\":{\"@type\":\"PropertyValueSpecification\",\"valueRequired\":true,\"valueName\":\"search_term_string\"}}],\"inLanguage\":\"fr-FR\"},{\"@type\":\"Organization\",\"@id\":\"https:\/\/www.efmaroc.org\/efm\/#organization\",\"name\":\"EFM\",\"url\":\"https:\/\/www.efmaroc.org\/efm\/\",\"logo\":{\"@type\":\"ImageObject\",\"inLanguage\":\"fr-FR\",\"@id\":\"https:\/\/www.efmaroc.org\/efm\/#\/schema\/logo\/image\/\",\"url\":\"https:\/\/www.efmaroc.org\/efm\/wp-content\/uploads\/2022\/12\/efm-enseignement-francais-maroc-logotaglinex2.png\",\"contentUrl\":\"https:\/\/www.efmaroc.org\/efm\/wp-content\/uploads\/2022\/12\/efm-enseignement-francais-maroc-logotaglinex2.png\",\"width\":104,\"height\":78,\"caption\":\"EFM\"},\"image\":{\"@id\":\"https:\/\/www.efmaroc.org\/efm\/#\/schema\/logo\/image\/\"}},{\"@type\":\"Person\",\"@id\":\"https:\/\/www.efmaroc.org\/efm\/#\/schema\/person\/25a9b635a4b2276393dd87dbd94c6302\",\"name\":\"EFM\",\"image\":{\"@type\":\"ImageObject\",\"inLanguage\":\"fr-FR\",\"@id\":\"https:\/\/www.efmaroc.org\/efm\/#\/schema\/person\/image\/\",\"url\":\"https:\/\/secure.gravatar.com\/avatar\/0acf5f0ecc3b24f6fa3602920a0bc305ada83aa2d4adbe73d7718ee0e4155d61?s=96&d=mm&r=g\",\"contentUrl\":\"https:\/\/secure.gravatar.com\/avatar\/0acf5f0ecc3b24f6fa3602920a0bc305ada83aa2d4adbe73d7718ee0e4155d61?s=96&d=mm&r=g\",\"caption\":\"EFM\"},\"sameAs\":[\"https:\/\/www.efmaroc.org\/efm\"]}]}<\/script>\n<!-- \/ Yoast SEO plugin. -->","yoast_head_json":{"title":"V\u0153ux de Madame Esnault, COCAC Adjointe en charge de l'enseignement fran\u00e7ais au Maroc | Enseignement Fran\u00e7ais au Maroc","description":"Mesdames et messieurs, Ch\u00e8res et chers \u00e9l\u00e8ves, Ch\u00e8res et chers parents, Ch\u00e8res et chers coll\u00e8gues,&nbsp; Je tiens, en cette rentr\u00e9e 2025, \u00e0 vous souhaiter","robots":{"index":"index","follow":"follow","max-snippet":"max-snippet:-1","max-image-preview":"max-image-preview:large","max-video-preview":"max-video-preview:-1"},"canonical":"https:\/\/www.efmaroc.org\/efm\/voeux-de-madame-esnault-cocac-adjointe-en-charge-de-lenseignement-francais-au-maroc\/","og_locale":"fr_FR","og_type":"article","og_title":"V\u0153ux de Madame Esnault, COCAC Adjointe en charge de l'enseignement fran\u00e7ais au Maroc | Enseignement Fran\u00e7ais au Maroc","og_description":"Mesdames et messieurs, Ch\u00e8res et chers \u00e9l\u00e8ves, Ch\u00e8res et chers parents, Ch\u00e8res et chers coll\u00e8gues,&nbsp; Je tiens, en cette rentr\u00e9e 2025, \u00e0 vous souhaiter","og_url":"https:\/\/www.efmaroc.org\/efm\/voeux-de-madame-esnault-cocac-adjointe-en-charge-de-lenseignement-francais-au-maroc\/","og_site_name":"EFM","article_published_time":"2025-01-10T13:16:37+00:00","article_modified_time":"2025-02-10T12:54:31+00:00","og_image":[{"width":795,"height":750,"url":"https:\/\/www.efmaroc.org\/efm\/wp-content\/uploads\/2025\/01\/6orw9bsh.png","type":"image\/png"}],"author":"EFM","twitter_card":"summary_large_image","twitter_misc":{"\u00c9crit par":"EFM","Dur\u00e9e de lecture estim\u00e9e":"1 minute"},"schema":{"@context":"https:\/\/schema.org","@graph":[{"@type":"Article","@id":"https:\/\/www.efmaroc.org\/efm\/voeux-de-madame-esnault-cocac-adjointe-en-charge-de-lenseignement-francais-au-maroc\/#article","isPartOf":{"@id":"https:\/\/www.efmaroc.org\/efm\/voeux-de-madame-esnault-cocac-adjointe-en-charge-de-lenseignement-francais-au-maroc\/"},"author":{"name":"EFM","@id":"https:\/\/www.efmaroc.org\/efm\/#\/schema\/person\/25a9b635a4b2276393dd87dbd94c6302"},"headline":"V\u0153ux de Madame Esnault, COCAC Adjointe en charge de l&rsquo;enseignement fran\u00e7ais au Maroc","datePublished":"2025-01-10T13:16:37+00:00","dateModified":"2025-02-10T12:54:31+00:00","mainEntityOfPage":{"@id":"https:\/\/www.efmaroc.org\/efm\/voeux-de-madame-esnault-cocac-adjointe-en-charge-de-lenseignement-francais-au-maroc\/"},"wordCount":287,"publisher":{"@id":"https:\/\/www.efmaroc.org\/efm\/#organization"},"image":{"@id":"https:\/\/www.efmaroc.org\/efm\/voeux-de-madame-esnault-cocac-adjointe-en-charge-de-lenseignement-francais-au-maroc\/#primaryimage"},"thumbnailUrl":"https:\/\/www.efmaroc.org\/efm\/wp-content\/uploads\/2025\/01\/6orw9bsh.png","articleSection":["R\u00e9seau"],"inLanguage":"fr-FR"},{"@type":"WebPage","@id":"https:\/\/www.efmaroc.org\/efm\/voeux-de-madame-esnault-cocac-adjointe-en-charge-de-lenseignement-francais-au-maroc\/","url":"https:\/\/www.efmaroc.org\/efm\/voeux-de-madame-esnault-cocac-adjointe-en-charge-de-lenseignement-francais-au-maroc\/","name":"V\u0153ux de Madame Esnault, COCAC Adjointe en charge de l'enseignement fran\u00e7ais au Maroc | Enseignement Fran\u00e7ais au Maroc","isPartOf":{"@id":"https:\/\/www.efmaroc.org\/efm\/#website"},"primaryImageOfPage":{"@id":"https:\/\/www.efmaroc.org\/efm\/voeux-de-madame-esnault-cocac-adjointe-en-charge-de-lenseignement-francais-au-maroc\/#primaryimage"},"image":{"@id":"https:\/\/www.efmaroc.org\/efm\/voeux-de-madame-esnault-cocac-adjointe-en-charge-de-lenseignement-francais-au-maroc\/#primaryimage"},"thumbnailUrl":"https:\/\/www.efmaroc.org\/efm\/wp-content\/uploads\/2025\/01\/6orw9bsh.png","datePublished":"2025-01-10T13:16:37+00:00","dateModified":"2025-02-10T12:54:31+00:00","description":"Mesdames et messieurs, Ch\u00e8res et chers \u00e9l\u00e8ves, Ch\u00e8res et chers parents, Ch\u00e8res et chers coll\u00e8gues,&nbsp; Je tiens, en cette rentr\u00e9e 2025, \u00e0 vous souhaiter","breadcrumb":{"@id":"https:\/\/www.efmaroc.org\/efm\/voeux-de-madame-esnault-cocac-adjointe-en-charge-de-lenseignement-francais-au-maroc\/#breadcrumb"},"inLanguage":"fr-FR","potentialAction":[{"@type":"ReadAction","target":["https:\/\/www.efmaroc.org\/efm\/voeux-de-madame-esnault-cocac-adjointe-en-charge-de-lenseignement-francais-au-maroc\/"]}]},{"@type":"ImageObject","inLanguage":"fr-FR","@id":"https:\/\/www.efmaroc.org\/efm\/voeux-de-madame-esnault-cocac-adjointe-en-charge-de-lenseignement-francais-au-maroc\/#primaryimage","url":"https:\/\/www.efmaroc.org\/efm\/wp-content\/uploads\/2025\/01\/6orw9bsh.png","contentUrl":"https:\/\/www.efmaroc.org\/efm\/wp-content\/uploads\/2025\/01\/6orw9bsh.png","width":795,"height":750},{"@type":"BreadcrumbList","@id":"https:\/\/www.efmaroc.org\/efm\/voeux-de-madame-esnault-cocac-adjointe-en-charge-de-lenseignement-francais-au-maroc\/#breadcrumb","itemListElement":[{"@type":"ListItem","position":1,"name":"Accueil","item":"https:\/\/www.efmaroc.org\/efm\/"},{"@type":"ListItem","position":2,"name":"V\u0153ux de Madame Esnault, COCAC Adjointe en charge de l&rsquo;enseignement fran\u00e7ais au Maroc"}]},{"@type":"WebSite","@id":"https:\/\/www.efmaroc.org\/efm\/#website","url":"https:\/\/www.efmaroc.org\/efm\/","name":"EFM","description":"Enseignement Fran\u00e7ais au Maroc","publisher":{"@id":"https:\/\/www.efmaroc.org\/efm\/#organization"},"potentialAction":[{"@type":"SearchAction","target":{"@type":"EntryPoint","urlTemplate":"https:\/\/www.efmaroc.org\/efm\/?s={search_term_string}"},"query-input":{"@type":"PropertyValueSpecification","valueRequired":true,"valueName":"search_term_string"}}],"inLanguage":"fr-FR"},{"@type":"Organization","@id":"https:\/\/www.efmaroc.org\/efm\/#organization","name":"EFM","url":"https:\/\/www.efmaroc.org\/efm\/","logo":{"@type":"ImageObject","inLanguage":"fr-FR","@id":"https:\/\/www.efmaroc.org\/efm\/#\/schema\/logo\/image\/","url":"https:\/\/www.efmaroc.org\/efm\/wp-content\/uploads\/2022\/12\/efm-enseignement-francais-maroc-logotaglinex2.png","contentUrl":"https:\/\/www.efmaroc.org\/efm\/wp-content\/uploads\/2022\/12\/efm-enseignement-francais-maroc-logotaglinex2.png","width":104,"height":78,"caption":"EFM"},"image":{"@id":"https:\/\/www.efmaroc.org\/efm\/#\/schema\/logo\/image\/"}},{"@type":"Person","@id":"https:\/\/www.efmaroc.org\/efm\/#\/schema\/person\/25a9b635a4b2276393dd87dbd94c6302","name":"EFM","image":{"@type":"ImageObject","inLanguage":"fr-FR","@id":"https:\/\/www.efmaroc.org\/efm\/#\/schema\/person\/image\/","url":"https:\/\/secure.gravatar.com\/avatar\/0acf5f0ecc3b24f6fa3602920a0bc305ada83aa2d4adbe73d7718ee0e4155d61?s=96&d=mm&r=g","contentUrl":"https:\/\/secure.gravatar.com\/avatar\/0acf5f0ecc3b24f6fa3602920a0bc305ada83aa2d4adbe73d7718ee0e4155d61?s=96&d=mm&r=g","caption":"EFM"},"sameAs":["https:\/\/www.efmaroc.org\/efm"]}]}},"jetpack_featured_media_url":"https:\/\/www.efmaroc.org\/efm\/wp-content\/uploads\/2025\/01\/6orw9bsh.png","jetpack_sharing_enabled":true,"_links":{"self":[{"href":"https:\/\/www.efmaroc.org\/efm\/wp-json\/wp\/v2\/posts\/23819","targetHints":{"allow":["GET"]}}],"collection":[{"href":"https:\/\/www.efmaroc.org\/efm\/wp-json\/wp\/v2\/posts"}],"about":[{"href":"https:\/\/www.efmaroc.org\/efm\/wp-json\/wp\/v2\/types\/post"}],"author":[{"embeddable":true,"href":"https:\/\/www.efmaroc.org\/efm\/wp-json\/wp\/v2\/users\/1"}],"replies":[{"embeddable":true,"href":"https:\/\/www.efmaroc.org\/efm\/wp-json\/wp\/v2\/comments?post=23819"}],"version-history":[{"count":2,"href":"https:\/\/www.efmaroc.org\/efm\/wp-json\/wp\/v2\/posts\/23819\/revisions"}],"predecessor-version":[{"id":23831,"href":"https:\/\/www.efmaroc.org\/efm\/wp-json\/wp\/v2\/posts\/23819\/revisions\/23831"}],"wp:featuredmedia":[{"embeddable":true,"href":"https:\/\/www.efmaroc.org\/efm\/wp-json\/wp\/v2\/media\/23820"}],"wp:attachment":[{"href":"https:\/\/www.efmaroc.org\/efm\/wp-json\/wp\/v2\/media?parent=23819"}],"wp:term":[{"taxonomy":"category","embeddable":true,"href":"https:\/\/www.efmaroc.org\/efm\/wp-json\/wp\/v2\/categories?post=23819"},{"taxonomy":"post_tag","embeddable":true,"href":"https:\/\/www.efmaroc.org\/efm\/wp-json\/wp\/v2\/tags?post=23819"}],"curies":[{"name":"wp","href":"https:\/\/api.w.org\/{rel}","templated":true}]}}