{"id":23889,"date":"2025-01-27T19:18:18","date_gmt":"2025-01-27T18:18:18","guid":{"rendered":"https:\/\/www.efmaroc.org\/efm\/?p=23889"},"modified":"2025-02-10T13:54:10","modified_gmt":"2025-02-10T12:54:10","slug":"semaine-des-enseignements-de-specialite-du-27-janvier-au-02-fevrier-2025","status":"publish","type":"post","link":"https:\/\/www.efmaroc.org\/efm\/semaine-des-enseignements-de-specialite-du-27-janvier-au-02-fevrier-2025\/","title":{"rendered":"Semaine des Enseignements de Sp\u00e9cialit\u00e9.  Du 27 janvier au 02 f\u00e9vrier 2025"},"content":{"rendered":"\n<p>\u2734\ufe0f Un \u00e9v\u00e9nement annuel incontournable pour les \u00e9l\u00e8ves de Seconde \u2734\ufe0f<br><br>\ud83d\udce3 \ud83d\udcc5 Cette ann\u00e9e, la Semaine des Enseignements de Sp\u00e9cialit\u00e9 a lieu du\u00a027 janvier au 2 f\u00e9vrier 2025\u00a0sur le forum AGORA Monde.<br><br>Ce sera l\u2019occasion pour tous les lyc\u00e9ens et lyc\u00e9ennes de Seconde de\u00a0se renseigner sur les enseignements de sp\u00e9cialit\u00e9\u00a0(EDS) :<br>&#8211; en classe, en s\u2019informant sur les EDS et en r\u00e9fl\u00e9chissant aux choix \u00e0 faire, avec une s\u00e9ance d\u00e9di\u00e9e ;<br>&#8211; sur le\u00a0Forum AGORA-AEFE\u00a0en \u00e9changeant avec des lyc\u00e9ens et lyc\u00e9ennes de premi\u00e8re et terminale, des \u00e9tudiants et des enseignants disponibles durant toute la semaine :<br><br>\u25b6\ufe0f L\u2019objectif de cette semaine th\u00e9matique est d\u2019accompagner au mieux la construction du parcours scolaire des \u00e9l\u00e8ves, de la seconde au post bac.<br><br>\ud83d\udcf2 \ud83d\udcbb RV sur le Forum Agora &#8211; AEFE<br><a href=\"https:\/\/lnkd.in\/em7gb-UM\">https:\/\/lnkd.in\/em7gb-UM<\/a><\/p>\n","protected":false},"excerpt":{"rendered":"<p>\u2734\ufe0f Un \u00e9v\u00e9nement annuel incontournable pour les \u00e9l\u00e8ves de Seconde \u2734\ufe0f \ud83d\udce3 \ud83d\udcc5 Cette ann\u00e9e,&hellip;<\/p>\n","protected":false},"author":1,"featured_media":23890,"comment_status":"closed","ping_status":"open","sticky":false,"template":"","format":"standard","meta":{"_jetpack_newsletter_access":"","_jetpack_dont_email_post_to_subs":false,"_jetpack_newsletter_tier_id":0,"_jetpack_memberships_contains_paywalled_content":false,"_jetpack_memberships_contains_paid_content":false,"footnotes":""},"categories":[13],"tags":[],"class_list":["post-23889","post","type-post","status-publish","format-standard","has-post-thumbnail","hentry","category-reseau"],"yoast_head":"<!-- This site is optimized with the Yoast SEO plugin v26.8 - https:\/\/yoast.com\/product\/yoast-seo-wordpress\/ -->\n<title>Semaine des Enseignements de Sp\u00e9cialit\u00e9. Du 27 janvier au 02 f\u00e9vrier 2025 | Enseignement Fran\u00e7ais au Maroc<\/title>\n<meta name=\"description\" content=\"\u2734\ufe0f Un \u00e9v\u00e9nement annuel incontournable pour les \u00e9l\u00e8ves de Seconde \u2734\ufe0f\ud83d\udce3 \ud83d\udcc5 Cette ann\u00e9e, la Semaine des Enseignements de Sp\u00e9cialit\u00e9 a lieu du\u00a027 janvier au 2\" \/>\n<meta name=\"robots\" content=\"index, follow, max-snippet:-1, max-image-preview:large, max-video-preview:-1\" \/>\n<link rel=\"canonical\" href=\"https:\/\/www.efmaroc.org\/efm\/semaine-des-enseignements-de-specialite-du-27-janvier-au-02-fevrier-2025\/\" \/>\n<meta property=\"og:locale\" content=\"fr_FR\" \/>\n<meta property=\"og:type\" content=\"article\" \/>\n<meta property=\"og:title\" content=\"Semaine des Enseignements de Sp\u00e9cialit\u00e9. Du 27 janvier au 02 f\u00e9vrier 2025 | Enseignement Fran\u00e7ais au Maroc\" \/>\n<meta property=\"og:description\" content=\"\u2734\ufe0f Un \u00e9v\u00e9nement annuel incontournable pour les \u00e9l\u00e8ves de Seconde \u2734\ufe0f\ud83d\udce3 \ud83d\udcc5 Cette ann\u00e9e, la Semaine des Enseignements de Sp\u00e9cialit\u00e9 a lieu du\u00a027 janvier au 2\" \/>\n<meta property=\"og:url\" content=\"https:\/\/www.efmaroc.org\/efm\/semaine-des-enseignements-de-specialite-du-27-janvier-au-02-fevrier-2025\/\" \/>\n<meta property=\"og:site_name\" content=\"EFM\" \/>\n<meta property=\"article:published_time\" content=\"2025-01-27T18:18:18+00:00\" \/>\n<meta property=\"article:modified_time\" content=\"2025-02-10T12:54:10+00:00\" \/>\n<meta property=\"og:image\" content=\"https:\/\/www.efmaroc.org\/efm\/wp-content\/uploads\/2025\/01\/th-970x1000-semaine_des_eds_2025_sur_agora_monde.png.png\" \/>\n\t<meta property=\"og:image:width\" content=\"800\" \/>\n\t<meta property=\"og:image:height\" content=\"500\" \/>\n\t<meta property=\"og:image:type\" content=\"image\/png\" \/>\n<meta name=\"author\" content=\"EFM\" \/>\n<meta name=\"twitter:card\" content=\"summary_large_image\" \/>\n<meta name=\"twitter:label1\" content=\"\u00c9crit par\" \/>\n\t<meta name=\"twitter:data1\" content=\"EFM\" \/>\n\t<meta name=\"twitter:label2\" content=\"Dur\u00e9e de lecture estim\u00e9e\" \/>\n\t<meta name=\"twitter:data2\" content=\"1 minute\" \/>\n<script type=\"application\/ld+json\" class=\"yoast-schema-graph\">{\"@context\":\"https:\/\/schema.org\",\"@graph\":[{\"@type\":\"Article\",\"@id\":\"https:\/\/www.efmaroc.org\/efm\/semaine-des-enseignements-de-specialite-du-27-janvier-au-02-fevrier-2025\/#article\",\"isPartOf\":{\"@id\":\"https:\/\/www.efmaroc.org\/efm\/semaine-des-enseignements-de-specialite-du-27-janvier-au-02-fevrier-2025\/\"},\"author\":{\"name\":\"EFM\",\"@id\":\"https:\/\/www.efmaroc.org\/efm\/#\/schema\/person\/25a9b635a4b2276393dd87dbd94c6302\"},\"headline\":\"Semaine des Enseignements de Sp\u00e9cialit\u00e9. Du 27 janvier au 02 f\u00e9vrier 2025\",\"datePublished\":\"2025-01-27T18:18:18+00:00\",\"dateModified\":\"2025-02-10T12:54:10+00:00\",\"mainEntityOfPage\":{\"@id\":\"https:\/\/www.efmaroc.org\/efm\/semaine-des-enseignements-de-specialite-du-27-janvier-au-02-fevrier-2025\/\"},\"wordCount\":159,\"publisher\":{\"@id\":\"https:\/\/www.efmaroc.org\/efm\/#organization\"},\"image\":{\"@id\":\"https:\/\/www.efmaroc.org\/efm\/semaine-des-enseignements-de-specialite-du-27-janvier-au-02-fevrier-2025\/#primaryimage\"},\"thumbnailUrl\":\"https:\/\/www.efmaroc.org\/efm\/wp-content\/uploads\/2025\/01\/th-970x1000-semaine_des_eds_2025_sur_agora_monde.png.png\",\"articleSection\":[\"R\u00e9seau\"],\"inLanguage\":\"fr-FR\"},{\"@type\":\"WebPage\",\"@id\":\"https:\/\/www.efmaroc.org\/efm\/semaine-des-enseignements-de-specialite-du-27-janvier-au-02-fevrier-2025\/\",\"url\":\"https:\/\/www.efmaroc.org\/efm\/semaine-des-enseignements-de-specialite-du-27-janvier-au-02-fevrier-2025\/\",\"name\":\"Semaine des Enseignements de Sp\u00e9cialit\u00e9. Du 27 janvier au 02 f\u00e9vrier 2025 | Enseignement Fran\u00e7ais au Maroc\",\"isPartOf\":{\"@id\":\"https:\/\/www.efmaroc.org\/efm\/#website\"},\"primaryImageOfPage\":{\"@id\":\"https:\/\/www.efmaroc.org\/efm\/semaine-des-enseignements-de-specialite-du-27-janvier-au-02-fevrier-2025\/#primaryimage\"},\"image\":{\"@id\":\"https:\/\/www.efmaroc.org\/efm\/semaine-des-enseignements-de-specialite-du-27-janvier-au-02-fevrier-2025\/#primaryimage\"},\"thumbnailUrl\":\"https:\/\/www.efmaroc.org\/efm\/wp-content\/uploads\/2025\/01\/th-970x1000-semaine_des_eds_2025_sur_agora_monde.png.png\",\"datePublished\":\"2025-01-27T18:18:18+00:00\",\"dateModified\":\"2025-02-10T12:54:10+00:00\",\"description\":\"\u2734\ufe0f Un \u00e9v\u00e9nement annuel incontournable pour les \u00e9l\u00e8ves de Seconde \u2734\ufe0f\ud83d\udce3 \ud83d\udcc5 Cette ann\u00e9e, la Semaine des Enseignements de Sp\u00e9cialit\u00e9 a lieu du\u00a027 janvier au 2\",\"breadcrumb\":{\"@id\":\"https:\/\/www.efmaroc.org\/efm\/semaine-des-enseignements-de-specialite-du-27-janvier-au-02-fevrier-2025\/#breadcrumb\"},\"inLanguage\":\"fr-FR\",\"potentialAction\":[{\"@type\":\"ReadAction\",\"target\":[\"https:\/\/www.efmaroc.org\/efm\/semaine-des-enseignements-de-specialite-du-27-janvier-au-02-fevrier-2025\/\"]}]},{\"@type\":\"ImageObject\",\"inLanguage\":\"fr-FR\",\"@id\":\"https:\/\/www.efmaroc.org\/efm\/semaine-des-enseignements-de-specialite-du-27-janvier-au-02-fevrier-2025\/#primaryimage\",\"url\":\"https:\/\/www.efmaroc.org\/efm\/wp-content\/uploads\/2025\/01\/th-970x1000-semaine_des_eds_2025_sur_agora_monde.png.png\",\"contentUrl\":\"https:\/\/www.efmaroc.org\/efm\/wp-content\/uploads\/2025\/01\/th-970x1000-semaine_des_eds_2025_sur_agora_monde.png.png\",\"width\":800,\"height\":500},{\"@type\":\"BreadcrumbList\",\"@id\":\"https:\/\/www.efmaroc.org\/efm\/semaine-des-enseignements-de-specialite-du-27-janvier-au-02-fevrier-2025\/#breadcrumb\",\"itemListElement\":[{\"@type\":\"ListItem\",\"position\":1,\"name\":\"Accueil\",\"item\":\"https:\/\/www.efmaroc.org\/efm\/\"},{\"@type\":\"ListItem\",\"position\":2,\"name\":\"Semaine des Enseignements de Sp\u00e9cialit\u00e9. Du 27 janvier au 02 f\u00e9vrier 2025\"}]},{\"@type\":\"WebSite\",\"@id\":\"https:\/\/www.efmaroc.org\/efm\/#website\",\"url\":\"https:\/\/www.efmaroc.org\/efm\/\",\"name\":\"EFM\",\"description\":\"Enseignement Fran\u00e7ais au Maroc\",\"publisher\":{\"@id\":\"https:\/\/www.efmaroc.org\/efm\/#organization\"},\"potentialAction\":[{\"@type\":\"SearchAction\",\"target\":{\"@type\":\"EntryPoint\",\"urlTemplate\":\"https:\/\/www.efmaroc.org\/efm\/?s={search_term_string}\"},\"query-input\":{\"@type\":\"PropertyValueSpecification\",\"valueRequired\":true,\"valueName\":\"search_term_string\"}}],\"inLanguage\":\"fr-FR\"},{\"@type\":\"Organization\",\"@id\":\"https:\/\/www.efmaroc.org\/efm\/#organization\",\"name\":\"EFM\",\"url\":\"https:\/\/www.efmaroc.org\/efm\/\",\"logo\":{\"@type\":\"ImageObject\",\"inLanguage\":\"fr-FR\",\"@id\":\"https:\/\/www.efmaroc.org\/efm\/#\/schema\/logo\/image\/\",\"url\":\"https:\/\/www.efmaroc.org\/efm\/wp-content\/uploads\/2022\/12\/efm-enseignement-francais-maroc-logotaglinex2.png\",\"contentUrl\":\"https:\/\/www.efmaroc.org\/efm\/wp-content\/uploads\/2022\/12\/efm-enseignement-francais-maroc-logotaglinex2.png\",\"width\":104,\"height\":78,\"caption\":\"EFM\"},\"image\":{\"@id\":\"https:\/\/www.efmaroc.org\/efm\/#\/schema\/logo\/image\/\"}},{\"@type\":\"Person\",\"@id\":\"https:\/\/www.efmaroc.org\/efm\/#\/schema\/person\/25a9b635a4b2276393dd87dbd94c6302\",\"name\":\"EFM\",\"image\":{\"@type\":\"ImageObject\",\"inLanguage\":\"fr-FR\",\"@id\":\"https:\/\/www.efmaroc.org\/efm\/#\/schema\/person\/image\/\",\"url\":\"https:\/\/secure.gravatar.com\/avatar\/0acf5f0ecc3b24f6fa3602920a0bc305ada83aa2d4adbe73d7718ee0e4155d61?s=96&d=mm&r=g\",\"contentUrl\":\"https:\/\/secure.gravatar.com\/avatar\/0acf5f0ecc3b24f6fa3602920a0bc305ada83aa2d4adbe73d7718ee0e4155d61?s=96&d=mm&r=g\",\"caption\":\"EFM\"},\"sameAs\":[\"https:\/\/www.efmaroc.org\/efm\"]}]}<\/script>\n<!-- \/ Yoast SEO plugin. -->","yoast_head_json":{"title":"Semaine des Enseignements de Sp\u00e9cialit\u00e9. Du 27 janvier au 02 f\u00e9vrier 2025 | Enseignement Fran\u00e7ais au Maroc","description":"\u2734\ufe0f Un \u00e9v\u00e9nement annuel incontournable pour les \u00e9l\u00e8ves de Seconde \u2734\ufe0f\ud83d\udce3 \ud83d\udcc5 Cette ann\u00e9e, la Semaine des Enseignements de Sp\u00e9cialit\u00e9 a lieu du\u00a027 janvier au 2","robots":{"index":"index","follow":"follow","max-snippet":"max-snippet:-1","max-image-preview":"max-image-preview:large","max-video-preview":"max-video-preview:-1"},"canonical":"https:\/\/www.efmaroc.org\/efm\/semaine-des-enseignements-de-specialite-du-27-janvier-au-02-fevrier-2025\/","og_locale":"fr_FR","og_type":"article","og_title":"Semaine des Enseignements de Sp\u00e9cialit\u00e9. Du 27 janvier au 02 f\u00e9vrier 2025 | Enseignement Fran\u00e7ais au Maroc","og_description":"\u2734\ufe0f Un \u00e9v\u00e9nement annuel incontournable pour les \u00e9l\u00e8ves de Seconde \u2734\ufe0f\ud83d\udce3 \ud83d\udcc5 Cette ann\u00e9e, la Semaine des Enseignements de Sp\u00e9cialit\u00e9 a lieu du\u00a027 janvier au 2","og_url":"https:\/\/www.efmaroc.org\/efm\/semaine-des-enseignements-de-specialite-du-27-janvier-au-02-fevrier-2025\/","og_site_name":"EFM","article_published_time":"2025-01-27T18:18:18+00:00","article_modified_time":"2025-02-10T12:54:10+00:00","og_image":[{"width":800,"height":500,"url":"https:\/\/www.efmaroc.org\/efm\/wp-content\/uploads\/2025\/01\/th-970x1000-semaine_des_eds_2025_sur_agora_monde.png.png","type":"image\/png"}],"author":"EFM","twitter_card":"summary_large_image","twitter_misc":{"\u00c9crit par":"EFM","Dur\u00e9e de lecture estim\u00e9e":"1 minute"},"schema":{"@context":"https:\/\/schema.org","@graph":[{"@type":"Article","@id":"https:\/\/www.efmaroc.org\/efm\/semaine-des-enseignements-de-specialite-du-27-janvier-au-02-fevrier-2025\/#article","isPartOf":{"@id":"https:\/\/www.efmaroc.org\/efm\/semaine-des-enseignements-de-specialite-du-27-janvier-au-02-fevrier-2025\/"},"author":{"name":"EFM","@id":"https:\/\/www.efmaroc.org\/efm\/#\/schema\/person\/25a9b635a4b2276393dd87dbd94c6302"},"headline":"Semaine des Enseignements de Sp\u00e9cialit\u00e9. Du 27 janvier au 02 f\u00e9vrier 2025","datePublished":"2025-01-27T18:18:18+00:00","dateModified":"2025-02-10T12:54:10+00:00","mainEntityOfPage":{"@id":"https:\/\/www.efmaroc.org\/efm\/semaine-des-enseignements-de-specialite-du-27-janvier-au-02-fevrier-2025\/"},"wordCount":159,"publisher":{"@id":"https:\/\/www.efmaroc.org\/efm\/#organization"},"image":{"@id":"https:\/\/www.efmaroc.org\/efm\/semaine-des-enseignements-de-specialite-du-27-janvier-au-02-fevrier-2025\/#primaryimage"},"thumbnailUrl":"https:\/\/www.efmaroc.org\/efm\/wp-content\/uploads\/2025\/01\/th-970x1000-semaine_des_eds_2025_sur_agora_monde.png.png","articleSection":["R\u00e9seau"],"inLanguage":"fr-FR"},{"@type":"WebPage","@id":"https:\/\/www.efmaroc.org\/efm\/semaine-des-enseignements-de-specialite-du-27-janvier-au-02-fevrier-2025\/","url":"https:\/\/www.efmaroc.org\/efm\/semaine-des-enseignements-de-specialite-du-27-janvier-au-02-fevrier-2025\/","name":"Semaine des Enseignements de Sp\u00e9cialit\u00e9. Du 27 janvier au 02 f\u00e9vrier 2025 | Enseignement Fran\u00e7ais au Maroc","isPartOf":{"@id":"https:\/\/www.efmaroc.org\/efm\/#website"},"primaryImageOfPage":{"@id":"https:\/\/www.efmaroc.org\/efm\/semaine-des-enseignements-de-specialite-du-27-janvier-au-02-fevrier-2025\/#primaryimage"},"image":{"@id":"https:\/\/www.efmaroc.org\/efm\/semaine-des-enseignements-de-specialite-du-27-janvier-au-02-fevrier-2025\/#primaryimage"},"thumbnailUrl":"https:\/\/www.efmaroc.org\/efm\/wp-content\/uploads\/2025\/01\/th-970x1000-semaine_des_eds_2025_sur_agora_monde.png.png","datePublished":"2025-01-27T18:18:18+00:00","dateModified":"2025-02-10T12:54:10+00:00","description":"\u2734\ufe0f Un \u00e9v\u00e9nement annuel incontournable pour les \u00e9l\u00e8ves de Seconde \u2734\ufe0f\ud83d\udce3 \ud83d\udcc5 Cette ann\u00e9e, la Semaine des Enseignements de Sp\u00e9cialit\u00e9 a lieu du\u00a027 janvier au 2","breadcrumb":{"@id":"https:\/\/www.efmaroc.org\/efm\/semaine-des-enseignements-de-specialite-du-27-janvier-au-02-fevrier-2025\/#breadcrumb"},"inLanguage":"fr-FR","potentialAction":[{"@type":"ReadAction","target":["https:\/\/www.efmaroc.org\/efm\/semaine-des-enseignements-de-specialite-du-27-janvier-au-02-fevrier-2025\/"]}]},{"@type":"ImageObject","inLanguage":"fr-FR","@id":"https:\/\/www.efmaroc.org\/efm\/semaine-des-enseignements-de-specialite-du-27-janvier-au-02-fevrier-2025\/#primaryimage","url":"https:\/\/www.efmaroc.org\/efm\/wp-content\/uploads\/2025\/01\/th-970x1000-semaine_des_eds_2025_sur_agora_monde.png.png","contentUrl":"https:\/\/www.efmaroc.org\/efm\/wp-content\/uploads\/2025\/01\/th-970x1000-semaine_des_eds_2025_sur_agora_monde.png.png","width":800,"height":500},{"@type":"BreadcrumbList","@id":"https:\/\/www.efmaroc.org\/efm\/semaine-des-enseignements-de-specialite-du-27-janvier-au-02-fevrier-2025\/#breadcrumb","itemListElement":[{"@type":"ListItem","position":1,"name":"Accueil","item":"https:\/\/www.efmaroc.org\/efm\/"},{"@type":"ListItem","position":2,"name":"Semaine des Enseignements de Sp\u00e9cialit\u00e9. Du 27 janvier au 02 f\u00e9vrier 2025"}]},{"@type":"WebSite","@id":"https:\/\/www.efmaroc.org\/efm\/#website","url":"https:\/\/www.efmaroc.org\/efm\/","name":"EFM","description":"Enseignement Fran\u00e7ais au Maroc","publisher":{"@id":"https:\/\/www.efmaroc.org\/efm\/#organization"},"potentialAction":[{"@type":"SearchAction","target":{"@type":"EntryPoint","urlTemplate":"https:\/\/www.efmaroc.org\/efm\/?s={search_term_string}"},"query-input":{"@type":"PropertyValueSpecification","valueRequired":true,"valueName":"search_term_string"}}],"inLanguage":"fr-FR"},{"@type":"Organization","@id":"https:\/\/www.efmaroc.org\/efm\/#organization","name":"EFM","url":"https:\/\/www.efmaroc.org\/efm\/","logo":{"@type":"ImageObject","inLanguage":"fr-FR","@id":"https:\/\/www.efmaroc.org\/efm\/#\/schema\/logo\/image\/","url":"https:\/\/www.efmaroc.org\/efm\/wp-content\/uploads\/2022\/12\/efm-enseignement-francais-maroc-logotaglinex2.png","contentUrl":"https:\/\/www.efmaroc.org\/efm\/wp-content\/uploads\/2022\/12\/efm-enseignement-francais-maroc-logotaglinex2.png","width":104,"height":78,"caption":"EFM"},"image":{"@id":"https:\/\/www.efmaroc.org\/efm\/#\/schema\/logo\/image\/"}},{"@type":"Person","@id":"https:\/\/www.efmaroc.org\/efm\/#\/schema\/person\/25a9b635a4b2276393dd87dbd94c6302","name":"EFM","image":{"@type":"ImageObject","inLanguage":"fr-FR","@id":"https:\/\/www.efmaroc.org\/efm\/#\/schema\/person\/image\/","url":"https:\/\/secure.gravatar.com\/avatar\/0acf5f0ecc3b24f6fa3602920a0bc305ada83aa2d4adbe73d7718ee0e4155d61?s=96&d=mm&r=g","contentUrl":"https:\/\/secure.gravatar.com\/avatar\/0acf5f0ecc3b24f6fa3602920a0bc305ada83aa2d4adbe73d7718ee0e4155d61?s=96&d=mm&r=g","caption":"EFM"},"sameAs":["https:\/\/www.efmaroc.org\/efm"]}]}},"jetpack_featured_media_url":"https:\/\/www.efmaroc.org\/efm\/wp-content\/uploads\/2025\/01\/th-970x1000-semaine_des_eds_2025_sur_agora_monde.png.png","jetpack_sharing_enabled":true,"_links":{"self":[{"href":"https:\/\/www.efmaroc.org\/efm\/wp-json\/wp\/v2\/posts\/23889","targetHints":{"allow":["GET"]}}],"collection":[{"href":"https:\/\/www.efmaroc.org\/efm\/wp-json\/wp\/v2\/posts"}],"about":[{"href":"https:\/\/www.efmaroc.org\/efm\/wp-json\/wp\/v2\/types\/post"}],"author":[{"embeddable":true,"href":"https:\/\/www.efmaroc.org\/efm\/wp-json\/wp\/v2\/users\/1"}],"replies":[{"embeddable":true,"href":"https:\/\/www.efmaroc.org\/efm\/wp-json\/wp\/v2\/comments?post=23889"}],"version-history":[{"count":2,"href":"https:\/\/www.efmaroc.org\/efm\/wp-json\/wp\/v2\/posts\/23889\/revisions"}],"predecessor-version":[{"id":23892,"href":"https:\/\/www.efmaroc.org\/efm\/wp-json\/wp\/v2\/posts\/23889\/revisions\/23892"}],"wp:featuredmedia":[{"embeddable":true,"href":"https:\/\/www.efmaroc.org\/efm\/wp-json\/wp\/v2\/media\/23890"}],"wp:attachment":[{"href":"https:\/\/www.efmaroc.org\/efm\/wp-json\/wp\/v2\/media?parent=23889"}],"wp:term":[{"taxonomy":"category","embeddable":true,"href":"https:\/\/www.efmaroc.org\/efm\/wp-json\/wp\/v2\/categories?post=23889"},{"taxonomy":"post_tag","embeddable":true,"href":"https:\/\/www.efmaroc.org\/efm\/wp-json\/wp\/v2\/tags?post=23889"}],"curies":[{"name":"wp","href":"https:\/\/api.w.org\/{rel}","templated":true}]}}