{"id":23903,"date":"2025-02-02T20:05:56","date_gmt":"2025-02-02T19:05:56","guid":{"rendered":"https:\/\/www.efmaroc.org\/efm\/?p=23903"},"modified":"2025-02-10T13:54:00","modified_gmt":"2025-02-10T12:54:00","slug":"lancement-de-la-campagne-de-labellisation-efe3d-2025","status":"publish","type":"post","link":"https:\/\/www.efmaroc.org\/efm\/lancement-de-la-campagne-de-labellisation-efe3d-2025\/","title":{"rendered":"Lancement de la campagne de labellisation EFE3D 2025"},"content":{"rendered":"\n<p>Pour soutenir les \u00e9tablissements dans leur d\u00e9marche globale de d\u00e9veloppement durable, la labellisation \u00ab\u00a0Etablissement fran\u00e7ais \u00e0 l&rsquo;\u00e9tranger en d\u00e9marche globale de d\u00e9veloppement durable\u00a0\u00bb (EFE3D), d\u00e9velopp\u00e9e par le MEN, a \u00e9t\u00e9 adapt\u00e9e au contexte des \u00e9tablissements fran\u00e7ais \u00e0 l&rsquo;\u00e9tranger et propos\u00e9e \u00e0 l&rsquo;ensemble du r\u00e9seau.<br>La demande de labellisation s&rsquo;effectue cette ann\u00e9e sur d\u00e9marche simplifi\u00e9e.<\/p>\n\n\n\n<p><strong>La labellisation \u00ab Etablissement Fran\u00e7ais \u00e0 l\u2019Etranger en D\u00e9marche globale de D\u00e9veloppement Durable \u00bb (EFE3D)<\/strong>&nbsp;a \u00e9t\u00e9 d\u00e9velopp\u00e9e par le MEN pour reconna\u00eetre et encourager les \u00e9coles et \u00e9tablissements scolaires qui s\u2019engagent dans une d\u00e9marche globale de d\u00e9veloppement durable.<\/p>\n\n\n\n<p>Depuis 2020, l\u2019AEFE s\u2019est empar\u00e9e de la labellisation en l\u2019adaptant au contexte de l\u2019enseignement fran\u00e7ais \u00e0 l\u2019\u00e9tranger. Elle proc\u00e8de d&rsquo;une d\u00e9marche qualit\u00e9 selon 3 niveaux, et est attribu\u00e9e pour une dur\u00e9e de 4 ans.<\/p>\n\n\n\n<p><strong>Les trois niveaux de labellisation sont les suivants :<\/strong><br><em>Niveau 1 : Engagement&nbsp;<\/em><br><em>Niveau 2 : Approfondissement&nbsp;<\/em><br><em>Niveau 3 : Expertise<\/em><\/p>\n\n\n\n<p><strong>La labellisation EFE3D repose sur six conditions :<\/strong><\/p>\n\n\n\n<ol class=\"wp-block-list\">\n<li><strong>L&rsquo;adaptation aux programmes<\/strong><\/li>\n\n\n\n<li><strong>La formation de tous les usagers<\/strong><\/li>\n\n\n\n<li><strong>La mobilisation des \u00e9l\u00e8ves<\/strong><\/li>\n\n\n\n<li><strong>La prise en compte du b\u00e2ti scolaire<\/strong><\/li>\n\n\n\n<li><strong>L&rsquo;exigence relative aux partenariats ext\u00e9rieurs<\/strong><\/li>\n\n\n\n<li><strong>L&rsquo;anticipation et la valorisation<\/strong><\/li>\n<\/ol>\n\n\n\n<p>Les \u00e9tablissements doivent saisir leur dossier de demande de labellisation au plus tard&nbsp;<strong>le 30 avril 2025<\/strong>, en cliquant sur le lien suivant : <a href=\"https:\/\/www.demarches-simplifiees.fr\/commencer\/labellisation-efe3d-2024-2025\">https:\/\/www.demarches-simplifiees.fr\/commencer\/labellisation-efe3d-2024-2025<\/a><\/p>\n\n\n\n<p><strong>Calendrier et \u00e9tapes de la campagne de labellisation EF3D 2025<\/strong><\/p>\n\n\n\n<p>&#8211; D\u00e9but de la campagne de labellisation EFE3D : <strong>21 janvier 2025<\/strong><\/p>\n\n\n\n<p>&#8211; Fin de la campagne de labellisation EFE3D : 30 avril 2025<\/p>\n\n\n\n<p>&#8211; Instructions des dossiers de demande de labellisation EFE3D : 30 avril 2025 &#8211; d\u00e9but juin 2025<\/p>\n\n\n\n<p>&#8211; Annonce des r\u00e9sultats et obtention d&rsquo;un niveau de labellisation EFE3D : d\u00e9but juin 2025.<\/p>\n\n\n\n<p class=\"has-text-link-color has-text-color has-link-color wp-elements-aa353fa1c5869035412741e450dea6c4\"><em>Informations \u00e0 retrouver sur l&rsquo;intranet ORION<\/em><\/p>\n\n\n\n<p><\/p>\n\n\n\n<p><\/p>\n","protected":false},"excerpt":{"rendered":"<p>Pour soutenir les \u00e9tablissements dans leur d\u00e9marche globale de d\u00e9veloppement durable, la labellisation \u00ab\u00a0Etablissement fran\u00e7ais&hellip;<\/p>\n","protected":false},"author":1,"featured_media":23904,"comment_status":"closed","ping_status":"open","sticky":false,"template":"","format":"standard","meta":{"_jetpack_newsletter_access":"","_jetpack_dont_email_post_to_subs":false,"_jetpack_newsletter_tier_id":0,"_jetpack_memberships_contains_paywalled_content":false,"_jetpack_memberships_contains_paid_content":false,"footnotes":""},"categories":[13],"tags":[],"class_list":["post-23903","post","type-post","status-publish","format-standard","has-post-thumbnail","hentry","category-reseau"],"yoast_head":"<!-- This site is optimized with the Yoast SEO plugin v26.8 - https:\/\/yoast.com\/product\/yoast-seo-wordpress\/ -->\n<title>Lancement de la campagne de labellisation EFE3D 2025 | Enseignement Fran\u00e7ais au Maroc<\/title>\n<meta name=\"description\" content=\"Pour soutenir les \u00e9tablissements dans leur d\u00e9marche globale de d\u00e9veloppement durable, la labellisation &quot;Etablissement fran\u00e7ais \u00e0 l&#039;\u00e9tranger en d\u00e9marche\" \/>\n<meta name=\"robots\" content=\"index, follow, max-snippet:-1, max-image-preview:large, max-video-preview:-1\" \/>\n<link rel=\"canonical\" href=\"https:\/\/www.efmaroc.org\/efm\/lancement-de-la-campagne-de-labellisation-efe3d-2025\/\" \/>\n<meta property=\"og:locale\" content=\"fr_FR\" \/>\n<meta property=\"og:type\" content=\"article\" \/>\n<meta property=\"og:title\" content=\"Lancement de la campagne de labellisation EFE3D 2025 | Enseignement Fran\u00e7ais au Maroc\" \/>\n<meta property=\"og:description\" content=\"Pour soutenir les \u00e9tablissements dans leur d\u00e9marche globale de d\u00e9veloppement durable, la labellisation &quot;Etablissement fran\u00e7ais \u00e0 l&#039;\u00e9tranger en d\u00e9marche\" \/>\n<meta property=\"og:url\" content=\"https:\/\/www.efmaroc.org\/efm\/lancement-de-la-campagne-de-labellisation-efe3d-2025\/\" \/>\n<meta property=\"og:site_name\" content=\"EFM\" \/>\n<meta property=\"article:published_time\" content=\"2025-02-02T19:05:56+00:00\" \/>\n<meta property=\"article:modified_time\" content=\"2025-02-10T12:54:00+00:00\" \/>\n<meta property=\"og:image\" content=\"https:\/\/www.efmaroc.org\/efm\/wp-content\/uploads\/2025\/02\/th-970x1000-efe3d.png.png\" \/>\n\t<meta property=\"og:image:width\" content=\"970\" \/>\n\t<meta property=\"og:image:height\" content=\"512\" \/>\n\t<meta property=\"og:image:type\" content=\"image\/png\" \/>\n<meta name=\"author\" content=\"EFM\" \/>\n<meta name=\"twitter:card\" content=\"summary_large_image\" \/>\n<meta name=\"twitter:label1\" content=\"\u00c9crit par\" \/>\n\t<meta name=\"twitter:data1\" content=\"EFM\" \/>\n\t<meta name=\"twitter:label2\" content=\"Dur\u00e9e de lecture estim\u00e9e\" \/>\n\t<meta name=\"twitter:data2\" content=\"2 minutes\" \/>\n<script type=\"application\/ld+json\" class=\"yoast-schema-graph\">{\"@context\":\"https:\/\/schema.org\",\"@graph\":[{\"@type\":\"Article\",\"@id\":\"https:\/\/www.efmaroc.org\/efm\/lancement-de-la-campagne-de-labellisation-efe3d-2025\/#article\",\"isPartOf\":{\"@id\":\"https:\/\/www.efmaroc.org\/efm\/lancement-de-la-campagne-de-labellisation-efe3d-2025\/\"},\"author\":{\"name\":\"EFM\",\"@id\":\"https:\/\/www.efmaroc.org\/efm\/#\/schema\/person\/25a9b635a4b2276393dd87dbd94c6302\"},\"headline\":\"Lancement de la campagne de labellisation EFE3D 2025\",\"datePublished\":\"2025-02-02T19:05:56+00:00\",\"dateModified\":\"2025-02-10T12:54:00+00:00\",\"mainEntityOfPage\":{\"@id\":\"https:\/\/www.efmaroc.org\/efm\/lancement-de-la-campagne-de-labellisation-efe3d-2025\/\"},\"wordCount\":326,\"publisher\":{\"@id\":\"https:\/\/www.efmaroc.org\/efm\/#organization\"},\"image\":{\"@id\":\"https:\/\/www.efmaroc.org\/efm\/lancement-de-la-campagne-de-labellisation-efe3d-2025\/#primaryimage\"},\"thumbnailUrl\":\"https:\/\/www.efmaroc.org\/efm\/wp-content\/uploads\/2025\/02\/th-970x1000-efe3d.png.png\",\"articleSection\":[\"R\u00e9seau\"],\"inLanguage\":\"fr-FR\"},{\"@type\":\"WebPage\",\"@id\":\"https:\/\/www.efmaroc.org\/efm\/lancement-de-la-campagne-de-labellisation-efe3d-2025\/\",\"url\":\"https:\/\/www.efmaroc.org\/efm\/lancement-de-la-campagne-de-labellisation-efe3d-2025\/\",\"name\":\"Lancement de la campagne de labellisation EFE3D 2025 | Enseignement Fran\u00e7ais au Maroc\",\"isPartOf\":{\"@id\":\"https:\/\/www.efmaroc.org\/efm\/#website\"},\"primaryImageOfPage\":{\"@id\":\"https:\/\/www.efmaroc.org\/efm\/lancement-de-la-campagne-de-labellisation-efe3d-2025\/#primaryimage\"},\"image\":{\"@id\":\"https:\/\/www.efmaroc.org\/efm\/lancement-de-la-campagne-de-labellisation-efe3d-2025\/#primaryimage\"},\"thumbnailUrl\":\"https:\/\/www.efmaroc.org\/efm\/wp-content\/uploads\/2025\/02\/th-970x1000-efe3d.png.png\",\"datePublished\":\"2025-02-02T19:05:56+00:00\",\"dateModified\":\"2025-02-10T12:54:00+00:00\",\"description\":\"Pour soutenir les \u00e9tablissements dans leur d\u00e9marche globale de d\u00e9veloppement durable, la labellisation \\\"Etablissement fran\u00e7ais \u00e0 l'\u00e9tranger en d\u00e9marche\",\"breadcrumb\":{\"@id\":\"https:\/\/www.efmaroc.org\/efm\/lancement-de-la-campagne-de-labellisation-efe3d-2025\/#breadcrumb\"},\"inLanguage\":\"fr-FR\",\"potentialAction\":[{\"@type\":\"ReadAction\",\"target\":[\"https:\/\/www.efmaroc.org\/efm\/lancement-de-la-campagne-de-labellisation-efe3d-2025\/\"]}]},{\"@type\":\"ImageObject\",\"inLanguage\":\"fr-FR\",\"@id\":\"https:\/\/www.efmaroc.org\/efm\/lancement-de-la-campagne-de-labellisation-efe3d-2025\/#primaryimage\",\"url\":\"https:\/\/www.efmaroc.org\/efm\/wp-content\/uploads\/2025\/02\/th-970x1000-efe3d.png.png\",\"contentUrl\":\"https:\/\/www.efmaroc.org\/efm\/wp-content\/uploads\/2025\/02\/th-970x1000-efe3d.png.png\",\"width\":970,\"height\":512},{\"@type\":\"BreadcrumbList\",\"@id\":\"https:\/\/www.efmaroc.org\/efm\/lancement-de-la-campagne-de-labellisation-efe3d-2025\/#breadcrumb\",\"itemListElement\":[{\"@type\":\"ListItem\",\"position\":1,\"name\":\"Accueil\",\"item\":\"https:\/\/www.efmaroc.org\/efm\/\"},{\"@type\":\"ListItem\",\"position\":2,\"name\":\"Lancement de la campagne de labellisation EFE3D 2025\"}]},{\"@type\":\"WebSite\",\"@id\":\"https:\/\/www.efmaroc.org\/efm\/#website\",\"url\":\"https:\/\/www.efmaroc.org\/efm\/\",\"name\":\"EFM\",\"description\":\"Enseignement Fran\u00e7ais au Maroc\",\"publisher\":{\"@id\":\"https:\/\/www.efmaroc.org\/efm\/#organization\"},\"potentialAction\":[{\"@type\":\"SearchAction\",\"target\":{\"@type\":\"EntryPoint\",\"urlTemplate\":\"https:\/\/www.efmaroc.org\/efm\/?s={search_term_string}\"},\"query-input\":{\"@type\":\"PropertyValueSpecification\",\"valueRequired\":true,\"valueName\":\"search_term_string\"}}],\"inLanguage\":\"fr-FR\"},{\"@type\":\"Organization\",\"@id\":\"https:\/\/www.efmaroc.org\/efm\/#organization\",\"name\":\"EFM\",\"url\":\"https:\/\/www.efmaroc.org\/efm\/\",\"logo\":{\"@type\":\"ImageObject\",\"inLanguage\":\"fr-FR\",\"@id\":\"https:\/\/www.efmaroc.org\/efm\/#\/schema\/logo\/image\/\",\"url\":\"https:\/\/www.efmaroc.org\/efm\/wp-content\/uploads\/2022\/12\/efm-enseignement-francais-maroc-logotaglinex2.png\",\"contentUrl\":\"https:\/\/www.efmaroc.org\/efm\/wp-content\/uploads\/2022\/12\/efm-enseignement-francais-maroc-logotaglinex2.png\",\"width\":104,\"height\":78,\"caption\":\"EFM\"},\"image\":{\"@id\":\"https:\/\/www.efmaroc.org\/efm\/#\/schema\/logo\/image\/\"}},{\"@type\":\"Person\",\"@id\":\"https:\/\/www.efmaroc.org\/efm\/#\/schema\/person\/25a9b635a4b2276393dd87dbd94c6302\",\"name\":\"EFM\",\"image\":{\"@type\":\"ImageObject\",\"inLanguage\":\"fr-FR\",\"@id\":\"https:\/\/www.efmaroc.org\/efm\/#\/schema\/person\/image\/\",\"url\":\"https:\/\/secure.gravatar.com\/avatar\/0acf5f0ecc3b24f6fa3602920a0bc305ada83aa2d4adbe73d7718ee0e4155d61?s=96&d=mm&r=g\",\"contentUrl\":\"https:\/\/secure.gravatar.com\/avatar\/0acf5f0ecc3b24f6fa3602920a0bc305ada83aa2d4adbe73d7718ee0e4155d61?s=96&d=mm&r=g\",\"caption\":\"EFM\"},\"sameAs\":[\"https:\/\/www.efmaroc.org\/efm\"]}]}<\/script>\n<!-- \/ Yoast SEO plugin. -->","yoast_head_json":{"title":"Lancement de la campagne de labellisation EFE3D 2025 | Enseignement Fran\u00e7ais au Maroc","description":"Pour soutenir les \u00e9tablissements dans leur d\u00e9marche globale de d\u00e9veloppement durable, la labellisation \"Etablissement fran\u00e7ais \u00e0 l'\u00e9tranger en d\u00e9marche","robots":{"index":"index","follow":"follow","max-snippet":"max-snippet:-1","max-image-preview":"max-image-preview:large","max-video-preview":"max-video-preview:-1"},"canonical":"https:\/\/www.efmaroc.org\/efm\/lancement-de-la-campagne-de-labellisation-efe3d-2025\/","og_locale":"fr_FR","og_type":"article","og_title":"Lancement de la campagne de labellisation EFE3D 2025 | Enseignement Fran\u00e7ais au Maroc","og_description":"Pour soutenir les \u00e9tablissements dans leur d\u00e9marche globale de d\u00e9veloppement durable, la labellisation \"Etablissement fran\u00e7ais \u00e0 l'\u00e9tranger en d\u00e9marche","og_url":"https:\/\/www.efmaroc.org\/efm\/lancement-de-la-campagne-de-labellisation-efe3d-2025\/","og_site_name":"EFM","article_published_time":"2025-02-02T19:05:56+00:00","article_modified_time":"2025-02-10T12:54:00+00:00","og_image":[{"width":970,"height":512,"url":"https:\/\/www.efmaroc.org\/efm\/wp-content\/uploads\/2025\/02\/th-970x1000-efe3d.png.png","type":"image\/png"}],"author":"EFM","twitter_card":"summary_large_image","twitter_misc":{"\u00c9crit par":"EFM","Dur\u00e9e de lecture estim\u00e9e":"2 minutes"},"schema":{"@context":"https:\/\/schema.org","@graph":[{"@type":"Article","@id":"https:\/\/www.efmaroc.org\/efm\/lancement-de-la-campagne-de-labellisation-efe3d-2025\/#article","isPartOf":{"@id":"https:\/\/www.efmaroc.org\/efm\/lancement-de-la-campagne-de-labellisation-efe3d-2025\/"},"author":{"name":"EFM","@id":"https:\/\/www.efmaroc.org\/efm\/#\/schema\/person\/25a9b635a4b2276393dd87dbd94c6302"},"headline":"Lancement de la campagne de labellisation EFE3D 2025","datePublished":"2025-02-02T19:05:56+00:00","dateModified":"2025-02-10T12:54:00+00:00","mainEntityOfPage":{"@id":"https:\/\/www.efmaroc.org\/efm\/lancement-de-la-campagne-de-labellisation-efe3d-2025\/"},"wordCount":326,"publisher":{"@id":"https:\/\/www.efmaroc.org\/efm\/#organization"},"image":{"@id":"https:\/\/www.efmaroc.org\/efm\/lancement-de-la-campagne-de-labellisation-efe3d-2025\/#primaryimage"},"thumbnailUrl":"https:\/\/www.efmaroc.org\/efm\/wp-content\/uploads\/2025\/02\/th-970x1000-efe3d.png.png","articleSection":["R\u00e9seau"],"inLanguage":"fr-FR"},{"@type":"WebPage","@id":"https:\/\/www.efmaroc.org\/efm\/lancement-de-la-campagne-de-labellisation-efe3d-2025\/","url":"https:\/\/www.efmaroc.org\/efm\/lancement-de-la-campagne-de-labellisation-efe3d-2025\/","name":"Lancement de la campagne de labellisation EFE3D 2025 | Enseignement Fran\u00e7ais au Maroc","isPartOf":{"@id":"https:\/\/www.efmaroc.org\/efm\/#website"},"primaryImageOfPage":{"@id":"https:\/\/www.efmaroc.org\/efm\/lancement-de-la-campagne-de-labellisation-efe3d-2025\/#primaryimage"},"image":{"@id":"https:\/\/www.efmaroc.org\/efm\/lancement-de-la-campagne-de-labellisation-efe3d-2025\/#primaryimage"},"thumbnailUrl":"https:\/\/www.efmaroc.org\/efm\/wp-content\/uploads\/2025\/02\/th-970x1000-efe3d.png.png","datePublished":"2025-02-02T19:05:56+00:00","dateModified":"2025-02-10T12:54:00+00:00","description":"Pour soutenir les \u00e9tablissements dans leur d\u00e9marche globale de d\u00e9veloppement durable, la labellisation \"Etablissement fran\u00e7ais \u00e0 l'\u00e9tranger en d\u00e9marche","breadcrumb":{"@id":"https:\/\/www.efmaroc.org\/efm\/lancement-de-la-campagne-de-labellisation-efe3d-2025\/#breadcrumb"},"inLanguage":"fr-FR","potentialAction":[{"@type":"ReadAction","target":["https:\/\/www.efmaroc.org\/efm\/lancement-de-la-campagne-de-labellisation-efe3d-2025\/"]}]},{"@type":"ImageObject","inLanguage":"fr-FR","@id":"https:\/\/www.efmaroc.org\/efm\/lancement-de-la-campagne-de-labellisation-efe3d-2025\/#primaryimage","url":"https:\/\/www.efmaroc.org\/efm\/wp-content\/uploads\/2025\/02\/th-970x1000-efe3d.png.png","contentUrl":"https:\/\/www.efmaroc.org\/efm\/wp-content\/uploads\/2025\/02\/th-970x1000-efe3d.png.png","width":970,"height":512},{"@type":"BreadcrumbList","@id":"https:\/\/www.efmaroc.org\/efm\/lancement-de-la-campagne-de-labellisation-efe3d-2025\/#breadcrumb","itemListElement":[{"@type":"ListItem","position":1,"name":"Accueil","item":"https:\/\/www.efmaroc.org\/efm\/"},{"@type":"ListItem","position":2,"name":"Lancement de la campagne de labellisation EFE3D 2025"}]},{"@type":"WebSite","@id":"https:\/\/www.efmaroc.org\/efm\/#website","url":"https:\/\/www.efmaroc.org\/efm\/","name":"EFM","description":"Enseignement Fran\u00e7ais au Maroc","publisher":{"@id":"https:\/\/www.efmaroc.org\/efm\/#organization"},"potentialAction":[{"@type":"SearchAction","target":{"@type":"EntryPoint","urlTemplate":"https:\/\/www.efmaroc.org\/efm\/?s={search_term_string}"},"query-input":{"@type":"PropertyValueSpecification","valueRequired":true,"valueName":"search_term_string"}}],"inLanguage":"fr-FR"},{"@type":"Organization","@id":"https:\/\/www.efmaroc.org\/efm\/#organization","name":"EFM","url":"https:\/\/www.efmaroc.org\/efm\/","logo":{"@type":"ImageObject","inLanguage":"fr-FR","@id":"https:\/\/www.efmaroc.org\/efm\/#\/schema\/logo\/image\/","url":"https:\/\/www.efmaroc.org\/efm\/wp-content\/uploads\/2022\/12\/efm-enseignement-francais-maroc-logotaglinex2.png","contentUrl":"https:\/\/www.efmaroc.org\/efm\/wp-content\/uploads\/2022\/12\/efm-enseignement-francais-maroc-logotaglinex2.png","width":104,"height":78,"caption":"EFM"},"image":{"@id":"https:\/\/www.efmaroc.org\/efm\/#\/schema\/logo\/image\/"}},{"@type":"Person","@id":"https:\/\/www.efmaroc.org\/efm\/#\/schema\/person\/25a9b635a4b2276393dd87dbd94c6302","name":"EFM","image":{"@type":"ImageObject","inLanguage":"fr-FR","@id":"https:\/\/www.efmaroc.org\/efm\/#\/schema\/person\/image\/","url":"https:\/\/secure.gravatar.com\/avatar\/0acf5f0ecc3b24f6fa3602920a0bc305ada83aa2d4adbe73d7718ee0e4155d61?s=96&d=mm&r=g","contentUrl":"https:\/\/secure.gravatar.com\/avatar\/0acf5f0ecc3b24f6fa3602920a0bc305ada83aa2d4adbe73d7718ee0e4155d61?s=96&d=mm&r=g","caption":"EFM"},"sameAs":["https:\/\/www.efmaroc.org\/efm"]}]}},"jetpack_featured_media_url":"https:\/\/www.efmaroc.org\/efm\/wp-content\/uploads\/2025\/02\/th-970x1000-efe3d.png.png","jetpack_sharing_enabled":true,"_links":{"self":[{"href":"https:\/\/www.efmaroc.org\/efm\/wp-json\/wp\/v2\/posts\/23903","targetHints":{"allow":["GET"]}}],"collection":[{"href":"https:\/\/www.efmaroc.org\/efm\/wp-json\/wp\/v2\/posts"}],"about":[{"href":"https:\/\/www.efmaroc.org\/efm\/wp-json\/wp\/v2\/types\/post"}],"author":[{"embeddable":true,"href":"https:\/\/www.efmaroc.org\/efm\/wp-json\/wp\/v2\/users\/1"}],"replies":[{"embeddable":true,"href":"https:\/\/www.efmaroc.org\/efm\/wp-json\/wp\/v2\/comments?post=23903"}],"version-history":[{"count":3,"href":"https:\/\/www.efmaroc.org\/efm\/wp-json\/wp\/v2\/posts\/23903\/revisions"}],"predecessor-version":[{"id":23909,"href":"https:\/\/www.efmaroc.org\/efm\/wp-json\/wp\/v2\/posts\/23903\/revisions\/23909"}],"wp:featuredmedia":[{"embeddable":true,"href":"https:\/\/www.efmaroc.org\/efm\/wp-json\/wp\/v2\/media\/23904"}],"wp:attachment":[{"href":"https:\/\/www.efmaroc.org\/efm\/wp-json\/wp\/v2\/media?parent=23903"}],"wp:term":[{"taxonomy":"category","embeddable":true,"href":"https:\/\/www.efmaroc.org\/efm\/wp-json\/wp\/v2\/categories?post=23903"},{"taxonomy":"post_tag","embeddable":true,"href":"https:\/\/www.efmaroc.org\/efm\/wp-json\/wp\/v2\/tags?post=23903"}],"curies":[{"name":"wp","href":"https:\/\/api.w.org\/{rel}","templated":true}]}}