{"id":23973,"date":"2025-02-12T18:11:06","date_gmt":"2025-02-12T17:11:06","guid":{"rendered":"https:\/\/www.efmaroc.org\/efm\/?p=23973"},"modified":"2025-02-12T18:11:09","modified_gmt":"2025-02-12T17:11:09","slug":"debut-des-finales-de-zones-pour-les-petits-champions-de-la-lecture","status":"publish","type":"post","link":"https:\/\/www.efmaroc.org\/efm\/debut-des-finales-de-zones-pour-les-petits-champions-de-la-lecture\/","title":{"rendered":"D\u00e9but des finales de zones pour les Petits champions de la lecture"},"content":{"rendered":"\n<p>Les petits champions de la lecture est un jeu de lecture \u00e0 voix haute propos\u00e9 aux \u00e9l\u00e8ves des classes de CM1 et de CM2 et \u00e0 leurs enseignants.<br>En cette ann\u00e9e 2024-2025, pour la 13e \u00e9dition des petits champions de la lecture, le championnat est ouvert \u00e0 toutes les zones et s&rsquo;organise en cinq \u00e9tapes pour le r\u00e9seau de l&rsquo;enseignement fran\u00e7ais \u00e0 l&rsquo;\u00e9tranger.<br>Apr\u00e8s la premi\u00e8re \u00e9tape des finales \u00e9coles, c&rsquo;est d\u00e9sormais le moment des finales zones !<\/p>\n\n\n\n<p><strong>En septembre 2024 pour la premi\u00e8re fois dans l&rsquo;histoire du jeu des Petits champions de la lecture, le dispositif s&rsquo;ouvre aux classes de CM1 et CM2 des \u00e9tablissements d\u2019enseignement fran\u00e7ais \u00e0 l\u2019\u00e9tranger !<\/strong><\/p>\n\n\n\n<ol class=\"wp-block-list\">\n<li>Apr\u00e8s des<strong>\u00a0inscriptions<\/strong>\u00a0de\u00a0<strong>septembre \u00e0 d\u00e9cembre 2024<\/strong>, les \u00e9tablissements impliqu\u00e9s dans le jeu des Petits champions de la lecture ont organis\u00e9 des ateliers de lecture \u00e0 voix haute afin de pr\u00e9parer les participants aux<strong>\u00a0finales groupes ou \u00e9coles<\/strong>, qui se sont<strong>\u00a0achev\u00e9es fin janvier 2025<\/strong>.<\/li>\n\n\n\n<li>Nous voici dans la seconde \u00e9tape du jeu, les<strong>\u00a0finales zones<\/strong>\u00a0!\u00a0<strong>Du 10 f\u00e9vrier au 14 mars 2025<\/strong>, les gagnants de la finale groupe ou \u00e9cole participent aux\u00a0<strong>finales zones vid\u00e9o<\/strong>. Les organisateurs, IEN de zone (ou autre personne d\u00e9termin\u00e9e par l\u2019IEN de zone) constituent le jury qui sera charg\u00e9 de s\u00e9lectionner\u00a0<strong>2 laur\u00e9ats.<\/strong>\u00a0Dans certaines zones, si le nombre de finalistes \u00e9cole est sup\u00e9rieur \u00e0 20, 4 laur\u00e9ats de cette zone participeront \u00e0 la finale secteur.<\/li>\n\n\n\n<li>Ensuite, se d\u00e9rouleront les\u00a0<strong>finales secteur\u00a0<\/strong>du\u00a0<strong>31 mars au 2 mai 2025<\/strong>, puis la\u00a0<strong>finale monde le 14 mai<\/strong>, au cours de laquelle un laur\u00e9at monde sera choisi parmi les 16 finalistes restants pour participer \u00e0 la\u00a0<strong>Grande finale<\/strong>\u00a0qui aura lieu\u00a0<strong>le 25 juin 2025 \u00e0 Paris<\/strong>\u00a0en pr\u00e9sence de l\u2019auteur du livre qu\u2019il lira sur sc\u00e8ne et devant un public venu encourager les finalistes.<\/li>\n<\/ol>\n\n\n\n<p>Retrouvez les informations gr\u00e2ce au lien suivant  : <a href=\"https:\/\/www.lespetitschampionsdelalecture.fr\/accueil\/ouverture-monde\/\">https:\/\/www.lespetitschampionsdelalecture.fr\/accueil\/ouverture-monde\/<\/a><\/p>\n","protected":false},"excerpt":{"rendered":"<p>Les petits champions de la lecture est un jeu de lecture \u00e0 voix haute propos\u00e9&hellip;<\/p>\n","protected":false},"author":1,"featured_media":23974,"comment_status":"open","ping_status":"open","sticky":false,"template":"","format":"standard","meta":{"_jetpack_newsletter_access":"","_jetpack_dont_email_post_to_subs":false,"_jetpack_newsletter_tier_id":0,"_jetpack_memberships_contains_paywalled_content":false,"_jetpack_memberships_contains_paid_content":false,"footnotes":""},"categories":[13],"tags":[],"class_list":["post-23973","post","type-post","status-publish","format-standard","has-post-thumbnail","hentry","category-reseau"],"yoast_head":"<!-- This site is optimized with the Yoast SEO plugin v26.8 - https:\/\/yoast.com\/product\/yoast-seo-wordpress\/ -->\n<title>D\u00e9but des finales de zones pour les Petits champions de la lecture | Enseignement Fran\u00e7ais au Maroc<\/title>\n<meta name=\"description\" content=\"Les petits champions de la lecture est un jeu de lecture \u00e0 voix haute propos\u00e9 aux \u00e9l\u00e8ves des classes de CM1 et de CM2 et \u00e0 leurs enseignants.En cette\" \/>\n<meta name=\"robots\" content=\"index, follow, max-snippet:-1, max-image-preview:large, max-video-preview:-1\" \/>\n<link rel=\"canonical\" href=\"https:\/\/www.efmaroc.org\/efm\/debut-des-finales-de-zones-pour-les-petits-champions-de-la-lecture\/\" \/>\n<meta property=\"og:locale\" content=\"fr_FR\" \/>\n<meta property=\"og:type\" content=\"article\" \/>\n<meta property=\"og:title\" content=\"D\u00e9but des finales de zones pour les Petits champions de la lecture | Enseignement Fran\u00e7ais au Maroc\" \/>\n<meta property=\"og:description\" content=\"Les petits champions de la lecture est un jeu de lecture \u00e0 voix haute propos\u00e9 aux \u00e9l\u00e8ves des classes de CM1 et de CM2 et \u00e0 leurs enseignants.En cette\" \/>\n<meta property=\"og:url\" content=\"https:\/\/www.efmaroc.org\/efm\/debut-des-finales-de-zones-pour-les-petits-champions-de-la-lecture\/\" \/>\n<meta property=\"og:site_name\" content=\"EFM\" \/>\n<meta property=\"article:published_time\" content=\"2025-02-12T17:11:06+00:00\" \/>\n<meta property=\"article:modified_time\" content=\"2025-02-12T17:11:09+00:00\" \/>\n<meta property=\"og:image\" content=\"https:\/\/www.efmaroc.org\/efm\/wp-content\/uploads\/2025\/02\/th-970x1000-th-970x1000-les_petits_champions_de_la_lecture_2024-2025.jpg.jpg.jpg\" \/>\n\t<meta property=\"og:image:width\" content=\"960\" \/>\n\t<meta property=\"og:image:height\" content=\"366\" \/>\n\t<meta property=\"og:image:type\" content=\"image\/jpeg\" \/>\n<meta name=\"author\" content=\"EFM\" \/>\n<meta name=\"twitter:card\" content=\"summary_large_image\" \/>\n<meta name=\"twitter:label1\" content=\"\u00c9crit par\" \/>\n\t<meta name=\"twitter:data1\" content=\"EFM\" \/>\n\t<meta name=\"twitter:label2\" content=\"Dur\u00e9e de lecture estim\u00e9e\" \/>\n\t<meta name=\"twitter:data2\" content=\"2 minutes\" \/>\n<script type=\"application\/ld+json\" class=\"yoast-schema-graph\">{\"@context\":\"https:\/\/schema.org\",\"@graph\":[{\"@type\":\"Article\",\"@id\":\"https:\/\/www.efmaroc.org\/efm\/debut-des-finales-de-zones-pour-les-petits-champions-de-la-lecture\/#article\",\"isPartOf\":{\"@id\":\"https:\/\/www.efmaroc.org\/efm\/debut-des-finales-de-zones-pour-les-petits-champions-de-la-lecture\/\"},\"author\":{\"name\":\"EFM\",\"@id\":\"https:\/\/www.efmaroc.org\/efm\/#\/schema\/person\/25a9b635a4b2276393dd87dbd94c6302\"},\"headline\":\"D\u00e9but des finales de zones pour les Petits champions de la lecture\",\"datePublished\":\"2025-02-12T17:11:06+00:00\",\"dateModified\":\"2025-02-12T17:11:09+00:00\",\"mainEntityOfPage\":{\"@id\":\"https:\/\/www.efmaroc.org\/efm\/debut-des-finales-de-zones-pour-les-petits-champions-de-la-lecture\/\"},\"wordCount\":336,\"commentCount\":0,\"publisher\":{\"@id\":\"https:\/\/www.efmaroc.org\/efm\/#organization\"},\"image\":{\"@id\":\"https:\/\/www.efmaroc.org\/efm\/debut-des-finales-de-zones-pour-les-petits-champions-de-la-lecture\/#primaryimage\"},\"thumbnailUrl\":\"https:\/\/www.efmaroc.org\/efm\/wp-content\/uploads\/2025\/02\/th-970x1000-th-970x1000-les_petits_champions_de_la_lecture_2024-2025.jpg.jpg.jpg\",\"articleSection\":[\"R\u00e9seau\"],\"inLanguage\":\"fr-FR\",\"potentialAction\":[{\"@type\":\"CommentAction\",\"name\":\"Comment\",\"target\":[\"https:\/\/www.efmaroc.org\/efm\/debut-des-finales-de-zones-pour-les-petits-champions-de-la-lecture\/#respond\"]}]},{\"@type\":\"WebPage\",\"@id\":\"https:\/\/www.efmaroc.org\/efm\/debut-des-finales-de-zones-pour-les-petits-champions-de-la-lecture\/\",\"url\":\"https:\/\/www.efmaroc.org\/efm\/debut-des-finales-de-zones-pour-les-petits-champions-de-la-lecture\/\",\"name\":\"D\u00e9but des finales de zones pour les Petits champions de la lecture | Enseignement Fran\u00e7ais au Maroc\",\"isPartOf\":{\"@id\":\"https:\/\/www.efmaroc.org\/efm\/#website\"},\"primaryImageOfPage\":{\"@id\":\"https:\/\/www.efmaroc.org\/efm\/debut-des-finales-de-zones-pour-les-petits-champions-de-la-lecture\/#primaryimage\"},\"image\":{\"@id\":\"https:\/\/www.efmaroc.org\/efm\/debut-des-finales-de-zones-pour-les-petits-champions-de-la-lecture\/#primaryimage\"},\"thumbnailUrl\":\"https:\/\/www.efmaroc.org\/efm\/wp-content\/uploads\/2025\/02\/th-970x1000-th-970x1000-les_petits_champions_de_la_lecture_2024-2025.jpg.jpg.jpg\",\"datePublished\":\"2025-02-12T17:11:06+00:00\",\"dateModified\":\"2025-02-12T17:11:09+00:00\",\"description\":\"Les petits champions de la lecture est un jeu de lecture \u00e0 voix haute propos\u00e9 aux \u00e9l\u00e8ves des classes de CM1 et de CM2 et \u00e0 leurs enseignants.En cette\",\"breadcrumb\":{\"@id\":\"https:\/\/www.efmaroc.org\/efm\/debut-des-finales-de-zones-pour-les-petits-champions-de-la-lecture\/#breadcrumb\"},\"inLanguage\":\"fr-FR\",\"potentialAction\":[{\"@type\":\"ReadAction\",\"target\":[\"https:\/\/www.efmaroc.org\/efm\/debut-des-finales-de-zones-pour-les-petits-champions-de-la-lecture\/\"]}]},{\"@type\":\"ImageObject\",\"inLanguage\":\"fr-FR\",\"@id\":\"https:\/\/www.efmaroc.org\/efm\/debut-des-finales-de-zones-pour-les-petits-champions-de-la-lecture\/#primaryimage\",\"url\":\"https:\/\/www.efmaroc.org\/efm\/wp-content\/uploads\/2025\/02\/th-970x1000-th-970x1000-les_petits_champions_de_la_lecture_2024-2025.jpg.jpg.jpg\",\"contentUrl\":\"https:\/\/www.efmaroc.org\/efm\/wp-content\/uploads\/2025\/02\/th-970x1000-th-970x1000-les_petits_champions_de_la_lecture_2024-2025.jpg.jpg.jpg\",\"width\":960,\"height\":366},{\"@type\":\"BreadcrumbList\",\"@id\":\"https:\/\/www.efmaroc.org\/efm\/debut-des-finales-de-zones-pour-les-petits-champions-de-la-lecture\/#breadcrumb\",\"itemListElement\":[{\"@type\":\"ListItem\",\"position\":1,\"name\":\"Accueil\",\"item\":\"https:\/\/www.efmaroc.org\/efm\/\"},{\"@type\":\"ListItem\",\"position\":2,\"name\":\"D\u00e9but des finales de zones pour les Petits champions de la lecture\"}]},{\"@type\":\"WebSite\",\"@id\":\"https:\/\/www.efmaroc.org\/efm\/#website\",\"url\":\"https:\/\/www.efmaroc.org\/efm\/\",\"name\":\"EFM\",\"description\":\"Enseignement Fran\u00e7ais au Maroc\",\"publisher\":{\"@id\":\"https:\/\/www.efmaroc.org\/efm\/#organization\"},\"potentialAction\":[{\"@type\":\"SearchAction\",\"target\":{\"@type\":\"EntryPoint\",\"urlTemplate\":\"https:\/\/www.efmaroc.org\/efm\/?s={search_term_string}\"},\"query-input\":{\"@type\":\"PropertyValueSpecification\",\"valueRequired\":true,\"valueName\":\"search_term_string\"}}],\"inLanguage\":\"fr-FR\"},{\"@type\":\"Organization\",\"@id\":\"https:\/\/www.efmaroc.org\/efm\/#organization\",\"name\":\"EFM\",\"url\":\"https:\/\/www.efmaroc.org\/efm\/\",\"logo\":{\"@type\":\"ImageObject\",\"inLanguage\":\"fr-FR\",\"@id\":\"https:\/\/www.efmaroc.org\/efm\/#\/schema\/logo\/image\/\",\"url\":\"https:\/\/www.efmaroc.org\/efm\/wp-content\/uploads\/2022\/12\/efm-enseignement-francais-maroc-logotaglinex2.png\",\"contentUrl\":\"https:\/\/www.efmaroc.org\/efm\/wp-content\/uploads\/2022\/12\/efm-enseignement-francais-maroc-logotaglinex2.png\",\"width\":104,\"height\":78,\"caption\":\"EFM\"},\"image\":{\"@id\":\"https:\/\/www.efmaroc.org\/efm\/#\/schema\/logo\/image\/\"}},{\"@type\":\"Person\",\"@id\":\"https:\/\/www.efmaroc.org\/efm\/#\/schema\/person\/25a9b635a4b2276393dd87dbd94c6302\",\"name\":\"EFM\",\"image\":{\"@type\":\"ImageObject\",\"inLanguage\":\"fr-FR\",\"@id\":\"https:\/\/www.efmaroc.org\/efm\/#\/schema\/person\/image\/\",\"url\":\"https:\/\/secure.gravatar.com\/avatar\/0acf5f0ecc3b24f6fa3602920a0bc305ada83aa2d4adbe73d7718ee0e4155d61?s=96&d=mm&r=g\",\"contentUrl\":\"https:\/\/secure.gravatar.com\/avatar\/0acf5f0ecc3b24f6fa3602920a0bc305ada83aa2d4adbe73d7718ee0e4155d61?s=96&d=mm&r=g\",\"caption\":\"EFM\"},\"sameAs\":[\"https:\/\/www.efmaroc.org\/efm\"]}]}<\/script>\n<!-- \/ Yoast SEO plugin. -->","yoast_head_json":{"title":"D\u00e9but des finales de zones pour les Petits champions de la lecture | Enseignement Fran\u00e7ais au Maroc","description":"Les petits champions de la lecture est un jeu de lecture \u00e0 voix haute propos\u00e9 aux \u00e9l\u00e8ves des classes de CM1 et de CM2 et \u00e0 leurs enseignants.En cette","robots":{"index":"index","follow":"follow","max-snippet":"max-snippet:-1","max-image-preview":"max-image-preview:large","max-video-preview":"max-video-preview:-1"},"canonical":"https:\/\/www.efmaroc.org\/efm\/debut-des-finales-de-zones-pour-les-petits-champions-de-la-lecture\/","og_locale":"fr_FR","og_type":"article","og_title":"D\u00e9but des finales de zones pour les Petits champions de la lecture | Enseignement Fran\u00e7ais au Maroc","og_description":"Les petits champions de la lecture est un jeu de lecture \u00e0 voix haute propos\u00e9 aux \u00e9l\u00e8ves des classes de CM1 et de CM2 et \u00e0 leurs enseignants.En cette","og_url":"https:\/\/www.efmaroc.org\/efm\/debut-des-finales-de-zones-pour-les-petits-champions-de-la-lecture\/","og_site_name":"EFM","article_published_time":"2025-02-12T17:11:06+00:00","article_modified_time":"2025-02-12T17:11:09+00:00","og_image":[{"width":960,"height":366,"url":"https:\/\/www.efmaroc.org\/efm\/wp-content\/uploads\/2025\/02\/th-970x1000-th-970x1000-les_petits_champions_de_la_lecture_2024-2025.jpg.jpg.jpg","type":"image\/jpeg"}],"author":"EFM","twitter_card":"summary_large_image","twitter_misc":{"\u00c9crit par":"EFM","Dur\u00e9e de lecture estim\u00e9e":"2 minutes"},"schema":{"@context":"https:\/\/schema.org","@graph":[{"@type":"Article","@id":"https:\/\/www.efmaroc.org\/efm\/debut-des-finales-de-zones-pour-les-petits-champions-de-la-lecture\/#article","isPartOf":{"@id":"https:\/\/www.efmaroc.org\/efm\/debut-des-finales-de-zones-pour-les-petits-champions-de-la-lecture\/"},"author":{"name":"EFM","@id":"https:\/\/www.efmaroc.org\/efm\/#\/schema\/person\/25a9b635a4b2276393dd87dbd94c6302"},"headline":"D\u00e9but des finales de zones pour les Petits champions de la lecture","datePublished":"2025-02-12T17:11:06+00:00","dateModified":"2025-02-12T17:11:09+00:00","mainEntityOfPage":{"@id":"https:\/\/www.efmaroc.org\/efm\/debut-des-finales-de-zones-pour-les-petits-champions-de-la-lecture\/"},"wordCount":336,"commentCount":0,"publisher":{"@id":"https:\/\/www.efmaroc.org\/efm\/#organization"},"image":{"@id":"https:\/\/www.efmaroc.org\/efm\/debut-des-finales-de-zones-pour-les-petits-champions-de-la-lecture\/#primaryimage"},"thumbnailUrl":"https:\/\/www.efmaroc.org\/efm\/wp-content\/uploads\/2025\/02\/th-970x1000-th-970x1000-les_petits_champions_de_la_lecture_2024-2025.jpg.jpg.jpg","articleSection":["R\u00e9seau"],"inLanguage":"fr-FR","potentialAction":[{"@type":"CommentAction","name":"Comment","target":["https:\/\/www.efmaroc.org\/efm\/debut-des-finales-de-zones-pour-les-petits-champions-de-la-lecture\/#respond"]}]},{"@type":"WebPage","@id":"https:\/\/www.efmaroc.org\/efm\/debut-des-finales-de-zones-pour-les-petits-champions-de-la-lecture\/","url":"https:\/\/www.efmaroc.org\/efm\/debut-des-finales-de-zones-pour-les-petits-champions-de-la-lecture\/","name":"D\u00e9but des finales de zones pour les Petits champions de la lecture | Enseignement Fran\u00e7ais au Maroc","isPartOf":{"@id":"https:\/\/www.efmaroc.org\/efm\/#website"},"primaryImageOfPage":{"@id":"https:\/\/www.efmaroc.org\/efm\/debut-des-finales-de-zones-pour-les-petits-champions-de-la-lecture\/#primaryimage"},"image":{"@id":"https:\/\/www.efmaroc.org\/efm\/debut-des-finales-de-zones-pour-les-petits-champions-de-la-lecture\/#primaryimage"},"thumbnailUrl":"https:\/\/www.efmaroc.org\/efm\/wp-content\/uploads\/2025\/02\/th-970x1000-th-970x1000-les_petits_champions_de_la_lecture_2024-2025.jpg.jpg.jpg","datePublished":"2025-02-12T17:11:06+00:00","dateModified":"2025-02-12T17:11:09+00:00","description":"Les petits champions de la lecture est un jeu de lecture \u00e0 voix haute propos\u00e9 aux \u00e9l\u00e8ves des classes de CM1 et de CM2 et \u00e0 leurs enseignants.En cette","breadcrumb":{"@id":"https:\/\/www.efmaroc.org\/efm\/debut-des-finales-de-zones-pour-les-petits-champions-de-la-lecture\/#breadcrumb"},"inLanguage":"fr-FR","potentialAction":[{"@type":"ReadAction","target":["https:\/\/www.efmaroc.org\/efm\/debut-des-finales-de-zones-pour-les-petits-champions-de-la-lecture\/"]}]},{"@type":"ImageObject","inLanguage":"fr-FR","@id":"https:\/\/www.efmaroc.org\/efm\/debut-des-finales-de-zones-pour-les-petits-champions-de-la-lecture\/#primaryimage","url":"https:\/\/www.efmaroc.org\/efm\/wp-content\/uploads\/2025\/02\/th-970x1000-th-970x1000-les_petits_champions_de_la_lecture_2024-2025.jpg.jpg.jpg","contentUrl":"https:\/\/www.efmaroc.org\/efm\/wp-content\/uploads\/2025\/02\/th-970x1000-th-970x1000-les_petits_champions_de_la_lecture_2024-2025.jpg.jpg.jpg","width":960,"height":366},{"@type":"BreadcrumbList","@id":"https:\/\/www.efmaroc.org\/efm\/debut-des-finales-de-zones-pour-les-petits-champions-de-la-lecture\/#breadcrumb","itemListElement":[{"@type":"ListItem","position":1,"name":"Accueil","item":"https:\/\/www.efmaroc.org\/efm\/"},{"@type":"ListItem","position":2,"name":"D\u00e9but des finales de zones pour les Petits champions de la lecture"}]},{"@type":"WebSite","@id":"https:\/\/www.efmaroc.org\/efm\/#website","url":"https:\/\/www.efmaroc.org\/efm\/","name":"EFM","description":"Enseignement Fran\u00e7ais au Maroc","publisher":{"@id":"https:\/\/www.efmaroc.org\/efm\/#organization"},"potentialAction":[{"@type":"SearchAction","target":{"@type":"EntryPoint","urlTemplate":"https:\/\/www.efmaroc.org\/efm\/?s={search_term_string}"},"query-input":{"@type":"PropertyValueSpecification","valueRequired":true,"valueName":"search_term_string"}}],"inLanguage":"fr-FR"},{"@type":"Organization","@id":"https:\/\/www.efmaroc.org\/efm\/#organization","name":"EFM","url":"https:\/\/www.efmaroc.org\/efm\/","logo":{"@type":"ImageObject","inLanguage":"fr-FR","@id":"https:\/\/www.efmaroc.org\/efm\/#\/schema\/logo\/image\/","url":"https:\/\/www.efmaroc.org\/efm\/wp-content\/uploads\/2022\/12\/efm-enseignement-francais-maroc-logotaglinex2.png","contentUrl":"https:\/\/www.efmaroc.org\/efm\/wp-content\/uploads\/2022\/12\/efm-enseignement-francais-maroc-logotaglinex2.png","width":104,"height":78,"caption":"EFM"},"image":{"@id":"https:\/\/www.efmaroc.org\/efm\/#\/schema\/logo\/image\/"}},{"@type":"Person","@id":"https:\/\/www.efmaroc.org\/efm\/#\/schema\/person\/25a9b635a4b2276393dd87dbd94c6302","name":"EFM","image":{"@type":"ImageObject","inLanguage":"fr-FR","@id":"https:\/\/www.efmaroc.org\/efm\/#\/schema\/person\/image\/","url":"https:\/\/secure.gravatar.com\/avatar\/0acf5f0ecc3b24f6fa3602920a0bc305ada83aa2d4adbe73d7718ee0e4155d61?s=96&d=mm&r=g","contentUrl":"https:\/\/secure.gravatar.com\/avatar\/0acf5f0ecc3b24f6fa3602920a0bc305ada83aa2d4adbe73d7718ee0e4155d61?s=96&d=mm&r=g","caption":"EFM"},"sameAs":["https:\/\/www.efmaroc.org\/efm"]}]}},"jetpack_featured_media_url":"https:\/\/www.efmaroc.org\/efm\/wp-content\/uploads\/2025\/02\/th-970x1000-th-970x1000-les_petits_champions_de_la_lecture_2024-2025.jpg.jpg.jpg","jetpack_sharing_enabled":true,"_links":{"self":[{"href":"https:\/\/www.efmaroc.org\/efm\/wp-json\/wp\/v2\/posts\/23973","targetHints":{"allow":["GET"]}}],"collection":[{"href":"https:\/\/www.efmaroc.org\/efm\/wp-json\/wp\/v2\/posts"}],"about":[{"href":"https:\/\/www.efmaroc.org\/efm\/wp-json\/wp\/v2\/types\/post"}],"author":[{"embeddable":true,"href":"https:\/\/www.efmaroc.org\/efm\/wp-json\/wp\/v2\/users\/1"}],"replies":[{"embeddable":true,"href":"https:\/\/www.efmaroc.org\/efm\/wp-json\/wp\/v2\/comments?post=23973"}],"version-history":[{"count":1,"href":"https:\/\/www.efmaroc.org\/efm\/wp-json\/wp\/v2\/posts\/23973\/revisions"}],"predecessor-version":[{"id":23975,"href":"https:\/\/www.efmaroc.org\/efm\/wp-json\/wp\/v2\/posts\/23973\/revisions\/23975"}],"wp:featuredmedia":[{"embeddable":true,"href":"https:\/\/www.efmaroc.org\/efm\/wp-json\/wp\/v2\/media\/23974"}],"wp:attachment":[{"href":"https:\/\/www.efmaroc.org\/efm\/wp-json\/wp\/v2\/media?parent=23973"}],"wp:term":[{"taxonomy":"category","embeddable":true,"href":"https:\/\/www.efmaroc.org\/efm\/wp-json\/wp\/v2\/categories?post=23973"},{"taxonomy":"post_tag","embeddable":true,"href":"https:\/\/www.efmaroc.org\/efm\/wp-json\/wp\/v2\/tags?post=23973"}],"curies":[{"name":"wp","href":"https:\/\/api.w.org\/{rel}","templated":true}]}}