{"id":23988,"date":"2025-03-09T15:06:32","date_gmt":"2025-03-09T14:06:32","guid":{"rendered":"https:\/\/www.efmaroc.org\/efm\/?p=23988"},"modified":"2025-04-30T12:33:00","modified_gmt":"2025-04-30T10:33:00","slug":"mai-des-langues-2025-appel-a-participation-des-etablissements-du-reseau","status":"publish","type":"post","link":"https:\/\/www.efmaroc.org\/efm\/mai-des-langues-2025-appel-a-participation-des-etablissements-du-reseau\/","title":{"rendered":"Mai des langues 2025 : appel \u00e0 participation des \u00e9tablissements du r\u00e9seau."},"content":{"rendered":"\n<p>Le Mai des langues poursuit son aventure plurilingue et entre dans sa 5e \u00e9dition pour valoriser les langues et les cultures de tous les \u00e9l\u00e8ves. \u00ab Festival polyphonique : quand les langues donnent de la voix. \u00bb<\/p>\n\n\n\n<p>Apr\u00e8s l\u2019immersion dans l\u2019univers du sport et du mouvement, nous entrons cette fois dans une dimension plus \u00ab artistique \u00bb.<\/p>\n\n\n\n<p>Cette th\u00e9matique va permettre de laisser libres l\u2019imagination et la cr\u00e9ativit\u00e9 des \u00e9l\u00e8ves.<br>En effet, cr\u00e9er implique de mobiliser tout son imaginaire, avec les langues et les cultures comme source d\u2019inspiration.\u00a0<\/p>\n\n\n\n<p><strong>Cette th\u00e9matique permettra d\u2019inspirer tous les \u00e9l\u00e8ves, de la maternelle au lyc\u00e9e, et sera l\u2019occasion de concevoir des r\u00e9alisations en inter-degr\u00e9s.<\/strong><\/p>\n\n\n\n<p><strong>Vous avez le choix de travailler 1 sous-th\u00e9matique parmi 5 propos\u00e9es:<\/strong><\/p>\n\n\n\n<ul class=\"wp-block-list\">\n<li><strong><em>Des voix qui chantent\u00a0<\/em>;<\/strong><\/li>\n\n\n\n<li><strong><em>Des voix qui s\u2019engagent<\/em>\u00a0;<\/strong><\/li>\n\n\n\n<li><strong><em>Des voix qui (ra)content<\/em>\u00a0;<\/strong><\/li>\n\n\n\n<li><strong><em>Des voix qui jouent<\/em>\u00a0;<\/strong><\/li>\n\n\n\n<li><strong><em>R\u00e9v\u00e9ler et mettre en lumi\u00e8re les sans voix<\/em>.<\/strong><\/li>\n<\/ul>\n\n\n\n<p><strong>Il s\u2019agit d\u2019ancrer vos productions dans une des sous-th\u00e9matiques au sein de l\u2019\u00e8re culturelle des langues apprises et parl\u00e9es par les \u00e9l\u00e8ves. Le but est de valoriser la richesse et la diversit\u00e9 du r\u00e9seau \u00e0 travers des supports originaux vari\u00e9s tels que des dessins, des photos, des vid\u00e9os, des podcasts issus d\u2019\u00e9missions de webradios par exemple, des romans graphiques, des BD, des affiches, etc.<\/strong><\/p>\n\n\n\n<h2 class=\"wp-block-heading\"><img decoding=\"async\" alt=\"\ud83d\udcbb\" src=\"https:\/\/cdnjs.cloudflare.com\/ajax\/libs\/twemoji\/14.0.2\/72x72\/1f4bb.png\">&nbsp;Modalit\u00e9s de participation :<\/h2>\n\n\n\n<p>Les enseignants pourront s\u2019appuyer sur la plateforme Genially accessible via <a href=\"https:\/\/view.genially.com\/679a3b561ac4a137b4fd673c\/interactive-content-playlist-de-contenu-mobile\" data-type=\"link\" data-id=\"https:\/\/view.genially.com\/679a3b561ac4a137b4fd673c\/interactive-content-playlist-de-contenu-mobile\">le lien suivant<\/a> et cr\u00e9\u00e9e \u00e0 cet effet pour d\u00e9couvrir un \u00e9ventail d\u2019activit\u00e9s p\u00e9dagogiques class\u00e9es en 5 cat\u00e9gories, ainsi que les liens vers les espaces de d\u00e9p\u00f4t de productions.<\/p>\n\n\n\n<p><strong>Seuls les enseignants sont invit\u00e9s \u00e0 d\u00e9poser les cr\u00e9ations de leurs \u00e9l\u00e8ves et de leurs classes qui feront l\u2019objet d\u2019une mod\u00e9ration.<\/strong><\/p>\n\n\n\n<p><strong>&nbsp;La date limite pour d\u00e9poser les productions dans leurs espaces correspondants est fix\u00e9e au&nbsp;samedi 31 mai 2025, d\u00e9lai de rigueur.&nbsp;<\/strong><\/p>\n\n\n\n<p><em>Une attestation du respect des r\u00e8gles RGPD est mise \u00e0 disposition des chefs d\u2019\u00e9tablissement sur ORION afin de garantir le respect du droit \u00e0 l\u2019image et au son<\/em>.<\/p>\n","protected":false},"excerpt":{"rendered":"<p>Le Mai des langues poursuit son aventure plurilingue et entre dans sa 5e \u00e9dition pour&hellip;<\/p>\n","protected":false},"author":1,"featured_media":23989,"comment_status":"closed","ping_status":"open","sticky":false,"template":"","format":"standard","meta":{"_jetpack_newsletter_access":"","_jetpack_dont_email_post_to_subs":false,"_jetpack_newsletter_tier_id":0,"_jetpack_memberships_contains_paywalled_content":false,"_jetpack_memberships_contains_paid_content":false,"footnotes":""},"categories":[13],"tags":[],"class_list":["post-23988","post","type-post","status-publish","format-standard","has-post-thumbnail","hentry","category-reseau"],"yoast_head":"<!-- This site is optimized with the Yoast SEO plugin v26.8 - https:\/\/yoast.com\/product\/yoast-seo-wordpress\/ -->\n<title>Mai des langues 2025 : appel \u00e0 participation des \u00e9tablissements du r\u00e9seau. | Enseignement Fran\u00e7ais au Maroc<\/title>\n<meta name=\"description\" content=\"Le Mai des langues poursuit son aventure plurilingue et entre dans sa 5e \u00e9dition pour valoriser les langues et les cultures de tous les \u00e9l\u00e8ves. \u00ab Festival\" \/>\n<meta name=\"robots\" content=\"index, follow, max-snippet:-1, max-image-preview:large, max-video-preview:-1\" \/>\n<link rel=\"canonical\" href=\"https:\/\/www.efmaroc.org\/efm\/mai-des-langues-2025-appel-a-participation-des-etablissements-du-reseau\/\" \/>\n<meta property=\"og:locale\" content=\"fr_FR\" \/>\n<meta property=\"og:type\" content=\"article\" \/>\n<meta property=\"og:title\" content=\"Mai des langues 2025 : appel \u00e0 participation des \u00e9tablissements du r\u00e9seau. | Enseignement Fran\u00e7ais au Maroc\" \/>\n<meta property=\"og:description\" content=\"Le Mai des langues poursuit son aventure plurilingue et entre dans sa 5e \u00e9dition pour valoriser les langues et les cultures de tous les \u00e9l\u00e8ves. \u00ab Festival\" \/>\n<meta property=\"og:url\" content=\"https:\/\/www.efmaroc.org\/efm\/mai-des-langues-2025-appel-a-participation-des-etablissements-du-reseau\/\" \/>\n<meta property=\"og:site_name\" content=\"EFM\" \/>\n<meta property=\"article:published_time\" content=\"2025-03-09T14:06:32+00:00\" \/>\n<meta property=\"article:modified_time\" content=\"2025-04-30T10:33:00+00:00\" \/>\n<meta property=\"og:image\" content=\"https:\/\/www.efmaroc.org\/efm\/wp-content\/uploads\/2025\/03\/th-970x1000-visuel_orion_mai_des_langues_2025.png.png\" \/>\n\t<meta property=\"og:image:width\" content=\"768\" \/>\n\t<meta property=\"og:image:height\" content=\"432\" \/>\n\t<meta property=\"og:image:type\" content=\"image\/png\" \/>\n<meta name=\"author\" content=\"EFM\" \/>\n<meta name=\"twitter:card\" content=\"summary_large_image\" \/>\n<meta name=\"twitter:label1\" content=\"\u00c9crit par\" \/>\n\t<meta name=\"twitter:data1\" content=\"EFM\" \/>\n\t<meta name=\"twitter:label2\" content=\"Dur\u00e9e de lecture estim\u00e9e\" \/>\n\t<meta name=\"twitter:data2\" content=\"2 minutes\" \/>\n<script type=\"application\/ld+json\" class=\"yoast-schema-graph\">{\"@context\":\"https:\/\/schema.org\",\"@graph\":[{\"@type\":\"Article\",\"@id\":\"https:\/\/www.efmaroc.org\/efm\/mai-des-langues-2025-appel-a-participation-des-etablissements-du-reseau\/#article\",\"isPartOf\":{\"@id\":\"https:\/\/www.efmaroc.org\/efm\/mai-des-langues-2025-appel-a-participation-des-etablissements-du-reseau\/\"},\"author\":{\"name\":\"EFM\",\"@id\":\"https:\/\/www.efmaroc.org\/efm\/#\/schema\/person\/25a9b635a4b2276393dd87dbd94c6302\"},\"headline\":\"Mai des langues 2025 : appel \u00e0 participation des \u00e9tablissements du r\u00e9seau.\",\"datePublished\":\"2025-03-09T14:06:32+00:00\",\"dateModified\":\"2025-04-30T10:33:00+00:00\",\"mainEntityOfPage\":{\"@id\":\"https:\/\/www.efmaroc.org\/efm\/mai-des-langues-2025-appel-a-participation-des-etablissements-du-reseau\/\"},\"wordCount\":377,\"publisher\":{\"@id\":\"https:\/\/www.efmaroc.org\/efm\/#organization\"},\"image\":{\"@id\":\"https:\/\/www.efmaroc.org\/efm\/mai-des-langues-2025-appel-a-participation-des-etablissements-du-reseau\/#primaryimage\"},\"thumbnailUrl\":\"https:\/\/www.efmaroc.org\/efm\/wp-content\/uploads\/2025\/03\/th-970x1000-visuel_orion_mai_des_langues_2025.png.png\",\"articleSection\":[\"R\u00e9seau\"],\"inLanguage\":\"fr-FR\"},{\"@type\":\"WebPage\",\"@id\":\"https:\/\/www.efmaroc.org\/efm\/mai-des-langues-2025-appel-a-participation-des-etablissements-du-reseau\/\",\"url\":\"https:\/\/www.efmaroc.org\/efm\/mai-des-langues-2025-appel-a-participation-des-etablissements-du-reseau\/\",\"name\":\"Mai des langues 2025 : appel \u00e0 participation des \u00e9tablissements du r\u00e9seau. | Enseignement Fran\u00e7ais au Maroc\",\"isPartOf\":{\"@id\":\"https:\/\/www.efmaroc.org\/efm\/#website\"},\"primaryImageOfPage\":{\"@id\":\"https:\/\/www.efmaroc.org\/efm\/mai-des-langues-2025-appel-a-participation-des-etablissements-du-reseau\/#primaryimage\"},\"image\":{\"@id\":\"https:\/\/www.efmaroc.org\/efm\/mai-des-langues-2025-appel-a-participation-des-etablissements-du-reseau\/#primaryimage\"},\"thumbnailUrl\":\"https:\/\/www.efmaroc.org\/efm\/wp-content\/uploads\/2025\/03\/th-970x1000-visuel_orion_mai_des_langues_2025.png.png\",\"datePublished\":\"2025-03-09T14:06:32+00:00\",\"dateModified\":\"2025-04-30T10:33:00+00:00\",\"description\":\"Le Mai des langues poursuit son aventure plurilingue et entre dans sa 5e \u00e9dition pour valoriser les langues et les cultures de tous les \u00e9l\u00e8ves. \u00ab Festival\",\"breadcrumb\":{\"@id\":\"https:\/\/www.efmaroc.org\/efm\/mai-des-langues-2025-appel-a-participation-des-etablissements-du-reseau\/#breadcrumb\"},\"inLanguage\":\"fr-FR\",\"potentialAction\":[{\"@type\":\"ReadAction\",\"target\":[\"https:\/\/www.efmaroc.org\/efm\/mai-des-langues-2025-appel-a-participation-des-etablissements-du-reseau\/\"]}]},{\"@type\":\"ImageObject\",\"inLanguage\":\"fr-FR\",\"@id\":\"https:\/\/www.efmaroc.org\/efm\/mai-des-langues-2025-appel-a-participation-des-etablissements-du-reseau\/#primaryimage\",\"url\":\"https:\/\/www.efmaroc.org\/efm\/wp-content\/uploads\/2025\/03\/th-970x1000-visuel_orion_mai_des_langues_2025.png.png\",\"contentUrl\":\"https:\/\/www.efmaroc.org\/efm\/wp-content\/uploads\/2025\/03\/th-970x1000-visuel_orion_mai_des_langues_2025.png.png\",\"width\":768,\"height\":432},{\"@type\":\"BreadcrumbList\",\"@id\":\"https:\/\/www.efmaroc.org\/efm\/mai-des-langues-2025-appel-a-participation-des-etablissements-du-reseau\/#breadcrumb\",\"itemListElement\":[{\"@type\":\"ListItem\",\"position\":1,\"name\":\"Accueil\",\"item\":\"https:\/\/www.efmaroc.org\/efm\/\"},{\"@type\":\"ListItem\",\"position\":2,\"name\":\"Mai des langues 2025 : appel \u00e0 participation des \u00e9tablissements du r\u00e9seau.\"}]},{\"@type\":\"WebSite\",\"@id\":\"https:\/\/www.efmaroc.org\/efm\/#website\",\"url\":\"https:\/\/www.efmaroc.org\/efm\/\",\"name\":\"EFM\",\"description\":\"Enseignement Fran\u00e7ais au Maroc\",\"publisher\":{\"@id\":\"https:\/\/www.efmaroc.org\/efm\/#organization\"},\"potentialAction\":[{\"@type\":\"SearchAction\",\"target\":{\"@type\":\"EntryPoint\",\"urlTemplate\":\"https:\/\/www.efmaroc.org\/efm\/?s={search_term_string}\"},\"query-input\":{\"@type\":\"PropertyValueSpecification\",\"valueRequired\":true,\"valueName\":\"search_term_string\"}}],\"inLanguage\":\"fr-FR\"},{\"@type\":\"Organization\",\"@id\":\"https:\/\/www.efmaroc.org\/efm\/#organization\",\"name\":\"EFM\",\"url\":\"https:\/\/www.efmaroc.org\/efm\/\",\"logo\":{\"@type\":\"ImageObject\",\"inLanguage\":\"fr-FR\",\"@id\":\"https:\/\/www.efmaroc.org\/efm\/#\/schema\/logo\/image\/\",\"url\":\"https:\/\/www.efmaroc.org\/efm\/wp-content\/uploads\/2022\/12\/efm-enseignement-francais-maroc-logotaglinex2.png\",\"contentUrl\":\"https:\/\/www.efmaroc.org\/efm\/wp-content\/uploads\/2022\/12\/efm-enseignement-francais-maroc-logotaglinex2.png\",\"width\":104,\"height\":78,\"caption\":\"EFM\"},\"image\":{\"@id\":\"https:\/\/www.efmaroc.org\/efm\/#\/schema\/logo\/image\/\"}},{\"@type\":\"Person\",\"@id\":\"https:\/\/www.efmaroc.org\/efm\/#\/schema\/person\/25a9b635a4b2276393dd87dbd94c6302\",\"name\":\"EFM\",\"image\":{\"@type\":\"ImageObject\",\"inLanguage\":\"fr-FR\",\"@id\":\"https:\/\/www.efmaroc.org\/efm\/#\/schema\/person\/image\/\",\"url\":\"https:\/\/secure.gravatar.com\/avatar\/0acf5f0ecc3b24f6fa3602920a0bc305ada83aa2d4adbe73d7718ee0e4155d61?s=96&d=mm&r=g\",\"contentUrl\":\"https:\/\/secure.gravatar.com\/avatar\/0acf5f0ecc3b24f6fa3602920a0bc305ada83aa2d4adbe73d7718ee0e4155d61?s=96&d=mm&r=g\",\"caption\":\"EFM\"},\"sameAs\":[\"https:\/\/www.efmaroc.org\/efm\"]}]}<\/script>\n<!-- \/ Yoast SEO plugin. -->","yoast_head_json":{"title":"Mai des langues 2025 : appel \u00e0 participation des \u00e9tablissements du r\u00e9seau. | Enseignement Fran\u00e7ais au Maroc","description":"Le Mai des langues poursuit son aventure plurilingue et entre dans sa 5e \u00e9dition pour valoriser les langues et les cultures de tous les \u00e9l\u00e8ves. \u00ab Festival","robots":{"index":"index","follow":"follow","max-snippet":"max-snippet:-1","max-image-preview":"max-image-preview:large","max-video-preview":"max-video-preview:-1"},"canonical":"https:\/\/www.efmaroc.org\/efm\/mai-des-langues-2025-appel-a-participation-des-etablissements-du-reseau\/","og_locale":"fr_FR","og_type":"article","og_title":"Mai des langues 2025 : appel \u00e0 participation des \u00e9tablissements du r\u00e9seau. | Enseignement Fran\u00e7ais au Maroc","og_description":"Le Mai des langues poursuit son aventure plurilingue et entre dans sa 5e \u00e9dition pour valoriser les langues et les cultures de tous les \u00e9l\u00e8ves. \u00ab Festival","og_url":"https:\/\/www.efmaroc.org\/efm\/mai-des-langues-2025-appel-a-participation-des-etablissements-du-reseau\/","og_site_name":"EFM","article_published_time":"2025-03-09T14:06:32+00:00","article_modified_time":"2025-04-30T10:33:00+00:00","og_image":[{"width":768,"height":432,"url":"https:\/\/www.efmaroc.org\/efm\/wp-content\/uploads\/2025\/03\/th-970x1000-visuel_orion_mai_des_langues_2025.png.png","type":"image\/png"}],"author":"EFM","twitter_card":"summary_large_image","twitter_misc":{"\u00c9crit par":"EFM","Dur\u00e9e de lecture estim\u00e9e":"2 minutes"},"schema":{"@context":"https:\/\/schema.org","@graph":[{"@type":"Article","@id":"https:\/\/www.efmaroc.org\/efm\/mai-des-langues-2025-appel-a-participation-des-etablissements-du-reseau\/#article","isPartOf":{"@id":"https:\/\/www.efmaroc.org\/efm\/mai-des-langues-2025-appel-a-participation-des-etablissements-du-reseau\/"},"author":{"name":"EFM","@id":"https:\/\/www.efmaroc.org\/efm\/#\/schema\/person\/25a9b635a4b2276393dd87dbd94c6302"},"headline":"Mai des langues 2025 : appel \u00e0 participation des \u00e9tablissements du r\u00e9seau.","datePublished":"2025-03-09T14:06:32+00:00","dateModified":"2025-04-30T10:33:00+00:00","mainEntityOfPage":{"@id":"https:\/\/www.efmaroc.org\/efm\/mai-des-langues-2025-appel-a-participation-des-etablissements-du-reseau\/"},"wordCount":377,"publisher":{"@id":"https:\/\/www.efmaroc.org\/efm\/#organization"},"image":{"@id":"https:\/\/www.efmaroc.org\/efm\/mai-des-langues-2025-appel-a-participation-des-etablissements-du-reseau\/#primaryimage"},"thumbnailUrl":"https:\/\/www.efmaroc.org\/efm\/wp-content\/uploads\/2025\/03\/th-970x1000-visuel_orion_mai_des_langues_2025.png.png","articleSection":["R\u00e9seau"],"inLanguage":"fr-FR"},{"@type":"WebPage","@id":"https:\/\/www.efmaroc.org\/efm\/mai-des-langues-2025-appel-a-participation-des-etablissements-du-reseau\/","url":"https:\/\/www.efmaroc.org\/efm\/mai-des-langues-2025-appel-a-participation-des-etablissements-du-reseau\/","name":"Mai des langues 2025 : appel \u00e0 participation des \u00e9tablissements du r\u00e9seau. | Enseignement Fran\u00e7ais au Maroc","isPartOf":{"@id":"https:\/\/www.efmaroc.org\/efm\/#website"},"primaryImageOfPage":{"@id":"https:\/\/www.efmaroc.org\/efm\/mai-des-langues-2025-appel-a-participation-des-etablissements-du-reseau\/#primaryimage"},"image":{"@id":"https:\/\/www.efmaroc.org\/efm\/mai-des-langues-2025-appel-a-participation-des-etablissements-du-reseau\/#primaryimage"},"thumbnailUrl":"https:\/\/www.efmaroc.org\/efm\/wp-content\/uploads\/2025\/03\/th-970x1000-visuel_orion_mai_des_langues_2025.png.png","datePublished":"2025-03-09T14:06:32+00:00","dateModified":"2025-04-30T10:33:00+00:00","description":"Le Mai des langues poursuit son aventure plurilingue et entre dans sa 5e \u00e9dition pour valoriser les langues et les cultures de tous les \u00e9l\u00e8ves. \u00ab Festival","breadcrumb":{"@id":"https:\/\/www.efmaroc.org\/efm\/mai-des-langues-2025-appel-a-participation-des-etablissements-du-reseau\/#breadcrumb"},"inLanguage":"fr-FR","potentialAction":[{"@type":"ReadAction","target":["https:\/\/www.efmaroc.org\/efm\/mai-des-langues-2025-appel-a-participation-des-etablissements-du-reseau\/"]}]},{"@type":"ImageObject","inLanguage":"fr-FR","@id":"https:\/\/www.efmaroc.org\/efm\/mai-des-langues-2025-appel-a-participation-des-etablissements-du-reseau\/#primaryimage","url":"https:\/\/www.efmaroc.org\/efm\/wp-content\/uploads\/2025\/03\/th-970x1000-visuel_orion_mai_des_langues_2025.png.png","contentUrl":"https:\/\/www.efmaroc.org\/efm\/wp-content\/uploads\/2025\/03\/th-970x1000-visuel_orion_mai_des_langues_2025.png.png","width":768,"height":432},{"@type":"BreadcrumbList","@id":"https:\/\/www.efmaroc.org\/efm\/mai-des-langues-2025-appel-a-participation-des-etablissements-du-reseau\/#breadcrumb","itemListElement":[{"@type":"ListItem","position":1,"name":"Accueil","item":"https:\/\/www.efmaroc.org\/efm\/"},{"@type":"ListItem","position":2,"name":"Mai des langues 2025 : appel \u00e0 participation des \u00e9tablissements du r\u00e9seau."}]},{"@type":"WebSite","@id":"https:\/\/www.efmaroc.org\/efm\/#website","url":"https:\/\/www.efmaroc.org\/efm\/","name":"EFM","description":"Enseignement Fran\u00e7ais au Maroc","publisher":{"@id":"https:\/\/www.efmaroc.org\/efm\/#organization"},"potentialAction":[{"@type":"SearchAction","target":{"@type":"EntryPoint","urlTemplate":"https:\/\/www.efmaroc.org\/efm\/?s={search_term_string}"},"query-input":{"@type":"PropertyValueSpecification","valueRequired":true,"valueName":"search_term_string"}}],"inLanguage":"fr-FR"},{"@type":"Organization","@id":"https:\/\/www.efmaroc.org\/efm\/#organization","name":"EFM","url":"https:\/\/www.efmaroc.org\/efm\/","logo":{"@type":"ImageObject","inLanguage":"fr-FR","@id":"https:\/\/www.efmaroc.org\/efm\/#\/schema\/logo\/image\/","url":"https:\/\/www.efmaroc.org\/efm\/wp-content\/uploads\/2022\/12\/efm-enseignement-francais-maroc-logotaglinex2.png","contentUrl":"https:\/\/www.efmaroc.org\/efm\/wp-content\/uploads\/2022\/12\/efm-enseignement-francais-maroc-logotaglinex2.png","width":104,"height":78,"caption":"EFM"},"image":{"@id":"https:\/\/www.efmaroc.org\/efm\/#\/schema\/logo\/image\/"}},{"@type":"Person","@id":"https:\/\/www.efmaroc.org\/efm\/#\/schema\/person\/25a9b635a4b2276393dd87dbd94c6302","name":"EFM","image":{"@type":"ImageObject","inLanguage":"fr-FR","@id":"https:\/\/www.efmaroc.org\/efm\/#\/schema\/person\/image\/","url":"https:\/\/secure.gravatar.com\/avatar\/0acf5f0ecc3b24f6fa3602920a0bc305ada83aa2d4adbe73d7718ee0e4155d61?s=96&d=mm&r=g","contentUrl":"https:\/\/secure.gravatar.com\/avatar\/0acf5f0ecc3b24f6fa3602920a0bc305ada83aa2d4adbe73d7718ee0e4155d61?s=96&d=mm&r=g","caption":"EFM"},"sameAs":["https:\/\/www.efmaroc.org\/efm"]}]}},"jetpack_featured_media_url":"https:\/\/www.efmaroc.org\/efm\/wp-content\/uploads\/2025\/03\/th-970x1000-visuel_orion_mai_des_langues_2025.png.png","jetpack_sharing_enabled":true,"_links":{"self":[{"href":"https:\/\/www.efmaroc.org\/efm\/wp-json\/wp\/v2\/posts\/23988","targetHints":{"allow":["GET"]}}],"collection":[{"href":"https:\/\/www.efmaroc.org\/efm\/wp-json\/wp\/v2\/posts"}],"about":[{"href":"https:\/\/www.efmaroc.org\/efm\/wp-json\/wp\/v2\/types\/post"}],"author":[{"embeddable":true,"href":"https:\/\/www.efmaroc.org\/efm\/wp-json\/wp\/v2\/users\/1"}],"replies":[{"embeddable":true,"href":"https:\/\/www.efmaroc.org\/efm\/wp-json\/wp\/v2\/comments?post=23988"}],"version-history":[{"count":1,"href":"https:\/\/www.efmaroc.org\/efm\/wp-json\/wp\/v2\/posts\/23988\/revisions"}],"predecessor-version":[{"id":23990,"href":"https:\/\/www.efmaroc.org\/efm\/wp-json\/wp\/v2\/posts\/23988\/revisions\/23990"}],"wp:featuredmedia":[{"embeddable":true,"href":"https:\/\/www.efmaroc.org\/efm\/wp-json\/wp\/v2\/media\/23989"}],"wp:attachment":[{"href":"https:\/\/www.efmaroc.org\/efm\/wp-json\/wp\/v2\/media?parent=23988"}],"wp:term":[{"taxonomy":"category","embeddable":true,"href":"https:\/\/www.efmaroc.org\/efm\/wp-json\/wp\/v2\/categories?post=23988"},{"taxonomy":"post_tag","embeddable":true,"href":"https:\/\/www.efmaroc.org\/efm\/wp-json\/wp\/v2\/tags?post=23988"}],"curies":[{"name":"wp","href":"https:\/\/api.w.org\/{rel}","templated":true}]}}