{"id":24000,"date":"2025-03-12T10:43:11","date_gmt":"2025-03-12T09:43:11","guid":{"rendered":"https:\/\/www.efmaroc.org\/efm\/?p=24000"},"modified":"2025-04-30T12:32:46","modified_gmt":"2025-04-30T10:32:46","slug":"adn-demain-durable-junior-2024-2025","status":"publish","type":"post","link":"https:\/\/www.efmaroc.org\/efm\/adn-demain-durable-junior-2024-2025\/","title":{"rendered":"ADN Demain Durable Junior 2024-2025"},"content":{"rendered":"\n<p>ADN Demain Durable Junior est un programme d\u2019\u00e9changes \u00e0 distance qui invite les \u00e9l\u00e8ves des classes de CM1 et\/ou de CM2 et leurs enseignants \u00e0 \u00e9changer avec une autre classe du r\u00e9seau de l&rsquo;EFE.<br>Durant l\u2019ann\u00e9e, les classes participantes travaillent en bin\u00f4me \u00e0 la cr\u00e9ation de productions communes.<\/p>\n\n\n\n<p>Les projets s\u2019inscrivent dans le cadre du r\u00e9f\u00e9rentiel de comp\u00e9tences EDD du cycle 3. Voici les quatre domaines de comp\u00e9tences en EDD :<\/p>\n\n\n\n<ol class=\"wp-block-list\">\n<li>S\u2019ouvrir \u00e0 la complexit\u00e9 des th\u00e9matiques de d\u00e9veloppement durable<\/li>\n\n\n\n<li>Faire preuve d\u2019esprit critique pour appr\u00e9hender les probl\u00e9matiques de d\u00e9veloppement durable<\/li>\n\n\n\n<li>Adopter un comportement \u00e9thique et responsable vis-\u00e0-vis de l\u2019environnement et des soci\u00e9t\u00e9s humaines<\/li>\n\n\n\n<li>Agir individuellement et collectivement pour construire un monde durable<\/li>\n<\/ol>\n\n\n\n<h2 class=\"wp-block-heading\">Calendriers des \u00e9tapes du projet<\/h2>\n\n\n\n<p><em><strong>L\u2019organisation des \u00e9changes se fait selon les \u00e9tapes des calendriers que vous retrouverez ci-dessous :<\/strong><\/em><\/p>\n\n\n\n<ul class=\"wp-block-list\">\n<li>La\u00a0<strong>campagne d&rsquo;inscription<\/strong> a\u00a0commenc\u00e9 le\u00a0<strong>5 d\u00e9cembre 2024<\/strong>\u00a0pour le rythme nord, et le\u00a0<strong>28 f\u00e9vrier 2025<\/strong>\u00a0pour le rythme sud.<\/li>\n\n\n\n<li>Des\u00a0<strong>webinaires\u00a0<\/strong>de pr\u00e9sentation du projet ont eu lieu pour les enseignants souhaitant s&rsquo;engager dans le programme le\u00a0jeudi 12 d\u00e9cembre\u00a02024 \u00e0\u00a010h30\u00a0et \u00e0\u00a016h30, heure de Paris pour le rythme nord, et le\u00a0<strong>3 mars 2025\u00a0<\/strong>\u00e0\u00a0<strong>16h\u00a0<\/strong>pour le rythme sud. <\/li>\n\n\n\n<li>Les\u00a0<strong>bin\u00f4mes de classes<\/strong>\u00a0sont\u00a0annonc\u00e9s\u00a0le\u00a014 janvier 2025\u00a0pour le rythme nord, le\u00a0<strong>10 mars 2025\u00a0<\/strong>pour le rythme sud.<\/li>\n\n\n\n<li>Une s\u00e9rie d&rsquo;<strong>\u00e9changes\u00a0<\/strong>entre les classes, afin de partager la conception, la construction, la conduction et l&rsquo;\u00e9valuation du projet ou de l&rsquo;action EDD, aura lieu\u00a0<strong>entre f\u00e9vrier et mai 2025<\/strong>.<\/li>\n\n\n\n<li>Le projet est\u00a0<strong>termin\u00e9 et restitu\u00e9<\/strong>\u00a0le\u00a023 mai 2025\u00a0pour le rythme nord, et le\u00a0<strong>4 juin 2025\u00a0<\/strong>pour le rythme sud.<\/li>\n\n\n\n<li>Une\u00a0<strong>journ\u00e9e ADN Demain Durable Junior\u00a0<\/strong>est organis\u00e9e le\u00a0<strong>5 juin 2025\u00a0<\/strong>pour le rythme nord et sud<\/li>\n<\/ul>\n\n\n\n<figure class=\"wp-block-image size-large\"><img fetchpriority=\"high\" decoding=\"async\" width=\"1024\" height=\"576\" src=\"https:\/\/www.efmaroc.org\/efm\/wp-content\/uploads\/2025\/03\/ADN-rythme-sud-1024x576.jpg\" alt=\"\" class=\"wp-image-24002\" srcset=\"https:\/\/www.efmaroc.org\/efm\/wp-content\/uploads\/2025\/03\/ADN-rythme-sud-1024x576.jpg 1024w, https:\/\/www.efmaroc.org\/efm\/wp-content\/uploads\/2025\/03\/ADN-rythme-sud-300x169.jpg 300w, https:\/\/www.efmaroc.org\/efm\/wp-content\/uploads\/2025\/03\/ADN-rythme-sud-768x432.jpg 768w, https:\/\/www.efmaroc.org\/efm\/wp-content\/uploads\/2025\/03\/ADN-rythme-sud-1536x864.jpg 1536w, https:\/\/www.efmaroc.org\/efm\/wp-content\/uploads\/2025\/03\/ADN-rythme-sud-2048x1152.jpg 2048w, https:\/\/www.efmaroc.org\/efm\/wp-content\/uploads\/2025\/03\/ADN-rythme-sud-370x208.jpg 370w, https:\/\/www.efmaroc.org\/efm\/wp-content\/uploads\/2025\/03\/ADN-rythme-sud-1290x725.jpg 1290w, https:\/\/www.efmaroc.org\/efm\/wp-content\/uploads\/2025\/03\/ADN-rythme-sud-840x472.jpg 840w, https:\/\/www.efmaroc.org\/efm\/wp-content\/uploads\/2025\/03\/ADN-rythme-sud-410x231.jpg 410w, https:\/\/www.efmaroc.org\/efm\/wp-content\/uploads\/2025\/03\/ADN-rythme-sud-270x152.jpg 270w\" sizes=\"(max-width: 1024px) 100vw, 1024px\" \/><\/figure>\n\n\n\n<h2 class=\"wp-block-heading\">Quelques exemples de projets ADN Demain Durable Junior<\/h2>\n\n\n\n<p>Cliquez sur la&nbsp;<strong>carte ci-dessous<\/strong>&nbsp;pour voir quelques projets ant\u00e9rieurs r\u00e9alis\u00e9s dans le cadre d&rsquo;ADN Demain Durable Junior&nbsp;<img decoding=\"async\" alt=\"\ud83d\udc47\" src=\"https:\/\/cdnjs.cloudflare.com\/ajax\/libs\/twemoji\/14.0.2\/72x72\/1f447.png\"><\/p>\n\n\n\n<p><a href=\"https:\/\/padlet.com\/temoignageadn\/carte-adn-demain-durable-junior-z9crow0i9gb58nga\">Carte ADN Demain Durable Junior<\/a><\/p>\n\n\n\n<h2 class=\"wp-block-heading\">Les fiches ressources utiles du programme<\/h2>\n\n\n\n<p>Vous trouverez un\u00a0<strong>dossier d&rsquo;accompagnement du projet<\/strong>, comportant des fiches ressources,\u00a0\u00e0 destination des enseignants, pour vous aider \u00e0 mettre en place le programme ADN Demain Durable sur la plateforme ORION. A caract\u00e8re facultatif, ces fiches vous guident dans vos \u00e9changes et dans la mise en place du projet.<\/p>\n\n\n\n<p>Un\u00a0<strong><a href=\"https:\/\/view.genially.com\/6745f857969c9b504886d835\/presentation-adn-demain-durable-2024-2025\" data-type=\"link\" data-id=\"https:\/\/view.genially.com\/6745f857969c9b504886d835\/presentation-adn-demain-durable-2024-2025\">Genially<\/a><\/strong>\u00a0a \u00e9t\u00e9 cr\u00e9\u00e9 afin de vous fournir de la mati\u00e8re pour construire votre projet. \u00a0<\/p>\n\n\n\n<p><\/p>\n","protected":false},"excerpt":{"rendered":"<p>ADN Demain Durable Junior est un programme d\u2019\u00e9changes \u00e0 distance qui invite les \u00e9l\u00e8ves des&hellip;<\/p>\n","protected":false},"author":1,"featured_media":24001,"comment_status":"closed","ping_status":"open","sticky":false,"template":"","format":"standard","meta":{"_jetpack_newsletter_access":"","_jetpack_dont_email_post_to_subs":false,"_jetpack_newsletter_tier_id":0,"_jetpack_memberships_contains_paywalled_content":false,"_jetpack_memberships_contains_paid_content":false,"footnotes":""},"categories":[13],"tags":[],"class_list":["post-24000","post","type-post","status-publish","format-standard","has-post-thumbnail","hentry","category-reseau"],"yoast_head":"<!-- This site is optimized with the Yoast SEO plugin v26.8 - https:\/\/yoast.com\/product\/yoast-seo-wordpress\/ -->\n<title>ADN Demain Durable Junior 2024-2025 | Enseignement Fran\u00e7ais au Maroc<\/title>\n<meta name=\"description\" content=\"ADN Demain Durable Junior est un programme d\u2019\u00e9changes \u00e0 distance qui invite les \u00e9l\u00e8ves des classes de CM1 et\/ou de CM2 et leurs enseignants \u00e0 \u00e9changer\" \/>\n<meta name=\"robots\" content=\"index, follow, max-snippet:-1, max-image-preview:large, max-video-preview:-1\" \/>\n<link rel=\"canonical\" href=\"https:\/\/www.efmaroc.org\/efm\/adn-demain-durable-junior-2024-2025\/\" \/>\n<meta property=\"og:locale\" content=\"fr_FR\" \/>\n<meta property=\"og:type\" content=\"article\" \/>\n<meta property=\"og:title\" content=\"ADN Demain Durable Junior 2024-2025 | Enseignement Fran\u00e7ais au Maroc\" \/>\n<meta property=\"og:description\" content=\"ADN Demain Durable Junior est un programme d\u2019\u00e9changes \u00e0 distance qui invite les \u00e9l\u00e8ves des classes de CM1 et\/ou de CM2 et leurs enseignants \u00e0 \u00e9changer\" \/>\n<meta property=\"og:url\" content=\"https:\/\/www.efmaroc.org\/efm\/adn-demain-durable-junior-2024-2025\/\" \/>\n<meta property=\"og:site_name\" content=\"EFM\" \/>\n<meta property=\"article:published_time\" content=\"2025-03-12T09:43:11+00:00\" \/>\n<meta property=\"article:modified_time\" content=\"2025-04-30T10:32:46+00:00\" \/>\n<meta property=\"og:image\" content=\"https:\/\/www.efmaroc.org\/efm\/wp-content\/uploads\/2025\/03\/th-970x1000-adn_demain_durable_junior_2.jpg.jpg\" \/>\n\t<meta property=\"og:image:width\" content=\"970\" \/>\n\t<meta property=\"og:image:height\" content=\"546\" \/>\n\t<meta property=\"og:image:type\" content=\"image\/jpeg\" \/>\n<meta name=\"author\" content=\"EFM\" \/>\n<meta name=\"twitter:card\" content=\"summary_large_image\" \/>\n<meta name=\"twitter:label1\" content=\"\u00c9crit par\" \/>\n\t<meta name=\"twitter:data1\" content=\"EFM\" \/>\n\t<meta name=\"twitter:label2\" content=\"Dur\u00e9e de lecture estim\u00e9e\" \/>\n\t<meta name=\"twitter:data2\" content=\"2 minutes\" \/>\n<script type=\"application\/ld+json\" class=\"yoast-schema-graph\">{\"@context\":\"https:\/\/schema.org\",\"@graph\":[{\"@type\":\"Article\",\"@id\":\"https:\/\/www.efmaroc.org\/efm\/adn-demain-durable-junior-2024-2025\/#article\",\"isPartOf\":{\"@id\":\"https:\/\/www.efmaroc.org\/efm\/adn-demain-durable-junior-2024-2025\/\"},\"author\":{\"name\":\"EFM\",\"@id\":\"https:\/\/www.efmaroc.org\/efm\/#\/schema\/person\/25a9b635a4b2276393dd87dbd94c6302\"},\"headline\":\"ADN Demain Durable Junior 2024-2025\",\"datePublished\":\"2025-03-12T09:43:11+00:00\",\"dateModified\":\"2025-04-30T10:32:46+00:00\",\"mainEntityOfPage\":{\"@id\":\"https:\/\/www.efmaroc.org\/efm\/adn-demain-durable-junior-2024-2025\/\"},\"wordCount\":420,\"publisher\":{\"@id\":\"https:\/\/www.efmaroc.org\/efm\/#organization\"},\"image\":{\"@id\":\"https:\/\/www.efmaroc.org\/efm\/adn-demain-durable-junior-2024-2025\/#primaryimage\"},\"thumbnailUrl\":\"https:\/\/www.efmaroc.org\/efm\/wp-content\/uploads\/2025\/03\/th-970x1000-adn_demain_durable_junior_2.jpg.jpg\",\"articleSection\":[\"R\u00e9seau\"],\"inLanguage\":\"fr-FR\"},{\"@type\":\"WebPage\",\"@id\":\"https:\/\/www.efmaroc.org\/efm\/adn-demain-durable-junior-2024-2025\/\",\"url\":\"https:\/\/www.efmaroc.org\/efm\/adn-demain-durable-junior-2024-2025\/\",\"name\":\"ADN Demain Durable Junior 2024-2025 | Enseignement Fran\u00e7ais au Maroc\",\"isPartOf\":{\"@id\":\"https:\/\/www.efmaroc.org\/efm\/#website\"},\"primaryImageOfPage\":{\"@id\":\"https:\/\/www.efmaroc.org\/efm\/adn-demain-durable-junior-2024-2025\/#primaryimage\"},\"image\":{\"@id\":\"https:\/\/www.efmaroc.org\/efm\/adn-demain-durable-junior-2024-2025\/#primaryimage\"},\"thumbnailUrl\":\"https:\/\/www.efmaroc.org\/efm\/wp-content\/uploads\/2025\/03\/th-970x1000-adn_demain_durable_junior_2.jpg.jpg\",\"datePublished\":\"2025-03-12T09:43:11+00:00\",\"dateModified\":\"2025-04-30T10:32:46+00:00\",\"description\":\"ADN Demain Durable Junior est un programme d\u2019\u00e9changes \u00e0 distance qui invite les \u00e9l\u00e8ves des classes de CM1 et\/ou de CM2 et leurs enseignants \u00e0 \u00e9changer\",\"breadcrumb\":{\"@id\":\"https:\/\/www.efmaroc.org\/efm\/adn-demain-durable-junior-2024-2025\/#breadcrumb\"},\"inLanguage\":\"fr-FR\",\"potentialAction\":[{\"@type\":\"ReadAction\",\"target\":[\"https:\/\/www.efmaroc.org\/efm\/adn-demain-durable-junior-2024-2025\/\"]}]},{\"@type\":\"ImageObject\",\"inLanguage\":\"fr-FR\",\"@id\":\"https:\/\/www.efmaroc.org\/efm\/adn-demain-durable-junior-2024-2025\/#primaryimage\",\"url\":\"https:\/\/www.efmaroc.org\/efm\/wp-content\/uploads\/2025\/03\/th-970x1000-adn_demain_durable_junior_2.jpg.jpg\",\"contentUrl\":\"https:\/\/www.efmaroc.org\/efm\/wp-content\/uploads\/2025\/03\/th-970x1000-adn_demain_durable_junior_2.jpg.jpg\",\"width\":970,\"height\":546},{\"@type\":\"BreadcrumbList\",\"@id\":\"https:\/\/www.efmaroc.org\/efm\/adn-demain-durable-junior-2024-2025\/#breadcrumb\",\"itemListElement\":[{\"@type\":\"ListItem\",\"position\":1,\"name\":\"Accueil\",\"item\":\"https:\/\/www.efmaroc.org\/efm\/\"},{\"@type\":\"ListItem\",\"position\":2,\"name\":\"ADN Demain Durable Junior 2024-2025\"}]},{\"@type\":\"WebSite\",\"@id\":\"https:\/\/www.efmaroc.org\/efm\/#website\",\"url\":\"https:\/\/www.efmaroc.org\/efm\/\",\"name\":\"EFM\",\"description\":\"Enseignement Fran\u00e7ais au Maroc\",\"publisher\":{\"@id\":\"https:\/\/www.efmaroc.org\/efm\/#organization\"},\"potentialAction\":[{\"@type\":\"SearchAction\",\"target\":{\"@type\":\"EntryPoint\",\"urlTemplate\":\"https:\/\/www.efmaroc.org\/efm\/?s={search_term_string}\"},\"query-input\":{\"@type\":\"PropertyValueSpecification\",\"valueRequired\":true,\"valueName\":\"search_term_string\"}}],\"inLanguage\":\"fr-FR\"},{\"@type\":\"Organization\",\"@id\":\"https:\/\/www.efmaroc.org\/efm\/#organization\",\"name\":\"EFM\",\"url\":\"https:\/\/www.efmaroc.org\/efm\/\",\"logo\":{\"@type\":\"ImageObject\",\"inLanguage\":\"fr-FR\",\"@id\":\"https:\/\/www.efmaroc.org\/efm\/#\/schema\/logo\/image\/\",\"url\":\"https:\/\/www.efmaroc.org\/efm\/wp-content\/uploads\/2022\/12\/efm-enseignement-francais-maroc-logotaglinex2.png\",\"contentUrl\":\"https:\/\/www.efmaroc.org\/efm\/wp-content\/uploads\/2022\/12\/efm-enseignement-francais-maroc-logotaglinex2.png\",\"width\":104,\"height\":78,\"caption\":\"EFM\"},\"image\":{\"@id\":\"https:\/\/www.efmaroc.org\/efm\/#\/schema\/logo\/image\/\"}},{\"@type\":\"Person\",\"@id\":\"https:\/\/www.efmaroc.org\/efm\/#\/schema\/person\/25a9b635a4b2276393dd87dbd94c6302\",\"name\":\"EFM\",\"image\":{\"@type\":\"ImageObject\",\"inLanguage\":\"fr-FR\",\"@id\":\"https:\/\/www.efmaroc.org\/efm\/#\/schema\/person\/image\/\",\"url\":\"https:\/\/secure.gravatar.com\/avatar\/0acf5f0ecc3b24f6fa3602920a0bc305ada83aa2d4adbe73d7718ee0e4155d61?s=96&d=mm&r=g\",\"contentUrl\":\"https:\/\/secure.gravatar.com\/avatar\/0acf5f0ecc3b24f6fa3602920a0bc305ada83aa2d4adbe73d7718ee0e4155d61?s=96&d=mm&r=g\",\"caption\":\"EFM\"},\"sameAs\":[\"https:\/\/www.efmaroc.org\/efm\"]}]}<\/script>\n<!-- \/ Yoast SEO plugin. -->","yoast_head_json":{"title":"ADN Demain Durable Junior 2024-2025 | Enseignement Fran\u00e7ais au Maroc","description":"ADN Demain Durable Junior est un programme d\u2019\u00e9changes \u00e0 distance qui invite les \u00e9l\u00e8ves des classes de CM1 et\/ou de CM2 et leurs enseignants \u00e0 \u00e9changer","robots":{"index":"index","follow":"follow","max-snippet":"max-snippet:-1","max-image-preview":"max-image-preview:large","max-video-preview":"max-video-preview:-1"},"canonical":"https:\/\/www.efmaroc.org\/efm\/adn-demain-durable-junior-2024-2025\/","og_locale":"fr_FR","og_type":"article","og_title":"ADN Demain Durable Junior 2024-2025 | Enseignement Fran\u00e7ais au Maroc","og_description":"ADN Demain Durable Junior est un programme d\u2019\u00e9changes \u00e0 distance qui invite les \u00e9l\u00e8ves des classes de CM1 et\/ou de CM2 et leurs enseignants \u00e0 \u00e9changer","og_url":"https:\/\/www.efmaroc.org\/efm\/adn-demain-durable-junior-2024-2025\/","og_site_name":"EFM","article_published_time":"2025-03-12T09:43:11+00:00","article_modified_time":"2025-04-30T10:32:46+00:00","og_image":[{"width":970,"height":546,"url":"https:\/\/www.efmaroc.org\/efm\/wp-content\/uploads\/2025\/03\/th-970x1000-adn_demain_durable_junior_2.jpg.jpg","type":"image\/jpeg"}],"author":"EFM","twitter_card":"summary_large_image","twitter_misc":{"\u00c9crit par":"EFM","Dur\u00e9e de lecture estim\u00e9e":"2 minutes"},"schema":{"@context":"https:\/\/schema.org","@graph":[{"@type":"Article","@id":"https:\/\/www.efmaroc.org\/efm\/adn-demain-durable-junior-2024-2025\/#article","isPartOf":{"@id":"https:\/\/www.efmaroc.org\/efm\/adn-demain-durable-junior-2024-2025\/"},"author":{"name":"EFM","@id":"https:\/\/www.efmaroc.org\/efm\/#\/schema\/person\/25a9b635a4b2276393dd87dbd94c6302"},"headline":"ADN Demain Durable Junior 2024-2025","datePublished":"2025-03-12T09:43:11+00:00","dateModified":"2025-04-30T10:32:46+00:00","mainEntityOfPage":{"@id":"https:\/\/www.efmaroc.org\/efm\/adn-demain-durable-junior-2024-2025\/"},"wordCount":420,"publisher":{"@id":"https:\/\/www.efmaroc.org\/efm\/#organization"},"image":{"@id":"https:\/\/www.efmaroc.org\/efm\/adn-demain-durable-junior-2024-2025\/#primaryimage"},"thumbnailUrl":"https:\/\/www.efmaroc.org\/efm\/wp-content\/uploads\/2025\/03\/th-970x1000-adn_demain_durable_junior_2.jpg.jpg","articleSection":["R\u00e9seau"],"inLanguage":"fr-FR"},{"@type":"WebPage","@id":"https:\/\/www.efmaroc.org\/efm\/adn-demain-durable-junior-2024-2025\/","url":"https:\/\/www.efmaroc.org\/efm\/adn-demain-durable-junior-2024-2025\/","name":"ADN Demain Durable Junior 2024-2025 | Enseignement Fran\u00e7ais au Maroc","isPartOf":{"@id":"https:\/\/www.efmaroc.org\/efm\/#website"},"primaryImageOfPage":{"@id":"https:\/\/www.efmaroc.org\/efm\/adn-demain-durable-junior-2024-2025\/#primaryimage"},"image":{"@id":"https:\/\/www.efmaroc.org\/efm\/adn-demain-durable-junior-2024-2025\/#primaryimage"},"thumbnailUrl":"https:\/\/www.efmaroc.org\/efm\/wp-content\/uploads\/2025\/03\/th-970x1000-adn_demain_durable_junior_2.jpg.jpg","datePublished":"2025-03-12T09:43:11+00:00","dateModified":"2025-04-30T10:32:46+00:00","description":"ADN Demain Durable Junior est un programme d\u2019\u00e9changes \u00e0 distance qui invite les \u00e9l\u00e8ves des classes de CM1 et\/ou de CM2 et leurs enseignants \u00e0 \u00e9changer","breadcrumb":{"@id":"https:\/\/www.efmaroc.org\/efm\/adn-demain-durable-junior-2024-2025\/#breadcrumb"},"inLanguage":"fr-FR","potentialAction":[{"@type":"ReadAction","target":["https:\/\/www.efmaroc.org\/efm\/adn-demain-durable-junior-2024-2025\/"]}]},{"@type":"ImageObject","inLanguage":"fr-FR","@id":"https:\/\/www.efmaroc.org\/efm\/adn-demain-durable-junior-2024-2025\/#primaryimage","url":"https:\/\/www.efmaroc.org\/efm\/wp-content\/uploads\/2025\/03\/th-970x1000-adn_demain_durable_junior_2.jpg.jpg","contentUrl":"https:\/\/www.efmaroc.org\/efm\/wp-content\/uploads\/2025\/03\/th-970x1000-adn_demain_durable_junior_2.jpg.jpg","width":970,"height":546},{"@type":"BreadcrumbList","@id":"https:\/\/www.efmaroc.org\/efm\/adn-demain-durable-junior-2024-2025\/#breadcrumb","itemListElement":[{"@type":"ListItem","position":1,"name":"Accueil","item":"https:\/\/www.efmaroc.org\/efm\/"},{"@type":"ListItem","position":2,"name":"ADN Demain Durable Junior 2024-2025"}]},{"@type":"WebSite","@id":"https:\/\/www.efmaroc.org\/efm\/#website","url":"https:\/\/www.efmaroc.org\/efm\/","name":"EFM","description":"Enseignement Fran\u00e7ais au Maroc","publisher":{"@id":"https:\/\/www.efmaroc.org\/efm\/#organization"},"potentialAction":[{"@type":"SearchAction","target":{"@type":"EntryPoint","urlTemplate":"https:\/\/www.efmaroc.org\/efm\/?s={search_term_string}"},"query-input":{"@type":"PropertyValueSpecification","valueRequired":true,"valueName":"search_term_string"}}],"inLanguage":"fr-FR"},{"@type":"Organization","@id":"https:\/\/www.efmaroc.org\/efm\/#organization","name":"EFM","url":"https:\/\/www.efmaroc.org\/efm\/","logo":{"@type":"ImageObject","inLanguage":"fr-FR","@id":"https:\/\/www.efmaroc.org\/efm\/#\/schema\/logo\/image\/","url":"https:\/\/www.efmaroc.org\/efm\/wp-content\/uploads\/2022\/12\/efm-enseignement-francais-maroc-logotaglinex2.png","contentUrl":"https:\/\/www.efmaroc.org\/efm\/wp-content\/uploads\/2022\/12\/efm-enseignement-francais-maroc-logotaglinex2.png","width":104,"height":78,"caption":"EFM"},"image":{"@id":"https:\/\/www.efmaroc.org\/efm\/#\/schema\/logo\/image\/"}},{"@type":"Person","@id":"https:\/\/www.efmaroc.org\/efm\/#\/schema\/person\/25a9b635a4b2276393dd87dbd94c6302","name":"EFM","image":{"@type":"ImageObject","inLanguage":"fr-FR","@id":"https:\/\/www.efmaroc.org\/efm\/#\/schema\/person\/image\/","url":"https:\/\/secure.gravatar.com\/avatar\/0acf5f0ecc3b24f6fa3602920a0bc305ada83aa2d4adbe73d7718ee0e4155d61?s=96&d=mm&r=g","contentUrl":"https:\/\/secure.gravatar.com\/avatar\/0acf5f0ecc3b24f6fa3602920a0bc305ada83aa2d4adbe73d7718ee0e4155d61?s=96&d=mm&r=g","caption":"EFM"},"sameAs":["https:\/\/www.efmaroc.org\/efm"]}]}},"jetpack_featured_media_url":"https:\/\/www.efmaroc.org\/efm\/wp-content\/uploads\/2025\/03\/th-970x1000-adn_demain_durable_junior_2.jpg.jpg","jetpack_sharing_enabled":true,"_links":{"self":[{"href":"https:\/\/www.efmaroc.org\/efm\/wp-json\/wp\/v2\/posts\/24000","targetHints":{"allow":["GET"]}}],"collection":[{"href":"https:\/\/www.efmaroc.org\/efm\/wp-json\/wp\/v2\/posts"}],"about":[{"href":"https:\/\/www.efmaroc.org\/efm\/wp-json\/wp\/v2\/types\/post"}],"author":[{"embeddable":true,"href":"https:\/\/www.efmaroc.org\/efm\/wp-json\/wp\/v2\/users\/1"}],"replies":[{"embeddable":true,"href":"https:\/\/www.efmaroc.org\/efm\/wp-json\/wp\/v2\/comments?post=24000"}],"version-history":[{"count":1,"href":"https:\/\/www.efmaroc.org\/efm\/wp-json\/wp\/v2\/posts\/24000\/revisions"}],"predecessor-version":[{"id":24003,"href":"https:\/\/www.efmaroc.org\/efm\/wp-json\/wp\/v2\/posts\/24000\/revisions\/24003"}],"wp:featuredmedia":[{"embeddable":true,"href":"https:\/\/www.efmaroc.org\/efm\/wp-json\/wp\/v2\/media\/24001"}],"wp:attachment":[{"href":"https:\/\/www.efmaroc.org\/efm\/wp-json\/wp\/v2\/media?parent=24000"}],"wp:term":[{"taxonomy":"category","embeddable":true,"href":"https:\/\/www.efmaroc.org\/efm\/wp-json\/wp\/v2\/categories?post=24000"},{"taxonomy":"post_tag","embeddable":true,"href":"https:\/\/www.efmaroc.org\/efm\/wp-json\/wp\/v2\/tags?post=24000"}],"curies":[{"name":"wp","href":"https:\/\/api.w.org\/{rel}","templated":true}]}}