{"id":24015,"date":"2025-03-17T16:51:18","date_gmt":"2025-03-17T15:51:18","guid":{"rendered":"https:\/\/www.efmaroc.org\/efm\/?p=24015"},"modified":"2025-04-30T12:32:53","modified_gmt":"2025-04-30T10:32:53","slug":"semaine-de-la-langue-francaise-et-de-la-francophonie","status":"publish","type":"post","link":"https:\/\/www.efmaroc.org\/efm\/semaine-de-la-langue-francaise-et-de-la-francophonie\/","title":{"rendered":"Semaine de la langue fran\u00e7aise et de la Francophonie"},"content":{"rendered":"\n<p>La Semaine de la langue fran\u00e7aise et de la Francophonie est le rendez-vous des amoureux des mots. Chaque ann\u00e9e, elle offre au grand public l\u2019occasion de f\u00eater la langue fran\u00e7aise au travers d\u2019\u00e9v\u00e9nements organis\u00e9s en France ainsi que dans les pays francophones.<\/p>\n\n\n\n<h2 class=\"wp-block-heading\"><strong>\u00ab&nbsp;Prenez la parole&nbsp;!&nbsp;\u00bb pour la semaine de la Langue fran\u00e7aise et de la Francophonie<\/strong><\/h2>\n\n\n\n<h3 class=\"wp-block-heading\"><em>Du 15 au 23 mars 2025, la Semaine de la langue fran\u00e7aise et de la Francophonie c\u00e9l\u00e8bre sa 30e \u00e9dition sous le th\u00e8me :&nbsp;<\/em><br><em>\u00ab&nbsp;<strong>Prenez la parole !<\/strong>&nbsp;\u00bb.<\/em><\/h3>\n\n\n\n<p>La Semaine de la langue fran\u00e7aise et de la Francophonie est le rendez-vous des amoureux des mots. Chaque ann\u00e9e, au mois de mars, c\u2019est un incontournable temps culturel, \u00e9ducatif et festif, ouvert \u00e0 toutes et \u00e0 tous, pendant lequel la langue fran\u00e7aise devient un vecteur de plaisir, d\u2019inspiration et de dialogue autour d\u2019\u00e9v\u00e9nements et d\u2019activit\u00e9s p\u00e9dagogiques. En 2025, la th\u00e9matique \u00ab&nbsp;<strong>Prenez la parole<\/strong>&nbsp;! \u00bb choisie pour cette 30<sup>e<\/sup>&nbsp;\u00e9dition incite chacune et chacun \u00e0 s\u2019exprimer, \u00e0 cr\u00e9er, \u00e0 s\u2019approprier, et \u00e0 jouer avec les mots.<\/p>\n\n\n\n<p>Retrouvez les \u00e9v\u00e8nements nationaux<a href=\"https:\/\/www.culture.gouv.fr\/fr\/evenements-nationaux\/semaine-de-la-langue-francaise-et-de-la-francophonie3\" data-type=\"link\" data-id=\"https:\/\/www.culture.gouv.fr\/fr\/evenements-nationaux\/semaine-de-la-langue-francaise-et-de-la-francophonie3\"> ICI.<\/a><\/p>\n\n\n\n<h3 class=\"wp-block-heading\">Une Journ\u00e9e plac\u00e9e sous le signe de l\u2019\u00e9ducation<\/h3>\n\n\n\n<figure class=\"wp-block-image size-full\"><img fetchpriority=\"high\" decoding=\"async\" width=\"715\" height=\"309\" src=\"https:\/\/www.efmaroc.org\/efm\/wp-content\/uploads\/2025\/03\/image.png\" alt=\"\" class=\"wp-image-24025\" srcset=\"https:\/\/www.efmaroc.org\/efm\/wp-content\/uploads\/2025\/03\/image.png 715w, https:\/\/www.efmaroc.org\/efm\/wp-content\/uploads\/2025\/03\/image-300x130.png 300w, https:\/\/www.efmaroc.org\/efm\/wp-content\/uploads\/2025\/03\/image-370x160.png 370w, https:\/\/www.efmaroc.org\/efm\/wp-content\/uploads\/2025\/03\/image-410x177.png 410w\" sizes=\"(max-width: 715px) 100vw, 715px\" \/><\/figure>\n\n\n\n<p>La langue fran\u00e7aise est utilis\u00e9e par plus de&nbsp;<strong>310 millions de locuteurs dans le monde<\/strong>. C\u2019est en fait la seule langue, avec l\u2019anglais, \u00e0 \u00eatre parl\u00e9e sur les cinq continents. C\u2019est pourquoi&nbsp;<strong>le 20 mars, la Journ\u00e9e internationale de la Francophonie&nbsp;<\/strong><em>\u00ab&nbsp;est c\u00e9l\u00e9br\u00e9e dans les pays francophones, mais aussi dans ceux o\u00f9 la langue fran\u00e7aise est moins r\u00e9pandue&nbsp;\u00bb<\/em>, indique l\u2019Organisation internationale de la Francophonie (OIF) qui en est le ma\u00eetre d\u2019\u0153uvre. Des centaines d&rsquo;\u00e9v\u00e9nements sont ainsi organis\u00e9s pour mettre en lumi\u00e8re la diversit\u00e9 et la vitalit\u00e9 de la Francophonie.<\/p>\n\n\n\n<p>Pour cette journ\u00e9e,&nbsp;<strong>la th\u00e9matique retenue cette ann\u00e9e<\/strong>, \u00ab&nbsp;Je m&rsquo;\u00e9duque, donc j&rsquo;agis&nbsp;\u00bb, fait r\u00e9f\u00e9rence \u00e0 l&rsquo;\u00e9ducation au sens g\u00e9n\u00e9ral&nbsp;&nbsp;et plaide pour&nbsp;<em>\u00ab&nbsp;un acc\u00e8s \u00e0 une \u00e9ducation de qualit\u00e9 pour toutes et tous, dans un monde o\u00f9 les avanc\u00e9es technologiques red\u00e9finissent nos rep\u00e8res&nbsp;\u00bb<\/em>. Car l\u2019\u00e9ducation, poursuit l\u2019OIF,&nbsp;<em>\u00ab&nbsp;contribue au d\u00e9veloppement durable et \u00e0 la paix, en formant des g\u00e9n\u00e9rations engag\u00e9es et responsables&nbsp;\u00bb<\/em>.<\/p>\n\n\n\n<p>Une&nbsp;<a href=\"https:\/\/20mars.francophonie.org\/\" target=\"_blank\" rel=\"noreferrer noopener\">carte interactive<\/a>, toujours sur le site de l\u2019Organisation internationale de la Francophonie, permet de rep\u00e9rer tous les \u00e9v\u00e9nements organis\u00e9s \u00e0 l\u2019occasion du 20 mars. Ainsi, plus de 25 actions sont r\u00e9pertori\u00e9es en Am\u00e9rique, 70 en Europe, 27 en Afrique, 8 au Moyen-Orient et en Asie, afin de d\u00e9montrer que l\u2019\u00e9ducation est une&nbsp;<em>\u00ab&nbsp;fabrique de citoyens, conscients et outill\u00e9s, pour relever les d\u00e9fis du monde&nbsp;!&nbsp;\u00bb<\/em>.<\/p>\n\n\n\n<p><\/p>\n","protected":false},"excerpt":{"rendered":"<p>La Semaine de la langue fran\u00e7aise et de la Francophonie est le rendez-vous des amoureux&hellip;<\/p>\n","protected":false},"author":1,"featured_media":24016,"comment_status":"closed","ping_status":"open","sticky":false,"template":"","format":"standard","meta":{"_jetpack_newsletter_access":"","_jetpack_dont_email_post_to_subs":false,"_jetpack_newsletter_tier_id":0,"_jetpack_memberships_contains_paywalled_content":false,"_jetpack_memberships_contains_paid_content":false,"footnotes":""},"categories":[13],"tags":[],"class_list":["post-24015","post","type-post","status-publish","format-standard","has-post-thumbnail","hentry","category-reseau"],"yoast_head":"<!-- This site is optimized with the Yoast SEO plugin v26.8 - https:\/\/yoast.com\/product\/yoast-seo-wordpress\/ -->\n<title>Semaine de la langue fran\u00e7aise et de la Francophonie | Enseignement Fran\u00e7ais au Maroc<\/title>\n<meta name=\"description\" content=\"La Semaine de la langue fran\u00e7aise et de la Francophonie est le rendez-vous des amoureux des mots. Chaque ann\u00e9e, elle offre au grand public l\u2019occasion de\" \/>\n<meta name=\"robots\" content=\"index, follow, max-snippet:-1, max-image-preview:large, max-video-preview:-1\" \/>\n<link rel=\"canonical\" href=\"https:\/\/www.efmaroc.org\/efm\/semaine-de-la-langue-francaise-et-de-la-francophonie\/\" \/>\n<meta property=\"og:locale\" content=\"fr_FR\" \/>\n<meta property=\"og:type\" content=\"article\" \/>\n<meta property=\"og:title\" content=\"Semaine de la langue fran\u00e7aise et de la Francophonie | Enseignement Fran\u00e7ais au Maroc\" \/>\n<meta property=\"og:description\" content=\"La Semaine de la langue fran\u00e7aise et de la Francophonie est le rendez-vous des amoureux des mots. Chaque ann\u00e9e, elle offre au grand public l\u2019occasion de\" \/>\n<meta property=\"og:url\" content=\"https:\/\/www.efmaroc.org\/efm\/semaine-de-la-langue-francaise-et-de-la-francophonie\/\" \/>\n<meta property=\"og:site_name\" content=\"EFM\" \/>\n<meta property=\"article:published_time\" content=\"2025-03-17T15:51:18+00:00\" \/>\n<meta property=\"article:modified_time\" content=\"2025-04-30T10:32:53+00:00\" \/>\n<meta property=\"og:image\" content=\"https:\/\/www.efmaroc.org\/efm\/wp-content\/uploads\/2025\/03\/Semaine-Francophonie.jpg\" \/>\n\t<meta property=\"og:image:width\" content=\"1080\" \/>\n\t<meta property=\"og:image:height\" content=\"1080\" \/>\n\t<meta property=\"og:image:type\" content=\"image\/jpeg\" \/>\n<meta name=\"author\" content=\"EFM\" \/>\n<meta name=\"twitter:card\" content=\"summary_large_image\" \/>\n<meta name=\"twitter:label1\" content=\"\u00c9crit par\" \/>\n\t<meta name=\"twitter:data1\" content=\"EFM\" \/>\n\t<meta name=\"twitter:label2\" content=\"Dur\u00e9e de lecture estim\u00e9e\" \/>\n\t<meta name=\"twitter:data2\" content=\"2 minutes\" \/>\n<script type=\"application\/ld+json\" class=\"yoast-schema-graph\">{\"@context\":\"https:\/\/schema.org\",\"@graph\":[{\"@type\":\"Article\",\"@id\":\"https:\/\/www.efmaroc.org\/efm\/semaine-de-la-langue-francaise-et-de-la-francophonie\/#article\",\"isPartOf\":{\"@id\":\"https:\/\/www.efmaroc.org\/efm\/semaine-de-la-langue-francaise-et-de-la-francophonie\/\"},\"author\":{\"name\":\"EFM\",\"@id\":\"https:\/\/www.efmaroc.org\/efm\/#\/schema\/person\/25a9b635a4b2276393dd87dbd94c6302\"},\"headline\":\"Semaine de la langue fran\u00e7aise et de la Francophonie\",\"datePublished\":\"2025-03-17T15:51:18+00:00\",\"dateModified\":\"2025-04-30T10:32:53+00:00\",\"mainEntityOfPage\":{\"@id\":\"https:\/\/www.efmaroc.org\/efm\/semaine-de-la-langue-francaise-et-de-la-francophonie\/\"},\"wordCount\":495,\"publisher\":{\"@id\":\"https:\/\/www.efmaroc.org\/efm\/#organization\"},\"image\":{\"@id\":\"https:\/\/www.efmaroc.org\/efm\/semaine-de-la-langue-francaise-et-de-la-francophonie\/#primaryimage\"},\"thumbnailUrl\":\"https:\/\/www.efmaroc.org\/efm\/wp-content\/uploads\/2025\/03\/Semaine-Francophonie.jpg\",\"articleSection\":[\"R\u00e9seau\"],\"inLanguage\":\"fr-FR\"},{\"@type\":\"WebPage\",\"@id\":\"https:\/\/www.efmaroc.org\/efm\/semaine-de-la-langue-francaise-et-de-la-francophonie\/\",\"url\":\"https:\/\/www.efmaroc.org\/efm\/semaine-de-la-langue-francaise-et-de-la-francophonie\/\",\"name\":\"Semaine de la langue fran\u00e7aise et de la Francophonie | Enseignement Fran\u00e7ais au Maroc\",\"isPartOf\":{\"@id\":\"https:\/\/www.efmaroc.org\/efm\/#website\"},\"primaryImageOfPage\":{\"@id\":\"https:\/\/www.efmaroc.org\/efm\/semaine-de-la-langue-francaise-et-de-la-francophonie\/#primaryimage\"},\"image\":{\"@id\":\"https:\/\/www.efmaroc.org\/efm\/semaine-de-la-langue-francaise-et-de-la-francophonie\/#primaryimage\"},\"thumbnailUrl\":\"https:\/\/www.efmaroc.org\/efm\/wp-content\/uploads\/2025\/03\/Semaine-Francophonie.jpg\",\"datePublished\":\"2025-03-17T15:51:18+00:00\",\"dateModified\":\"2025-04-30T10:32:53+00:00\",\"description\":\"La Semaine de la langue fran\u00e7aise et de la Francophonie est le rendez-vous des amoureux des mots. Chaque ann\u00e9e, elle offre au grand public l\u2019occasion de\",\"breadcrumb\":{\"@id\":\"https:\/\/www.efmaroc.org\/efm\/semaine-de-la-langue-francaise-et-de-la-francophonie\/#breadcrumb\"},\"inLanguage\":\"fr-FR\",\"potentialAction\":[{\"@type\":\"ReadAction\",\"target\":[\"https:\/\/www.efmaroc.org\/efm\/semaine-de-la-langue-francaise-et-de-la-francophonie\/\"]}]},{\"@type\":\"ImageObject\",\"inLanguage\":\"fr-FR\",\"@id\":\"https:\/\/www.efmaroc.org\/efm\/semaine-de-la-langue-francaise-et-de-la-francophonie\/#primaryimage\",\"url\":\"https:\/\/www.efmaroc.org\/efm\/wp-content\/uploads\/2025\/03\/Semaine-Francophonie.jpg\",\"contentUrl\":\"https:\/\/www.efmaroc.org\/efm\/wp-content\/uploads\/2025\/03\/Semaine-Francophonie.jpg\",\"width\":1080,\"height\":1080},{\"@type\":\"BreadcrumbList\",\"@id\":\"https:\/\/www.efmaroc.org\/efm\/semaine-de-la-langue-francaise-et-de-la-francophonie\/#breadcrumb\",\"itemListElement\":[{\"@type\":\"ListItem\",\"position\":1,\"name\":\"Accueil\",\"item\":\"https:\/\/www.efmaroc.org\/efm\/\"},{\"@type\":\"ListItem\",\"position\":2,\"name\":\"Semaine de la langue fran\u00e7aise et de la Francophonie\"}]},{\"@type\":\"WebSite\",\"@id\":\"https:\/\/www.efmaroc.org\/efm\/#website\",\"url\":\"https:\/\/www.efmaroc.org\/efm\/\",\"name\":\"EFM\",\"description\":\"Enseignement Fran\u00e7ais au Maroc\",\"publisher\":{\"@id\":\"https:\/\/www.efmaroc.org\/efm\/#organization\"},\"potentialAction\":[{\"@type\":\"SearchAction\",\"target\":{\"@type\":\"EntryPoint\",\"urlTemplate\":\"https:\/\/www.efmaroc.org\/efm\/?s={search_term_string}\"},\"query-input\":{\"@type\":\"PropertyValueSpecification\",\"valueRequired\":true,\"valueName\":\"search_term_string\"}}],\"inLanguage\":\"fr-FR\"},{\"@type\":\"Organization\",\"@id\":\"https:\/\/www.efmaroc.org\/efm\/#organization\",\"name\":\"EFM\",\"url\":\"https:\/\/www.efmaroc.org\/efm\/\",\"logo\":{\"@type\":\"ImageObject\",\"inLanguage\":\"fr-FR\",\"@id\":\"https:\/\/www.efmaroc.org\/efm\/#\/schema\/logo\/image\/\",\"url\":\"https:\/\/www.efmaroc.org\/efm\/wp-content\/uploads\/2022\/12\/efm-enseignement-francais-maroc-logotaglinex2.png\",\"contentUrl\":\"https:\/\/www.efmaroc.org\/efm\/wp-content\/uploads\/2022\/12\/efm-enseignement-francais-maroc-logotaglinex2.png\",\"width\":104,\"height\":78,\"caption\":\"EFM\"},\"image\":{\"@id\":\"https:\/\/www.efmaroc.org\/efm\/#\/schema\/logo\/image\/\"}},{\"@type\":\"Person\",\"@id\":\"https:\/\/www.efmaroc.org\/efm\/#\/schema\/person\/25a9b635a4b2276393dd87dbd94c6302\",\"name\":\"EFM\",\"image\":{\"@type\":\"ImageObject\",\"inLanguage\":\"fr-FR\",\"@id\":\"https:\/\/www.efmaroc.org\/efm\/#\/schema\/person\/image\/\",\"url\":\"https:\/\/secure.gravatar.com\/avatar\/0acf5f0ecc3b24f6fa3602920a0bc305ada83aa2d4adbe73d7718ee0e4155d61?s=96&d=mm&r=g\",\"contentUrl\":\"https:\/\/secure.gravatar.com\/avatar\/0acf5f0ecc3b24f6fa3602920a0bc305ada83aa2d4adbe73d7718ee0e4155d61?s=96&d=mm&r=g\",\"caption\":\"EFM\"},\"sameAs\":[\"https:\/\/www.efmaroc.org\/efm\"]}]}<\/script>\n<!-- \/ Yoast SEO plugin. -->","yoast_head_json":{"title":"Semaine de la langue fran\u00e7aise et de la Francophonie | Enseignement Fran\u00e7ais au Maroc","description":"La Semaine de la langue fran\u00e7aise et de la Francophonie est le rendez-vous des amoureux des mots. Chaque ann\u00e9e, elle offre au grand public l\u2019occasion de","robots":{"index":"index","follow":"follow","max-snippet":"max-snippet:-1","max-image-preview":"max-image-preview:large","max-video-preview":"max-video-preview:-1"},"canonical":"https:\/\/www.efmaroc.org\/efm\/semaine-de-la-langue-francaise-et-de-la-francophonie\/","og_locale":"fr_FR","og_type":"article","og_title":"Semaine de la langue fran\u00e7aise et de la Francophonie | Enseignement Fran\u00e7ais au Maroc","og_description":"La Semaine de la langue fran\u00e7aise et de la Francophonie est le rendez-vous des amoureux des mots. Chaque ann\u00e9e, elle offre au grand public l\u2019occasion de","og_url":"https:\/\/www.efmaroc.org\/efm\/semaine-de-la-langue-francaise-et-de-la-francophonie\/","og_site_name":"EFM","article_published_time":"2025-03-17T15:51:18+00:00","article_modified_time":"2025-04-30T10:32:53+00:00","og_image":[{"width":1080,"height":1080,"url":"https:\/\/www.efmaroc.org\/efm\/wp-content\/uploads\/2025\/03\/Semaine-Francophonie.jpg","type":"image\/jpeg"}],"author":"EFM","twitter_card":"summary_large_image","twitter_misc":{"\u00c9crit par":"EFM","Dur\u00e9e de lecture estim\u00e9e":"2 minutes"},"schema":{"@context":"https:\/\/schema.org","@graph":[{"@type":"Article","@id":"https:\/\/www.efmaroc.org\/efm\/semaine-de-la-langue-francaise-et-de-la-francophonie\/#article","isPartOf":{"@id":"https:\/\/www.efmaroc.org\/efm\/semaine-de-la-langue-francaise-et-de-la-francophonie\/"},"author":{"name":"EFM","@id":"https:\/\/www.efmaroc.org\/efm\/#\/schema\/person\/25a9b635a4b2276393dd87dbd94c6302"},"headline":"Semaine de la langue fran\u00e7aise et de la Francophonie","datePublished":"2025-03-17T15:51:18+00:00","dateModified":"2025-04-30T10:32:53+00:00","mainEntityOfPage":{"@id":"https:\/\/www.efmaroc.org\/efm\/semaine-de-la-langue-francaise-et-de-la-francophonie\/"},"wordCount":495,"publisher":{"@id":"https:\/\/www.efmaroc.org\/efm\/#organization"},"image":{"@id":"https:\/\/www.efmaroc.org\/efm\/semaine-de-la-langue-francaise-et-de-la-francophonie\/#primaryimage"},"thumbnailUrl":"https:\/\/www.efmaroc.org\/efm\/wp-content\/uploads\/2025\/03\/Semaine-Francophonie.jpg","articleSection":["R\u00e9seau"],"inLanguage":"fr-FR"},{"@type":"WebPage","@id":"https:\/\/www.efmaroc.org\/efm\/semaine-de-la-langue-francaise-et-de-la-francophonie\/","url":"https:\/\/www.efmaroc.org\/efm\/semaine-de-la-langue-francaise-et-de-la-francophonie\/","name":"Semaine de la langue fran\u00e7aise et de la Francophonie | Enseignement Fran\u00e7ais au Maroc","isPartOf":{"@id":"https:\/\/www.efmaroc.org\/efm\/#website"},"primaryImageOfPage":{"@id":"https:\/\/www.efmaroc.org\/efm\/semaine-de-la-langue-francaise-et-de-la-francophonie\/#primaryimage"},"image":{"@id":"https:\/\/www.efmaroc.org\/efm\/semaine-de-la-langue-francaise-et-de-la-francophonie\/#primaryimage"},"thumbnailUrl":"https:\/\/www.efmaroc.org\/efm\/wp-content\/uploads\/2025\/03\/Semaine-Francophonie.jpg","datePublished":"2025-03-17T15:51:18+00:00","dateModified":"2025-04-30T10:32:53+00:00","description":"La Semaine de la langue fran\u00e7aise et de la Francophonie est le rendez-vous des amoureux des mots. Chaque ann\u00e9e, elle offre au grand public l\u2019occasion de","breadcrumb":{"@id":"https:\/\/www.efmaroc.org\/efm\/semaine-de-la-langue-francaise-et-de-la-francophonie\/#breadcrumb"},"inLanguage":"fr-FR","potentialAction":[{"@type":"ReadAction","target":["https:\/\/www.efmaroc.org\/efm\/semaine-de-la-langue-francaise-et-de-la-francophonie\/"]}]},{"@type":"ImageObject","inLanguage":"fr-FR","@id":"https:\/\/www.efmaroc.org\/efm\/semaine-de-la-langue-francaise-et-de-la-francophonie\/#primaryimage","url":"https:\/\/www.efmaroc.org\/efm\/wp-content\/uploads\/2025\/03\/Semaine-Francophonie.jpg","contentUrl":"https:\/\/www.efmaroc.org\/efm\/wp-content\/uploads\/2025\/03\/Semaine-Francophonie.jpg","width":1080,"height":1080},{"@type":"BreadcrumbList","@id":"https:\/\/www.efmaroc.org\/efm\/semaine-de-la-langue-francaise-et-de-la-francophonie\/#breadcrumb","itemListElement":[{"@type":"ListItem","position":1,"name":"Accueil","item":"https:\/\/www.efmaroc.org\/efm\/"},{"@type":"ListItem","position":2,"name":"Semaine de la langue fran\u00e7aise et de la Francophonie"}]},{"@type":"WebSite","@id":"https:\/\/www.efmaroc.org\/efm\/#website","url":"https:\/\/www.efmaroc.org\/efm\/","name":"EFM","description":"Enseignement Fran\u00e7ais au Maroc","publisher":{"@id":"https:\/\/www.efmaroc.org\/efm\/#organization"},"potentialAction":[{"@type":"SearchAction","target":{"@type":"EntryPoint","urlTemplate":"https:\/\/www.efmaroc.org\/efm\/?s={search_term_string}"},"query-input":{"@type":"PropertyValueSpecification","valueRequired":true,"valueName":"search_term_string"}}],"inLanguage":"fr-FR"},{"@type":"Organization","@id":"https:\/\/www.efmaroc.org\/efm\/#organization","name":"EFM","url":"https:\/\/www.efmaroc.org\/efm\/","logo":{"@type":"ImageObject","inLanguage":"fr-FR","@id":"https:\/\/www.efmaroc.org\/efm\/#\/schema\/logo\/image\/","url":"https:\/\/www.efmaroc.org\/efm\/wp-content\/uploads\/2022\/12\/efm-enseignement-francais-maroc-logotaglinex2.png","contentUrl":"https:\/\/www.efmaroc.org\/efm\/wp-content\/uploads\/2022\/12\/efm-enseignement-francais-maroc-logotaglinex2.png","width":104,"height":78,"caption":"EFM"},"image":{"@id":"https:\/\/www.efmaroc.org\/efm\/#\/schema\/logo\/image\/"}},{"@type":"Person","@id":"https:\/\/www.efmaroc.org\/efm\/#\/schema\/person\/25a9b635a4b2276393dd87dbd94c6302","name":"EFM","image":{"@type":"ImageObject","inLanguage":"fr-FR","@id":"https:\/\/www.efmaroc.org\/efm\/#\/schema\/person\/image\/","url":"https:\/\/secure.gravatar.com\/avatar\/0acf5f0ecc3b24f6fa3602920a0bc305ada83aa2d4adbe73d7718ee0e4155d61?s=96&d=mm&r=g","contentUrl":"https:\/\/secure.gravatar.com\/avatar\/0acf5f0ecc3b24f6fa3602920a0bc305ada83aa2d4adbe73d7718ee0e4155d61?s=96&d=mm&r=g","caption":"EFM"},"sameAs":["https:\/\/www.efmaroc.org\/efm"]}]}},"jetpack_featured_media_url":"https:\/\/www.efmaroc.org\/efm\/wp-content\/uploads\/2025\/03\/Semaine-Francophonie.jpg","jetpack_sharing_enabled":true,"_links":{"self":[{"href":"https:\/\/www.efmaroc.org\/efm\/wp-json\/wp\/v2\/posts\/24015","targetHints":{"allow":["GET"]}}],"collection":[{"href":"https:\/\/www.efmaroc.org\/efm\/wp-json\/wp\/v2\/posts"}],"about":[{"href":"https:\/\/www.efmaroc.org\/efm\/wp-json\/wp\/v2\/types\/post"}],"author":[{"embeddable":true,"href":"https:\/\/www.efmaroc.org\/efm\/wp-json\/wp\/v2\/users\/1"}],"replies":[{"embeddable":true,"href":"https:\/\/www.efmaroc.org\/efm\/wp-json\/wp\/v2\/comments?post=24015"}],"version-history":[{"count":2,"href":"https:\/\/www.efmaroc.org\/efm\/wp-json\/wp\/v2\/posts\/24015\/revisions"}],"predecessor-version":[{"id":24026,"href":"https:\/\/www.efmaroc.org\/efm\/wp-json\/wp\/v2\/posts\/24015\/revisions\/24026"}],"wp:featuredmedia":[{"embeddable":true,"href":"https:\/\/www.efmaroc.org\/efm\/wp-json\/wp\/v2\/media\/24016"}],"wp:attachment":[{"href":"https:\/\/www.efmaroc.org\/efm\/wp-json\/wp\/v2\/media?parent=24015"}],"wp:term":[{"taxonomy":"category","embeddable":true,"href":"https:\/\/www.efmaroc.org\/efm\/wp-json\/wp\/v2\/categories?post=24015"},{"taxonomy":"post_tag","embeddable":true,"href":"https:\/\/www.efmaroc.org\/efm\/wp-json\/wp\/v2\/tags?post=24015"}],"curies":[{"name":"wp","href":"https:\/\/api.w.org\/{rel}","templated":true}]}}