{"id":24027,"date":"2025-03-19T17:38:31","date_gmt":"2025-03-19T16:38:31","guid":{"rendered":"https:\/\/www.efmaroc.org\/efm\/?p=24027"},"modified":"2025-04-30T12:32:38","modified_gmt":"2025-04-30T10:32:38","slug":"master-meef-un-nouveau-cap-pour-la-professionnalisation-des-enseignants-du-reseau","status":"publish","type":"post","link":"https:\/\/www.efmaroc.org\/efm\/master-meef-un-nouveau-cap-pour-la-professionnalisation-des-enseignants-du-reseau\/","title":{"rendered":"Master ME\u00c9F &#8211; Un nouveau cap pour la professionnalisation des enseignants du r\u00e9seau"},"content":{"rendered":"\n<p>Dans le cadre du plan de masterisation M\u00e9tiers de l\u2019enseignement, de l\u2019\u00e9ducation et de la formation (ME\u00c9F) initi\u00e9 en 2023 :<br>l\u2019AEFE, en partenariat avec les Insp\u00e9 (Instituts nationaux sup\u00e9rieurs du professorat et de l&rsquo;\u00e9ducation), accompagne la formation des enseignants en contrat de droit local, non titulaires du minist\u00e8re de l\u2019\u00c9ducation nationale.<\/p>\n\n\n\n<p>Le Master MEEF <a href=\"https:\/\/media.licdn.com\/dms\/document\/media\/v2\/D4E1FAQGzJTaakoCmUQ\/feedshare-document-pdf-analyzed\/B4EZWplSI5GwAY-\/0\/1742306881781?e=1743033600&amp;v=beta&amp;t=7PNHbGRJx7t56ShUNnlZTh4TV8FB9FcKaaTJ_1LDyUE\" data-type=\"link\" data-id=\"https:\/\/media.licdn.com\/dms\/document\/media\/v2\/D4E1FAQGzJTaakoCmUQ\/feedshare-document-pdf-analyzed\/B4EZWplSI5GwAY-\/0\/1742306881781?e=1743033600&amp;v=beta&amp;t=7PNHbGRJx7t56ShUNnlZTh4TV8FB9FcKaaTJ_1LDyUE\">(lien vers le PDF)<\/a><\/p>\n\n\n\n<ul class=\"wp-block-list\">\n<li>renforce les comp\u00e9tences p\u00e9dagogiques et didactiques des enseignants tout en s\u2019adaptant aux r\u00e9alit\u00e9s du terrain dans un contexte interculturel ;<\/li>\n\n\n\n<li>garantit le niveau d\u2019excellence de l\u2019enseignement dispens\u00e9 dans les \u00e9tablissements fran\u00e7ais \u00e0 l\u2019\u00e9tranger.<\/li>\n<\/ul>\n\n\n\n<p>De janvier \u00e0 mars 2025, des regroupements en pr\u00e9sentiel ont r\u00e9uni les stagiaires du premier et du second degr\u00e9 en math\u00e9matiques, lettres et histoire-g\u00e9ographie \u00e0 :<\/p>\n\n\n\n<p>Abidjan,<br>Bruxelles,<br>Dakar,<br>Duba\u00ef,<br>Johannesburg<br>et Rabat.<\/p>\n\n\n\n<p>Ces formations en pr\u00e9sentiel favorisent le travail collaboratif, la mutualisation des pratiques p\u00e9dagogiques ainsi que des \u00e9changes enrichissants, contribuent \u00e0 la coh\u00e9sion et \u00e0 la motivation des enseignants engag\u00e9s dans ce parcours de professionnalisation.<\/p>\n\n\n\n<p><\/p>\n\n\n\n<p><\/p>\n","protected":false},"excerpt":{"rendered":"<p>Dans le cadre du plan de masterisation M\u00e9tiers de l\u2019enseignement, de l\u2019\u00e9ducation et de la&hellip;<\/p>\n","protected":false},"author":1,"featured_media":24043,"comment_status":"closed","ping_status":"open","sticky":false,"template":"","format":"standard","meta":{"_jetpack_newsletter_access":"","_jetpack_dont_email_post_to_subs":false,"_jetpack_newsletter_tier_id":0,"_jetpack_memberships_contains_paywalled_content":false,"_jetpack_memberships_contains_paid_content":false,"footnotes":""},"categories":[13],"tags":[],"class_list":["post-24027","post","type-post","status-publish","format-standard","has-post-thumbnail","hentry","category-reseau"],"yoast_head":"<!-- This site is optimized with the Yoast SEO plugin v26.8 - https:\/\/yoast.com\/product\/yoast-seo-wordpress\/ -->\n<title>Master ME\u00c9F - Un nouveau cap pour la professionnalisation des enseignants du r\u00e9seau | Enseignement Fran\u00e7ais au Maroc<\/title>\n<meta name=\"description\" content=\"Dans le cadre du plan de masterisation M\u00e9tiers de l\u2019enseignement, de l\u2019\u00e9ducation et de la formation (ME\u00c9F) initi\u00e9 en 2023 :l\u2019AEFE, en partenariat avec les\" \/>\n<meta name=\"robots\" content=\"index, follow, max-snippet:-1, max-image-preview:large, max-video-preview:-1\" \/>\n<link rel=\"canonical\" href=\"https:\/\/www.efmaroc.org\/efm\/master-meef-un-nouveau-cap-pour-la-professionnalisation-des-enseignants-du-reseau\/\" \/>\n<meta property=\"og:locale\" content=\"fr_FR\" \/>\n<meta property=\"og:type\" content=\"article\" \/>\n<meta property=\"og:title\" content=\"Master ME\u00c9F - Un nouveau cap pour la professionnalisation des enseignants du r\u00e9seau | Enseignement Fran\u00e7ais au Maroc\" \/>\n<meta property=\"og:description\" content=\"Dans le cadre du plan de masterisation M\u00e9tiers de l\u2019enseignement, de l\u2019\u00e9ducation et de la formation (ME\u00c9F) initi\u00e9 en 2023 :l\u2019AEFE, en partenariat avec les\" \/>\n<meta property=\"og:url\" content=\"https:\/\/www.efmaroc.org\/efm\/master-meef-un-nouveau-cap-pour-la-professionnalisation-des-enseignants-du-reseau\/\" \/>\n<meta property=\"og:site_name\" content=\"EFM\" \/>\n<meta property=\"article:published_time\" content=\"2025-03-19T16:38:31+00:00\" \/>\n<meta property=\"article:modified_time\" content=\"2025-04-30T10:32:38+00:00\" \/>\n<meta property=\"og:image\" content=\"https:\/\/www.efmaroc.org\/efm\/wp-content\/uploads\/2025\/03\/th-970x1000-meef_efe.jpg.jpg\" \/>\n\t<meta property=\"og:image:width\" content=\"970\" \/>\n\t<meta property=\"og:image:height\" content=\"546\" \/>\n\t<meta property=\"og:image:type\" content=\"image\/jpeg\" \/>\n<meta name=\"author\" content=\"EFM\" \/>\n<meta name=\"twitter:card\" content=\"summary_large_image\" \/>\n<meta name=\"twitter:label1\" content=\"\u00c9crit par\" \/>\n\t<meta name=\"twitter:data1\" content=\"EFM\" \/>\n\t<meta name=\"twitter:label2\" content=\"Dur\u00e9e de lecture estim\u00e9e\" \/>\n\t<meta name=\"twitter:data2\" content=\"1 minute\" \/>\n<script type=\"application\/ld+json\" class=\"yoast-schema-graph\">{\"@context\":\"https:\/\/schema.org\",\"@graph\":[{\"@type\":\"Article\",\"@id\":\"https:\/\/www.efmaroc.org\/efm\/master-meef-un-nouveau-cap-pour-la-professionnalisation-des-enseignants-du-reseau\/#article\",\"isPartOf\":{\"@id\":\"https:\/\/www.efmaroc.org\/efm\/master-meef-un-nouveau-cap-pour-la-professionnalisation-des-enseignants-du-reseau\/\"},\"author\":{\"name\":\"EFM\",\"@id\":\"https:\/\/www.efmaroc.org\/efm\/#\/schema\/person\/25a9b635a4b2276393dd87dbd94c6302\"},\"headline\":\"Master ME\u00c9F &#8211; Un nouveau cap pour la professionnalisation des enseignants du r\u00e9seau\",\"datePublished\":\"2025-03-19T16:38:31+00:00\",\"dateModified\":\"2025-04-30T10:32:38+00:00\",\"mainEntityOfPage\":{\"@id\":\"https:\/\/www.efmaroc.org\/efm\/master-meef-un-nouveau-cap-pour-la-professionnalisation-des-enseignants-du-reseau\/\"},\"wordCount\":189,\"publisher\":{\"@id\":\"https:\/\/www.efmaroc.org\/efm\/#organization\"},\"image\":{\"@id\":\"https:\/\/www.efmaroc.org\/efm\/master-meef-un-nouveau-cap-pour-la-professionnalisation-des-enseignants-du-reseau\/#primaryimage\"},\"thumbnailUrl\":\"https:\/\/www.efmaroc.org\/efm\/wp-content\/uploads\/2025\/03\/th-970x1000-meef_efe.jpg.jpg\",\"articleSection\":[\"R\u00e9seau\"],\"inLanguage\":\"fr-FR\"},{\"@type\":\"WebPage\",\"@id\":\"https:\/\/www.efmaroc.org\/efm\/master-meef-un-nouveau-cap-pour-la-professionnalisation-des-enseignants-du-reseau\/\",\"url\":\"https:\/\/www.efmaroc.org\/efm\/master-meef-un-nouveau-cap-pour-la-professionnalisation-des-enseignants-du-reseau\/\",\"name\":\"Master ME\u00c9F - Un nouveau cap pour la professionnalisation des enseignants du r\u00e9seau | Enseignement Fran\u00e7ais au Maroc\",\"isPartOf\":{\"@id\":\"https:\/\/www.efmaroc.org\/efm\/#website\"},\"primaryImageOfPage\":{\"@id\":\"https:\/\/www.efmaroc.org\/efm\/master-meef-un-nouveau-cap-pour-la-professionnalisation-des-enseignants-du-reseau\/#primaryimage\"},\"image\":{\"@id\":\"https:\/\/www.efmaroc.org\/efm\/master-meef-un-nouveau-cap-pour-la-professionnalisation-des-enseignants-du-reseau\/#primaryimage\"},\"thumbnailUrl\":\"https:\/\/www.efmaroc.org\/efm\/wp-content\/uploads\/2025\/03\/th-970x1000-meef_efe.jpg.jpg\",\"datePublished\":\"2025-03-19T16:38:31+00:00\",\"dateModified\":\"2025-04-30T10:32:38+00:00\",\"description\":\"Dans le cadre du plan de masterisation M\u00e9tiers de l\u2019enseignement, de l\u2019\u00e9ducation et de la formation (ME\u00c9F) initi\u00e9 en 2023 :l\u2019AEFE, en partenariat avec les\",\"breadcrumb\":{\"@id\":\"https:\/\/www.efmaroc.org\/efm\/master-meef-un-nouveau-cap-pour-la-professionnalisation-des-enseignants-du-reseau\/#breadcrumb\"},\"inLanguage\":\"fr-FR\",\"potentialAction\":[{\"@type\":\"ReadAction\",\"target\":[\"https:\/\/www.efmaroc.org\/efm\/master-meef-un-nouveau-cap-pour-la-professionnalisation-des-enseignants-du-reseau\/\"]}]},{\"@type\":\"ImageObject\",\"inLanguage\":\"fr-FR\",\"@id\":\"https:\/\/www.efmaroc.org\/efm\/master-meef-un-nouveau-cap-pour-la-professionnalisation-des-enseignants-du-reseau\/#primaryimage\",\"url\":\"https:\/\/www.efmaroc.org\/efm\/wp-content\/uploads\/2025\/03\/th-970x1000-meef_efe.jpg.jpg\",\"contentUrl\":\"https:\/\/www.efmaroc.org\/efm\/wp-content\/uploads\/2025\/03\/th-970x1000-meef_efe.jpg.jpg\",\"width\":970,\"height\":546},{\"@type\":\"BreadcrumbList\",\"@id\":\"https:\/\/www.efmaroc.org\/efm\/master-meef-un-nouveau-cap-pour-la-professionnalisation-des-enseignants-du-reseau\/#breadcrumb\",\"itemListElement\":[{\"@type\":\"ListItem\",\"position\":1,\"name\":\"Accueil\",\"item\":\"https:\/\/www.efmaroc.org\/efm\/\"},{\"@type\":\"ListItem\",\"position\":2,\"name\":\"Master ME\u00c9F &#8211; Un nouveau cap pour la professionnalisation des enseignants du r\u00e9seau\"}]},{\"@type\":\"WebSite\",\"@id\":\"https:\/\/www.efmaroc.org\/efm\/#website\",\"url\":\"https:\/\/www.efmaroc.org\/efm\/\",\"name\":\"EFM\",\"description\":\"Enseignement Fran\u00e7ais au Maroc\",\"publisher\":{\"@id\":\"https:\/\/www.efmaroc.org\/efm\/#organization\"},\"potentialAction\":[{\"@type\":\"SearchAction\",\"target\":{\"@type\":\"EntryPoint\",\"urlTemplate\":\"https:\/\/www.efmaroc.org\/efm\/?s={search_term_string}\"},\"query-input\":{\"@type\":\"PropertyValueSpecification\",\"valueRequired\":true,\"valueName\":\"search_term_string\"}}],\"inLanguage\":\"fr-FR\"},{\"@type\":\"Organization\",\"@id\":\"https:\/\/www.efmaroc.org\/efm\/#organization\",\"name\":\"EFM\",\"url\":\"https:\/\/www.efmaroc.org\/efm\/\",\"logo\":{\"@type\":\"ImageObject\",\"inLanguage\":\"fr-FR\",\"@id\":\"https:\/\/www.efmaroc.org\/efm\/#\/schema\/logo\/image\/\",\"url\":\"https:\/\/www.efmaroc.org\/efm\/wp-content\/uploads\/2022\/12\/efm-enseignement-francais-maroc-logotaglinex2.png\",\"contentUrl\":\"https:\/\/www.efmaroc.org\/efm\/wp-content\/uploads\/2022\/12\/efm-enseignement-francais-maroc-logotaglinex2.png\",\"width\":104,\"height\":78,\"caption\":\"EFM\"},\"image\":{\"@id\":\"https:\/\/www.efmaroc.org\/efm\/#\/schema\/logo\/image\/\"}},{\"@type\":\"Person\",\"@id\":\"https:\/\/www.efmaroc.org\/efm\/#\/schema\/person\/25a9b635a4b2276393dd87dbd94c6302\",\"name\":\"EFM\",\"image\":{\"@type\":\"ImageObject\",\"inLanguage\":\"fr-FR\",\"@id\":\"https:\/\/www.efmaroc.org\/efm\/#\/schema\/person\/image\/\",\"url\":\"https:\/\/secure.gravatar.com\/avatar\/0acf5f0ecc3b24f6fa3602920a0bc305ada83aa2d4adbe73d7718ee0e4155d61?s=96&d=mm&r=g\",\"contentUrl\":\"https:\/\/secure.gravatar.com\/avatar\/0acf5f0ecc3b24f6fa3602920a0bc305ada83aa2d4adbe73d7718ee0e4155d61?s=96&d=mm&r=g\",\"caption\":\"EFM\"},\"sameAs\":[\"https:\/\/www.efmaroc.org\/efm\"]}]}<\/script>\n<!-- \/ Yoast SEO plugin. -->","yoast_head_json":{"title":"Master ME\u00c9F - Un nouveau cap pour la professionnalisation des enseignants du r\u00e9seau | Enseignement Fran\u00e7ais au Maroc","description":"Dans le cadre du plan de masterisation M\u00e9tiers de l\u2019enseignement, de l\u2019\u00e9ducation et de la formation (ME\u00c9F) initi\u00e9 en 2023 :l\u2019AEFE, en partenariat avec les","robots":{"index":"index","follow":"follow","max-snippet":"max-snippet:-1","max-image-preview":"max-image-preview:large","max-video-preview":"max-video-preview:-1"},"canonical":"https:\/\/www.efmaroc.org\/efm\/master-meef-un-nouveau-cap-pour-la-professionnalisation-des-enseignants-du-reseau\/","og_locale":"fr_FR","og_type":"article","og_title":"Master ME\u00c9F - Un nouveau cap pour la professionnalisation des enseignants du r\u00e9seau | Enseignement Fran\u00e7ais au Maroc","og_description":"Dans le cadre du plan de masterisation M\u00e9tiers de l\u2019enseignement, de l\u2019\u00e9ducation et de la formation (ME\u00c9F) initi\u00e9 en 2023 :l\u2019AEFE, en partenariat avec les","og_url":"https:\/\/www.efmaroc.org\/efm\/master-meef-un-nouveau-cap-pour-la-professionnalisation-des-enseignants-du-reseau\/","og_site_name":"EFM","article_published_time":"2025-03-19T16:38:31+00:00","article_modified_time":"2025-04-30T10:32:38+00:00","og_image":[{"width":970,"height":546,"url":"https:\/\/www.efmaroc.org\/efm\/wp-content\/uploads\/2025\/03\/th-970x1000-meef_efe.jpg.jpg","type":"image\/jpeg"}],"author":"EFM","twitter_card":"summary_large_image","twitter_misc":{"\u00c9crit par":"EFM","Dur\u00e9e de lecture estim\u00e9e":"1 minute"},"schema":{"@context":"https:\/\/schema.org","@graph":[{"@type":"Article","@id":"https:\/\/www.efmaroc.org\/efm\/master-meef-un-nouveau-cap-pour-la-professionnalisation-des-enseignants-du-reseau\/#article","isPartOf":{"@id":"https:\/\/www.efmaroc.org\/efm\/master-meef-un-nouveau-cap-pour-la-professionnalisation-des-enseignants-du-reseau\/"},"author":{"name":"EFM","@id":"https:\/\/www.efmaroc.org\/efm\/#\/schema\/person\/25a9b635a4b2276393dd87dbd94c6302"},"headline":"Master ME\u00c9F &#8211; Un nouveau cap pour la professionnalisation des enseignants du r\u00e9seau","datePublished":"2025-03-19T16:38:31+00:00","dateModified":"2025-04-30T10:32:38+00:00","mainEntityOfPage":{"@id":"https:\/\/www.efmaroc.org\/efm\/master-meef-un-nouveau-cap-pour-la-professionnalisation-des-enseignants-du-reseau\/"},"wordCount":189,"publisher":{"@id":"https:\/\/www.efmaroc.org\/efm\/#organization"},"image":{"@id":"https:\/\/www.efmaroc.org\/efm\/master-meef-un-nouveau-cap-pour-la-professionnalisation-des-enseignants-du-reseau\/#primaryimage"},"thumbnailUrl":"https:\/\/www.efmaroc.org\/efm\/wp-content\/uploads\/2025\/03\/th-970x1000-meef_efe.jpg.jpg","articleSection":["R\u00e9seau"],"inLanguage":"fr-FR"},{"@type":"WebPage","@id":"https:\/\/www.efmaroc.org\/efm\/master-meef-un-nouveau-cap-pour-la-professionnalisation-des-enseignants-du-reseau\/","url":"https:\/\/www.efmaroc.org\/efm\/master-meef-un-nouveau-cap-pour-la-professionnalisation-des-enseignants-du-reseau\/","name":"Master ME\u00c9F - Un nouveau cap pour la professionnalisation des enseignants du r\u00e9seau | Enseignement Fran\u00e7ais au Maroc","isPartOf":{"@id":"https:\/\/www.efmaroc.org\/efm\/#website"},"primaryImageOfPage":{"@id":"https:\/\/www.efmaroc.org\/efm\/master-meef-un-nouveau-cap-pour-la-professionnalisation-des-enseignants-du-reseau\/#primaryimage"},"image":{"@id":"https:\/\/www.efmaroc.org\/efm\/master-meef-un-nouveau-cap-pour-la-professionnalisation-des-enseignants-du-reseau\/#primaryimage"},"thumbnailUrl":"https:\/\/www.efmaroc.org\/efm\/wp-content\/uploads\/2025\/03\/th-970x1000-meef_efe.jpg.jpg","datePublished":"2025-03-19T16:38:31+00:00","dateModified":"2025-04-30T10:32:38+00:00","description":"Dans le cadre du plan de masterisation M\u00e9tiers de l\u2019enseignement, de l\u2019\u00e9ducation et de la formation (ME\u00c9F) initi\u00e9 en 2023 :l\u2019AEFE, en partenariat avec les","breadcrumb":{"@id":"https:\/\/www.efmaroc.org\/efm\/master-meef-un-nouveau-cap-pour-la-professionnalisation-des-enseignants-du-reseau\/#breadcrumb"},"inLanguage":"fr-FR","potentialAction":[{"@type":"ReadAction","target":["https:\/\/www.efmaroc.org\/efm\/master-meef-un-nouveau-cap-pour-la-professionnalisation-des-enseignants-du-reseau\/"]}]},{"@type":"ImageObject","inLanguage":"fr-FR","@id":"https:\/\/www.efmaroc.org\/efm\/master-meef-un-nouveau-cap-pour-la-professionnalisation-des-enseignants-du-reseau\/#primaryimage","url":"https:\/\/www.efmaroc.org\/efm\/wp-content\/uploads\/2025\/03\/th-970x1000-meef_efe.jpg.jpg","contentUrl":"https:\/\/www.efmaroc.org\/efm\/wp-content\/uploads\/2025\/03\/th-970x1000-meef_efe.jpg.jpg","width":970,"height":546},{"@type":"BreadcrumbList","@id":"https:\/\/www.efmaroc.org\/efm\/master-meef-un-nouveau-cap-pour-la-professionnalisation-des-enseignants-du-reseau\/#breadcrumb","itemListElement":[{"@type":"ListItem","position":1,"name":"Accueil","item":"https:\/\/www.efmaroc.org\/efm\/"},{"@type":"ListItem","position":2,"name":"Master ME\u00c9F &#8211; Un nouveau cap pour la professionnalisation des enseignants du r\u00e9seau"}]},{"@type":"WebSite","@id":"https:\/\/www.efmaroc.org\/efm\/#website","url":"https:\/\/www.efmaroc.org\/efm\/","name":"EFM","description":"Enseignement Fran\u00e7ais au Maroc","publisher":{"@id":"https:\/\/www.efmaroc.org\/efm\/#organization"},"potentialAction":[{"@type":"SearchAction","target":{"@type":"EntryPoint","urlTemplate":"https:\/\/www.efmaroc.org\/efm\/?s={search_term_string}"},"query-input":{"@type":"PropertyValueSpecification","valueRequired":true,"valueName":"search_term_string"}}],"inLanguage":"fr-FR"},{"@type":"Organization","@id":"https:\/\/www.efmaroc.org\/efm\/#organization","name":"EFM","url":"https:\/\/www.efmaroc.org\/efm\/","logo":{"@type":"ImageObject","inLanguage":"fr-FR","@id":"https:\/\/www.efmaroc.org\/efm\/#\/schema\/logo\/image\/","url":"https:\/\/www.efmaroc.org\/efm\/wp-content\/uploads\/2022\/12\/efm-enseignement-francais-maroc-logotaglinex2.png","contentUrl":"https:\/\/www.efmaroc.org\/efm\/wp-content\/uploads\/2022\/12\/efm-enseignement-francais-maroc-logotaglinex2.png","width":104,"height":78,"caption":"EFM"},"image":{"@id":"https:\/\/www.efmaroc.org\/efm\/#\/schema\/logo\/image\/"}},{"@type":"Person","@id":"https:\/\/www.efmaroc.org\/efm\/#\/schema\/person\/25a9b635a4b2276393dd87dbd94c6302","name":"EFM","image":{"@type":"ImageObject","inLanguage":"fr-FR","@id":"https:\/\/www.efmaroc.org\/efm\/#\/schema\/person\/image\/","url":"https:\/\/secure.gravatar.com\/avatar\/0acf5f0ecc3b24f6fa3602920a0bc305ada83aa2d4adbe73d7718ee0e4155d61?s=96&d=mm&r=g","contentUrl":"https:\/\/secure.gravatar.com\/avatar\/0acf5f0ecc3b24f6fa3602920a0bc305ada83aa2d4adbe73d7718ee0e4155d61?s=96&d=mm&r=g","caption":"EFM"},"sameAs":["https:\/\/www.efmaroc.org\/efm"]}]}},"jetpack_featured_media_url":"https:\/\/www.efmaroc.org\/efm\/wp-content\/uploads\/2025\/03\/th-970x1000-meef_efe.jpg.jpg","jetpack_sharing_enabled":true,"_links":{"self":[{"href":"https:\/\/www.efmaroc.org\/efm\/wp-json\/wp\/v2\/posts\/24027","targetHints":{"allow":["GET"]}}],"collection":[{"href":"https:\/\/www.efmaroc.org\/efm\/wp-json\/wp\/v2\/posts"}],"about":[{"href":"https:\/\/www.efmaroc.org\/efm\/wp-json\/wp\/v2\/types\/post"}],"author":[{"embeddable":true,"href":"https:\/\/www.efmaroc.org\/efm\/wp-json\/wp\/v2\/users\/1"}],"replies":[{"embeddable":true,"href":"https:\/\/www.efmaroc.org\/efm\/wp-json\/wp\/v2\/comments?post=24027"}],"version-history":[{"count":6,"href":"https:\/\/www.efmaroc.org\/efm\/wp-json\/wp\/v2\/posts\/24027\/revisions"}],"predecessor-version":[{"id":24045,"href":"https:\/\/www.efmaroc.org\/efm\/wp-json\/wp\/v2\/posts\/24027\/revisions\/24045"}],"wp:featuredmedia":[{"embeddable":true,"href":"https:\/\/www.efmaroc.org\/efm\/wp-json\/wp\/v2\/media\/24043"}],"wp:attachment":[{"href":"https:\/\/www.efmaroc.org\/efm\/wp-json\/wp\/v2\/media?parent=24027"}],"wp:term":[{"taxonomy":"category","embeddable":true,"href":"https:\/\/www.efmaroc.org\/efm\/wp-json\/wp\/v2\/categories?post=24027"},{"taxonomy":"post_tag","embeddable":true,"href":"https:\/\/www.efmaroc.org\/efm\/wp-json\/wp\/v2\/tags?post=24027"}],"curies":[{"name":"wp","href":"https:\/\/api.w.org\/{rel}","templated":true}]}}