{"id":24059,"date":"2025-03-24T16:13:49","date_gmt":"2025-03-24T15:13:49","guid":{"rendered":"https:\/\/www.efmaroc.org\/efm\/?p=24059"},"modified":"2025-03-24T16:16:02","modified_gmt":"2025-03-24T15:16:02","slug":"semaine-de-la-presse-et-des-medias-dans-lecole-spme-et-de-la-semaine-des-webradios-du-24-au-29-mars-2025","status":"publish","type":"post","link":"https:\/\/www.efmaroc.org\/efm\/semaine-de-la-presse-et-des-medias-dans-lecole-spme-et-de-la-semaine-des-webradios-du-24-au-29-mars-2025\/","title":{"rendered":"Semaine de la Presse et des M\u00e9dias dans l&rsquo;\u00c9cole (SPME) et de la Semaine des webradios du 24 au 29 mars 2025"},"content":{"rendered":"\n<p>La SPME est organis\u00e9e chaque ann\u00e9e par le Centre pour l&rsquo;\u00e9ducation aux m\u00e9dias et \u00e0 l&rsquo;information (CLEMI). Elle offre aux \u00e9l\u00e8ves, de la maternelle au lyc\u00e9e, l\u2019opportunit\u00e9 de d\u00e9couvrir l\u2019univers de la presse, des m\u00e9dias et du num\u00e9rique dans toute leur diversit\u00e9, gr\u00e2ce aux partenaires m\u00e9dias, associatifs et institutionnels et aux \u00e9quipes p\u00e9dagogiques.<\/p>\n\n\n\n<figure class=\"wp-block-image\"><img decoding=\"async\" src=\"https:\/\/cdnjs.cloudflare.com\/ajax\/libs\/twemoji\/14.0.2\/72x72\/1f399.png\" alt=\"\ud83c\udf99\"\/><\/figure>\n\n\n\n<p>C&rsquo;est aussi la Semaine des webradios qui permet de faire un tour du monde d&rsquo;\u00e9missions diffus\u00e9es en direct dans le r\u00e9seau de l&rsquo;EFE !<\/p>\n\n\n\n<h2 class=\"wp-block-heading\">Un rendez-vous annuel pour aborder avec les \u00e9l\u00e8ves l&rsquo;info dans tous ses \u00e9tats<\/h2>\n\n\n\n<p>La 36e \u00e9dition de la<strong>&nbsp;\u00ab Semaine de la presse et des m\u00e9dias dans l\u2019\u00e9cole&nbsp;\u00bb<\/strong>&nbsp;se d\u00e9roule&nbsp;<strong>du 24 au 29 mars 2025&nbsp;<\/strong>pour permettre aux \u00e9l\u00e8ves de mieux conna\u00eetre l\u2019univers des m\u00e9dias, de la presse et du num\u00e9rique, d\u2019en comprendre les enjeux culturels et d\u00e9mocratiques, d\u2019apprendre \u00e0 d\u00e9crypter et v\u00e9rifier l\u2019information, pour se forger une citoyennet\u00e9 libre et \u00e9clair\u00e9e.<\/p>\n\n\n\n<ul class=\"wp-block-list\">\n<li><strong>Les \u00e9tablissements scolaires du r\u00e9seau de l\u2019EFE sont largement invit\u00e9s \u00e0 participer sur le th\u00e8me suivant :<\/strong><\/li>\n<\/ul>\n\n\n\n<p class=\"has-text-align-center\"><em>&nbsp;<strong>\u00ab&nbsp;O\u00f9 est l\u2019info ?&nbsp;\u00bb&nbsp;<\/strong><\/em><\/p>\n\n\n\n<p>Cette th\u00e9matique sera \u00e0 l&rsquo;honneur pour 2 ans et permet d\u2019aborder la question de l\u2019omnipr\u00e9sence de l\u2019information, et sera reconduite pour la 37<sup>\u00e8me<\/sup>&nbsp;\u00e9dition de la SPME. Cette th\u00e9matique permet de revenir sur les fondamentaux de l&rsquo;\u00c9ducation aux m\u00e9dias et \u00e0 l\u2019information (EMI) et sera d\u00e9clin\u00e9e sur quatre axes :<\/p>\n\n\n\n<ul class=\"wp-block-list\">\n<li>L&rsquo;identification de l&rsquo;information pour \u00eatre capable de d\u00e9terminer o\u00f9 elle se situe ;<\/li>\n\n\n\n<li>Les nouveaux formats et supports de l&rsquo;information (podcasts, BD, Twitch&#8230;) ;<\/li>\n\n\n\n<li>Les diff\u00e9rences entre information et divertissement, surtout lorsqu&rsquo;ils s&rsquo;entrem\u00ealent\u00a0;<\/li>\n\n\n\n<li>Les enjeux li\u00e9s \u00e0 l&rsquo;intelligence artificielle (IA).<\/li>\n<\/ul>\n\n\n\n<h2 class=\"wp-block-heading\"><img decoding=\"async\" alt=\"\ud83d\udcbb\" src=\"https:\/\/cdnjs.cloudflare.com\/ajax\/libs\/twemoji\/14.0.2\/72x72\/1f4bb.png\">&nbsp;Participez \u00e0 la s\u00e9rie de webinaires des partenaires du CLEMI pour la SPME 2025<\/h2>\n\n\n\n<ul class=\"wp-block-list\">\n<li>Retrouvez les webinaires et \u00e9missions propos\u00e9s par les partenaires du Centre pour l&rsquo;\u00e9ducation aux m\u00e9dias et \u00e0 l&rsquo;information (CLEMI) \u00e0 l&rsquo;occasion de la 36e Semaine de la presse et des m\u00e9dias dans l&rsquo;\u00c9cole.<br><strong>Certaines de ces diffusions peuvent m\u00eame \u00eatre suivies en classe, avec vos \u00e9l\u00e8ves !<\/strong><\/li>\n<\/ul>\n\n\n\n<p><strong><a href=\"https:\/\/www.clemi.fr\/actions-educatives\/semaine-de-la-presse-et-des-medias\/partenaires\/webinaires-des-partenaires-medias-2025\" target=\"_blank\" rel=\"noreferrer noopener\">&nbsp;Webinaires des partenaires m\u00e9dias 2025<\/a><\/strong><\/p>\n\n\n\n<hr class=\"wp-block-separator has-alpha-channel-opacity\"\/>\n\n\n\n<h2 class=\"wp-block-heading\"><img decoding=\"async\" alt=\"\ud83c\udf10\" src=\"https:\/\/cdnjs.cloudflare.com\/ajax\/libs\/twemoji\/14.0.2\/72x72\/1f310.png\">&nbsp;<img decoding=\"async\" alt=\"\ud83d\udd59\" src=\"https:\/\/cdnjs.cloudflare.com\/ajax\/libs\/twemoji\/14.0.2\/72x72\/1f559.png\">&nbsp;Programmation compl\u00e8te de la Semaine des webradios&nbsp;<img decoding=\"async\" alt=\"\ud83c\udf99\" src=\"https:\/\/cdnjs.cloudflare.com\/ajax\/libs\/twemoji\/14.0.2\/72x72\/1f399.png\"><\/h2>\n\n\n\n<p>Dans le cadre de cette SPME, nous vous proposons \u00e9galement de suivre en direct les \u00e9missions de webradios d&rsquo;\u00e9tablissements scolaires du monde entier \u00e0 l&rsquo;occasion de la \u00ab Semaine des webradios \u00bb du 24 au 28 mars 2025 sur la cha\u00eene Twitch de l\u2019AEFE :<\/p>\n\n\n\n<p><strong><a href=\"https:\/\/www.twitch.tv\/aefeinfo?lang=fr\" target=\"_blank\" rel=\"noreferrer noopener\">&nbsp;Cha\u00eene Twitch officielle de l&rsquo;AEFE<\/a><\/strong><\/p>\n\n\n\n<p><strong>Au total, ce sont 63 \u00e9tablissements scolaires homologu\u00e9s du r\u00e9seau de l&rsquo;EFE qui participeront \u00e0 ce bel exercice radiophonique avec plus de 100 sessions de 20 minutes gr\u00e2ce aux \u00e9quipes p\u00e9dagogiques pleinement mobilis\u00e9es !<br>Ces \u00e9tablissements scolaires sont issus des 16 zones du r\u00e9seau de l&rsquo;EFE.<\/strong><\/p>\n\n\n\n<ul class=\"wp-block-list\">\n<li><strong>D\u00e9couvrez ci-dessous la programmation compl\u00e8te de la Semaine des webradios, merci d&rsquo;avance pour votre \u00e9coute et soutien aux \u00e9l\u00e8ves sur la cha\u00eene Twitch de l&rsquo;AEFE !<\/strong> <\/li>\n<\/ul>\n\n\n\n<figure class=\"wp-block-gallery has-nested-images columns-default is-cropped wp-block-gallery-1 is-layout-flex wp-block-gallery-is-layout-flex\">\n<figure class=\"wp-block-image size-large\"><img decoding=\"async\" data-id=\"24060\" src=\"https:\/\/www.efmaroc.org\/efm\/wp-content\/uploads\/2025\/03\/lundi_24_mars_2025.png\" alt=\"\" class=\"wp-image-24060\"\/><\/figure>\n\n\n\n<figure class=\"wp-block-image size-large\"><img decoding=\"async\" data-id=\"24061\" src=\"https:\/\/www.efmaroc.org\/efm\/wp-content\/uploads\/2025\/03\/mardi_25_mars_2025.png\" alt=\"\" class=\"wp-image-24061\"\/><\/figure>\n\n\n\n<figure class=\"wp-block-image size-large\"><img decoding=\"async\" data-id=\"24062\" src=\"https:\/\/www.efmaroc.org\/efm\/wp-content\/uploads\/2025\/03\/mercredi_26_mars_2025_2025-03-24_12-32-29_968.png\" alt=\"\" class=\"wp-image-24062\"\/><\/figure>\n\n\n\n<figure class=\"wp-block-image size-large\"><img decoding=\"async\" data-id=\"24063\" src=\"https:\/\/www.efmaroc.org\/efm\/wp-content\/uploads\/2025\/03\/jeudi_27_mars_2025_1-2.png\" alt=\"\" class=\"wp-image-24063\"\/><\/figure>\n\n\n\n<figure class=\"wp-block-image size-large\"><img decoding=\"async\" data-id=\"24064\" src=\"https:\/\/www.efmaroc.org\/efm\/wp-content\/uploads\/2025\/03\/jeudi_27_mars_2025_2-2.png\" alt=\"\" class=\"wp-image-24064\"\/><\/figure>\n\n\n\n<figure class=\"wp-block-image size-large\"><img decoding=\"async\" data-id=\"24065\" src=\"https:\/\/www.efmaroc.org\/efm\/wp-content\/uploads\/2025\/03\/vendredi_28_mars_2025_1-2.png\" alt=\"\" class=\"wp-image-24065\"\/><\/figure>\n\n\n\n<figure class=\"wp-block-image size-large\"><img decoding=\"async\" data-id=\"24066\" src=\"https:\/\/www.efmaroc.org\/efm\/wp-content\/uploads\/2025\/03\/vendredi_28_mars_2025_2-2.png\" alt=\"\" class=\"wp-image-24066\"\/><\/figure>\n<\/figure>\n","protected":false},"excerpt":{"rendered":"<p>La SPME est organis\u00e9e chaque ann\u00e9e par le Centre pour l&rsquo;\u00e9ducation aux m\u00e9dias et \u00e0&hellip;<\/p>\n","protected":false},"author":1,"featured_media":0,"comment_status":"open","ping_status":"open","sticky":false,"template":"","format":"standard","meta":{"_jetpack_newsletter_access":"","_jetpack_dont_email_post_to_subs":false,"_jetpack_newsletter_tier_id":0,"_jetpack_memberships_contains_paywalled_content":false,"_jetpack_memberships_contains_paid_content":false,"footnotes":""},"categories":[13],"tags":[],"class_list":["post-24059","post","type-post","status-publish","format-standard","hentry","category-reseau"],"yoast_head":"<!-- This site is optimized with the Yoast SEO plugin v26.8 - https:\/\/yoast.com\/product\/yoast-seo-wordpress\/ -->\n<title>Semaine de la Presse et des M\u00e9dias dans l&#039;\u00c9cole (SPME) et de la Semaine des webradios du 24 au 29 mars 2025 | Enseignement Fran\u00e7ais au Maroc<\/title>\n<meta name=\"description\" content=\"La SPME est organis\u00e9e chaque ann\u00e9e par le Centre pour l&#039;\u00e9ducation aux m\u00e9dias et \u00e0 l&#039;information (CLEMI). Elle offre aux \u00e9l\u00e8ves, de la maternelle au lyc\u00e9e,\" \/>\n<meta name=\"robots\" content=\"index, follow, max-snippet:-1, max-image-preview:large, max-video-preview:-1\" \/>\n<link rel=\"canonical\" href=\"https:\/\/www.efmaroc.org\/efm\/semaine-de-la-presse-et-des-medias-dans-lecole-spme-et-de-la-semaine-des-webradios-du-24-au-29-mars-2025\/\" \/>\n<meta property=\"og:locale\" content=\"fr_FR\" \/>\n<meta property=\"og:type\" content=\"article\" \/>\n<meta property=\"og:title\" content=\"Semaine de la Presse et des M\u00e9dias dans l&#039;\u00c9cole (SPME) et de la Semaine des webradios du 24 au 29 mars 2025 | Enseignement Fran\u00e7ais au Maroc\" \/>\n<meta property=\"og:description\" content=\"La SPME est organis\u00e9e chaque ann\u00e9e par le Centre pour l&#039;\u00e9ducation aux m\u00e9dias et \u00e0 l&#039;information (CLEMI). Elle offre aux \u00e9l\u00e8ves, de la maternelle au lyc\u00e9e,\" \/>\n<meta property=\"og:url\" content=\"https:\/\/www.efmaroc.org\/efm\/semaine-de-la-presse-et-des-medias-dans-lecole-spme-et-de-la-semaine-des-webradios-du-24-au-29-mars-2025\/\" \/>\n<meta property=\"og:site_name\" content=\"EFM\" \/>\n<meta property=\"article:published_time\" content=\"2025-03-24T15:13:49+00:00\" \/>\n<meta property=\"article:modified_time\" content=\"2025-03-24T15:16:02+00:00\" \/>\n<meta property=\"og:image\" content=\"https:\/\/www.efmaroc.org\/efm\/wp-content\/uploads\/2025\/03\/th-970x1000-visuel_orion_semaine_des_webradios_2025_2025-03-21_20-52-44_19.png.png\" \/>\n\t<meta property=\"og:image:width\" content=\"800\" \/>\n\t<meta property=\"og:image:height\" content=\"500\" \/>\n\t<meta property=\"og:image:type\" content=\"image\/png\" \/>\n<meta name=\"author\" content=\"EFM\" \/>\n<meta name=\"twitter:card\" content=\"summary_large_image\" \/>\n<meta name=\"twitter:label1\" content=\"\u00c9crit par\" \/>\n\t<meta name=\"twitter:data1\" content=\"EFM\" \/>\n\t<meta name=\"twitter:label2\" content=\"Dur\u00e9e de lecture estim\u00e9e\" \/>\n\t<meta name=\"twitter:data2\" content=\"3 minutes\" \/>\n<script type=\"application\/ld+json\" class=\"yoast-schema-graph\">{\"@context\":\"https:\/\/schema.org\",\"@graph\":[{\"@type\":\"Article\",\"@id\":\"https:\/\/www.efmaroc.org\/efm\/semaine-de-la-presse-et-des-medias-dans-lecole-spme-et-de-la-semaine-des-webradios-du-24-au-29-mars-2025\/#article\",\"isPartOf\":{\"@id\":\"https:\/\/www.efmaroc.org\/efm\/semaine-de-la-presse-et-des-medias-dans-lecole-spme-et-de-la-semaine-des-webradios-du-24-au-29-mars-2025\/\"},\"author\":{\"name\":\"EFM\",\"@id\":\"https:\/\/www.efmaroc.org\/efm\/#\/schema\/person\/25a9b635a4b2276393dd87dbd94c6302\"},\"headline\":\"Semaine de la Presse et des M\u00e9dias dans l&rsquo;\u00c9cole (SPME) et de la Semaine des webradios du 24 au 29 mars 2025\",\"datePublished\":\"2025-03-24T15:13:49+00:00\",\"dateModified\":\"2025-03-24T15:16:02+00:00\",\"mainEntityOfPage\":{\"@id\":\"https:\/\/www.efmaroc.org\/efm\/semaine-de-la-presse-et-des-medias-dans-lecole-spme-et-de-la-semaine-des-webradios-du-24-au-29-mars-2025\/\"},\"wordCount\":552,\"commentCount\":0,\"publisher\":{\"@id\":\"https:\/\/www.efmaroc.org\/efm\/#organization\"},\"image\":{\"@id\":\"https:\/\/www.efmaroc.org\/efm\/semaine-de-la-presse-et-des-medias-dans-lecole-spme-et-de-la-semaine-des-webradios-du-24-au-29-mars-2025\/#primaryimage\"},\"thumbnailUrl\":\"https:\/\/cdnjs.cloudflare.com\/ajax\/libs\/twemoji\/14.0.2\/72x72\/1f399.png\",\"articleSection\":[\"R\u00e9seau\"],\"inLanguage\":\"fr-FR\",\"potentialAction\":[{\"@type\":\"CommentAction\",\"name\":\"Comment\",\"target\":[\"https:\/\/www.efmaroc.org\/efm\/semaine-de-la-presse-et-des-medias-dans-lecole-spme-et-de-la-semaine-des-webradios-du-24-au-29-mars-2025\/#respond\"]}]},{\"@type\":\"WebPage\",\"@id\":\"https:\/\/www.efmaroc.org\/efm\/semaine-de-la-presse-et-des-medias-dans-lecole-spme-et-de-la-semaine-des-webradios-du-24-au-29-mars-2025\/\",\"url\":\"https:\/\/www.efmaroc.org\/efm\/semaine-de-la-presse-et-des-medias-dans-lecole-spme-et-de-la-semaine-des-webradios-du-24-au-29-mars-2025\/\",\"name\":\"Semaine de la Presse et des M\u00e9dias dans l'\u00c9cole (SPME) et de la Semaine des webradios du 24 au 29 mars 2025 | Enseignement Fran\u00e7ais au Maroc\",\"isPartOf\":{\"@id\":\"https:\/\/www.efmaroc.org\/efm\/#website\"},\"primaryImageOfPage\":{\"@id\":\"https:\/\/www.efmaroc.org\/efm\/semaine-de-la-presse-et-des-medias-dans-lecole-spme-et-de-la-semaine-des-webradios-du-24-au-29-mars-2025\/#primaryimage\"},\"image\":{\"@id\":\"https:\/\/www.efmaroc.org\/efm\/semaine-de-la-presse-et-des-medias-dans-lecole-spme-et-de-la-semaine-des-webradios-du-24-au-29-mars-2025\/#primaryimage\"},\"thumbnailUrl\":\"https:\/\/cdnjs.cloudflare.com\/ajax\/libs\/twemoji\/14.0.2\/72x72\/1f399.png\",\"datePublished\":\"2025-03-24T15:13:49+00:00\",\"dateModified\":\"2025-03-24T15:16:02+00:00\",\"description\":\"La SPME est organis\u00e9e chaque ann\u00e9e par le Centre pour l'\u00e9ducation aux m\u00e9dias et \u00e0 l'information (CLEMI). Elle offre aux \u00e9l\u00e8ves, de la maternelle au lyc\u00e9e,\",\"breadcrumb\":{\"@id\":\"https:\/\/www.efmaroc.org\/efm\/semaine-de-la-presse-et-des-medias-dans-lecole-spme-et-de-la-semaine-des-webradios-du-24-au-29-mars-2025\/#breadcrumb\"},\"inLanguage\":\"fr-FR\",\"potentialAction\":[{\"@type\":\"ReadAction\",\"target\":[\"https:\/\/www.efmaroc.org\/efm\/semaine-de-la-presse-et-des-medias-dans-lecole-spme-et-de-la-semaine-des-webradios-du-24-au-29-mars-2025\/\"]}]},{\"@type\":\"ImageObject\",\"inLanguage\":\"fr-FR\",\"@id\":\"https:\/\/www.efmaroc.org\/efm\/semaine-de-la-presse-et-des-medias-dans-lecole-spme-et-de-la-semaine-des-webradios-du-24-au-29-mars-2025\/#primaryimage\",\"url\":\"https:\/\/cdnjs.cloudflare.com\/ajax\/libs\/twemoji\/14.0.2\/72x72\/1f399.png\",\"contentUrl\":\"https:\/\/cdnjs.cloudflare.com\/ajax\/libs\/twemoji\/14.0.2\/72x72\/1f399.png\"},{\"@type\":\"BreadcrumbList\",\"@id\":\"https:\/\/www.efmaroc.org\/efm\/semaine-de-la-presse-et-des-medias-dans-lecole-spme-et-de-la-semaine-des-webradios-du-24-au-29-mars-2025\/#breadcrumb\",\"itemListElement\":[{\"@type\":\"ListItem\",\"position\":1,\"name\":\"Accueil\",\"item\":\"https:\/\/www.efmaroc.org\/efm\/\"},{\"@type\":\"ListItem\",\"position\":2,\"name\":\"Semaine de la Presse et des M\u00e9dias dans l&rsquo;\u00c9cole (SPME) et de la Semaine des webradios du 24 au 29 mars 2025\"}]},{\"@type\":\"WebSite\",\"@id\":\"https:\/\/www.efmaroc.org\/efm\/#website\",\"url\":\"https:\/\/www.efmaroc.org\/efm\/\",\"name\":\"EFM\",\"description\":\"Enseignement Fran\u00e7ais au Maroc\",\"publisher\":{\"@id\":\"https:\/\/www.efmaroc.org\/efm\/#organization\"},\"potentialAction\":[{\"@type\":\"SearchAction\",\"target\":{\"@type\":\"EntryPoint\",\"urlTemplate\":\"https:\/\/www.efmaroc.org\/efm\/?s={search_term_string}\"},\"query-input\":{\"@type\":\"PropertyValueSpecification\",\"valueRequired\":true,\"valueName\":\"search_term_string\"}}],\"inLanguage\":\"fr-FR\"},{\"@type\":\"Organization\",\"@id\":\"https:\/\/www.efmaroc.org\/efm\/#organization\",\"name\":\"EFM\",\"url\":\"https:\/\/www.efmaroc.org\/efm\/\",\"logo\":{\"@type\":\"ImageObject\",\"inLanguage\":\"fr-FR\",\"@id\":\"https:\/\/www.efmaroc.org\/efm\/#\/schema\/logo\/image\/\",\"url\":\"https:\/\/www.efmaroc.org\/efm\/wp-content\/uploads\/2022\/12\/efm-enseignement-francais-maroc-logotaglinex2.png\",\"contentUrl\":\"https:\/\/www.efmaroc.org\/efm\/wp-content\/uploads\/2022\/12\/efm-enseignement-francais-maroc-logotaglinex2.png\",\"width\":104,\"height\":78,\"caption\":\"EFM\"},\"image\":{\"@id\":\"https:\/\/www.efmaroc.org\/efm\/#\/schema\/logo\/image\/\"}},{\"@type\":\"Person\",\"@id\":\"https:\/\/www.efmaroc.org\/efm\/#\/schema\/person\/25a9b635a4b2276393dd87dbd94c6302\",\"name\":\"EFM\",\"image\":{\"@type\":\"ImageObject\",\"inLanguage\":\"fr-FR\",\"@id\":\"https:\/\/www.efmaroc.org\/efm\/#\/schema\/person\/image\/\",\"url\":\"https:\/\/secure.gravatar.com\/avatar\/0acf5f0ecc3b24f6fa3602920a0bc305ada83aa2d4adbe73d7718ee0e4155d61?s=96&d=mm&r=g\",\"contentUrl\":\"https:\/\/secure.gravatar.com\/avatar\/0acf5f0ecc3b24f6fa3602920a0bc305ada83aa2d4adbe73d7718ee0e4155d61?s=96&d=mm&r=g\",\"caption\":\"EFM\"},\"sameAs\":[\"https:\/\/www.efmaroc.org\/efm\"]}]}<\/script>\n<!-- \/ Yoast SEO plugin. -->","yoast_head_json":{"title":"Semaine de la Presse et des M\u00e9dias dans l'\u00c9cole (SPME) et de la Semaine des webradios du 24 au 29 mars 2025 | Enseignement Fran\u00e7ais au Maroc","description":"La SPME est organis\u00e9e chaque ann\u00e9e par le Centre pour l'\u00e9ducation aux m\u00e9dias et \u00e0 l'information (CLEMI). Elle offre aux \u00e9l\u00e8ves, de la maternelle au lyc\u00e9e,","robots":{"index":"index","follow":"follow","max-snippet":"max-snippet:-1","max-image-preview":"max-image-preview:large","max-video-preview":"max-video-preview:-1"},"canonical":"https:\/\/www.efmaroc.org\/efm\/semaine-de-la-presse-et-des-medias-dans-lecole-spme-et-de-la-semaine-des-webradios-du-24-au-29-mars-2025\/","og_locale":"fr_FR","og_type":"article","og_title":"Semaine de la Presse et des M\u00e9dias dans l'\u00c9cole (SPME) et de la Semaine des webradios du 24 au 29 mars 2025 | Enseignement Fran\u00e7ais au Maroc","og_description":"La SPME est organis\u00e9e chaque ann\u00e9e par le Centre pour l'\u00e9ducation aux m\u00e9dias et \u00e0 l'information (CLEMI). Elle offre aux \u00e9l\u00e8ves, de la maternelle au lyc\u00e9e,","og_url":"https:\/\/www.efmaroc.org\/efm\/semaine-de-la-presse-et-des-medias-dans-lecole-spme-et-de-la-semaine-des-webradios-du-24-au-29-mars-2025\/","og_site_name":"EFM","article_published_time":"2025-03-24T15:13:49+00:00","article_modified_time":"2025-03-24T15:16:02+00:00","og_image":[{"width":800,"height":500,"url":"https:\/\/www.efmaroc.org\/efm\/wp-content\/uploads\/2025\/03\/th-970x1000-visuel_orion_semaine_des_webradios_2025_2025-03-21_20-52-44_19.png.png","type":"image\/png"}],"author":"EFM","twitter_card":"summary_large_image","twitter_misc":{"\u00c9crit par":"EFM","Dur\u00e9e de lecture estim\u00e9e":"3 minutes"},"schema":{"@context":"https:\/\/schema.org","@graph":[{"@type":"Article","@id":"https:\/\/www.efmaroc.org\/efm\/semaine-de-la-presse-et-des-medias-dans-lecole-spme-et-de-la-semaine-des-webradios-du-24-au-29-mars-2025\/#article","isPartOf":{"@id":"https:\/\/www.efmaroc.org\/efm\/semaine-de-la-presse-et-des-medias-dans-lecole-spme-et-de-la-semaine-des-webradios-du-24-au-29-mars-2025\/"},"author":{"name":"EFM","@id":"https:\/\/www.efmaroc.org\/efm\/#\/schema\/person\/25a9b635a4b2276393dd87dbd94c6302"},"headline":"Semaine de la Presse et des M\u00e9dias dans l&rsquo;\u00c9cole (SPME) et de la Semaine des webradios du 24 au 29 mars 2025","datePublished":"2025-03-24T15:13:49+00:00","dateModified":"2025-03-24T15:16:02+00:00","mainEntityOfPage":{"@id":"https:\/\/www.efmaroc.org\/efm\/semaine-de-la-presse-et-des-medias-dans-lecole-spme-et-de-la-semaine-des-webradios-du-24-au-29-mars-2025\/"},"wordCount":552,"commentCount":0,"publisher":{"@id":"https:\/\/www.efmaroc.org\/efm\/#organization"},"image":{"@id":"https:\/\/www.efmaroc.org\/efm\/semaine-de-la-presse-et-des-medias-dans-lecole-spme-et-de-la-semaine-des-webradios-du-24-au-29-mars-2025\/#primaryimage"},"thumbnailUrl":"https:\/\/cdnjs.cloudflare.com\/ajax\/libs\/twemoji\/14.0.2\/72x72\/1f399.png","articleSection":["R\u00e9seau"],"inLanguage":"fr-FR","potentialAction":[{"@type":"CommentAction","name":"Comment","target":["https:\/\/www.efmaroc.org\/efm\/semaine-de-la-presse-et-des-medias-dans-lecole-spme-et-de-la-semaine-des-webradios-du-24-au-29-mars-2025\/#respond"]}]},{"@type":"WebPage","@id":"https:\/\/www.efmaroc.org\/efm\/semaine-de-la-presse-et-des-medias-dans-lecole-spme-et-de-la-semaine-des-webradios-du-24-au-29-mars-2025\/","url":"https:\/\/www.efmaroc.org\/efm\/semaine-de-la-presse-et-des-medias-dans-lecole-spme-et-de-la-semaine-des-webradios-du-24-au-29-mars-2025\/","name":"Semaine de la Presse et des M\u00e9dias dans l'\u00c9cole (SPME) et de la Semaine des webradios du 24 au 29 mars 2025 | Enseignement Fran\u00e7ais au Maroc","isPartOf":{"@id":"https:\/\/www.efmaroc.org\/efm\/#website"},"primaryImageOfPage":{"@id":"https:\/\/www.efmaroc.org\/efm\/semaine-de-la-presse-et-des-medias-dans-lecole-spme-et-de-la-semaine-des-webradios-du-24-au-29-mars-2025\/#primaryimage"},"image":{"@id":"https:\/\/www.efmaroc.org\/efm\/semaine-de-la-presse-et-des-medias-dans-lecole-spme-et-de-la-semaine-des-webradios-du-24-au-29-mars-2025\/#primaryimage"},"thumbnailUrl":"https:\/\/cdnjs.cloudflare.com\/ajax\/libs\/twemoji\/14.0.2\/72x72\/1f399.png","datePublished":"2025-03-24T15:13:49+00:00","dateModified":"2025-03-24T15:16:02+00:00","description":"La SPME est organis\u00e9e chaque ann\u00e9e par le Centre pour l'\u00e9ducation aux m\u00e9dias et \u00e0 l'information (CLEMI). Elle offre aux \u00e9l\u00e8ves, de la maternelle au lyc\u00e9e,","breadcrumb":{"@id":"https:\/\/www.efmaroc.org\/efm\/semaine-de-la-presse-et-des-medias-dans-lecole-spme-et-de-la-semaine-des-webradios-du-24-au-29-mars-2025\/#breadcrumb"},"inLanguage":"fr-FR","potentialAction":[{"@type":"ReadAction","target":["https:\/\/www.efmaroc.org\/efm\/semaine-de-la-presse-et-des-medias-dans-lecole-spme-et-de-la-semaine-des-webradios-du-24-au-29-mars-2025\/"]}]},{"@type":"ImageObject","inLanguage":"fr-FR","@id":"https:\/\/www.efmaroc.org\/efm\/semaine-de-la-presse-et-des-medias-dans-lecole-spme-et-de-la-semaine-des-webradios-du-24-au-29-mars-2025\/#primaryimage","url":"https:\/\/cdnjs.cloudflare.com\/ajax\/libs\/twemoji\/14.0.2\/72x72\/1f399.png","contentUrl":"https:\/\/cdnjs.cloudflare.com\/ajax\/libs\/twemoji\/14.0.2\/72x72\/1f399.png"},{"@type":"BreadcrumbList","@id":"https:\/\/www.efmaroc.org\/efm\/semaine-de-la-presse-et-des-medias-dans-lecole-spme-et-de-la-semaine-des-webradios-du-24-au-29-mars-2025\/#breadcrumb","itemListElement":[{"@type":"ListItem","position":1,"name":"Accueil","item":"https:\/\/www.efmaroc.org\/efm\/"},{"@type":"ListItem","position":2,"name":"Semaine de la Presse et des M\u00e9dias dans l&rsquo;\u00c9cole (SPME) et de la Semaine des webradios du 24 au 29 mars 2025"}]},{"@type":"WebSite","@id":"https:\/\/www.efmaroc.org\/efm\/#website","url":"https:\/\/www.efmaroc.org\/efm\/","name":"EFM","description":"Enseignement Fran\u00e7ais au Maroc","publisher":{"@id":"https:\/\/www.efmaroc.org\/efm\/#organization"},"potentialAction":[{"@type":"SearchAction","target":{"@type":"EntryPoint","urlTemplate":"https:\/\/www.efmaroc.org\/efm\/?s={search_term_string}"},"query-input":{"@type":"PropertyValueSpecification","valueRequired":true,"valueName":"search_term_string"}}],"inLanguage":"fr-FR"},{"@type":"Organization","@id":"https:\/\/www.efmaroc.org\/efm\/#organization","name":"EFM","url":"https:\/\/www.efmaroc.org\/efm\/","logo":{"@type":"ImageObject","inLanguage":"fr-FR","@id":"https:\/\/www.efmaroc.org\/efm\/#\/schema\/logo\/image\/","url":"https:\/\/www.efmaroc.org\/efm\/wp-content\/uploads\/2022\/12\/efm-enseignement-francais-maroc-logotaglinex2.png","contentUrl":"https:\/\/www.efmaroc.org\/efm\/wp-content\/uploads\/2022\/12\/efm-enseignement-francais-maroc-logotaglinex2.png","width":104,"height":78,"caption":"EFM"},"image":{"@id":"https:\/\/www.efmaroc.org\/efm\/#\/schema\/logo\/image\/"}},{"@type":"Person","@id":"https:\/\/www.efmaroc.org\/efm\/#\/schema\/person\/25a9b635a4b2276393dd87dbd94c6302","name":"EFM","image":{"@type":"ImageObject","inLanguage":"fr-FR","@id":"https:\/\/www.efmaroc.org\/efm\/#\/schema\/person\/image\/","url":"https:\/\/secure.gravatar.com\/avatar\/0acf5f0ecc3b24f6fa3602920a0bc305ada83aa2d4adbe73d7718ee0e4155d61?s=96&d=mm&r=g","contentUrl":"https:\/\/secure.gravatar.com\/avatar\/0acf5f0ecc3b24f6fa3602920a0bc305ada83aa2d4adbe73d7718ee0e4155d61?s=96&d=mm&r=g","caption":"EFM"},"sameAs":["https:\/\/www.efmaroc.org\/efm"]}]}},"jetpack_featured_media_url":"","jetpack_sharing_enabled":true,"_links":{"self":[{"href":"https:\/\/www.efmaroc.org\/efm\/wp-json\/wp\/v2\/posts\/24059","targetHints":{"allow":["GET"]}}],"collection":[{"href":"https:\/\/www.efmaroc.org\/efm\/wp-json\/wp\/v2\/posts"}],"about":[{"href":"https:\/\/www.efmaroc.org\/efm\/wp-json\/wp\/v2\/types\/post"}],"author":[{"embeddable":true,"href":"https:\/\/www.efmaroc.org\/efm\/wp-json\/wp\/v2\/users\/1"}],"replies":[{"embeddable":true,"href":"https:\/\/www.efmaroc.org\/efm\/wp-json\/wp\/v2\/comments?post=24059"}],"version-history":[{"count":1,"href":"https:\/\/www.efmaroc.org\/efm\/wp-json\/wp\/v2\/posts\/24059\/revisions"}],"predecessor-version":[{"id":24067,"href":"https:\/\/www.efmaroc.org\/efm\/wp-json\/wp\/v2\/posts\/24059\/revisions\/24067"}],"wp:attachment":[{"href":"https:\/\/www.efmaroc.org\/efm\/wp-json\/wp\/v2\/media?parent=24059"}],"wp:term":[{"taxonomy":"category","embeddable":true,"href":"https:\/\/www.efmaroc.org\/efm\/wp-json\/wp\/v2\/categories?post=24059"},{"taxonomy":"post_tag","embeddable":true,"href":"https:\/\/www.efmaroc.org\/efm\/wp-json\/wp\/v2\/tags?post=24059"}],"curies":[{"name":"wp","href":"https:\/\/api.w.org\/{rel}","templated":true}]}}