{"id":24103,"date":"2025-03-27T14:43:59","date_gmt":"2025-03-27T13:43:59","guid":{"rendered":"https:\/\/www.efmaroc.org\/efm\/?p=24103"},"modified":"2025-04-30T12:32:29","modified_gmt":"2025-04-30T10:32:29","slug":"concours-zero-cliche-pour-legalite-filles-garcons","status":"publish","type":"post","link":"https:\/\/www.efmaroc.org\/efm\/concours-zero-cliche-pour-legalite-filles-garcons\/","title":{"rendered":"Concours Z\u00e9ro Clich\u00e9, pour l&rsquo;\u00e9galit\u00e9 Filles &#8211; Gar\u00e7ons"},"content":{"rendered":"\n<h3 class=\"wp-block-heading\">D\u00e9coder les st\u00e9r\u00e9otypes sexistes, \u00e7a s\u2019apprend !<\/h3>\n\n\n\n<p>Le concours #Z\u00e9roClich\u00e9 pour l\u2019\u00e9galit\u00e9 filles-gar\u00e7ons revient pour une 13<sup>\u00e8me<\/sup>&nbsp;\u00e9dition. De la maternelle au lyc\u00e9e, le concours permet de concevoir avec vos \u00e9l\u00e8ves des productions m\u00e9diatiques (articles, blogs, \u00e9missions t\u00e9l\u00e9 ou radio, podcasts, reportages, etc.) pour analyser les st\u00e9r\u00e9otypes de genre dans la vie quotidienne.<\/p>\n\n\n\n<figure class=\"wp-block-embed is-type-video is-provider-youtube wp-block-embed-youtube wp-embed-aspect-16-9 wp-has-aspect-ratio\"><div class=\"wp-block-embed__wrapper\">\n<iframe title=\"Salhia Brakhlia - Pr\u00e9sidente du concours #Z\u00e9roClich\u00e9 2025\" width=\"1200\" height=\"675\" src=\"https:\/\/www.youtube.com\/embed\/x3hidd0csRM?feature=oembed\" frameborder=\"0\" allow=\"accelerometer; autoplay; clipboard-write; encrypted-media; gyroscope; picture-in-picture; web-share\" referrerpolicy=\"strict-origin-when-cross-origin\" allowfullscreen><\/iframe>\n<\/div><\/figure>\n\n\n\n<figure class=\"wp-block-embed is-type-video is-provider-youtube wp-block-embed-youtube wp-embed-aspect-16-9 wp-has-aspect-ratio\"><div class=\"wp-block-embed__wrapper\">\n<iframe title=\"Clip concours #Z\u00e9roClich\u00e9\" width=\"1200\" height=\"675\" src=\"https:\/\/www.youtube.com\/embed\/3pMrhUQptLk?feature=oembed\" frameborder=\"0\" allow=\"accelerometer; autoplay; clipboard-write; encrypted-media; gyroscope; picture-in-picture; web-share\" referrerpolicy=\"strict-origin-when-cross-origin\" allowfullscreen><\/iframe>\n<\/div><\/figure>\n\n\n\n<h2 class=\"wp-block-heading\">Le concours #Z\u00e9roClich\u00e9 pour l&rsquo;\u00e9galit\u00e9 filles-gar\u00e7ons<\/h2>\n\n\n\n<p>La question de l\u2019\u00e9galit\u00e9 entre les femmes et les hommes est omnipr\u00e9sente dans l\u2019actualit\u00e9 et constitue une priorit\u00e9 nationale au centre des enjeux \u00e9ducatifs en g\u00e9n\u00e9ral et de l\u2019\u00e9ducation aux m\u00e9dias et \u00e0 l\u2019information en particulier. Pour la treizi\u00e8me ann\u00e9e, l<a href=\"https:\/\/www.clemi.fr\/actions-educatives\/concours\/zero-cliche\">e concours Z\u00e9ro Clich\u00e9 pour l\u2019\u00e9galit\u00e9 filles-gar\u00e7ons<\/a>&nbsp;propose d\u2019aborder avec les \u00e9l\u00e8ves la question des st\u00e9r\u00e9otypes de genre dans l\u2019espace public, le sport, le travail, les m\u00e9dias, l\u2019\u00e9cole, en leur faisant produire une production m\u00e9diatique dans le format de leur choix : article, \u00e9mission ou reportage audio\/vid\u00e9o, contenu num\u00e9rique et interactif (blogs, r\u00e9seaux sociaux, etc.).<\/p>\n\n\n\n<p>Pour les inscriptions, suivez le lien : <a href=\"https:\/\/www.clemi.fr\/actions-educatives\/concours\/zerocliche\/presentation-du-concours-et-inscription\/inscription-au-concours\" data-type=\"link\" data-id=\"https:\/\/www.clemi.fr\/actions-educatives\/concours\/zerocliche\/presentation-du-concours-et-inscription\/inscription-au-concours\">https:\/\/www.clemi.fr\/actions-educatives\/concours\/zerocliche\/presentation-du-concours-et-inscription\/inscription-au-concours<\/a><\/p>\n\n\n\n<p>Pour plus d&rsquo;informations : h<a href=\"https:\/\/www.clemi.fr\/actions-educatives\/concours\/zerocliche\">ttps:\/\/www.clemi.fr\/actions-educatives\/concours\/zerocliche<\/a> <\/p>\n","protected":false},"excerpt":{"rendered":"<p>D\u00e9coder les st\u00e9r\u00e9otypes sexistes, \u00e7a s\u2019apprend ! Le concours #Z\u00e9roClich\u00e9 pour l\u2019\u00e9galit\u00e9 filles-gar\u00e7ons revient pour&hellip;<\/p>\n","protected":false},"author":1,"featured_media":24104,"comment_status":"closed","ping_status":"open","sticky":false,"template":"","format":"standard","meta":{"_jetpack_newsletter_access":"","_jetpack_dont_email_post_to_subs":false,"_jetpack_newsletter_tier_id":0,"_jetpack_memberships_contains_paywalled_content":false,"_jetpack_memberships_contains_paid_content":false,"footnotes":""},"categories":[13],"tags":[],"class_list":["post-24103","post","type-post","status-publish","format-standard","has-post-thumbnail","hentry","category-reseau"],"yoast_head":"<!-- This site is optimized with the Yoast SEO plugin v26.8 - https:\/\/yoast.com\/product\/yoast-seo-wordpress\/ -->\n<title>Concours Z\u00e9ro Clich\u00e9, pour l&#039;\u00e9galit\u00e9 Filles - Gar\u00e7ons | Enseignement Fran\u00e7ais au Maroc<\/title>\n<meta name=\"description\" content=\"D\u00e9coder les st\u00e9r\u00e9otypes sexistes, \u00e7a s\u2019apprend ! Le concours #Z\u00e9roClich\u00e9 pour l\u2019\u00e9galit\u00e9 filles-gar\u00e7ons revient pour une 13\u00e8me&nbsp;\u00e9dition. De la\" \/>\n<meta name=\"robots\" content=\"index, follow, max-snippet:-1, max-image-preview:large, max-video-preview:-1\" \/>\n<link rel=\"canonical\" href=\"https:\/\/www.efmaroc.org\/efm\/concours-zero-cliche-pour-legalite-filles-garcons\/\" \/>\n<meta property=\"og:locale\" content=\"fr_FR\" \/>\n<meta property=\"og:type\" content=\"article\" \/>\n<meta property=\"og:title\" content=\"Concours Z\u00e9ro Clich\u00e9, pour l&#039;\u00e9galit\u00e9 Filles - Gar\u00e7ons | Enseignement Fran\u00e7ais au Maroc\" \/>\n<meta property=\"og:description\" content=\"D\u00e9coder les st\u00e9r\u00e9otypes sexistes, \u00e7a s\u2019apprend ! Le concours #Z\u00e9roClich\u00e9 pour l\u2019\u00e9galit\u00e9 filles-gar\u00e7ons revient pour une 13\u00e8me&nbsp;\u00e9dition. De la\" \/>\n<meta property=\"og:url\" content=\"https:\/\/www.efmaroc.org\/efm\/concours-zero-cliche-pour-legalite-filles-garcons\/\" \/>\n<meta property=\"og:site_name\" content=\"EFM\" \/>\n<meta property=\"article:published_time\" content=\"2025-03-27T13:43:59+00:00\" \/>\n<meta property=\"article:modified_time\" content=\"2025-04-30T10:32:29+00:00\" \/>\n<meta property=\"og:image\" content=\"https:\/\/www.efmaroc.org\/efm\/wp-content\/uploads\/2025\/03\/WEB.png\" \/>\n\t<meta property=\"og:image:width\" content=\"2160\" \/>\n\t<meta property=\"og:image:height\" content=\"1350\" \/>\n\t<meta property=\"og:image:type\" content=\"image\/png\" \/>\n<meta name=\"author\" content=\"EFM\" \/>\n<meta name=\"twitter:card\" content=\"summary_large_image\" \/>\n<meta name=\"twitter:label1\" content=\"\u00c9crit par\" \/>\n\t<meta name=\"twitter:data1\" content=\"EFM\" \/>\n\t<meta name=\"twitter:label2\" content=\"Dur\u00e9e de lecture estim\u00e9e\" \/>\n\t<meta name=\"twitter:data2\" content=\"1 minute\" \/>\n<script type=\"application\/ld+json\" class=\"yoast-schema-graph\">{\"@context\":\"https:\/\/schema.org\",\"@graph\":[{\"@type\":\"Article\",\"@id\":\"https:\/\/www.efmaroc.org\/efm\/concours-zero-cliche-pour-legalite-filles-garcons\/#article\",\"isPartOf\":{\"@id\":\"https:\/\/www.efmaroc.org\/efm\/concours-zero-cliche-pour-legalite-filles-garcons\/\"},\"author\":{\"name\":\"EFM\",\"@id\":\"https:\/\/www.efmaroc.org\/efm\/#\/schema\/person\/25a9b635a4b2276393dd87dbd94c6302\"},\"headline\":\"Concours Z\u00e9ro Clich\u00e9, pour l&rsquo;\u00e9galit\u00e9 Filles &#8211; Gar\u00e7ons\",\"datePublished\":\"2025-03-27T13:43:59+00:00\",\"dateModified\":\"2025-04-30T10:32:29+00:00\",\"mainEntityOfPage\":{\"@id\":\"https:\/\/www.efmaroc.org\/efm\/concours-zero-cliche-pour-legalite-filles-garcons\/\"},\"wordCount\":241,\"publisher\":{\"@id\":\"https:\/\/www.efmaroc.org\/efm\/#organization\"},\"image\":{\"@id\":\"https:\/\/www.efmaroc.org\/efm\/concours-zero-cliche-pour-legalite-filles-garcons\/#primaryimage\"},\"thumbnailUrl\":\"https:\/\/www.efmaroc.org\/efm\/wp-content\/uploads\/2025\/03\/WEB.png\",\"articleSection\":[\"R\u00e9seau\"],\"inLanguage\":\"fr-FR\"},{\"@type\":\"WebPage\",\"@id\":\"https:\/\/www.efmaroc.org\/efm\/concours-zero-cliche-pour-legalite-filles-garcons\/\",\"url\":\"https:\/\/www.efmaroc.org\/efm\/concours-zero-cliche-pour-legalite-filles-garcons\/\",\"name\":\"Concours Z\u00e9ro Clich\u00e9, pour l'\u00e9galit\u00e9 Filles - Gar\u00e7ons | Enseignement Fran\u00e7ais au Maroc\",\"isPartOf\":{\"@id\":\"https:\/\/www.efmaroc.org\/efm\/#website\"},\"primaryImageOfPage\":{\"@id\":\"https:\/\/www.efmaroc.org\/efm\/concours-zero-cliche-pour-legalite-filles-garcons\/#primaryimage\"},\"image\":{\"@id\":\"https:\/\/www.efmaroc.org\/efm\/concours-zero-cliche-pour-legalite-filles-garcons\/#primaryimage\"},\"thumbnailUrl\":\"https:\/\/www.efmaroc.org\/efm\/wp-content\/uploads\/2025\/03\/WEB.png\",\"datePublished\":\"2025-03-27T13:43:59+00:00\",\"dateModified\":\"2025-04-30T10:32:29+00:00\",\"description\":\"D\u00e9coder les st\u00e9r\u00e9otypes sexistes, \u00e7a s\u2019apprend ! Le concours #Z\u00e9roClich\u00e9 pour l\u2019\u00e9galit\u00e9 filles-gar\u00e7ons revient pour une 13\u00e8me&nbsp;\u00e9dition. De la\",\"breadcrumb\":{\"@id\":\"https:\/\/www.efmaroc.org\/efm\/concours-zero-cliche-pour-legalite-filles-garcons\/#breadcrumb\"},\"inLanguage\":\"fr-FR\",\"potentialAction\":[{\"@type\":\"ReadAction\",\"target\":[\"https:\/\/www.efmaroc.org\/efm\/concours-zero-cliche-pour-legalite-filles-garcons\/\"]}]},{\"@type\":\"ImageObject\",\"inLanguage\":\"fr-FR\",\"@id\":\"https:\/\/www.efmaroc.org\/efm\/concours-zero-cliche-pour-legalite-filles-garcons\/#primaryimage\",\"url\":\"https:\/\/www.efmaroc.org\/efm\/wp-content\/uploads\/2025\/03\/WEB.png\",\"contentUrl\":\"https:\/\/www.efmaroc.org\/efm\/wp-content\/uploads\/2025\/03\/WEB.png\",\"width\":2160,\"height\":1350},{\"@type\":\"BreadcrumbList\",\"@id\":\"https:\/\/www.efmaroc.org\/efm\/concours-zero-cliche-pour-legalite-filles-garcons\/#breadcrumb\",\"itemListElement\":[{\"@type\":\"ListItem\",\"position\":1,\"name\":\"Accueil\",\"item\":\"https:\/\/www.efmaroc.org\/efm\/\"},{\"@type\":\"ListItem\",\"position\":2,\"name\":\"Concours Z\u00e9ro Clich\u00e9, pour l&rsquo;\u00e9galit\u00e9 Filles &#8211; Gar\u00e7ons\"}]},{\"@type\":\"WebSite\",\"@id\":\"https:\/\/www.efmaroc.org\/efm\/#website\",\"url\":\"https:\/\/www.efmaroc.org\/efm\/\",\"name\":\"EFM\",\"description\":\"Enseignement Fran\u00e7ais au Maroc\",\"publisher\":{\"@id\":\"https:\/\/www.efmaroc.org\/efm\/#organization\"},\"potentialAction\":[{\"@type\":\"SearchAction\",\"target\":{\"@type\":\"EntryPoint\",\"urlTemplate\":\"https:\/\/www.efmaroc.org\/efm\/?s={search_term_string}\"},\"query-input\":{\"@type\":\"PropertyValueSpecification\",\"valueRequired\":true,\"valueName\":\"search_term_string\"}}],\"inLanguage\":\"fr-FR\"},{\"@type\":\"Organization\",\"@id\":\"https:\/\/www.efmaroc.org\/efm\/#organization\",\"name\":\"EFM\",\"url\":\"https:\/\/www.efmaroc.org\/efm\/\",\"logo\":{\"@type\":\"ImageObject\",\"inLanguage\":\"fr-FR\",\"@id\":\"https:\/\/www.efmaroc.org\/efm\/#\/schema\/logo\/image\/\",\"url\":\"https:\/\/www.efmaroc.org\/efm\/wp-content\/uploads\/2022\/12\/efm-enseignement-francais-maroc-logotaglinex2.png\",\"contentUrl\":\"https:\/\/www.efmaroc.org\/efm\/wp-content\/uploads\/2022\/12\/efm-enseignement-francais-maroc-logotaglinex2.png\",\"width\":104,\"height\":78,\"caption\":\"EFM\"},\"image\":{\"@id\":\"https:\/\/www.efmaroc.org\/efm\/#\/schema\/logo\/image\/\"}},{\"@type\":\"Person\",\"@id\":\"https:\/\/www.efmaroc.org\/efm\/#\/schema\/person\/25a9b635a4b2276393dd87dbd94c6302\",\"name\":\"EFM\",\"image\":{\"@type\":\"ImageObject\",\"inLanguage\":\"fr-FR\",\"@id\":\"https:\/\/www.efmaroc.org\/efm\/#\/schema\/person\/image\/\",\"url\":\"https:\/\/secure.gravatar.com\/avatar\/0acf5f0ecc3b24f6fa3602920a0bc305ada83aa2d4adbe73d7718ee0e4155d61?s=96&d=mm&r=g\",\"contentUrl\":\"https:\/\/secure.gravatar.com\/avatar\/0acf5f0ecc3b24f6fa3602920a0bc305ada83aa2d4adbe73d7718ee0e4155d61?s=96&d=mm&r=g\",\"caption\":\"EFM\"},\"sameAs\":[\"https:\/\/www.efmaroc.org\/efm\"]}]}<\/script>\n<!-- \/ Yoast SEO plugin. -->","yoast_head_json":{"title":"Concours Z\u00e9ro Clich\u00e9, pour l'\u00e9galit\u00e9 Filles - Gar\u00e7ons | Enseignement Fran\u00e7ais au Maroc","description":"D\u00e9coder les st\u00e9r\u00e9otypes sexistes, \u00e7a s\u2019apprend ! Le concours #Z\u00e9roClich\u00e9 pour l\u2019\u00e9galit\u00e9 filles-gar\u00e7ons revient pour une 13\u00e8me&nbsp;\u00e9dition. De la","robots":{"index":"index","follow":"follow","max-snippet":"max-snippet:-1","max-image-preview":"max-image-preview:large","max-video-preview":"max-video-preview:-1"},"canonical":"https:\/\/www.efmaroc.org\/efm\/concours-zero-cliche-pour-legalite-filles-garcons\/","og_locale":"fr_FR","og_type":"article","og_title":"Concours Z\u00e9ro Clich\u00e9, pour l'\u00e9galit\u00e9 Filles - Gar\u00e7ons | Enseignement Fran\u00e7ais au Maroc","og_description":"D\u00e9coder les st\u00e9r\u00e9otypes sexistes, \u00e7a s\u2019apprend ! Le concours #Z\u00e9roClich\u00e9 pour l\u2019\u00e9galit\u00e9 filles-gar\u00e7ons revient pour une 13\u00e8me&nbsp;\u00e9dition. De la","og_url":"https:\/\/www.efmaroc.org\/efm\/concours-zero-cliche-pour-legalite-filles-garcons\/","og_site_name":"EFM","article_published_time":"2025-03-27T13:43:59+00:00","article_modified_time":"2025-04-30T10:32:29+00:00","og_image":[{"width":2160,"height":1350,"url":"https:\/\/www.efmaroc.org\/efm\/wp-content\/uploads\/2025\/03\/WEB.png","type":"image\/png"}],"author":"EFM","twitter_card":"summary_large_image","twitter_misc":{"\u00c9crit par":"EFM","Dur\u00e9e de lecture estim\u00e9e":"1 minute"},"schema":{"@context":"https:\/\/schema.org","@graph":[{"@type":"Article","@id":"https:\/\/www.efmaroc.org\/efm\/concours-zero-cliche-pour-legalite-filles-garcons\/#article","isPartOf":{"@id":"https:\/\/www.efmaroc.org\/efm\/concours-zero-cliche-pour-legalite-filles-garcons\/"},"author":{"name":"EFM","@id":"https:\/\/www.efmaroc.org\/efm\/#\/schema\/person\/25a9b635a4b2276393dd87dbd94c6302"},"headline":"Concours Z\u00e9ro Clich\u00e9, pour l&rsquo;\u00e9galit\u00e9 Filles &#8211; Gar\u00e7ons","datePublished":"2025-03-27T13:43:59+00:00","dateModified":"2025-04-30T10:32:29+00:00","mainEntityOfPage":{"@id":"https:\/\/www.efmaroc.org\/efm\/concours-zero-cliche-pour-legalite-filles-garcons\/"},"wordCount":241,"publisher":{"@id":"https:\/\/www.efmaroc.org\/efm\/#organization"},"image":{"@id":"https:\/\/www.efmaroc.org\/efm\/concours-zero-cliche-pour-legalite-filles-garcons\/#primaryimage"},"thumbnailUrl":"https:\/\/www.efmaroc.org\/efm\/wp-content\/uploads\/2025\/03\/WEB.png","articleSection":["R\u00e9seau"],"inLanguage":"fr-FR"},{"@type":"WebPage","@id":"https:\/\/www.efmaroc.org\/efm\/concours-zero-cliche-pour-legalite-filles-garcons\/","url":"https:\/\/www.efmaroc.org\/efm\/concours-zero-cliche-pour-legalite-filles-garcons\/","name":"Concours Z\u00e9ro Clich\u00e9, pour l'\u00e9galit\u00e9 Filles - Gar\u00e7ons | Enseignement Fran\u00e7ais au Maroc","isPartOf":{"@id":"https:\/\/www.efmaroc.org\/efm\/#website"},"primaryImageOfPage":{"@id":"https:\/\/www.efmaroc.org\/efm\/concours-zero-cliche-pour-legalite-filles-garcons\/#primaryimage"},"image":{"@id":"https:\/\/www.efmaroc.org\/efm\/concours-zero-cliche-pour-legalite-filles-garcons\/#primaryimage"},"thumbnailUrl":"https:\/\/www.efmaroc.org\/efm\/wp-content\/uploads\/2025\/03\/WEB.png","datePublished":"2025-03-27T13:43:59+00:00","dateModified":"2025-04-30T10:32:29+00:00","description":"D\u00e9coder les st\u00e9r\u00e9otypes sexistes, \u00e7a s\u2019apprend ! Le concours #Z\u00e9roClich\u00e9 pour l\u2019\u00e9galit\u00e9 filles-gar\u00e7ons revient pour une 13\u00e8me&nbsp;\u00e9dition. De la","breadcrumb":{"@id":"https:\/\/www.efmaroc.org\/efm\/concours-zero-cliche-pour-legalite-filles-garcons\/#breadcrumb"},"inLanguage":"fr-FR","potentialAction":[{"@type":"ReadAction","target":["https:\/\/www.efmaroc.org\/efm\/concours-zero-cliche-pour-legalite-filles-garcons\/"]}]},{"@type":"ImageObject","inLanguage":"fr-FR","@id":"https:\/\/www.efmaroc.org\/efm\/concours-zero-cliche-pour-legalite-filles-garcons\/#primaryimage","url":"https:\/\/www.efmaroc.org\/efm\/wp-content\/uploads\/2025\/03\/WEB.png","contentUrl":"https:\/\/www.efmaroc.org\/efm\/wp-content\/uploads\/2025\/03\/WEB.png","width":2160,"height":1350},{"@type":"BreadcrumbList","@id":"https:\/\/www.efmaroc.org\/efm\/concours-zero-cliche-pour-legalite-filles-garcons\/#breadcrumb","itemListElement":[{"@type":"ListItem","position":1,"name":"Accueil","item":"https:\/\/www.efmaroc.org\/efm\/"},{"@type":"ListItem","position":2,"name":"Concours Z\u00e9ro Clich\u00e9, pour l&rsquo;\u00e9galit\u00e9 Filles &#8211; Gar\u00e7ons"}]},{"@type":"WebSite","@id":"https:\/\/www.efmaroc.org\/efm\/#website","url":"https:\/\/www.efmaroc.org\/efm\/","name":"EFM","description":"Enseignement Fran\u00e7ais au Maroc","publisher":{"@id":"https:\/\/www.efmaroc.org\/efm\/#organization"},"potentialAction":[{"@type":"SearchAction","target":{"@type":"EntryPoint","urlTemplate":"https:\/\/www.efmaroc.org\/efm\/?s={search_term_string}"},"query-input":{"@type":"PropertyValueSpecification","valueRequired":true,"valueName":"search_term_string"}}],"inLanguage":"fr-FR"},{"@type":"Organization","@id":"https:\/\/www.efmaroc.org\/efm\/#organization","name":"EFM","url":"https:\/\/www.efmaroc.org\/efm\/","logo":{"@type":"ImageObject","inLanguage":"fr-FR","@id":"https:\/\/www.efmaroc.org\/efm\/#\/schema\/logo\/image\/","url":"https:\/\/www.efmaroc.org\/efm\/wp-content\/uploads\/2022\/12\/efm-enseignement-francais-maroc-logotaglinex2.png","contentUrl":"https:\/\/www.efmaroc.org\/efm\/wp-content\/uploads\/2022\/12\/efm-enseignement-francais-maroc-logotaglinex2.png","width":104,"height":78,"caption":"EFM"},"image":{"@id":"https:\/\/www.efmaroc.org\/efm\/#\/schema\/logo\/image\/"}},{"@type":"Person","@id":"https:\/\/www.efmaroc.org\/efm\/#\/schema\/person\/25a9b635a4b2276393dd87dbd94c6302","name":"EFM","image":{"@type":"ImageObject","inLanguage":"fr-FR","@id":"https:\/\/www.efmaroc.org\/efm\/#\/schema\/person\/image\/","url":"https:\/\/secure.gravatar.com\/avatar\/0acf5f0ecc3b24f6fa3602920a0bc305ada83aa2d4adbe73d7718ee0e4155d61?s=96&d=mm&r=g","contentUrl":"https:\/\/secure.gravatar.com\/avatar\/0acf5f0ecc3b24f6fa3602920a0bc305ada83aa2d4adbe73d7718ee0e4155d61?s=96&d=mm&r=g","caption":"EFM"},"sameAs":["https:\/\/www.efmaroc.org\/efm"]}]}},"jetpack_featured_media_url":"https:\/\/www.efmaroc.org\/efm\/wp-content\/uploads\/2025\/03\/WEB.png","jetpack_sharing_enabled":true,"_links":{"self":[{"href":"https:\/\/www.efmaroc.org\/efm\/wp-json\/wp\/v2\/posts\/24103","targetHints":{"allow":["GET"]}}],"collection":[{"href":"https:\/\/www.efmaroc.org\/efm\/wp-json\/wp\/v2\/posts"}],"about":[{"href":"https:\/\/www.efmaroc.org\/efm\/wp-json\/wp\/v2\/types\/post"}],"author":[{"embeddable":true,"href":"https:\/\/www.efmaroc.org\/efm\/wp-json\/wp\/v2\/users\/1"}],"replies":[{"embeddable":true,"href":"https:\/\/www.efmaroc.org\/efm\/wp-json\/wp\/v2\/comments?post=24103"}],"version-history":[{"count":2,"href":"https:\/\/www.efmaroc.org\/efm\/wp-json\/wp\/v2\/posts\/24103\/revisions"}],"predecessor-version":[{"id":24106,"href":"https:\/\/www.efmaroc.org\/efm\/wp-json\/wp\/v2\/posts\/24103\/revisions\/24106"}],"wp:featuredmedia":[{"embeddable":true,"href":"https:\/\/www.efmaroc.org\/efm\/wp-json\/wp\/v2\/media\/24104"}],"wp:attachment":[{"href":"https:\/\/www.efmaroc.org\/efm\/wp-json\/wp\/v2\/media?parent=24103"}],"wp:term":[{"taxonomy":"category","embeddable":true,"href":"https:\/\/www.efmaroc.org\/efm\/wp-json\/wp\/v2\/categories?post=24103"},{"taxonomy":"post_tag","embeddable":true,"href":"https:\/\/www.efmaroc.org\/efm\/wp-json\/wp\/v2\/tags?post=24103"}],"curies":[{"name":"wp","href":"https:\/\/api.w.org\/{rel}","templated":true}]}}