{"id":24116,"date":"2025-03-28T15:54:53","date_gmt":"2025-03-28T14:54:53","guid":{"rendered":"https:\/\/www.efmaroc.org\/efm\/?p=24116"},"modified":"2025-04-30T12:32:08","modified_gmt":"2025-04-30T10:32:08","slug":"semaine-olympique-et-paralympique-sop-2025-decouvrez-les-6-thematiques-et-collectionnez-des-badges-avec-vos-eleves","status":"publish","type":"post","link":"https:\/\/www.efmaroc.org\/efm\/semaine-olympique-et-paralympique-sop-2025-decouvrez-les-6-thematiques-et-collectionnez-des-badges-avec-vos-eleves\/","title":{"rendered":"Semaine Olympique et Paralympique (SOP) 2025."},"content":{"rendered":"\n<p>Cet \u00e9v\u00e9nement sera l&rsquo;occasion d&rsquo;offrir \u00e0 vos \u00e9l\u00e8ves une exp\u00e9rience inoubliable sous le signe du sport, du partage et du d\u00e9passement de soi ! La SOP permet aussi d&rsquo;aborder diff\u00e9rentes th\u00e9matiques.<\/p>\n\n\n\n<p>D\u00e9couvrez-les ci-dessous pour travaillez sur ces th\u00e8mes en classe, et collectionnez des badges avec vos \u00e9l\u00e8ves !<\/p>\n\n\n\n<p>Merci d&rsquo;avance pour votre mobilisation, et avec la SOP, cultivons le plaisir du sport !<\/p>\n\n\n\n<h2 class=\"wp-block-heading\">Le plaisir d\u2019avoir v\u00e9cu les Jeux : revivez la magie de Paris 2024 avec la #SOP25 !<\/h2>\n\n\n\n<p>Prolongez la magie des Jeux de Paris 2024 en faisant vivre aux jeunes l\u2019esprit olympique et paralympique !<\/p>\n\n\n\n<p>Cette th\u00e9matique c\u00e9l\u00e8bre l\u2019excellence, le d\u00e9passement de soi et la diversit\u00e9.<\/p>\n\n\n\n<p><strong>Ensemble, transformons l\u2019impact des Jeux en un h\u00e9ritage durable pour les nouvelles g\u00e9n\u00e9rations !<\/strong><\/p>\n\n\n\n<h2 class=\"wp-block-heading\">Le plaisir de pratiquer : bougez pour le plaisir !<\/h2>\n\n\n\n<p>Le sport est une c\u00e9l\u00e9bration de la vitalit\u00e9 et de la joie. \u00c0 travers cette th\u00e9matique, rappelons que bouger est un plaisir accessible \u00e0 tous, favorisant une meilleure sant\u00e9 physique et mentale.<\/p>\n\n\n\n<ul class=\"wp-block-list\">\n<li><strong>Cultivons une culture du mouvement qui accompagne les jeunes tout au long de leur vie !<\/strong><\/li>\n<\/ul>\n\n\n\n<h2 class=\"wp-block-heading\">Le plaisir d\u2019\u00eatre en bonne sant\u00e9 : et si le sport devenait votre partenaire bien-\u00eatre ?<\/h2>\n\n\n\n<p>Le sport est un levier puissant pour atteindre un \u00e9quilibre entre corps et esprit.<br>Cette th\u00e9matique met en lumi\u00e8re les bienfaits de l\u2019activit\u00e9 physique sur la gestion du stress, la concentration et l\u2019\u00e9panouissement personnel.<\/p>\n\n\n\n<p><strong>Invitons les jeunes \u00e0 int\u00e9grer le sport dans leur quotidien comme une ressource essentielle pour leur bien-\u00eatre.<\/strong><\/p>\n\n\n\n<h2 class=\"wp-block-heading\">Le plaisir de pr\u00e9server son environnement : Faites du sport un alli\u00e9 pour la plan\u00e8te !<\/h2>\n\n\n\n<p>Associer le sport \u00e0 la protection de l\u2019environnement, c\u2019est agir pour un avenir durable. Cette th\u00e9matique sensibilise \u00e0 l\u2019impact environnemental des pratiques sportives et encourage des initiatives \u00e9coresponsables.<\/p>\n\n\n\n<p><strong>Ensemble, prouvons que le sport peut \u00eatre un moteur de changement pour la plan\u00e8te !<\/strong><\/p>\n\n\n\n<h2 class=\"wp-block-heading\">Le plaisir d\u2019\u00eatre ensemble : inclusion, diversit\u00e9 et \u00e9galit\u00e9 !<\/h2>\n\n\n\n<p>Parce que le sport est un droit universel, cette th\u00e9matique valorise l\u2019accessibilit\u00e9, l\u2019inclusion et l\u2019\u00e9galit\u00e9. Faisons en sorte que chaque jeune, quel que soit son parcours ou ses capacit\u00e9s, trouve sa place dans la pratique sportive.<\/p>\n\n\n\n<p><strong>Inspirons les g\u00e9n\u00e9rations futures \u00e0 travers des valeurs de diversit\u00e9 et de respect.<\/strong><\/p>\n\n\n\n<h2 class=\"wp-block-heading\">Le plaisir de partager : unissons-nous dans la joie du sport !<\/h2>\n\n\n\n<p>Le sport est un langage universel qui r\u00e9unit les individus au-del\u00e0 des diff\u00e9rences.<\/p>\n\n\n\n<p><strong>En mettant en avant l\u2019inclusion et la solidarit\u00e9, cette th\u00e9matique invite \u00e0 renforcer les liens au sein des communaut\u00e9s \u00e9ducatives et \u00e0 promouvoir le vivre-ensemble.<\/strong><\/p>\n\n\n\n<h2 class=\"wp-block-heading\">Vous avez une id\u00e9e ? Alors passons \u00e0 l\u2019action !<\/h2>\n\n\n\n<p>Retrouvez toutes les informations et les ressources utiles pour la SOP 2025 sur ce Genially r\u00e9alis\u00e9 par C\u00e9dric Deanaz, Enseignant Conseiller P\u00e9dagogique 2nd degr\u00e9 \u00e0 Bucarest en Roumanie :<\/p>\n\n\n\n<figure class=\"wp-block-embed is-type-wp-embed is-provider-genially wp-block-embed-genially\"><div class=\"wp-block-embed__wrapper\">\n<iframe class=\"wp-embedded-content\" sandbox=\"allow-scripts\" security=\"restricted\" title=\"SOP 2025 AEFE\" frameborder='0' width='1200' height='675' src='https:\/\/view.genially.com\/675bf73dea7446dd65cefcd7#?secret=ny1fU7fYxb' data-secret='ny1fU7fYxb' scrolling='yes'><\/iframe>\n<\/div><\/figure>\n\n\n\n<p><\/p>\n","protected":false},"excerpt":{"rendered":"<p>Cet \u00e9v\u00e9nement sera l&rsquo;occasion d&rsquo;offrir \u00e0 vos \u00e9l\u00e8ves une exp\u00e9rience inoubliable sous le signe du&hellip;<\/p>\n","protected":false},"author":1,"featured_media":24117,"comment_status":"closed","ping_status":"open","sticky":false,"template":"","format":"standard","meta":{"_jetpack_newsletter_access":"","_jetpack_dont_email_post_to_subs":false,"_jetpack_newsletter_tier_id":0,"_jetpack_memberships_contains_paywalled_content":false,"_jetpack_memberships_contains_paid_content":false,"footnotes":""},"categories":[13],"tags":[],"class_list":["post-24116","post","type-post","status-publish","format-standard","has-post-thumbnail","hentry","category-reseau"],"yoast_head":"<!-- This site is optimized with the Yoast SEO plugin v26.8 - https:\/\/yoast.com\/product\/yoast-seo-wordpress\/ -->\n<title>Semaine Olympique et Paralympique (SOP) 2025. | Enseignement Fran\u00e7ais au Maroc<\/title>\n<meta name=\"description\" content=\"Cet \u00e9v\u00e9nement sera l&#039;occasion d&#039;offrir \u00e0 vos \u00e9l\u00e8ves une exp\u00e9rience inoubliable sous le signe du sport, du partage et du d\u00e9passement de soi ! La SOP permet\" \/>\n<meta name=\"robots\" content=\"index, follow, max-snippet:-1, max-image-preview:large, max-video-preview:-1\" \/>\n<link rel=\"canonical\" href=\"https:\/\/www.efmaroc.org\/efm\/semaine-olympique-et-paralympique-sop-2025-decouvrez-les-6-thematiques-et-collectionnez-des-badges-avec-vos-eleves\/\" \/>\n<meta property=\"og:locale\" content=\"fr_FR\" \/>\n<meta property=\"og:type\" content=\"article\" \/>\n<meta property=\"og:title\" content=\"Semaine Olympique et Paralympique (SOP) 2025. | Enseignement Fran\u00e7ais au Maroc\" \/>\n<meta property=\"og:description\" content=\"Cet \u00e9v\u00e9nement sera l&#039;occasion d&#039;offrir \u00e0 vos \u00e9l\u00e8ves une exp\u00e9rience inoubliable sous le signe du sport, du partage et du d\u00e9passement de soi ! La SOP permet\" \/>\n<meta property=\"og:url\" content=\"https:\/\/www.efmaroc.org\/efm\/semaine-olympique-et-paralympique-sop-2025-decouvrez-les-6-thematiques-et-collectionnez-des-badges-avec-vos-eleves\/\" \/>\n<meta property=\"og:site_name\" content=\"EFM\" \/>\n<meta property=\"article:published_time\" content=\"2025-03-28T14:54:53+00:00\" \/>\n<meta property=\"article:modified_time\" content=\"2025-04-30T10:32:08+00:00\" \/>\n<meta property=\"og:image\" content=\"https:\/\/www.efmaroc.org\/efm\/wp-content\/uploads\/2025\/03\/th-970x1000-visuel_orion_pour_la_sop_2025_2025-03-13_16-32-47_541.png.png\" \/>\n\t<meta property=\"og:image:width\" content=\"800\" \/>\n\t<meta property=\"og:image:height\" content=\"500\" \/>\n\t<meta property=\"og:image:type\" content=\"image\/png\" \/>\n<meta name=\"author\" content=\"EFM\" \/>\n<meta name=\"twitter:card\" content=\"summary_large_image\" \/>\n<meta name=\"twitter:label1\" content=\"\u00c9crit par\" \/>\n\t<meta name=\"twitter:data1\" content=\"EFM\" \/>\n\t<meta name=\"twitter:label2\" content=\"Dur\u00e9e de lecture estim\u00e9e\" \/>\n\t<meta name=\"twitter:data2\" content=\"2 minutes\" \/>\n<script type=\"application\/ld+json\" class=\"yoast-schema-graph\">{\"@context\":\"https:\/\/schema.org\",\"@graph\":[{\"@type\":\"Article\",\"@id\":\"https:\/\/www.efmaroc.org\/efm\/semaine-olympique-et-paralympique-sop-2025-decouvrez-les-6-thematiques-et-collectionnez-des-badges-avec-vos-eleves\/#article\",\"isPartOf\":{\"@id\":\"https:\/\/www.efmaroc.org\/efm\/semaine-olympique-et-paralympique-sop-2025-decouvrez-les-6-thematiques-et-collectionnez-des-badges-avec-vos-eleves\/\"},\"author\":{\"name\":\"EFM\",\"@id\":\"https:\/\/www.efmaroc.org\/efm\/#\/schema\/person\/25a9b635a4b2276393dd87dbd94c6302\"},\"headline\":\"Semaine Olympique et Paralympique (SOP) 2025.\",\"datePublished\":\"2025-03-28T14:54:53+00:00\",\"dateModified\":\"2025-04-30T10:32:08+00:00\",\"mainEntityOfPage\":{\"@id\":\"https:\/\/www.efmaroc.org\/efm\/semaine-olympique-et-paralympique-sop-2025-decouvrez-les-6-thematiques-et-collectionnez-des-badges-avec-vos-eleves\/\"},\"wordCount\":493,\"publisher\":{\"@id\":\"https:\/\/www.efmaroc.org\/efm\/#organization\"},\"image\":{\"@id\":\"https:\/\/www.efmaroc.org\/efm\/semaine-olympique-et-paralympique-sop-2025-decouvrez-les-6-thematiques-et-collectionnez-des-badges-avec-vos-eleves\/#primaryimage\"},\"thumbnailUrl\":\"https:\/\/www.efmaroc.org\/efm\/wp-content\/uploads\/2025\/03\/th-970x1000-visuel_orion_pour_la_sop_2025_2025-03-13_16-32-47_541.png.png\",\"articleSection\":[\"R\u00e9seau\"],\"inLanguage\":\"fr-FR\"},{\"@type\":\"WebPage\",\"@id\":\"https:\/\/www.efmaroc.org\/efm\/semaine-olympique-et-paralympique-sop-2025-decouvrez-les-6-thematiques-et-collectionnez-des-badges-avec-vos-eleves\/\",\"url\":\"https:\/\/www.efmaroc.org\/efm\/semaine-olympique-et-paralympique-sop-2025-decouvrez-les-6-thematiques-et-collectionnez-des-badges-avec-vos-eleves\/\",\"name\":\"Semaine Olympique et Paralympique (SOP) 2025. | Enseignement Fran\u00e7ais au Maroc\",\"isPartOf\":{\"@id\":\"https:\/\/www.efmaroc.org\/efm\/#website\"},\"primaryImageOfPage\":{\"@id\":\"https:\/\/www.efmaroc.org\/efm\/semaine-olympique-et-paralympique-sop-2025-decouvrez-les-6-thematiques-et-collectionnez-des-badges-avec-vos-eleves\/#primaryimage\"},\"image\":{\"@id\":\"https:\/\/www.efmaroc.org\/efm\/semaine-olympique-et-paralympique-sop-2025-decouvrez-les-6-thematiques-et-collectionnez-des-badges-avec-vos-eleves\/#primaryimage\"},\"thumbnailUrl\":\"https:\/\/www.efmaroc.org\/efm\/wp-content\/uploads\/2025\/03\/th-970x1000-visuel_orion_pour_la_sop_2025_2025-03-13_16-32-47_541.png.png\",\"datePublished\":\"2025-03-28T14:54:53+00:00\",\"dateModified\":\"2025-04-30T10:32:08+00:00\",\"description\":\"Cet \u00e9v\u00e9nement sera l'occasion d'offrir \u00e0 vos \u00e9l\u00e8ves une exp\u00e9rience inoubliable sous le signe du sport, du partage et du d\u00e9passement de soi ! La SOP permet\",\"breadcrumb\":{\"@id\":\"https:\/\/www.efmaroc.org\/efm\/semaine-olympique-et-paralympique-sop-2025-decouvrez-les-6-thematiques-et-collectionnez-des-badges-avec-vos-eleves\/#breadcrumb\"},\"inLanguage\":\"fr-FR\",\"potentialAction\":[{\"@type\":\"ReadAction\",\"target\":[\"https:\/\/www.efmaroc.org\/efm\/semaine-olympique-et-paralympique-sop-2025-decouvrez-les-6-thematiques-et-collectionnez-des-badges-avec-vos-eleves\/\"]}]},{\"@type\":\"ImageObject\",\"inLanguage\":\"fr-FR\",\"@id\":\"https:\/\/www.efmaroc.org\/efm\/semaine-olympique-et-paralympique-sop-2025-decouvrez-les-6-thematiques-et-collectionnez-des-badges-avec-vos-eleves\/#primaryimage\",\"url\":\"https:\/\/www.efmaroc.org\/efm\/wp-content\/uploads\/2025\/03\/th-970x1000-visuel_orion_pour_la_sop_2025_2025-03-13_16-32-47_541.png.png\",\"contentUrl\":\"https:\/\/www.efmaroc.org\/efm\/wp-content\/uploads\/2025\/03\/th-970x1000-visuel_orion_pour_la_sop_2025_2025-03-13_16-32-47_541.png.png\",\"width\":800,\"height\":500},{\"@type\":\"BreadcrumbList\",\"@id\":\"https:\/\/www.efmaroc.org\/efm\/semaine-olympique-et-paralympique-sop-2025-decouvrez-les-6-thematiques-et-collectionnez-des-badges-avec-vos-eleves\/#breadcrumb\",\"itemListElement\":[{\"@type\":\"ListItem\",\"position\":1,\"name\":\"Accueil\",\"item\":\"https:\/\/www.efmaroc.org\/efm\/\"},{\"@type\":\"ListItem\",\"position\":2,\"name\":\"Semaine Olympique et Paralympique (SOP) 2025.\"}]},{\"@type\":\"WebSite\",\"@id\":\"https:\/\/www.efmaroc.org\/efm\/#website\",\"url\":\"https:\/\/www.efmaroc.org\/efm\/\",\"name\":\"EFM\",\"description\":\"Enseignement Fran\u00e7ais au Maroc\",\"publisher\":{\"@id\":\"https:\/\/www.efmaroc.org\/efm\/#organization\"},\"potentialAction\":[{\"@type\":\"SearchAction\",\"target\":{\"@type\":\"EntryPoint\",\"urlTemplate\":\"https:\/\/www.efmaroc.org\/efm\/?s={search_term_string}\"},\"query-input\":{\"@type\":\"PropertyValueSpecification\",\"valueRequired\":true,\"valueName\":\"search_term_string\"}}],\"inLanguage\":\"fr-FR\"},{\"@type\":\"Organization\",\"@id\":\"https:\/\/www.efmaroc.org\/efm\/#organization\",\"name\":\"EFM\",\"url\":\"https:\/\/www.efmaroc.org\/efm\/\",\"logo\":{\"@type\":\"ImageObject\",\"inLanguage\":\"fr-FR\",\"@id\":\"https:\/\/www.efmaroc.org\/efm\/#\/schema\/logo\/image\/\",\"url\":\"https:\/\/www.efmaroc.org\/efm\/wp-content\/uploads\/2022\/12\/efm-enseignement-francais-maroc-logotaglinex2.png\",\"contentUrl\":\"https:\/\/www.efmaroc.org\/efm\/wp-content\/uploads\/2022\/12\/efm-enseignement-francais-maroc-logotaglinex2.png\",\"width\":104,\"height\":78,\"caption\":\"EFM\"},\"image\":{\"@id\":\"https:\/\/www.efmaroc.org\/efm\/#\/schema\/logo\/image\/\"}},{\"@type\":\"Person\",\"@id\":\"https:\/\/www.efmaroc.org\/efm\/#\/schema\/person\/25a9b635a4b2276393dd87dbd94c6302\",\"name\":\"EFM\",\"image\":{\"@type\":\"ImageObject\",\"inLanguage\":\"fr-FR\",\"@id\":\"https:\/\/www.efmaroc.org\/efm\/#\/schema\/person\/image\/\",\"url\":\"https:\/\/secure.gravatar.com\/avatar\/0acf5f0ecc3b24f6fa3602920a0bc305ada83aa2d4adbe73d7718ee0e4155d61?s=96&d=mm&r=g\",\"contentUrl\":\"https:\/\/secure.gravatar.com\/avatar\/0acf5f0ecc3b24f6fa3602920a0bc305ada83aa2d4adbe73d7718ee0e4155d61?s=96&d=mm&r=g\",\"caption\":\"EFM\"},\"sameAs\":[\"https:\/\/www.efmaroc.org\/efm\"]}]}<\/script>\n<!-- \/ Yoast SEO plugin. -->","yoast_head_json":{"title":"Semaine Olympique et Paralympique (SOP) 2025. | Enseignement Fran\u00e7ais au Maroc","description":"Cet \u00e9v\u00e9nement sera l'occasion d'offrir \u00e0 vos \u00e9l\u00e8ves une exp\u00e9rience inoubliable sous le signe du sport, du partage et du d\u00e9passement de soi ! La SOP permet","robots":{"index":"index","follow":"follow","max-snippet":"max-snippet:-1","max-image-preview":"max-image-preview:large","max-video-preview":"max-video-preview:-1"},"canonical":"https:\/\/www.efmaroc.org\/efm\/semaine-olympique-et-paralympique-sop-2025-decouvrez-les-6-thematiques-et-collectionnez-des-badges-avec-vos-eleves\/","og_locale":"fr_FR","og_type":"article","og_title":"Semaine Olympique et Paralympique (SOP) 2025. | Enseignement Fran\u00e7ais au Maroc","og_description":"Cet \u00e9v\u00e9nement sera l'occasion d'offrir \u00e0 vos \u00e9l\u00e8ves une exp\u00e9rience inoubliable sous le signe du sport, du partage et du d\u00e9passement de soi ! La SOP permet","og_url":"https:\/\/www.efmaroc.org\/efm\/semaine-olympique-et-paralympique-sop-2025-decouvrez-les-6-thematiques-et-collectionnez-des-badges-avec-vos-eleves\/","og_site_name":"EFM","article_published_time":"2025-03-28T14:54:53+00:00","article_modified_time":"2025-04-30T10:32:08+00:00","og_image":[{"width":800,"height":500,"url":"https:\/\/www.efmaroc.org\/efm\/wp-content\/uploads\/2025\/03\/th-970x1000-visuel_orion_pour_la_sop_2025_2025-03-13_16-32-47_541.png.png","type":"image\/png"}],"author":"EFM","twitter_card":"summary_large_image","twitter_misc":{"\u00c9crit par":"EFM","Dur\u00e9e de lecture estim\u00e9e":"2 minutes"},"schema":{"@context":"https:\/\/schema.org","@graph":[{"@type":"Article","@id":"https:\/\/www.efmaroc.org\/efm\/semaine-olympique-et-paralympique-sop-2025-decouvrez-les-6-thematiques-et-collectionnez-des-badges-avec-vos-eleves\/#article","isPartOf":{"@id":"https:\/\/www.efmaroc.org\/efm\/semaine-olympique-et-paralympique-sop-2025-decouvrez-les-6-thematiques-et-collectionnez-des-badges-avec-vos-eleves\/"},"author":{"name":"EFM","@id":"https:\/\/www.efmaroc.org\/efm\/#\/schema\/person\/25a9b635a4b2276393dd87dbd94c6302"},"headline":"Semaine Olympique et Paralympique (SOP) 2025.","datePublished":"2025-03-28T14:54:53+00:00","dateModified":"2025-04-30T10:32:08+00:00","mainEntityOfPage":{"@id":"https:\/\/www.efmaroc.org\/efm\/semaine-olympique-et-paralympique-sop-2025-decouvrez-les-6-thematiques-et-collectionnez-des-badges-avec-vos-eleves\/"},"wordCount":493,"publisher":{"@id":"https:\/\/www.efmaroc.org\/efm\/#organization"},"image":{"@id":"https:\/\/www.efmaroc.org\/efm\/semaine-olympique-et-paralympique-sop-2025-decouvrez-les-6-thematiques-et-collectionnez-des-badges-avec-vos-eleves\/#primaryimage"},"thumbnailUrl":"https:\/\/www.efmaroc.org\/efm\/wp-content\/uploads\/2025\/03\/th-970x1000-visuel_orion_pour_la_sop_2025_2025-03-13_16-32-47_541.png.png","articleSection":["R\u00e9seau"],"inLanguage":"fr-FR"},{"@type":"WebPage","@id":"https:\/\/www.efmaroc.org\/efm\/semaine-olympique-et-paralympique-sop-2025-decouvrez-les-6-thematiques-et-collectionnez-des-badges-avec-vos-eleves\/","url":"https:\/\/www.efmaroc.org\/efm\/semaine-olympique-et-paralympique-sop-2025-decouvrez-les-6-thematiques-et-collectionnez-des-badges-avec-vos-eleves\/","name":"Semaine Olympique et Paralympique (SOP) 2025. | Enseignement Fran\u00e7ais au Maroc","isPartOf":{"@id":"https:\/\/www.efmaroc.org\/efm\/#website"},"primaryImageOfPage":{"@id":"https:\/\/www.efmaroc.org\/efm\/semaine-olympique-et-paralympique-sop-2025-decouvrez-les-6-thematiques-et-collectionnez-des-badges-avec-vos-eleves\/#primaryimage"},"image":{"@id":"https:\/\/www.efmaroc.org\/efm\/semaine-olympique-et-paralympique-sop-2025-decouvrez-les-6-thematiques-et-collectionnez-des-badges-avec-vos-eleves\/#primaryimage"},"thumbnailUrl":"https:\/\/www.efmaroc.org\/efm\/wp-content\/uploads\/2025\/03\/th-970x1000-visuel_orion_pour_la_sop_2025_2025-03-13_16-32-47_541.png.png","datePublished":"2025-03-28T14:54:53+00:00","dateModified":"2025-04-30T10:32:08+00:00","description":"Cet \u00e9v\u00e9nement sera l'occasion d'offrir \u00e0 vos \u00e9l\u00e8ves une exp\u00e9rience inoubliable sous le signe du sport, du partage et du d\u00e9passement de soi ! La SOP permet","breadcrumb":{"@id":"https:\/\/www.efmaroc.org\/efm\/semaine-olympique-et-paralympique-sop-2025-decouvrez-les-6-thematiques-et-collectionnez-des-badges-avec-vos-eleves\/#breadcrumb"},"inLanguage":"fr-FR","potentialAction":[{"@type":"ReadAction","target":["https:\/\/www.efmaroc.org\/efm\/semaine-olympique-et-paralympique-sop-2025-decouvrez-les-6-thematiques-et-collectionnez-des-badges-avec-vos-eleves\/"]}]},{"@type":"ImageObject","inLanguage":"fr-FR","@id":"https:\/\/www.efmaroc.org\/efm\/semaine-olympique-et-paralympique-sop-2025-decouvrez-les-6-thematiques-et-collectionnez-des-badges-avec-vos-eleves\/#primaryimage","url":"https:\/\/www.efmaroc.org\/efm\/wp-content\/uploads\/2025\/03\/th-970x1000-visuel_orion_pour_la_sop_2025_2025-03-13_16-32-47_541.png.png","contentUrl":"https:\/\/www.efmaroc.org\/efm\/wp-content\/uploads\/2025\/03\/th-970x1000-visuel_orion_pour_la_sop_2025_2025-03-13_16-32-47_541.png.png","width":800,"height":500},{"@type":"BreadcrumbList","@id":"https:\/\/www.efmaroc.org\/efm\/semaine-olympique-et-paralympique-sop-2025-decouvrez-les-6-thematiques-et-collectionnez-des-badges-avec-vos-eleves\/#breadcrumb","itemListElement":[{"@type":"ListItem","position":1,"name":"Accueil","item":"https:\/\/www.efmaroc.org\/efm\/"},{"@type":"ListItem","position":2,"name":"Semaine Olympique et Paralympique (SOP) 2025."}]},{"@type":"WebSite","@id":"https:\/\/www.efmaroc.org\/efm\/#website","url":"https:\/\/www.efmaroc.org\/efm\/","name":"EFM","description":"Enseignement Fran\u00e7ais au Maroc","publisher":{"@id":"https:\/\/www.efmaroc.org\/efm\/#organization"},"potentialAction":[{"@type":"SearchAction","target":{"@type":"EntryPoint","urlTemplate":"https:\/\/www.efmaroc.org\/efm\/?s={search_term_string}"},"query-input":{"@type":"PropertyValueSpecification","valueRequired":true,"valueName":"search_term_string"}}],"inLanguage":"fr-FR"},{"@type":"Organization","@id":"https:\/\/www.efmaroc.org\/efm\/#organization","name":"EFM","url":"https:\/\/www.efmaroc.org\/efm\/","logo":{"@type":"ImageObject","inLanguage":"fr-FR","@id":"https:\/\/www.efmaroc.org\/efm\/#\/schema\/logo\/image\/","url":"https:\/\/www.efmaroc.org\/efm\/wp-content\/uploads\/2022\/12\/efm-enseignement-francais-maroc-logotaglinex2.png","contentUrl":"https:\/\/www.efmaroc.org\/efm\/wp-content\/uploads\/2022\/12\/efm-enseignement-francais-maroc-logotaglinex2.png","width":104,"height":78,"caption":"EFM"},"image":{"@id":"https:\/\/www.efmaroc.org\/efm\/#\/schema\/logo\/image\/"}},{"@type":"Person","@id":"https:\/\/www.efmaroc.org\/efm\/#\/schema\/person\/25a9b635a4b2276393dd87dbd94c6302","name":"EFM","image":{"@type":"ImageObject","inLanguage":"fr-FR","@id":"https:\/\/www.efmaroc.org\/efm\/#\/schema\/person\/image\/","url":"https:\/\/secure.gravatar.com\/avatar\/0acf5f0ecc3b24f6fa3602920a0bc305ada83aa2d4adbe73d7718ee0e4155d61?s=96&d=mm&r=g","contentUrl":"https:\/\/secure.gravatar.com\/avatar\/0acf5f0ecc3b24f6fa3602920a0bc305ada83aa2d4adbe73d7718ee0e4155d61?s=96&d=mm&r=g","caption":"EFM"},"sameAs":["https:\/\/www.efmaroc.org\/efm"]}]}},"jetpack_featured_media_url":"https:\/\/www.efmaroc.org\/efm\/wp-content\/uploads\/2025\/03\/th-970x1000-visuel_orion_pour_la_sop_2025_2025-03-13_16-32-47_541.png.png","jetpack_sharing_enabled":true,"_links":{"self":[{"href":"https:\/\/www.efmaroc.org\/efm\/wp-json\/wp\/v2\/posts\/24116","targetHints":{"allow":["GET"]}}],"collection":[{"href":"https:\/\/www.efmaroc.org\/efm\/wp-json\/wp\/v2\/posts"}],"about":[{"href":"https:\/\/www.efmaroc.org\/efm\/wp-json\/wp\/v2\/types\/post"}],"author":[{"embeddable":true,"href":"https:\/\/www.efmaroc.org\/efm\/wp-json\/wp\/v2\/users\/1"}],"replies":[{"embeddable":true,"href":"https:\/\/www.efmaroc.org\/efm\/wp-json\/wp\/v2\/comments?post=24116"}],"version-history":[{"count":2,"href":"https:\/\/www.efmaroc.org\/efm\/wp-json\/wp\/v2\/posts\/24116\/revisions"}],"predecessor-version":[{"id":24135,"href":"https:\/\/www.efmaroc.org\/efm\/wp-json\/wp\/v2\/posts\/24116\/revisions\/24135"}],"wp:featuredmedia":[{"embeddable":true,"href":"https:\/\/www.efmaroc.org\/efm\/wp-json\/wp\/v2\/media\/24117"}],"wp:attachment":[{"href":"https:\/\/www.efmaroc.org\/efm\/wp-json\/wp\/v2\/media?parent=24116"}],"wp:term":[{"taxonomy":"category","embeddable":true,"href":"https:\/\/www.efmaroc.org\/efm\/wp-json\/wp\/v2\/categories?post=24116"},{"taxonomy":"post_tag","embeddable":true,"href":"https:\/\/www.efmaroc.org\/efm\/wp-json\/wp\/v2\/tags?post=24116"}],"curies":[{"name":"wp","href":"https:\/\/api.w.org\/{rel}","templated":true}]}}