{"id":24128,"date":"2025-04-02T12:19:43","date_gmt":"2025-04-02T10:19:43","guid":{"rendered":"https:\/\/www.efmaroc.org\/efm\/?p=24128"},"modified":"2025-04-30T12:32:17","modified_gmt":"2025-04-30T10:32:17","slug":"orchestre-et-choeur-des-lycees-francais-du-monde-oclfm","status":"publish","type":"post","link":"https:\/\/www.efmaroc.org\/efm\/orchestre-et-choeur-des-lycees-francais-du-monde-oclfm\/","title":{"rendered":"Orchestre et ch\u0153ur des lyc\u00e9es fran\u00e7ais du monde (OCLFM)"},"content":{"rendered":"\n<p>L&rsquo;Orchestre et ch\u0153ur des lyc\u00e9es fran\u00e7ais du monde (OCLFM) est un dispositif de l\u2019AEFE, f\u00e9d\u00e9rateur et embl\u00e9matique, qui fait coop\u00e9rer \u00e0 l&rsquo;unisson des \u00e9l\u00e8ves, instrumentistes et choristes, d\u2019\u00e2ges et de pays diff\u00e9rents pour un projet artistique d\u2019envergure.<\/p>\n\n\n\n<p><strong>L\u2019Orchestre et ch\u0153ur des lyc\u00e9es fran\u00e7ais du monde (OCLFM) poursuit son aventure musicale et entre dans sa 11e \u00e9dition cette ann\u00e9e scolaire 2024-2025.<\/strong><\/p>\n\n\n\n<ul class=\"wp-block-list\">\n<li>&nbsp;70 \u00e9l\u00e8ves artistes de la 6e \u00e0 la terminale, ainsi que 40 choristes de la 4e \u00e0 la terminale se r\u00e9uniront du 03 au 14 avril 2025 \u00e0 Lisbonne au Portugal&nbsp;pour un cycle de r\u00e9p\u00e9titions qui se cl\u00f4turera par un concert final.<br>Ces \u00e9l\u00e8ves y vivront des moments d&rsquo;exception, progresseront dans leur art, dans la pratique orchestrale ou dans le chant choral.<\/li>\n<\/ul>\n\n\n\n<h2 class=\"wp-block-heading\">Un projet musical et artistique unique au monde<\/h2>\n\n\n\n<p>L\u2019Orchestre et choeur des lyc\u00e9es fran\u00e7ais du monde (souvent appel\u00e9 \u00ab OCLFM \u00bb par les int\u00e9ress\u00e9s) est un projet musical lanc\u00e9 en 2015 \u00e0 l&rsquo;initiative d&rsquo;Adriana Tanus, cheffe d&rsquo;orchestre et professeure d\u2019\u00e9ducation musicale au&nbsp;<a href=\"https:\/\/www.lfmadrid.net\/\" target=\"_blank\" rel=\"noreferrer noopener\">Lyc\u00e9e fran\u00e7ais de Madrid<\/a>, pour f\u00eater le 25e anniversaire de l\u2019AEFE.<br>L\u2019objectif&nbsp;? Cr\u00e9er une interaction entre des \u00e9l\u00e8ves musiciens de diff\u00e9rents \u00e9tablissements du r\u00e9seau scolaire mondial de l\u2019AEFE qui partagent deux passions, le fran\u00e7ais et la musique.<\/p>\n\n\n\n<p>D\u2019abord auditionn\u00e9s gr\u00e2ce \u00e0 des vid\u00e9os en ligne, les soixante-dix instrumentistes s\u00e9lectionn\u00e9s continuent \u00e0 \u00e9changer et travailler avec les artistes engag\u00e9s aupr\u00e8s d\u2019eux dans le projet, notamment&nbsp;<em>via<\/em>&nbsp;des outils num\u00e9riques.<\/p>\n\n\n\n<p>Au moins deux rassemblements en&nbsp;<em>tutti&nbsp;<\/em>sont organis\u00e9s dans l\u2019ann\u00e9e, pour des cycles de r\u00e9p\u00e9titions couronn\u00e9s par des concerts publics&nbsp;:<\/p>\n\n\n\n<ul class=\"wp-block-list\">\n<li>une premi\u00e8re fois en janvier\/f\u00e9vrier dans un \u00e9tablissement du r\u00e9seau. Les lyc\u00e9es fran\u00e7ais de Madrid, Vienne et H\u00f4-Ci-Minh-Ville ont ainsi accueilli pendant une semaine, un groupe form\u00e9 par les musiciens de l\u2019orchestre et une d\u00e9l\u00e9gation de choristes.<\/li>\n\n\n\n<li>une seconde fois en mars\/avril, habituellement \u00e0 Paris et Marcoussis (commune de l\u2019Essonne partenaire du projet), mais d\u2019autres lieux de rassemblement, notamment Madrid et Vienne, sont envisageables.<\/li>\n<\/ul>\n\n\n\n<p>Ces deux rassemblements et concerts sont couverts m\u00e9diatiquement par de Jeunes reporters internationaux (JRI) du r\u00e9seau de l&rsquo;EFE et attirent souvent \u00e9galement la presse professionnelle.<\/p>\n\n\n\n<p><strong>Le projet accorde une grande place au chant choral, levier p\u00e9dagogique important pour la ma\u00eetrise de la langue.&nbsp;<\/strong>En effet, l\u2019orchestre est associ\u00e9 aux chorales du coll\u00e8ge de Marcoussis et du lyc\u00e9e international de Saint-Germain-en-Laye, qui assurent l&rsquo;accueil des musiciens au sein des familles. Les ch\u0153urs de l\u2019OCLFM sont compl\u00e9t\u00e9s, pour le second rassemblement, par trente choristes issus de trois lyc\u00e9es fran\u00e7ais du monde qui participent au concert final.<\/p>\n\n\n\n<p><strong>L\u2019OCLFM s\u2019inscrit dans la dimension p\u00e9dagogique des AP Monde, la seule dans le domaine artistique, dans la mesure o\u00f9, \u00e0 travers la visibilit\u00e9 du projet et de ses concerts, a pour but de promouvoir la pratique artistique, et notamment le chant choral, dans tous les lyc\u00e9es fran\u00e7ais.<\/strong><\/p>\n\n\n\n<h2 class=\"wp-block-heading\">Retour sur le concert final de la 10e \u00e9dition de l&rsquo;OLFM 2024<\/h2>\n\n\n\n<p>Retrouvez en vid\u00e9o le concert exceptionnel du 08 avril 2024 enregistr\u00e9 au Palais des Beaux-Arts (Bozar) de Bruxelles.<br><strong>Cette 10e \u00e9dition de l&rsquo;OLFM a rassembl\u00e9 76 musiciens et 40 choristes<\/strong>. \u00c9l\u00e8ves d\u2019\u00e2ges diff\u00e9rents, ils et elles sont scolaris\u00e9s&nbsp;<strong>de la sixi\u00e8me \u00e0 la terminale<\/strong>, dans&nbsp;<strong>56&nbsp;\u00e9tablissements scolaires r\u00e9partis dans 42 pays<\/strong>. De plus, l\u2019Orchestre a accueilli cette ann\u00e9e de tr\u00e8s jeunes voix, celles des \u00e9l\u00e8ves des&nbsp;<strong>classes CHAMth\u00e9 du lyc\u00e9e fran\u00e7ais Jean-Monnet de Bruxelles&nbsp;<\/strong>(classes \u00e0 horaires am\u00e9nag\u00e9s musique et th\u00e9\u00e2tre) :<\/p>\n\n\n\n<p><a href=\"https:\/\/youtu.be\/wvML2sUXfAo\">https:\/\/youtu.be\/wvML2sUXfAo<\/a> <\/p>\n\n\n\n<p><strong>Votre \u00e9tablissement souhaite accueillir la prochaine \u00e9dition de l&rsquo;OCLFM ? Retrouvez ci-dessous toutes les informations :<\/strong> <\/p>\n\n\n\n<ul class=\"wp-block-list\">\n<li>Cahier des charges de l&rsquo;\u00e9tablissement organisateur <a href=\"https:\/\/orion.aefe.fr\/Intranet\/1038713774_DBFileDocument\/cahier-des-charges-oclfm-2026\" data-type=\"link\" data-id=\"https:\/\/orion.aefe.fr\/Intranet\/1038713774_DBFileDocument\/cahier-des-charges-oclfm-2026\">https:\/\/orion.aefe.fr\/Intranet\/1038713774_DBFileDocument\/cahier-des-charges-oclfm-2026<\/a><\/li>\n\n\n\n<li>Dossier de candidature OCLFM 2026 <a href=\"https:\/\/orion.aefe.fr\/Intranet\/1038713779_DBFileDocument\/dossier-de-candidature-oclfm-2026\" data-type=\"link\" data-id=\"https:\/\/orion.aefe.fr\/Intranet\/1038713779_DBFileDocument\/dossier-de-candidature-oclfm-2026\">https:\/\/orion.aefe.fr\/Intranet\/1038713779_DBFileDocument\/dossier-de-candidature-oclfm-2026<\/a><\/li>\n\n\n\n<li>Budget pr\u00e9visionnel OCLFM 2026 <a href=\"https:\/\/orion.aefe.fr\/Intranet\/1038713784_DBFileDocument\/oclfm-2026-budget-previsionnel\" data-type=\"link\" data-id=\"https:\/\/orion.aefe.fr\/Intranet\/1038713784_DBFileDocument\/oclfm-2026-budget-previsionnel\">https:\/\/orion.aefe.fr\/Intranet\/1038713784_DBFileDocument\/oclfm-2026-budget-previsionnel<\/a><\/li>\n<\/ul>\n\n\n\n<p><\/p>\n","protected":false},"excerpt":{"rendered":"<p>L&rsquo;Orchestre et ch\u0153ur des lyc\u00e9es fran\u00e7ais du monde (OCLFM) est un dispositif de l\u2019AEFE, f\u00e9d\u00e9rateur&hellip;<\/p>\n","protected":false},"author":1,"featured_media":24129,"comment_status":"closed","ping_status":"open","sticky":false,"template":"","format":"standard","meta":{"_jetpack_newsletter_access":"","_jetpack_dont_email_post_to_subs":false,"_jetpack_newsletter_tier_id":0,"_jetpack_memberships_contains_paywalled_content":false,"_jetpack_memberships_contains_paid_content":false,"footnotes":""},"categories":[13],"tags":[],"class_list":["post-24128","post","type-post","status-publish","format-standard","has-post-thumbnail","hentry","category-reseau"],"yoast_head":"<!-- This site is optimized with the Yoast SEO plugin v26.8 - https:\/\/yoast.com\/product\/yoast-seo-wordpress\/ -->\n<title>Orchestre et ch\u0153ur des lyc\u00e9es fran\u00e7ais du monde (OCLFM) | Enseignement Fran\u00e7ais au Maroc<\/title>\n<meta name=\"description\" content=\"L&#039;Orchestre et ch\u0153ur des lyc\u00e9es fran\u00e7ais du monde (OCLFM) est un dispositif de l\u2019AEFE, f\u00e9d\u00e9rateur et embl\u00e9matique, qui fait coop\u00e9rer \u00e0 l&#039;unisson des\" \/>\n<meta name=\"robots\" content=\"index, follow, max-snippet:-1, max-image-preview:large, max-video-preview:-1\" \/>\n<link rel=\"canonical\" href=\"https:\/\/www.efmaroc.org\/efm\/orchestre-et-choeur-des-lycees-francais-du-monde-oclfm\/\" \/>\n<meta property=\"og:locale\" content=\"fr_FR\" \/>\n<meta property=\"og:type\" content=\"article\" \/>\n<meta property=\"og:title\" content=\"Orchestre et ch\u0153ur des lyc\u00e9es fran\u00e7ais du monde (OCLFM) | Enseignement Fran\u00e7ais au Maroc\" \/>\n<meta property=\"og:description\" content=\"L&#039;Orchestre et ch\u0153ur des lyc\u00e9es fran\u00e7ais du monde (OCLFM) est un dispositif de l\u2019AEFE, f\u00e9d\u00e9rateur et embl\u00e9matique, qui fait coop\u00e9rer \u00e0 l&#039;unisson des\" \/>\n<meta property=\"og:url\" content=\"https:\/\/www.efmaroc.org\/efm\/orchestre-et-choeur-des-lycees-francais-du-monde-oclfm\/\" \/>\n<meta property=\"og:site_name\" content=\"EFM\" \/>\n<meta property=\"article:published_time\" content=\"2025-04-02T10:19:43+00:00\" \/>\n<meta property=\"article:modified_time\" content=\"2025-04-30T10:32:17+00:00\" \/>\n<meta property=\"og:image\" content=\"https:\/\/www.efmaroc.org\/efm\/wp-content\/uploads\/2025\/04\/Publi-LinkedIn-552x276-1.png\" \/>\n\t<meta property=\"og:image:width\" content=\"552\" \/>\n\t<meta property=\"og:image:height\" content=\"276\" \/>\n\t<meta property=\"og:image:type\" content=\"image\/png\" \/>\n<meta name=\"author\" content=\"EFM\" \/>\n<meta name=\"twitter:card\" content=\"summary_large_image\" \/>\n<meta name=\"twitter:label1\" content=\"\u00c9crit par\" \/>\n\t<meta name=\"twitter:data1\" content=\"EFM\" \/>\n\t<meta name=\"twitter:label2\" content=\"Dur\u00e9e de lecture estim\u00e9e\" \/>\n\t<meta name=\"twitter:data2\" content=\"4 minutes\" \/>\n<script type=\"application\/ld+json\" class=\"yoast-schema-graph\">{\"@context\":\"https:\/\/schema.org\",\"@graph\":[{\"@type\":\"Article\",\"@id\":\"https:\/\/www.efmaroc.org\/efm\/orchestre-et-choeur-des-lycees-francais-du-monde-oclfm\/#article\",\"isPartOf\":{\"@id\":\"https:\/\/www.efmaroc.org\/efm\/orchestre-et-choeur-des-lycees-francais-du-monde-oclfm\/\"},\"author\":{\"name\":\"EFM\",\"@id\":\"https:\/\/www.efmaroc.org\/efm\/#\/schema\/person\/25a9b635a4b2276393dd87dbd94c6302\"},\"headline\":\"Orchestre et ch\u0153ur des lyc\u00e9es fran\u00e7ais du monde (OCLFM)\",\"datePublished\":\"2025-04-02T10:19:43+00:00\",\"dateModified\":\"2025-04-30T10:32:17+00:00\",\"mainEntityOfPage\":{\"@id\":\"https:\/\/www.efmaroc.org\/efm\/orchestre-et-choeur-des-lycees-francais-du-monde-oclfm\/\"},\"wordCount\":723,\"publisher\":{\"@id\":\"https:\/\/www.efmaroc.org\/efm\/#organization\"},\"image\":{\"@id\":\"https:\/\/www.efmaroc.org\/efm\/orchestre-et-choeur-des-lycees-francais-du-monde-oclfm\/#primaryimage\"},\"thumbnailUrl\":\"https:\/\/www.efmaroc.org\/efm\/wp-content\/uploads\/2025\/04\/Publi-LinkedIn-552x276-1.png\",\"articleSection\":[\"R\u00e9seau\"],\"inLanguage\":\"fr-FR\"},{\"@type\":\"WebPage\",\"@id\":\"https:\/\/www.efmaroc.org\/efm\/orchestre-et-choeur-des-lycees-francais-du-monde-oclfm\/\",\"url\":\"https:\/\/www.efmaroc.org\/efm\/orchestre-et-choeur-des-lycees-francais-du-monde-oclfm\/\",\"name\":\"Orchestre et ch\u0153ur des lyc\u00e9es fran\u00e7ais du monde (OCLFM) | Enseignement Fran\u00e7ais au Maroc\",\"isPartOf\":{\"@id\":\"https:\/\/www.efmaroc.org\/efm\/#website\"},\"primaryImageOfPage\":{\"@id\":\"https:\/\/www.efmaroc.org\/efm\/orchestre-et-choeur-des-lycees-francais-du-monde-oclfm\/#primaryimage\"},\"image\":{\"@id\":\"https:\/\/www.efmaroc.org\/efm\/orchestre-et-choeur-des-lycees-francais-du-monde-oclfm\/#primaryimage\"},\"thumbnailUrl\":\"https:\/\/www.efmaroc.org\/efm\/wp-content\/uploads\/2025\/04\/Publi-LinkedIn-552x276-1.png\",\"datePublished\":\"2025-04-02T10:19:43+00:00\",\"dateModified\":\"2025-04-30T10:32:17+00:00\",\"description\":\"L'Orchestre et ch\u0153ur des lyc\u00e9es fran\u00e7ais du monde (OCLFM) est un dispositif de l\u2019AEFE, f\u00e9d\u00e9rateur et embl\u00e9matique, qui fait coop\u00e9rer \u00e0 l'unisson des\",\"breadcrumb\":{\"@id\":\"https:\/\/www.efmaroc.org\/efm\/orchestre-et-choeur-des-lycees-francais-du-monde-oclfm\/#breadcrumb\"},\"inLanguage\":\"fr-FR\",\"potentialAction\":[{\"@type\":\"ReadAction\",\"target\":[\"https:\/\/www.efmaroc.org\/efm\/orchestre-et-choeur-des-lycees-francais-du-monde-oclfm\/\"]}]},{\"@type\":\"ImageObject\",\"inLanguage\":\"fr-FR\",\"@id\":\"https:\/\/www.efmaroc.org\/efm\/orchestre-et-choeur-des-lycees-francais-du-monde-oclfm\/#primaryimage\",\"url\":\"https:\/\/www.efmaroc.org\/efm\/wp-content\/uploads\/2025\/04\/Publi-LinkedIn-552x276-1.png\",\"contentUrl\":\"https:\/\/www.efmaroc.org\/efm\/wp-content\/uploads\/2025\/04\/Publi-LinkedIn-552x276-1.png\",\"width\":552,\"height\":276},{\"@type\":\"BreadcrumbList\",\"@id\":\"https:\/\/www.efmaroc.org\/efm\/orchestre-et-choeur-des-lycees-francais-du-monde-oclfm\/#breadcrumb\",\"itemListElement\":[{\"@type\":\"ListItem\",\"position\":1,\"name\":\"Accueil\",\"item\":\"https:\/\/www.efmaroc.org\/efm\/\"},{\"@type\":\"ListItem\",\"position\":2,\"name\":\"Orchestre et ch\u0153ur des lyc\u00e9es fran\u00e7ais du monde (OCLFM)\"}]},{\"@type\":\"WebSite\",\"@id\":\"https:\/\/www.efmaroc.org\/efm\/#website\",\"url\":\"https:\/\/www.efmaroc.org\/efm\/\",\"name\":\"EFM\",\"description\":\"Enseignement Fran\u00e7ais au Maroc\",\"publisher\":{\"@id\":\"https:\/\/www.efmaroc.org\/efm\/#organization\"},\"potentialAction\":[{\"@type\":\"SearchAction\",\"target\":{\"@type\":\"EntryPoint\",\"urlTemplate\":\"https:\/\/www.efmaroc.org\/efm\/?s={search_term_string}\"},\"query-input\":{\"@type\":\"PropertyValueSpecification\",\"valueRequired\":true,\"valueName\":\"search_term_string\"}}],\"inLanguage\":\"fr-FR\"},{\"@type\":\"Organization\",\"@id\":\"https:\/\/www.efmaroc.org\/efm\/#organization\",\"name\":\"EFM\",\"url\":\"https:\/\/www.efmaroc.org\/efm\/\",\"logo\":{\"@type\":\"ImageObject\",\"inLanguage\":\"fr-FR\",\"@id\":\"https:\/\/www.efmaroc.org\/efm\/#\/schema\/logo\/image\/\",\"url\":\"https:\/\/www.efmaroc.org\/efm\/wp-content\/uploads\/2022\/12\/efm-enseignement-francais-maroc-logotaglinex2.png\",\"contentUrl\":\"https:\/\/www.efmaroc.org\/efm\/wp-content\/uploads\/2022\/12\/efm-enseignement-francais-maroc-logotaglinex2.png\",\"width\":104,\"height\":78,\"caption\":\"EFM\"},\"image\":{\"@id\":\"https:\/\/www.efmaroc.org\/efm\/#\/schema\/logo\/image\/\"}},{\"@type\":\"Person\",\"@id\":\"https:\/\/www.efmaroc.org\/efm\/#\/schema\/person\/25a9b635a4b2276393dd87dbd94c6302\",\"name\":\"EFM\",\"image\":{\"@type\":\"ImageObject\",\"inLanguage\":\"fr-FR\",\"@id\":\"https:\/\/www.efmaroc.org\/efm\/#\/schema\/person\/image\/\",\"url\":\"https:\/\/secure.gravatar.com\/avatar\/0acf5f0ecc3b24f6fa3602920a0bc305ada83aa2d4adbe73d7718ee0e4155d61?s=96&d=mm&r=g\",\"contentUrl\":\"https:\/\/secure.gravatar.com\/avatar\/0acf5f0ecc3b24f6fa3602920a0bc305ada83aa2d4adbe73d7718ee0e4155d61?s=96&d=mm&r=g\",\"caption\":\"EFM\"},\"sameAs\":[\"https:\/\/www.efmaroc.org\/efm\"]}]}<\/script>\n<!-- \/ Yoast SEO plugin. -->","yoast_head_json":{"title":"Orchestre et ch\u0153ur des lyc\u00e9es fran\u00e7ais du monde (OCLFM) | Enseignement Fran\u00e7ais au Maroc","description":"L'Orchestre et ch\u0153ur des lyc\u00e9es fran\u00e7ais du monde (OCLFM) est un dispositif de l\u2019AEFE, f\u00e9d\u00e9rateur et embl\u00e9matique, qui fait coop\u00e9rer \u00e0 l'unisson des","robots":{"index":"index","follow":"follow","max-snippet":"max-snippet:-1","max-image-preview":"max-image-preview:large","max-video-preview":"max-video-preview:-1"},"canonical":"https:\/\/www.efmaroc.org\/efm\/orchestre-et-choeur-des-lycees-francais-du-monde-oclfm\/","og_locale":"fr_FR","og_type":"article","og_title":"Orchestre et ch\u0153ur des lyc\u00e9es fran\u00e7ais du monde (OCLFM) | Enseignement Fran\u00e7ais au Maroc","og_description":"L'Orchestre et ch\u0153ur des lyc\u00e9es fran\u00e7ais du monde (OCLFM) est un dispositif de l\u2019AEFE, f\u00e9d\u00e9rateur et embl\u00e9matique, qui fait coop\u00e9rer \u00e0 l'unisson des","og_url":"https:\/\/www.efmaroc.org\/efm\/orchestre-et-choeur-des-lycees-francais-du-monde-oclfm\/","og_site_name":"EFM","article_published_time":"2025-04-02T10:19:43+00:00","article_modified_time":"2025-04-30T10:32:17+00:00","og_image":[{"width":552,"height":276,"url":"https:\/\/www.efmaroc.org\/efm\/wp-content\/uploads\/2025\/04\/Publi-LinkedIn-552x276-1.png","type":"image\/png"}],"author":"EFM","twitter_card":"summary_large_image","twitter_misc":{"\u00c9crit par":"EFM","Dur\u00e9e de lecture estim\u00e9e":"4 minutes"},"schema":{"@context":"https:\/\/schema.org","@graph":[{"@type":"Article","@id":"https:\/\/www.efmaroc.org\/efm\/orchestre-et-choeur-des-lycees-francais-du-monde-oclfm\/#article","isPartOf":{"@id":"https:\/\/www.efmaroc.org\/efm\/orchestre-et-choeur-des-lycees-francais-du-monde-oclfm\/"},"author":{"name":"EFM","@id":"https:\/\/www.efmaroc.org\/efm\/#\/schema\/person\/25a9b635a4b2276393dd87dbd94c6302"},"headline":"Orchestre et ch\u0153ur des lyc\u00e9es fran\u00e7ais du monde (OCLFM)","datePublished":"2025-04-02T10:19:43+00:00","dateModified":"2025-04-30T10:32:17+00:00","mainEntityOfPage":{"@id":"https:\/\/www.efmaroc.org\/efm\/orchestre-et-choeur-des-lycees-francais-du-monde-oclfm\/"},"wordCount":723,"publisher":{"@id":"https:\/\/www.efmaroc.org\/efm\/#organization"},"image":{"@id":"https:\/\/www.efmaroc.org\/efm\/orchestre-et-choeur-des-lycees-francais-du-monde-oclfm\/#primaryimage"},"thumbnailUrl":"https:\/\/www.efmaroc.org\/efm\/wp-content\/uploads\/2025\/04\/Publi-LinkedIn-552x276-1.png","articleSection":["R\u00e9seau"],"inLanguage":"fr-FR"},{"@type":"WebPage","@id":"https:\/\/www.efmaroc.org\/efm\/orchestre-et-choeur-des-lycees-francais-du-monde-oclfm\/","url":"https:\/\/www.efmaroc.org\/efm\/orchestre-et-choeur-des-lycees-francais-du-monde-oclfm\/","name":"Orchestre et ch\u0153ur des lyc\u00e9es fran\u00e7ais du monde (OCLFM) | Enseignement Fran\u00e7ais au Maroc","isPartOf":{"@id":"https:\/\/www.efmaroc.org\/efm\/#website"},"primaryImageOfPage":{"@id":"https:\/\/www.efmaroc.org\/efm\/orchestre-et-choeur-des-lycees-francais-du-monde-oclfm\/#primaryimage"},"image":{"@id":"https:\/\/www.efmaroc.org\/efm\/orchestre-et-choeur-des-lycees-francais-du-monde-oclfm\/#primaryimage"},"thumbnailUrl":"https:\/\/www.efmaroc.org\/efm\/wp-content\/uploads\/2025\/04\/Publi-LinkedIn-552x276-1.png","datePublished":"2025-04-02T10:19:43+00:00","dateModified":"2025-04-30T10:32:17+00:00","description":"L'Orchestre et ch\u0153ur des lyc\u00e9es fran\u00e7ais du monde (OCLFM) est un dispositif de l\u2019AEFE, f\u00e9d\u00e9rateur et embl\u00e9matique, qui fait coop\u00e9rer \u00e0 l'unisson des","breadcrumb":{"@id":"https:\/\/www.efmaroc.org\/efm\/orchestre-et-choeur-des-lycees-francais-du-monde-oclfm\/#breadcrumb"},"inLanguage":"fr-FR","potentialAction":[{"@type":"ReadAction","target":["https:\/\/www.efmaroc.org\/efm\/orchestre-et-choeur-des-lycees-francais-du-monde-oclfm\/"]}]},{"@type":"ImageObject","inLanguage":"fr-FR","@id":"https:\/\/www.efmaroc.org\/efm\/orchestre-et-choeur-des-lycees-francais-du-monde-oclfm\/#primaryimage","url":"https:\/\/www.efmaroc.org\/efm\/wp-content\/uploads\/2025\/04\/Publi-LinkedIn-552x276-1.png","contentUrl":"https:\/\/www.efmaroc.org\/efm\/wp-content\/uploads\/2025\/04\/Publi-LinkedIn-552x276-1.png","width":552,"height":276},{"@type":"BreadcrumbList","@id":"https:\/\/www.efmaroc.org\/efm\/orchestre-et-choeur-des-lycees-francais-du-monde-oclfm\/#breadcrumb","itemListElement":[{"@type":"ListItem","position":1,"name":"Accueil","item":"https:\/\/www.efmaroc.org\/efm\/"},{"@type":"ListItem","position":2,"name":"Orchestre et ch\u0153ur des lyc\u00e9es fran\u00e7ais du monde (OCLFM)"}]},{"@type":"WebSite","@id":"https:\/\/www.efmaroc.org\/efm\/#website","url":"https:\/\/www.efmaroc.org\/efm\/","name":"EFM","description":"Enseignement Fran\u00e7ais au Maroc","publisher":{"@id":"https:\/\/www.efmaroc.org\/efm\/#organization"},"potentialAction":[{"@type":"SearchAction","target":{"@type":"EntryPoint","urlTemplate":"https:\/\/www.efmaroc.org\/efm\/?s={search_term_string}"},"query-input":{"@type":"PropertyValueSpecification","valueRequired":true,"valueName":"search_term_string"}}],"inLanguage":"fr-FR"},{"@type":"Organization","@id":"https:\/\/www.efmaroc.org\/efm\/#organization","name":"EFM","url":"https:\/\/www.efmaroc.org\/efm\/","logo":{"@type":"ImageObject","inLanguage":"fr-FR","@id":"https:\/\/www.efmaroc.org\/efm\/#\/schema\/logo\/image\/","url":"https:\/\/www.efmaroc.org\/efm\/wp-content\/uploads\/2022\/12\/efm-enseignement-francais-maroc-logotaglinex2.png","contentUrl":"https:\/\/www.efmaroc.org\/efm\/wp-content\/uploads\/2022\/12\/efm-enseignement-francais-maroc-logotaglinex2.png","width":104,"height":78,"caption":"EFM"},"image":{"@id":"https:\/\/www.efmaroc.org\/efm\/#\/schema\/logo\/image\/"}},{"@type":"Person","@id":"https:\/\/www.efmaroc.org\/efm\/#\/schema\/person\/25a9b635a4b2276393dd87dbd94c6302","name":"EFM","image":{"@type":"ImageObject","inLanguage":"fr-FR","@id":"https:\/\/www.efmaroc.org\/efm\/#\/schema\/person\/image\/","url":"https:\/\/secure.gravatar.com\/avatar\/0acf5f0ecc3b24f6fa3602920a0bc305ada83aa2d4adbe73d7718ee0e4155d61?s=96&d=mm&r=g","contentUrl":"https:\/\/secure.gravatar.com\/avatar\/0acf5f0ecc3b24f6fa3602920a0bc305ada83aa2d4adbe73d7718ee0e4155d61?s=96&d=mm&r=g","caption":"EFM"},"sameAs":["https:\/\/www.efmaroc.org\/efm"]}]}},"jetpack_featured_media_url":"https:\/\/www.efmaroc.org\/efm\/wp-content\/uploads\/2025\/04\/Publi-LinkedIn-552x276-1.png","jetpack_sharing_enabled":true,"_links":{"self":[{"href":"https:\/\/www.efmaroc.org\/efm\/wp-json\/wp\/v2\/posts\/24128","targetHints":{"allow":["GET"]}}],"collection":[{"href":"https:\/\/www.efmaroc.org\/efm\/wp-json\/wp\/v2\/posts"}],"about":[{"href":"https:\/\/www.efmaroc.org\/efm\/wp-json\/wp\/v2\/types\/post"}],"author":[{"embeddable":true,"href":"https:\/\/www.efmaroc.org\/efm\/wp-json\/wp\/v2\/users\/1"}],"replies":[{"embeddable":true,"href":"https:\/\/www.efmaroc.org\/efm\/wp-json\/wp\/v2\/comments?post=24128"}],"version-history":[{"count":2,"href":"https:\/\/www.efmaroc.org\/efm\/wp-json\/wp\/v2\/posts\/24128\/revisions"}],"predecessor-version":[{"id":24131,"href":"https:\/\/www.efmaroc.org\/efm\/wp-json\/wp\/v2\/posts\/24128\/revisions\/24131"}],"wp:featuredmedia":[{"embeddable":true,"href":"https:\/\/www.efmaroc.org\/efm\/wp-json\/wp\/v2\/media\/24129"}],"wp:attachment":[{"href":"https:\/\/www.efmaroc.org\/efm\/wp-json\/wp\/v2\/media?parent=24128"}],"wp:term":[{"taxonomy":"category","embeddable":true,"href":"https:\/\/www.efmaroc.org\/efm\/wp-json\/wp\/v2\/categories?post=24128"},{"taxonomy":"post_tag","embeddable":true,"href":"https:\/\/www.efmaroc.org\/efm\/wp-json\/wp\/v2\/tags?post=24128"}],"curies":[{"name":"wp","href":"https:\/\/api.w.org\/{rel}","templated":true}]}}