{"id":25091,"date":"2026-04-06T12:29:42","date_gmt":"2026-04-06T10:29:42","guid":{"rendered":"https:\/\/www.efmaroc.org\/efm\/?p=25091"},"modified":"2026-04-17T15:15:32","modified_gmt":"2026-04-17T13:15:32","slug":"kalimat-quand-la-langue-arabe-inspire-les-jeunes-de-notre-reseau","status":"publish","type":"post","link":"https:\/\/www.efmaroc.org\/efm\/kalimat-quand-la-langue-arabe-inspire-les-jeunes-de-notre-reseau\/","title":{"rendered":"Kalimat : Quand la langue arabe inspire les jeunes de notre r\u00e9seau!"},"content":{"rendered":"\n<p><strong>Kalimat : quand un mot simple c\u00e9l\u00e8bre la langue arabe<\/strong><\/p>\n\n\n\n<p><\/p>\n\n\n\n<p>Le lyc\u00e9e Paul Val\u00e9ry de Mekn\u00e8s a eu le plaisir d\u2019accueillir la finale de la <strong>premi\u00e8re \u00e9dition de Kalimat<\/strong>, le concours d\u2019\u00e9loquence en langue arabe n\u00e9 ici il y a un an et demi. Ce projet illustre une ambition claire : <strong>mettre en lumi\u00e8re la richesse de la langue arabe, encourager l\u2019art de l\u2019argumentation et promouvoir le Baccalaur\u00e9at Fran\u00e7ais International<\/strong>.<\/p>\n\n\n\n<p>Avec le soutien de l\u2019<strong>AEFE<\/strong>, du <strong>Service de Coop\u00e9ration et d\u2019Action Culturelle (SCAC)<\/strong>, de M. Laouyen et ses \u00e9quipes du <strong>Centre d\u2019\u00c9tudes Arabes (CEA)<\/strong>, cette premi\u00e8re \u00e9dition a r\u00e9uni <strong>12 \u00e9tablissements de tout le Maroc<\/strong>, tous engag\u00e9s dans une dynamique commune d\u2019excellence et d\u2019ouverture.<\/p>\n\n\n\n<p>Les participants ont d\u00e9montr\u00e9 cr\u00e9ativit\u00e9, rigueur et \u00e9loquence, offrant au public des moments forts et inspirants. Nous adressons nos <strong>f\u00e9licitations aux laur\u00e9ates<\/strong> :<\/p>\n\n\n\n<ul class=\"wp-block-list\">\n<li><strong>Seconde<\/strong> : Aya Bensallam \u2013 Al Jabr Dar Bouazza<\/li>\n\n\n\n<li><strong>Premi\u00e8re<\/strong> : Fatima Zahra El Baaj \u2013 Lyc\u00e9e Paul Val\u00e9ry<\/li>\n\n\n\n<li><strong>Terminale<\/strong> : Maysane Charri \u2013 Lyc\u00e9e L\u00e9on l\u2019Africain<\/li>\n<\/ul>\n\n\n\n<p>Au-del\u00e0 du concours, Kalimat est une v\u00e9ritable c\u00e9l\u00e9bration de la culture arabe et de l\u2019\u00e9ducation plurilingue. Ce projet montre comment l\u2019excellence acad\u00e9mique peut s\u2019allier \u00e0 la cr\u00e9ativit\u00e9 et \u00e0 l\u2019ouverture culturelle.<\/p>\n\n\n\n<p>Nous avons h\u00e2te de retrouver <strong>Kalimat<\/strong> l\u2019ann\u00e9e prochaine \u00e0 Mekn\u00e8s et de voir ce concours voyager vers d\u2019autres pays arabes, pour continuer \u00e0 faire briller la langue arabe et la jeunesse de notre r\u00e9seau.<\/p>\n\n\n\n<p>Un grand merci \u00e0 l&rsquo;ensemble des \u00e9tablissements participants et aux enseignants !<\/p>\n\n\n\n<figure class=\"wp-block-image size-full\"><img fetchpriority=\"high\" decoding=\"async\" width=\"775\" height=\"777\" src=\"https:\/\/www.efmaroc.org\/efm\/wp-content\/uploads\/2026\/04\/Capture-decran-2026-04-06-111400-1.png\" alt=\"\" class=\"wp-image-25095\" srcset=\"https:\/\/www.efmaroc.org\/efm\/wp-content\/uploads\/2026\/04\/Capture-decran-2026-04-06-111400-1.png 775w, https:\/\/www.efmaroc.org\/efm\/wp-content\/uploads\/2026\/04\/Capture-decran-2026-04-06-111400-1-300x300.png 300w, https:\/\/www.efmaroc.org\/efm\/wp-content\/uploads\/2026\/04\/Capture-decran-2026-04-06-111400-1-150x150.png 150w, https:\/\/www.efmaroc.org\/efm\/wp-content\/uploads\/2026\/04\/Capture-decran-2026-04-06-111400-1-768x770.png 768w, https:\/\/www.efmaroc.org\/efm\/wp-content\/uploads\/2026\/04\/Capture-decran-2026-04-06-111400-1-100x100.png 100w, https:\/\/www.efmaroc.org\/efm\/wp-content\/uploads\/2026\/04\/Capture-decran-2026-04-06-111400-1-370x370.png 370w, https:\/\/www.efmaroc.org\/efm\/wp-content\/uploads\/2026\/04\/Capture-decran-2026-04-06-111400-1-120x120.png 120w, https:\/\/www.efmaroc.org\/efm\/wp-content\/uploads\/2026\/04\/Capture-decran-2026-04-06-111400-1-410x411.png 410w\" sizes=\"(max-width: 775px) 100vw, 775px\" \/><\/figure>\n","protected":false},"excerpt":{"rendered":"<p>Kalimat : quand un mot simple c\u00e9l\u00e8bre la langue arabe Le lyc\u00e9e Paul Val\u00e9ry de&hellip;<\/p>\n","protected":false},"author":1,"featured_media":25092,"comment_status":"closed","ping_status":"open","sticky":false,"template":"","format":"standard","meta":{"_jetpack_newsletter_access":"","_jetpack_dont_email_post_to_subs":true,"_jetpack_newsletter_tier_id":0,"_jetpack_memberships_contains_paywalled_content":false,"_jetpack_memberships_contains_paid_content":false,"footnotes":""},"categories":[135,13],"tags":[],"class_list":["post-25091","post","type-post","status-publish","format-standard","has-post-thumbnail","hentry","category-education","category-reseau"],"yoast_head":"<!-- This site is optimized with the Yoast SEO plugin v26.8 - https:\/\/yoast.com\/product\/yoast-seo-wordpress\/ -->\n<title>Kalimat : Quand la langue arabe inspire les jeunes de notre r\u00e9seau! | Enseignement Fran\u00e7ais au Maroc<\/title>\n<meta name=\"description\" content=\"Kalimat : quand un mot simple c\u00e9l\u00e8bre la langue arabe Le lyc\u00e9e Paul Val\u00e9ry de Mekn\u00e8s a eu le plaisir d\u2019accueillir la finale de la premi\u00e8re \u00e9dition de\" \/>\n<meta name=\"robots\" content=\"index, follow, max-snippet:-1, max-image-preview:large, max-video-preview:-1\" \/>\n<link rel=\"canonical\" href=\"https:\/\/www.efmaroc.org\/efm\/kalimat-quand-la-langue-arabe-inspire-les-jeunes-de-notre-reseau\/\" \/>\n<meta property=\"og:locale\" content=\"fr_FR\" \/>\n<meta property=\"og:type\" content=\"article\" \/>\n<meta property=\"og:title\" content=\"Kalimat : Quand la langue arabe inspire les jeunes de notre r\u00e9seau! | Enseignement Fran\u00e7ais au Maroc\" \/>\n<meta property=\"og:description\" content=\"Kalimat : quand un mot simple c\u00e9l\u00e8bre la langue arabe Le lyc\u00e9e Paul Val\u00e9ry de Mekn\u00e8s a eu le plaisir d\u2019accueillir la finale de la premi\u00e8re \u00e9dition de\" \/>\n<meta property=\"og:url\" content=\"https:\/\/www.efmaroc.org\/efm\/kalimat-quand-la-langue-arabe-inspire-les-jeunes-de-notre-reseau\/\" \/>\n<meta property=\"og:site_name\" content=\"EFM\" \/>\n<meta property=\"article:published_time\" content=\"2026-04-06T10:29:42+00:00\" \/>\n<meta property=\"article:modified_time\" content=\"2026-04-17T13:15:32+00:00\" \/>\n<meta property=\"og:image\" content=\"https:\/\/www.efmaroc.org\/efm\/wp-content\/uploads\/2026\/04\/Capture-decran-2026-04-06-111413.png\" \/>\n\t<meta property=\"og:image:width\" content=\"918\" \/>\n\t<meta property=\"og:image:height\" content=\"703\" \/>\n\t<meta property=\"og:image:type\" content=\"image\/png\" \/>\n<meta name=\"author\" content=\"EFM\" \/>\n<meta name=\"twitter:card\" content=\"summary_large_image\" \/>\n<meta name=\"twitter:label1\" content=\"\u00c9crit par\" \/>\n\t<meta name=\"twitter:data1\" content=\"EFM\" \/>\n\t<meta name=\"twitter:label2\" content=\"Dur\u00e9e de lecture estim\u00e9e\" \/>\n\t<meta name=\"twitter:data2\" content=\"1 minute\" \/>\n<script type=\"application\/ld+json\" class=\"yoast-schema-graph\">{\"@context\":\"https:\/\/schema.org\",\"@graph\":[{\"@type\":\"Article\",\"@id\":\"https:\/\/www.efmaroc.org\/efm\/kalimat-quand-la-langue-arabe-inspire-les-jeunes-de-notre-reseau\/#article\",\"isPartOf\":{\"@id\":\"https:\/\/www.efmaroc.org\/efm\/kalimat-quand-la-langue-arabe-inspire-les-jeunes-de-notre-reseau\/\"},\"author\":{\"name\":\"EFM\",\"@id\":\"https:\/\/www.efmaroc.org\/efm\/#\/schema\/person\/25a9b635a4b2276393dd87dbd94c6302\"},\"headline\":\"Kalimat : Quand la langue arabe inspire les jeunes de notre r\u00e9seau!\",\"datePublished\":\"2026-04-06T10:29:42+00:00\",\"dateModified\":\"2026-04-17T13:15:32+00:00\",\"mainEntityOfPage\":{\"@id\":\"https:\/\/www.efmaroc.org\/efm\/kalimat-quand-la-langue-arabe-inspire-les-jeunes-de-notre-reseau\/\"},\"wordCount\":285,\"publisher\":{\"@id\":\"https:\/\/www.efmaroc.org\/efm\/#organization\"},\"image\":{\"@id\":\"https:\/\/www.efmaroc.org\/efm\/kalimat-quand-la-langue-arabe-inspire-les-jeunes-de-notre-reseau\/#primaryimage\"},\"thumbnailUrl\":\"https:\/\/www.efmaroc.org\/efm\/wp-content\/uploads\/2026\/04\/Capture-decran-2026-04-06-111413.png\",\"articleSection\":[\"Education\",\"R\u00e9seau\"],\"inLanguage\":\"fr-FR\"},{\"@type\":\"WebPage\",\"@id\":\"https:\/\/www.efmaroc.org\/efm\/kalimat-quand-la-langue-arabe-inspire-les-jeunes-de-notre-reseau\/\",\"url\":\"https:\/\/www.efmaroc.org\/efm\/kalimat-quand-la-langue-arabe-inspire-les-jeunes-de-notre-reseau\/\",\"name\":\"Kalimat : Quand la langue arabe inspire les jeunes de notre r\u00e9seau! | Enseignement Fran\u00e7ais au Maroc\",\"isPartOf\":{\"@id\":\"https:\/\/www.efmaroc.org\/efm\/#website\"},\"primaryImageOfPage\":{\"@id\":\"https:\/\/www.efmaroc.org\/efm\/kalimat-quand-la-langue-arabe-inspire-les-jeunes-de-notre-reseau\/#primaryimage\"},\"image\":{\"@id\":\"https:\/\/www.efmaroc.org\/efm\/kalimat-quand-la-langue-arabe-inspire-les-jeunes-de-notre-reseau\/#primaryimage\"},\"thumbnailUrl\":\"https:\/\/www.efmaroc.org\/efm\/wp-content\/uploads\/2026\/04\/Capture-decran-2026-04-06-111413.png\",\"datePublished\":\"2026-04-06T10:29:42+00:00\",\"dateModified\":\"2026-04-17T13:15:32+00:00\",\"description\":\"Kalimat : quand un mot simple c\u00e9l\u00e8bre la langue arabe Le lyc\u00e9e Paul Val\u00e9ry de Mekn\u00e8s a eu le plaisir d\u2019accueillir la finale de la premi\u00e8re \u00e9dition de\",\"breadcrumb\":{\"@id\":\"https:\/\/www.efmaroc.org\/efm\/kalimat-quand-la-langue-arabe-inspire-les-jeunes-de-notre-reseau\/#breadcrumb\"},\"inLanguage\":\"fr-FR\",\"potentialAction\":[{\"@type\":\"ReadAction\",\"target\":[\"https:\/\/www.efmaroc.org\/efm\/kalimat-quand-la-langue-arabe-inspire-les-jeunes-de-notre-reseau\/\"]}]},{\"@type\":\"ImageObject\",\"inLanguage\":\"fr-FR\",\"@id\":\"https:\/\/www.efmaroc.org\/efm\/kalimat-quand-la-langue-arabe-inspire-les-jeunes-de-notre-reseau\/#primaryimage\",\"url\":\"https:\/\/www.efmaroc.org\/efm\/wp-content\/uploads\/2026\/04\/Capture-decran-2026-04-06-111413.png\",\"contentUrl\":\"https:\/\/www.efmaroc.org\/efm\/wp-content\/uploads\/2026\/04\/Capture-decran-2026-04-06-111413.png\",\"width\":918,\"height\":703},{\"@type\":\"BreadcrumbList\",\"@id\":\"https:\/\/www.efmaroc.org\/efm\/kalimat-quand-la-langue-arabe-inspire-les-jeunes-de-notre-reseau\/#breadcrumb\",\"itemListElement\":[{\"@type\":\"ListItem\",\"position\":1,\"name\":\"Accueil\",\"item\":\"https:\/\/www.efmaroc.org\/efm\/\"},{\"@type\":\"ListItem\",\"position\":2,\"name\":\"Kalimat : Quand la langue arabe inspire les jeunes de notre r\u00e9seau!\"}]},{\"@type\":\"WebSite\",\"@id\":\"https:\/\/www.efmaroc.org\/efm\/#website\",\"url\":\"https:\/\/www.efmaroc.org\/efm\/\",\"name\":\"EFM\",\"description\":\"Enseignement Fran\u00e7ais au Maroc\",\"publisher\":{\"@id\":\"https:\/\/www.efmaroc.org\/efm\/#organization\"},\"potentialAction\":[{\"@type\":\"SearchAction\",\"target\":{\"@type\":\"EntryPoint\",\"urlTemplate\":\"https:\/\/www.efmaroc.org\/efm\/?s={search_term_string}\"},\"query-input\":{\"@type\":\"PropertyValueSpecification\",\"valueRequired\":true,\"valueName\":\"search_term_string\"}}],\"inLanguage\":\"fr-FR\"},{\"@type\":\"Organization\",\"@id\":\"https:\/\/www.efmaroc.org\/efm\/#organization\",\"name\":\"EFM\",\"url\":\"https:\/\/www.efmaroc.org\/efm\/\",\"logo\":{\"@type\":\"ImageObject\",\"inLanguage\":\"fr-FR\",\"@id\":\"https:\/\/www.efmaroc.org\/efm\/#\/schema\/logo\/image\/\",\"url\":\"https:\/\/www.efmaroc.org\/efm\/wp-content\/uploads\/2022\/12\/efm-enseignement-francais-maroc-logotaglinex2.png\",\"contentUrl\":\"https:\/\/www.efmaroc.org\/efm\/wp-content\/uploads\/2022\/12\/efm-enseignement-francais-maroc-logotaglinex2.png\",\"width\":104,\"height\":78,\"caption\":\"EFM\"},\"image\":{\"@id\":\"https:\/\/www.efmaroc.org\/efm\/#\/schema\/logo\/image\/\"}},{\"@type\":\"Person\",\"@id\":\"https:\/\/www.efmaroc.org\/efm\/#\/schema\/person\/25a9b635a4b2276393dd87dbd94c6302\",\"name\":\"EFM\",\"image\":{\"@type\":\"ImageObject\",\"inLanguage\":\"fr-FR\",\"@id\":\"https:\/\/www.efmaroc.org\/efm\/#\/schema\/person\/image\/\",\"url\":\"https:\/\/secure.gravatar.com\/avatar\/0acf5f0ecc3b24f6fa3602920a0bc305ada83aa2d4adbe73d7718ee0e4155d61?s=96&d=mm&r=g\",\"contentUrl\":\"https:\/\/secure.gravatar.com\/avatar\/0acf5f0ecc3b24f6fa3602920a0bc305ada83aa2d4adbe73d7718ee0e4155d61?s=96&d=mm&r=g\",\"caption\":\"EFM\"},\"sameAs\":[\"https:\/\/www.efmaroc.org\/efm\"]}]}<\/script>\n<!-- \/ Yoast SEO plugin. -->","yoast_head_json":{"title":"Kalimat : Quand la langue arabe inspire les jeunes de notre r\u00e9seau! | Enseignement Fran\u00e7ais au Maroc","description":"Kalimat : quand un mot simple c\u00e9l\u00e8bre la langue arabe Le lyc\u00e9e Paul Val\u00e9ry de Mekn\u00e8s a eu le plaisir d\u2019accueillir la finale de la premi\u00e8re \u00e9dition de","robots":{"index":"index","follow":"follow","max-snippet":"max-snippet:-1","max-image-preview":"max-image-preview:large","max-video-preview":"max-video-preview:-1"},"canonical":"https:\/\/www.efmaroc.org\/efm\/kalimat-quand-la-langue-arabe-inspire-les-jeunes-de-notre-reseau\/","og_locale":"fr_FR","og_type":"article","og_title":"Kalimat : Quand la langue arabe inspire les jeunes de notre r\u00e9seau! | Enseignement Fran\u00e7ais au Maroc","og_description":"Kalimat : quand un mot simple c\u00e9l\u00e8bre la langue arabe Le lyc\u00e9e Paul Val\u00e9ry de Mekn\u00e8s a eu le plaisir d\u2019accueillir la finale de la premi\u00e8re \u00e9dition de","og_url":"https:\/\/www.efmaroc.org\/efm\/kalimat-quand-la-langue-arabe-inspire-les-jeunes-de-notre-reseau\/","og_site_name":"EFM","article_published_time":"2026-04-06T10:29:42+00:00","article_modified_time":"2026-04-17T13:15:32+00:00","og_image":[{"width":918,"height":703,"url":"https:\/\/www.efmaroc.org\/efm\/wp-content\/uploads\/2026\/04\/Capture-decran-2026-04-06-111413.png","type":"image\/png"}],"author":"EFM","twitter_card":"summary_large_image","twitter_misc":{"\u00c9crit par":"EFM","Dur\u00e9e de lecture estim\u00e9e":"1 minute"},"schema":{"@context":"https:\/\/schema.org","@graph":[{"@type":"Article","@id":"https:\/\/www.efmaroc.org\/efm\/kalimat-quand-la-langue-arabe-inspire-les-jeunes-de-notre-reseau\/#article","isPartOf":{"@id":"https:\/\/www.efmaroc.org\/efm\/kalimat-quand-la-langue-arabe-inspire-les-jeunes-de-notre-reseau\/"},"author":{"name":"EFM","@id":"https:\/\/www.efmaroc.org\/efm\/#\/schema\/person\/25a9b635a4b2276393dd87dbd94c6302"},"headline":"Kalimat : Quand la langue arabe inspire les jeunes de notre r\u00e9seau!","datePublished":"2026-04-06T10:29:42+00:00","dateModified":"2026-04-17T13:15:32+00:00","mainEntityOfPage":{"@id":"https:\/\/www.efmaroc.org\/efm\/kalimat-quand-la-langue-arabe-inspire-les-jeunes-de-notre-reseau\/"},"wordCount":285,"publisher":{"@id":"https:\/\/www.efmaroc.org\/efm\/#organization"},"image":{"@id":"https:\/\/www.efmaroc.org\/efm\/kalimat-quand-la-langue-arabe-inspire-les-jeunes-de-notre-reseau\/#primaryimage"},"thumbnailUrl":"https:\/\/www.efmaroc.org\/efm\/wp-content\/uploads\/2026\/04\/Capture-decran-2026-04-06-111413.png","articleSection":["Education","R\u00e9seau"],"inLanguage":"fr-FR"},{"@type":"WebPage","@id":"https:\/\/www.efmaroc.org\/efm\/kalimat-quand-la-langue-arabe-inspire-les-jeunes-de-notre-reseau\/","url":"https:\/\/www.efmaroc.org\/efm\/kalimat-quand-la-langue-arabe-inspire-les-jeunes-de-notre-reseau\/","name":"Kalimat : Quand la langue arabe inspire les jeunes de notre r\u00e9seau! | Enseignement Fran\u00e7ais au Maroc","isPartOf":{"@id":"https:\/\/www.efmaroc.org\/efm\/#website"},"primaryImageOfPage":{"@id":"https:\/\/www.efmaroc.org\/efm\/kalimat-quand-la-langue-arabe-inspire-les-jeunes-de-notre-reseau\/#primaryimage"},"image":{"@id":"https:\/\/www.efmaroc.org\/efm\/kalimat-quand-la-langue-arabe-inspire-les-jeunes-de-notre-reseau\/#primaryimage"},"thumbnailUrl":"https:\/\/www.efmaroc.org\/efm\/wp-content\/uploads\/2026\/04\/Capture-decran-2026-04-06-111413.png","datePublished":"2026-04-06T10:29:42+00:00","dateModified":"2026-04-17T13:15:32+00:00","description":"Kalimat : quand un mot simple c\u00e9l\u00e8bre la langue arabe Le lyc\u00e9e Paul Val\u00e9ry de Mekn\u00e8s a eu le plaisir d\u2019accueillir la finale de la premi\u00e8re \u00e9dition de","breadcrumb":{"@id":"https:\/\/www.efmaroc.org\/efm\/kalimat-quand-la-langue-arabe-inspire-les-jeunes-de-notre-reseau\/#breadcrumb"},"inLanguage":"fr-FR","potentialAction":[{"@type":"ReadAction","target":["https:\/\/www.efmaroc.org\/efm\/kalimat-quand-la-langue-arabe-inspire-les-jeunes-de-notre-reseau\/"]}]},{"@type":"ImageObject","inLanguage":"fr-FR","@id":"https:\/\/www.efmaroc.org\/efm\/kalimat-quand-la-langue-arabe-inspire-les-jeunes-de-notre-reseau\/#primaryimage","url":"https:\/\/www.efmaroc.org\/efm\/wp-content\/uploads\/2026\/04\/Capture-decran-2026-04-06-111413.png","contentUrl":"https:\/\/www.efmaroc.org\/efm\/wp-content\/uploads\/2026\/04\/Capture-decran-2026-04-06-111413.png","width":918,"height":703},{"@type":"BreadcrumbList","@id":"https:\/\/www.efmaroc.org\/efm\/kalimat-quand-la-langue-arabe-inspire-les-jeunes-de-notre-reseau\/#breadcrumb","itemListElement":[{"@type":"ListItem","position":1,"name":"Accueil","item":"https:\/\/www.efmaroc.org\/efm\/"},{"@type":"ListItem","position":2,"name":"Kalimat : Quand la langue arabe inspire les jeunes de notre r\u00e9seau!"}]},{"@type":"WebSite","@id":"https:\/\/www.efmaroc.org\/efm\/#website","url":"https:\/\/www.efmaroc.org\/efm\/","name":"EFM","description":"Enseignement Fran\u00e7ais au Maroc","publisher":{"@id":"https:\/\/www.efmaroc.org\/efm\/#organization"},"potentialAction":[{"@type":"SearchAction","target":{"@type":"EntryPoint","urlTemplate":"https:\/\/www.efmaroc.org\/efm\/?s={search_term_string}"},"query-input":{"@type":"PropertyValueSpecification","valueRequired":true,"valueName":"search_term_string"}}],"inLanguage":"fr-FR"},{"@type":"Organization","@id":"https:\/\/www.efmaroc.org\/efm\/#organization","name":"EFM","url":"https:\/\/www.efmaroc.org\/efm\/","logo":{"@type":"ImageObject","inLanguage":"fr-FR","@id":"https:\/\/www.efmaroc.org\/efm\/#\/schema\/logo\/image\/","url":"https:\/\/www.efmaroc.org\/efm\/wp-content\/uploads\/2022\/12\/efm-enseignement-francais-maroc-logotaglinex2.png","contentUrl":"https:\/\/www.efmaroc.org\/efm\/wp-content\/uploads\/2022\/12\/efm-enseignement-francais-maroc-logotaglinex2.png","width":104,"height":78,"caption":"EFM"},"image":{"@id":"https:\/\/www.efmaroc.org\/efm\/#\/schema\/logo\/image\/"}},{"@type":"Person","@id":"https:\/\/www.efmaroc.org\/efm\/#\/schema\/person\/25a9b635a4b2276393dd87dbd94c6302","name":"EFM","image":{"@type":"ImageObject","inLanguage":"fr-FR","@id":"https:\/\/www.efmaroc.org\/efm\/#\/schema\/person\/image\/","url":"https:\/\/secure.gravatar.com\/avatar\/0acf5f0ecc3b24f6fa3602920a0bc305ada83aa2d4adbe73d7718ee0e4155d61?s=96&d=mm&r=g","contentUrl":"https:\/\/secure.gravatar.com\/avatar\/0acf5f0ecc3b24f6fa3602920a0bc305ada83aa2d4adbe73d7718ee0e4155d61?s=96&d=mm&r=g","caption":"EFM"},"sameAs":["https:\/\/www.efmaroc.org\/efm"]}]}},"jetpack_featured_media_url":"https:\/\/www.efmaroc.org\/efm\/wp-content\/uploads\/2026\/04\/Capture-decran-2026-04-06-111413.png","jetpack_sharing_enabled":true,"_links":{"self":[{"href":"https:\/\/www.efmaroc.org\/efm\/wp-json\/wp\/v2\/posts\/25091","targetHints":{"allow":["GET"]}}],"collection":[{"href":"https:\/\/www.efmaroc.org\/efm\/wp-json\/wp\/v2\/posts"}],"about":[{"href":"https:\/\/www.efmaroc.org\/efm\/wp-json\/wp\/v2\/types\/post"}],"author":[{"embeddable":true,"href":"https:\/\/www.efmaroc.org\/efm\/wp-json\/wp\/v2\/users\/1"}],"replies":[{"embeddable":true,"href":"https:\/\/www.efmaroc.org\/efm\/wp-json\/wp\/v2\/comments?post=25091"}],"version-history":[{"count":1,"href":"https:\/\/www.efmaroc.org\/efm\/wp-json\/wp\/v2\/posts\/25091\/revisions"}],"predecessor-version":[{"id":25096,"href":"https:\/\/www.efmaroc.org\/efm\/wp-json\/wp\/v2\/posts\/25091\/revisions\/25096"}],"wp:featuredmedia":[{"embeddable":true,"href":"https:\/\/www.efmaroc.org\/efm\/wp-json\/wp\/v2\/media\/25092"}],"wp:attachment":[{"href":"https:\/\/www.efmaroc.org\/efm\/wp-json\/wp\/v2\/media?parent=25091"}],"wp:term":[{"taxonomy":"category","embeddable":true,"href":"https:\/\/www.efmaroc.org\/efm\/wp-json\/wp\/v2\/categories?post=25091"},{"taxonomy":"post_tag","embeddable":true,"href":"https:\/\/www.efmaroc.org\/efm\/wp-json\/wp\/v2\/tags?post=25091"}],"curies":[{"name":"wp","href":"https:\/\/api.w.org\/{rel}","templated":true}]}}