{"id":25117,"date":"2026-04-17T15:02:16","date_gmt":"2026-04-17T13:02:16","guid":{"rendered":"https:\/\/www.efmaroc.org\/efm\/?p=25117"},"modified":"2026-04-17T16:20:01","modified_gmt":"2026-04-17T14:20:01","slug":"ambassadrices-en-herbe-2025-2026-les-eleves-du-reseau-efm-brillent-a-fes","status":"publish","type":"post","link":"https:\/\/www.efmaroc.org\/efm\/ambassadrices-en-herbe-2025-2026-les-eleves-du-reseau-efm-brillent-a-fes\/","title":{"rendered":"Ambassadrices en herbe 2025-2026 : les \u00e9l\u00e8ves du r\u00e9seau EFM brillent \u00e0 F\u00e8s"},"content":{"rendered":"\n<hr class=\"wp-block-separator has-alpha-channel-opacity\"\/>\n\n\n\n<p>Le Lyc\u00e9e Paul Val\u00e9ry, p\u00f4le F\u00e8s-Mekn\u00e8s, a accueilli la comp\u00e9tition r\u00e9gionale du projet <strong>Ambassadrices et Ambassadeurs en herbe (AAEH)<\/strong>. Cr\u00e9\u00e9 en 2012 par l&rsquo;AEFE, ce tournoi mondial d&rsquo;\u00e9loquence invite chaque ann\u00e9e des \u00e9l\u00e8ves du primaire au lyc\u00e9e \u00e0 d\u00e9velopper leur expression orale et leur esprit critique autour de grandes th\u00e9matiques internationales. Il se d\u00e9roule en plusieurs \u00e9tapes : finale \u00e9tablissement, finale de zone, puis finale mondiale.<\/p>\n\n\n\n<p>Cette 14e \u00e9dition a r\u00e9uni des \u00e9l\u00e8ves de quatre \u00e9tablissements autour du th\u00e8me : <strong>\u00ab L&rsquo;intelligence artificielle : une r\u00e9volution au b\u00e9n\u00e9fice de l&rsquo;humain ? \u00bb<\/strong>, devant un jury compos\u00e9 de diplomates, journalistes, inspecteurs et acteurs culturels.<\/p>\n\n\n\n<p>Les quatre \u00e9tablissements qualifi\u00e9s \u2014 Lyc\u00e9e Paul Val\u00e9ry (p\u00f4le F\u00e8s-Mekn\u00e8s), Lyc\u00e9e Lyautey \/ \u00c9cole Bizet, EFI Casablanca et \u00c9cole Al Jabr (Dar Bouazza) \u2014 ont concouru dans quatre cat\u00e9gories : individuel cycle 3, individuel cycle 4, collectif EFE et collectif LabelFranc\u00c9ducation.<\/p>\n\n\n\n<p><strong>Voici les gagnantes de la finale zone AAEH 2026 (de gauche \u00e0 droite) :<\/strong><\/p>\n\n\n\n<ul class=\"wp-block-list\">\n<li><strong>Rita L\u00e9a GARTI<\/strong> \u2013 Lyc\u00e9e Lyautey \/ \u00c9cole Bizet<\/li>\n\n\n\n<li><strong>Shemsy CHAOUI<\/strong> \u2013 Al Jabr Dar Bouazza<\/li>\n\n\n\n<li><strong>Sara RIFAR<\/strong> \u2013 Lyc\u00e9e Lyautey \/ \u00c9cole Bizet<\/li>\n\n\n\n<li><strong>Malak IRAQUI<\/strong>\u2013 \u00c9cole fran\u00e7aise Internationale (EFI)<\/li>\n\n\n\n<li><strong>Sophia BALLE<\/strong> \u2013 Lyc\u00e9e Lyautey \/ \u00c9cole Bizet<\/li>\n\n\n\n<li><strong>Louisa JONEMMAN <\/strong>&#8211; Lyc\u00e9e Paul Val\u00e9ry <\/li>\n<\/ul>\n\n\n\n<p>Cette ann\u00e9e, les finalistes sont exclusivement des filles \u2014 une belle performance collective ! Elles repr\u00e9senteront le Maroc lors de la prochaine \u00e9tape mondiale<\/p>\n\n\n\n<div class=\"wp-block-jetpack-tiled-gallery aligncenter is-style-rectangular\"><div class=\"\"><div class=\"tiled-gallery__gallery\"><div class=\"tiled-gallery__row\"><div class=\"tiled-gallery__col\" style=\"flex-basis:63.96026%\"><figure class=\"tiled-gallery__item\"><img decoding=\"async\" srcset=\"https:\/\/i0.wp.com\/www.efmaroc.org\/efm\/wp-content\/uploads\/2026\/04\/PHOTO-2026-04-16-17-59-12-1024x768.jpg?strip=info&#038;w=600&#038;ssl=1 600w,https:\/\/i0.wp.com\/www.efmaroc.org\/efm\/wp-content\/uploads\/2026\/04\/PHOTO-2026-04-16-17-59-12-1024x768.jpg?strip=info&#038;w=900&#038;ssl=1 900w,https:\/\/i0.wp.com\/www.efmaroc.org\/efm\/wp-content\/uploads\/2026\/04\/PHOTO-2026-04-16-17-59-12-1024x768.jpg?strip=info&#038;w=1200&#038;ssl=1 1200w,https:\/\/i0.wp.com\/www.efmaroc.org\/efm\/wp-content\/uploads\/2026\/04\/PHOTO-2026-04-16-17-59-12-1024x768.jpg?strip=info&#038;w=1500&#038;ssl=1 1500w,https:\/\/i0.wp.com\/www.efmaroc.org\/efm\/wp-content\/uploads\/2026\/04\/PHOTO-2026-04-16-17-59-12-1024x768.jpg?strip=info&#038;w=1600&#038;ssl=1 1600w\" alt=\"\" data-height=\"1200\" data-id=\"25119\" data-link=\"https:\/\/www.efmaroc.org\/efm\/?attachment_id=25119\" data-url=\"https:\/\/www.efmaroc.org\/efm\/wp-content\/uploads\/2026\/04\/PHOTO-2026-04-16-17-59-12-1024x768.jpg\" data-width=\"1600\" src=\"https:\/\/i0.wp.com\/www.efmaroc.org\/efm\/wp-content\/uploads\/2026\/04\/PHOTO-2026-04-16-17-59-12-1024x768.jpg?ssl=1\" data-amp-layout=\"responsive\"\/><\/figure><\/div><div class=\"tiled-gallery__col\" style=\"flex-basis:36.03974%\"><figure class=\"tiled-gallery__item\"><img decoding=\"async\" srcset=\"https:\/\/i0.wp.com\/www.efmaroc.org\/efm\/wp-content\/uploads\/2026\/04\/PHOTO-2026-04-16-15-04-07-768x1024.jpg?strip=info&#038;w=600&#038;ssl=1 600w,https:\/\/i0.wp.com\/www.efmaroc.org\/efm\/wp-content\/uploads\/2026\/04\/PHOTO-2026-04-16-15-04-07-768x1024.jpg?strip=info&#038;w=900&#038;ssl=1 900w,https:\/\/i0.wp.com\/www.efmaroc.org\/efm\/wp-content\/uploads\/2026\/04\/PHOTO-2026-04-16-15-04-07-768x1024.jpg?strip=info&#038;w=1200&#038;ssl=1 1200w\" alt=\"\" data-height=\"1600\" data-id=\"25118\" data-link=\"https:\/\/www.efmaroc.org\/efm\/?attachment_id=25118\" data-url=\"https:\/\/www.efmaroc.org\/efm\/wp-content\/uploads\/2026\/04\/PHOTO-2026-04-16-15-04-07-768x1024.jpg\" data-width=\"1200\" src=\"https:\/\/i0.wp.com\/www.efmaroc.org\/efm\/wp-content\/uploads\/2026\/04\/PHOTO-2026-04-16-15-04-07-768x1024.jpg?ssl=1\" data-amp-layout=\"responsive\"\/><\/figure><\/div><\/div><\/div><\/div><\/div>\n","protected":false},"excerpt":{"rendered":"<p>Le Lyc\u00e9e Paul Val\u00e9ry, p\u00f4le F\u00e8s-Mekn\u00e8s, a accueilli la comp\u00e9tition r\u00e9gionale du projet Ambassadrices et&hellip;<\/p>\n","protected":false},"author":1,"featured_media":25119,"comment_status":"closed","ping_status":"open","sticky":false,"template":"","format":"standard","meta":{"_jetpack_newsletter_access":"","_jetpack_dont_email_post_to_subs":false,"_jetpack_newsletter_tier_id":0,"_jetpack_memberships_contains_paywalled_content":false,"_jetpack_memberships_contains_paid_content":false,"footnotes":""},"categories":[13,1],"tags":[],"class_list":["post-25117","post","type-post","status-publish","format-standard","has-post-thumbnail","hentry","category-reseau","category-uncategorized"],"yoast_head":"<!-- This site is optimized with the Yoast SEO plugin v26.8 - https:\/\/yoast.com\/product\/yoast-seo-wordpress\/ -->\n<title>Ambassadrices en herbe 2025-2026 : les \u00e9l\u00e8ves du r\u00e9seau EFM brillent \u00e0 F\u00e8s | Enseignement Fran\u00e7ais au Maroc<\/title>\n<meta name=\"description\" content=\"Le Lyc\u00e9e Paul Val\u00e9ry, p\u00f4le F\u00e8s-Mekn\u00e8s, a accueilli la comp\u00e9tition r\u00e9gionale du projet Ambassadrices et Ambassadeurs en herbe (AAEH). Cr\u00e9\u00e9 en 2012 par\" \/>\n<meta name=\"robots\" content=\"index, follow, max-snippet:-1, max-image-preview:large, max-video-preview:-1\" \/>\n<link rel=\"canonical\" href=\"https:\/\/www.efmaroc.org\/efm\/ambassadrices-en-herbe-2025-2026-les-eleves-du-reseau-efm-brillent-a-fes\/\" \/>\n<meta property=\"og:locale\" content=\"fr_FR\" \/>\n<meta property=\"og:type\" content=\"article\" \/>\n<meta property=\"og:title\" content=\"Ambassadrices en herbe 2025-2026 : les \u00e9l\u00e8ves du r\u00e9seau EFM brillent \u00e0 F\u00e8s | Enseignement Fran\u00e7ais au Maroc\" \/>\n<meta property=\"og:description\" content=\"Le Lyc\u00e9e Paul Val\u00e9ry, p\u00f4le F\u00e8s-Mekn\u00e8s, a accueilli la comp\u00e9tition r\u00e9gionale du projet Ambassadrices et Ambassadeurs en herbe (AAEH). Cr\u00e9\u00e9 en 2012 par\" \/>\n<meta property=\"og:url\" content=\"https:\/\/www.efmaroc.org\/efm\/ambassadrices-en-herbe-2025-2026-les-eleves-du-reseau-efm-brillent-a-fes\/\" \/>\n<meta property=\"og:site_name\" content=\"EFM\" \/>\n<meta property=\"article:published_time\" content=\"2026-04-17T13:02:16+00:00\" \/>\n<meta property=\"article:modified_time\" content=\"2026-04-17T14:20:01+00:00\" \/>\n<meta property=\"og:image\" content=\"https:\/\/www.efmaroc.org\/efm\/wp-content\/uploads\/2026\/04\/PHOTO-2026-04-16-17-59-12.jpg\" \/>\n\t<meta property=\"og:image:width\" content=\"1600\" \/>\n\t<meta property=\"og:image:height\" content=\"1200\" \/>\n\t<meta property=\"og:image:type\" content=\"image\/jpeg\" \/>\n<meta name=\"author\" content=\"EFM\" \/>\n<meta name=\"twitter:card\" content=\"summary_large_image\" \/>\n<meta name=\"twitter:label1\" content=\"\u00c9crit par\" \/>\n\t<meta name=\"twitter:data1\" content=\"EFM\" \/>\n\t<meta name=\"twitter:label2\" content=\"Dur\u00e9e de lecture estim\u00e9e\" \/>\n\t<meta name=\"twitter:data2\" content=\"2 minutes\" \/>\n<script type=\"application\/ld+json\" class=\"yoast-schema-graph\">{\"@context\":\"https:\/\/schema.org\",\"@graph\":[{\"@type\":\"Article\",\"@id\":\"https:\/\/www.efmaroc.org\/efm\/ambassadrices-en-herbe-2025-2026-les-eleves-du-reseau-efm-brillent-a-fes\/#article\",\"isPartOf\":{\"@id\":\"https:\/\/www.efmaroc.org\/efm\/ambassadrices-en-herbe-2025-2026-les-eleves-du-reseau-efm-brillent-a-fes\/\"},\"author\":{\"name\":\"EFM\",\"@id\":\"https:\/\/www.efmaroc.org\/efm\/#\/schema\/person\/25a9b635a4b2276393dd87dbd94c6302\"},\"headline\":\"Ambassadrices en herbe 2025-2026 : les \u00e9l\u00e8ves du r\u00e9seau EFM brillent \u00e0 F\u00e8s\",\"datePublished\":\"2026-04-17T13:02:16+00:00\",\"dateModified\":\"2026-04-17T14:20:01+00:00\",\"mainEntityOfPage\":{\"@id\":\"https:\/\/www.efmaroc.org\/efm\/ambassadrices-en-herbe-2025-2026-les-eleves-du-reseau-efm-brillent-a-fes\/\"},\"wordCount\":255,\"publisher\":{\"@id\":\"https:\/\/www.efmaroc.org\/efm\/#organization\"},\"image\":{\"@id\":\"https:\/\/www.efmaroc.org\/efm\/ambassadrices-en-herbe-2025-2026-les-eleves-du-reseau-efm-brillent-a-fes\/#primaryimage\"},\"thumbnailUrl\":\"https:\/\/www.efmaroc.org\/efm\/wp-content\/uploads\/2026\/04\/PHOTO-2026-04-16-17-59-12.jpg\",\"articleSection\":[\"R\u00e9seau\",\"Uncategorized\"],\"inLanguage\":\"fr-FR\"},{\"@type\":\"WebPage\",\"@id\":\"https:\/\/www.efmaroc.org\/efm\/ambassadrices-en-herbe-2025-2026-les-eleves-du-reseau-efm-brillent-a-fes\/\",\"url\":\"https:\/\/www.efmaroc.org\/efm\/ambassadrices-en-herbe-2025-2026-les-eleves-du-reseau-efm-brillent-a-fes\/\",\"name\":\"Ambassadrices en herbe 2025-2026 : les \u00e9l\u00e8ves du r\u00e9seau EFM brillent \u00e0 F\u00e8s | Enseignement Fran\u00e7ais au Maroc\",\"isPartOf\":{\"@id\":\"https:\/\/www.efmaroc.org\/efm\/#website\"},\"primaryImageOfPage\":{\"@id\":\"https:\/\/www.efmaroc.org\/efm\/ambassadrices-en-herbe-2025-2026-les-eleves-du-reseau-efm-brillent-a-fes\/#primaryimage\"},\"image\":{\"@id\":\"https:\/\/www.efmaroc.org\/efm\/ambassadrices-en-herbe-2025-2026-les-eleves-du-reseau-efm-brillent-a-fes\/#primaryimage\"},\"thumbnailUrl\":\"https:\/\/www.efmaroc.org\/efm\/wp-content\/uploads\/2026\/04\/PHOTO-2026-04-16-17-59-12.jpg\",\"datePublished\":\"2026-04-17T13:02:16+00:00\",\"dateModified\":\"2026-04-17T14:20:01+00:00\",\"description\":\"Le Lyc\u00e9e Paul Val\u00e9ry, p\u00f4le F\u00e8s-Mekn\u00e8s, a accueilli la comp\u00e9tition r\u00e9gionale du projet Ambassadrices et Ambassadeurs en herbe (AAEH). Cr\u00e9\u00e9 en 2012 par\",\"breadcrumb\":{\"@id\":\"https:\/\/www.efmaroc.org\/efm\/ambassadrices-en-herbe-2025-2026-les-eleves-du-reseau-efm-brillent-a-fes\/#breadcrumb\"},\"inLanguage\":\"fr-FR\",\"potentialAction\":[{\"@type\":\"ReadAction\",\"target\":[\"https:\/\/www.efmaroc.org\/efm\/ambassadrices-en-herbe-2025-2026-les-eleves-du-reseau-efm-brillent-a-fes\/\"]}]},{\"@type\":\"ImageObject\",\"inLanguage\":\"fr-FR\",\"@id\":\"https:\/\/www.efmaroc.org\/efm\/ambassadrices-en-herbe-2025-2026-les-eleves-du-reseau-efm-brillent-a-fes\/#primaryimage\",\"url\":\"https:\/\/www.efmaroc.org\/efm\/wp-content\/uploads\/2026\/04\/PHOTO-2026-04-16-17-59-12.jpg\",\"contentUrl\":\"https:\/\/www.efmaroc.org\/efm\/wp-content\/uploads\/2026\/04\/PHOTO-2026-04-16-17-59-12.jpg\",\"width\":1600,\"height\":1200},{\"@type\":\"BreadcrumbList\",\"@id\":\"https:\/\/www.efmaroc.org\/efm\/ambassadrices-en-herbe-2025-2026-les-eleves-du-reseau-efm-brillent-a-fes\/#breadcrumb\",\"itemListElement\":[{\"@type\":\"ListItem\",\"position\":1,\"name\":\"Accueil\",\"item\":\"https:\/\/www.efmaroc.org\/efm\/\"},{\"@type\":\"ListItem\",\"position\":2,\"name\":\"Ambassadrices en herbe 2025-2026 : les \u00e9l\u00e8ves du r\u00e9seau EFM brillent \u00e0 F\u00e8s\"}]},{\"@type\":\"WebSite\",\"@id\":\"https:\/\/www.efmaroc.org\/efm\/#website\",\"url\":\"https:\/\/www.efmaroc.org\/efm\/\",\"name\":\"EFM\",\"description\":\"Enseignement Fran\u00e7ais au Maroc\",\"publisher\":{\"@id\":\"https:\/\/www.efmaroc.org\/efm\/#organization\"},\"potentialAction\":[{\"@type\":\"SearchAction\",\"target\":{\"@type\":\"EntryPoint\",\"urlTemplate\":\"https:\/\/www.efmaroc.org\/efm\/?s={search_term_string}\"},\"query-input\":{\"@type\":\"PropertyValueSpecification\",\"valueRequired\":true,\"valueName\":\"search_term_string\"}}],\"inLanguage\":\"fr-FR\"},{\"@type\":\"Organization\",\"@id\":\"https:\/\/www.efmaroc.org\/efm\/#organization\",\"name\":\"EFM\",\"url\":\"https:\/\/www.efmaroc.org\/efm\/\",\"logo\":{\"@type\":\"ImageObject\",\"inLanguage\":\"fr-FR\",\"@id\":\"https:\/\/www.efmaroc.org\/efm\/#\/schema\/logo\/image\/\",\"url\":\"https:\/\/www.efmaroc.org\/efm\/wp-content\/uploads\/2022\/12\/efm-enseignement-francais-maroc-logotaglinex2.png\",\"contentUrl\":\"https:\/\/www.efmaroc.org\/efm\/wp-content\/uploads\/2022\/12\/efm-enseignement-francais-maroc-logotaglinex2.png\",\"width\":104,\"height\":78,\"caption\":\"EFM\"},\"image\":{\"@id\":\"https:\/\/www.efmaroc.org\/efm\/#\/schema\/logo\/image\/\"}},{\"@type\":\"Person\",\"@id\":\"https:\/\/www.efmaroc.org\/efm\/#\/schema\/person\/25a9b635a4b2276393dd87dbd94c6302\",\"name\":\"EFM\",\"image\":{\"@type\":\"ImageObject\",\"inLanguage\":\"fr-FR\",\"@id\":\"https:\/\/www.efmaroc.org\/efm\/#\/schema\/person\/image\/\",\"url\":\"https:\/\/secure.gravatar.com\/avatar\/0acf5f0ecc3b24f6fa3602920a0bc305ada83aa2d4adbe73d7718ee0e4155d61?s=96&d=mm&r=g\",\"contentUrl\":\"https:\/\/secure.gravatar.com\/avatar\/0acf5f0ecc3b24f6fa3602920a0bc305ada83aa2d4adbe73d7718ee0e4155d61?s=96&d=mm&r=g\",\"caption\":\"EFM\"},\"sameAs\":[\"https:\/\/www.efmaroc.org\/efm\"]}]}<\/script>\n<!-- \/ Yoast SEO plugin. -->","yoast_head_json":{"title":"Ambassadrices en herbe 2025-2026 : les \u00e9l\u00e8ves du r\u00e9seau EFM brillent \u00e0 F\u00e8s | Enseignement Fran\u00e7ais au Maroc","description":"Le Lyc\u00e9e Paul Val\u00e9ry, p\u00f4le F\u00e8s-Mekn\u00e8s, a accueilli la comp\u00e9tition r\u00e9gionale du projet Ambassadrices et Ambassadeurs en herbe (AAEH). Cr\u00e9\u00e9 en 2012 par","robots":{"index":"index","follow":"follow","max-snippet":"max-snippet:-1","max-image-preview":"max-image-preview:large","max-video-preview":"max-video-preview:-1"},"canonical":"https:\/\/www.efmaroc.org\/efm\/ambassadrices-en-herbe-2025-2026-les-eleves-du-reseau-efm-brillent-a-fes\/","og_locale":"fr_FR","og_type":"article","og_title":"Ambassadrices en herbe 2025-2026 : les \u00e9l\u00e8ves du r\u00e9seau EFM brillent \u00e0 F\u00e8s | Enseignement Fran\u00e7ais au Maroc","og_description":"Le Lyc\u00e9e Paul Val\u00e9ry, p\u00f4le F\u00e8s-Mekn\u00e8s, a accueilli la comp\u00e9tition r\u00e9gionale du projet Ambassadrices et Ambassadeurs en herbe (AAEH). Cr\u00e9\u00e9 en 2012 par","og_url":"https:\/\/www.efmaroc.org\/efm\/ambassadrices-en-herbe-2025-2026-les-eleves-du-reseau-efm-brillent-a-fes\/","og_site_name":"EFM","article_published_time":"2026-04-17T13:02:16+00:00","article_modified_time":"2026-04-17T14:20:01+00:00","og_image":[{"width":1600,"height":1200,"url":"https:\/\/www.efmaroc.org\/efm\/wp-content\/uploads\/2026\/04\/PHOTO-2026-04-16-17-59-12.jpg","type":"image\/jpeg"}],"author":"EFM","twitter_card":"summary_large_image","twitter_misc":{"\u00c9crit par":"EFM","Dur\u00e9e de lecture estim\u00e9e":"2 minutes"},"schema":{"@context":"https:\/\/schema.org","@graph":[{"@type":"Article","@id":"https:\/\/www.efmaroc.org\/efm\/ambassadrices-en-herbe-2025-2026-les-eleves-du-reseau-efm-brillent-a-fes\/#article","isPartOf":{"@id":"https:\/\/www.efmaroc.org\/efm\/ambassadrices-en-herbe-2025-2026-les-eleves-du-reseau-efm-brillent-a-fes\/"},"author":{"name":"EFM","@id":"https:\/\/www.efmaroc.org\/efm\/#\/schema\/person\/25a9b635a4b2276393dd87dbd94c6302"},"headline":"Ambassadrices en herbe 2025-2026 : les \u00e9l\u00e8ves du r\u00e9seau EFM brillent \u00e0 F\u00e8s","datePublished":"2026-04-17T13:02:16+00:00","dateModified":"2026-04-17T14:20:01+00:00","mainEntityOfPage":{"@id":"https:\/\/www.efmaroc.org\/efm\/ambassadrices-en-herbe-2025-2026-les-eleves-du-reseau-efm-brillent-a-fes\/"},"wordCount":255,"publisher":{"@id":"https:\/\/www.efmaroc.org\/efm\/#organization"},"image":{"@id":"https:\/\/www.efmaroc.org\/efm\/ambassadrices-en-herbe-2025-2026-les-eleves-du-reseau-efm-brillent-a-fes\/#primaryimage"},"thumbnailUrl":"https:\/\/www.efmaroc.org\/efm\/wp-content\/uploads\/2026\/04\/PHOTO-2026-04-16-17-59-12.jpg","articleSection":["R\u00e9seau","Uncategorized"],"inLanguage":"fr-FR"},{"@type":"WebPage","@id":"https:\/\/www.efmaroc.org\/efm\/ambassadrices-en-herbe-2025-2026-les-eleves-du-reseau-efm-brillent-a-fes\/","url":"https:\/\/www.efmaroc.org\/efm\/ambassadrices-en-herbe-2025-2026-les-eleves-du-reseau-efm-brillent-a-fes\/","name":"Ambassadrices en herbe 2025-2026 : les \u00e9l\u00e8ves du r\u00e9seau EFM brillent \u00e0 F\u00e8s | Enseignement Fran\u00e7ais au Maroc","isPartOf":{"@id":"https:\/\/www.efmaroc.org\/efm\/#website"},"primaryImageOfPage":{"@id":"https:\/\/www.efmaroc.org\/efm\/ambassadrices-en-herbe-2025-2026-les-eleves-du-reseau-efm-brillent-a-fes\/#primaryimage"},"image":{"@id":"https:\/\/www.efmaroc.org\/efm\/ambassadrices-en-herbe-2025-2026-les-eleves-du-reseau-efm-brillent-a-fes\/#primaryimage"},"thumbnailUrl":"https:\/\/www.efmaroc.org\/efm\/wp-content\/uploads\/2026\/04\/PHOTO-2026-04-16-17-59-12.jpg","datePublished":"2026-04-17T13:02:16+00:00","dateModified":"2026-04-17T14:20:01+00:00","description":"Le Lyc\u00e9e Paul Val\u00e9ry, p\u00f4le F\u00e8s-Mekn\u00e8s, a accueilli la comp\u00e9tition r\u00e9gionale du projet Ambassadrices et Ambassadeurs en herbe (AAEH). Cr\u00e9\u00e9 en 2012 par","breadcrumb":{"@id":"https:\/\/www.efmaroc.org\/efm\/ambassadrices-en-herbe-2025-2026-les-eleves-du-reseau-efm-brillent-a-fes\/#breadcrumb"},"inLanguage":"fr-FR","potentialAction":[{"@type":"ReadAction","target":["https:\/\/www.efmaroc.org\/efm\/ambassadrices-en-herbe-2025-2026-les-eleves-du-reseau-efm-brillent-a-fes\/"]}]},{"@type":"ImageObject","inLanguage":"fr-FR","@id":"https:\/\/www.efmaroc.org\/efm\/ambassadrices-en-herbe-2025-2026-les-eleves-du-reseau-efm-brillent-a-fes\/#primaryimage","url":"https:\/\/www.efmaroc.org\/efm\/wp-content\/uploads\/2026\/04\/PHOTO-2026-04-16-17-59-12.jpg","contentUrl":"https:\/\/www.efmaroc.org\/efm\/wp-content\/uploads\/2026\/04\/PHOTO-2026-04-16-17-59-12.jpg","width":1600,"height":1200},{"@type":"BreadcrumbList","@id":"https:\/\/www.efmaroc.org\/efm\/ambassadrices-en-herbe-2025-2026-les-eleves-du-reseau-efm-brillent-a-fes\/#breadcrumb","itemListElement":[{"@type":"ListItem","position":1,"name":"Accueil","item":"https:\/\/www.efmaroc.org\/efm\/"},{"@type":"ListItem","position":2,"name":"Ambassadrices en herbe 2025-2026 : les \u00e9l\u00e8ves du r\u00e9seau EFM brillent \u00e0 F\u00e8s"}]},{"@type":"WebSite","@id":"https:\/\/www.efmaroc.org\/efm\/#website","url":"https:\/\/www.efmaroc.org\/efm\/","name":"EFM","description":"Enseignement Fran\u00e7ais au Maroc","publisher":{"@id":"https:\/\/www.efmaroc.org\/efm\/#organization"},"potentialAction":[{"@type":"SearchAction","target":{"@type":"EntryPoint","urlTemplate":"https:\/\/www.efmaroc.org\/efm\/?s={search_term_string}"},"query-input":{"@type":"PropertyValueSpecification","valueRequired":true,"valueName":"search_term_string"}}],"inLanguage":"fr-FR"},{"@type":"Organization","@id":"https:\/\/www.efmaroc.org\/efm\/#organization","name":"EFM","url":"https:\/\/www.efmaroc.org\/efm\/","logo":{"@type":"ImageObject","inLanguage":"fr-FR","@id":"https:\/\/www.efmaroc.org\/efm\/#\/schema\/logo\/image\/","url":"https:\/\/www.efmaroc.org\/efm\/wp-content\/uploads\/2022\/12\/efm-enseignement-francais-maroc-logotaglinex2.png","contentUrl":"https:\/\/www.efmaroc.org\/efm\/wp-content\/uploads\/2022\/12\/efm-enseignement-francais-maroc-logotaglinex2.png","width":104,"height":78,"caption":"EFM"},"image":{"@id":"https:\/\/www.efmaroc.org\/efm\/#\/schema\/logo\/image\/"}},{"@type":"Person","@id":"https:\/\/www.efmaroc.org\/efm\/#\/schema\/person\/25a9b635a4b2276393dd87dbd94c6302","name":"EFM","image":{"@type":"ImageObject","inLanguage":"fr-FR","@id":"https:\/\/www.efmaroc.org\/efm\/#\/schema\/person\/image\/","url":"https:\/\/secure.gravatar.com\/avatar\/0acf5f0ecc3b24f6fa3602920a0bc305ada83aa2d4adbe73d7718ee0e4155d61?s=96&d=mm&r=g","contentUrl":"https:\/\/secure.gravatar.com\/avatar\/0acf5f0ecc3b24f6fa3602920a0bc305ada83aa2d4adbe73d7718ee0e4155d61?s=96&d=mm&r=g","caption":"EFM"},"sameAs":["https:\/\/www.efmaroc.org\/efm"]}]}},"jetpack_featured_media_url":"https:\/\/www.efmaroc.org\/efm\/wp-content\/uploads\/2026\/04\/PHOTO-2026-04-16-17-59-12.jpg","jetpack_sharing_enabled":true,"_links":{"self":[{"href":"https:\/\/www.efmaroc.org\/efm\/wp-json\/wp\/v2\/posts\/25117","targetHints":{"allow":["GET"]}}],"collection":[{"href":"https:\/\/www.efmaroc.org\/efm\/wp-json\/wp\/v2\/posts"}],"about":[{"href":"https:\/\/www.efmaroc.org\/efm\/wp-json\/wp\/v2\/types\/post"}],"author":[{"embeddable":true,"href":"https:\/\/www.efmaroc.org\/efm\/wp-json\/wp\/v2\/users\/1"}],"replies":[{"embeddable":true,"href":"https:\/\/www.efmaroc.org\/efm\/wp-json\/wp\/v2\/comments?post=25117"}],"version-history":[{"count":3,"href":"https:\/\/www.efmaroc.org\/efm\/wp-json\/wp\/v2\/posts\/25117\/revisions"}],"predecessor-version":[{"id":25129,"href":"https:\/\/www.efmaroc.org\/efm\/wp-json\/wp\/v2\/posts\/25117\/revisions\/25129"}],"wp:featuredmedia":[{"embeddable":true,"href":"https:\/\/www.efmaroc.org\/efm\/wp-json\/wp\/v2\/media\/25119"}],"wp:attachment":[{"href":"https:\/\/www.efmaroc.org\/efm\/wp-json\/wp\/v2\/media?parent=25117"}],"wp:term":[{"taxonomy":"category","embeddable":true,"href":"https:\/\/www.efmaroc.org\/efm\/wp-json\/wp\/v2\/categories?post=25117"},{"taxonomy":"post_tag","embeddable":true,"href":"https:\/\/www.efmaroc.org\/efm\/wp-json\/wp\/v2\/tags?post=25117"}],"curies":[{"name":"wp","href":"https:\/\/api.w.org\/{rel}","templated":true}]}}