{"id":25130,"date":"2026-04-20T13:27:33","date_gmt":"2026-04-20T11:27:33","guid":{"rendered":"https:\/\/www.efmaroc.org\/efm\/?p=25130"},"modified":"2026-04-20T13:27:35","modified_gmt":"2026-04-20T11:27:35","slug":"finale-des-jeux-de-la-ligue-maroc-2026-une-semaine-exceptionnelle-a-kenitra","status":"publish","type":"post","link":"https:\/\/www.efmaroc.org\/efm\/finale-des-jeux-de-la-ligue-maroc-2026-une-semaine-exceptionnelle-a-kenitra\/","title":{"rendered":"Finale des Jeux de la Ligue Maroc 2026 : une semaine exceptionnelle \u00e0 K\u00e9nitra\u202f!"},"content":{"rendered":"\n<p>Du 13 au 17 avril, la ville de K\u00e9nitra a vibr\u00e9 au rythme de la 3\u1d49 \u00e9dition des Jeux de la Ligue Maroc, un rendez-vous d\u00e9sormais incontournable du r\u00e9seau AEFE. Cette \u00e9dition a r\u00e9uni 120 \u00e9l\u00e8ves venus de quinze \u00e9tablissements : quatorze du Maroc et un de Mauritanie, autour d\u2019\u00e9quipes mixtes et inter-degr\u00e9s (CM1, CM2, 6\u1d49), o\u00f9 la parit\u00e9 filles-gar\u00e7ons a \u00e9t\u00e9 au c\u0153ur du projet.<\/p>\n\n\n\n<p>Tout au long de cette semaine intense, les participants ont encha\u00een\u00e9 rencontres sportives (ultimate, futsal), activit\u00e9s de d\u00e9couverte (surf, golf, hip-hop), bike and run et course d\u2019orientation. Les \u00e9l\u00e8ves ont \u00e9galement pris part \u00e0 des temps forts autour du d\u00e9veloppement durable et ont profit\u00e9 d\u2019une immersion culturelle \u00e0 Rabat, avec un rallye au Chellah.<br>L\u2019un des moments marquants fut la rencontre inspirante avec l\u2019athl\u00e8te olympique Mehdi Essadiq (JO Tokyo 2021), venu partager son parcours et \u00e9changer avec les jeunes sportifs.<\/p>\n\n\n\n<p>Un immense merci \u00e0 Anesse Hilmi, Zakia Chui et \u00e0 toute l\u2019\u00e9quipe du GSU Honor\u00e9 de Balzac pour leur accueil chaleureux, \u00e0 C\u00e9dric Chopin pour son organisation et son \u00e9nergie communicative, ainsi qu\u2019\u00e0 la classe m\u00e9dia du GSU Balzac, accompagn\u00e9e par Mohamed Arfa, pour leur couverture de l\u2019\u00e9v\u00e9nement \u201cde l\u2019int\u00e9rieur\u201d.<\/p>\n\n\n\n<h3 class=\"wp-block-heading\">Palmar\u00e8s 2026<\/h3>\n\n\n\n<ul class=\"wp-block-list\">\n<li>1\u02b3\u1d49 place : \u00c9cole Fran\u00e7aise Internationale de Casablanca (EFI Casablanca)<\/li>\n\n\n\n<li>2\u1d49 place : Lyc\u00e9e fran\u00e7ais Victor-Hugo de Marrakech<\/li>\n\n\n\n<li>3\u1d49 place : Lyc\u00e9e Fran\u00e7ais Th\u00e9odore Monod de Nouakchott<\/li>\n<\/ul>\n\n\n\n<p>Bravo \u00e0 toutes et \u00e0 tous pour cette belle semaine de sport, de culture et de partage, fid\u00e8le aux valeurs de coop\u00e9ration, d\u2019ouverture et de respect port\u00e9es par l\u2019AEFE et l\u2019UNSS.<\/p>\n\n\n\n<figure class=\"wp-block-image size-large\"><img fetchpriority=\"high\" decoding=\"async\" width=\"1024\" height=\"576\" src=\"https:\/\/www.efmaroc.org\/efm\/wp-content\/uploads\/2026\/04\/PHOTO-2026-04-17-12-48-55-1024x576.jpg\" alt=\"\" class=\"wp-image-25131\" srcset=\"https:\/\/www.efmaroc.org\/efm\/wp-content\/uploads\/2026\/04\/PHOTO-2026-04-17-12-48-55-1024x576.jpg 1024w, https:\/\/www.efmaroc.org\/efm\/wp-content\/uploads\/2026\/04\/PHOTO-2026-04-17-12-48-55-300x169.jpg 300w, https:\/\/www.efmaroc.org\/efm\/wp-content\/uploads\/2026\/04\/PHOTO-2026-04-17-12-48-55-768x432.jpg 768w, https:\/\/www.efmaroc.org\/efm\/wp-content\/uploads\/2026\/04\/PHOTO-2026-04-17-12-48-55-1536x864.jpg 1536w, https:\/\/www.efmaroc.org\/efm\/wp-content\/uploads\/2026\/04\/PHOTO-2026-04-17-12-48-55-370x208.jpg 370w, https:\/\/www.efmaroc.org\/efm\/wp-content\/uploads\/2026\/04\/PHOTO-2026-04-17-12-48-55-1290x725.jpg 1290w, https:\/\/www.efmaroc.org\/efm\/wp-content\/uploads\/2026\/04\/PHOTO-2026-04-17-12-48-55-840x473.jpg 840w, https:\/\/www.efmaroc.org\/efm\/wp-content\/uploads\/2026\/04\/PHOTO-2026-04-17-12-48-55-410x231.jpg 410w, https:\/\/www.efmaroc.org\/efm\/wp-content\/uploads\/2026\/04\/PHOTO-2026-04-17-12-48-55-270x152.jpg 270w, https:\/\/www.efmaroc.org\/efm\/wp-content\/uploads\/2026\/04\/PHOTO-2026-04-17-12-48-55.jpg 1600w\" sizes=\"(max-width: 1024px) 100vw, 1024px\" \/><\/figure>\n","protected":false},"excerpt":{"rendered":"<p>Du 13 au 17 avril, la ville de K\u00e9nitra a vibr\u00e9 au rythme de la&hellip;<\/p>\n","protected":false},"author":1,"featured_media":25131,"comment_status":"closed","ping_status":"open","sticky":false,"template":"","format":"standard","meta":{"_jetpack_newsletter_access":"","_jetpack_dont_email_post_to_subs":false,"_jetpack_newsletter_tier_id":0,"_jetpack_memberships_contains_paywalled_content":false,"_jetpack_memberships_contains_paid_content":false,"footnotes":""},"categories":[14,13],"tags":[],"class_list":["post-25130","post","type-post","status-publish","format-standard","has-post-thumbnail","hentry","category-nouvelles","category-reseau"],"yoast_head":"<!-- This site is optimized with the Yoast SEO plugin v26.8 - https:\/\/yoast.com\/product\/yoast-seo-wordpress\/ -->\n<title>Finale des Jeux de la Ligue Maroc 2026 : une semaine exceptionnelle \u00e0 K\u00e9nitra\u202f! | Enseignement Fran\u00e7ais au Maroc<\/title>\n<meta name=\"description\" content=\"Du 13 au 17 avril, la ville de K\u00e9nitra a vibr\u00e9 au rythme de la 3\u1d49 \u00e9dition des Jeux de la Ligue Maroc, un rendez-vous d\u00e9sormais incontournable du r\u00e9seau\" \/>\n<meta name=\"robots\" content=\"index, follow, max-snippet:-1, max-image-preview:large, max-video-preview:-1\" \/>\n<link rel=\"canonical\" href=\"https:\/\/www.efmaroc.org\/efm\/finale-des-jeux-de-la-ligue-maroc-2026-une-semaine-exceptionnelle-a-kenitra\/\" \/>\n<meta property=\"og:locale\" content=\"fr_FR\" \/>\n<meta property=\"og:type\" content=\"article\" \/>\n<meta property=\"og:title\" content=\"Finale des Jeux de la Ligue Maroc 2026 : une semaine exceptionnelle \u00e0 K\u00e9nitra\u202f! | Enseignement Fran\u00e7ais au Maroc\" \/>\n<meta property=\"og:description\" content=\"Du 13 au 17 avril, la ville de K\u00e9nitra a vibr\u00e9 au rythme de la 3\u1d49 \u00e9dition des Jeux de la Ligue Maroc, un rendez-vous d\u00e9sormais incontournable du r\u00e9seau\" \/>\n<meta property=\"og:url\" content=\"https:\/\/www.efmaroc.org\/efm\/finale-des-jeux-de-la-ligue-maroc-2026-une-semaine-exceptionnelle-a-kenitra\/\" \/>\n<meta property=\"og:site_name\" content=\"EFM\" \/>\n<meta property=\"article:published_time\" content=\"2026-04-20T11:27:33+00:00\" \/>\n<meta property=\"article:modified_time\" content=\"2026-04-20T11:27:35+00:00\" \/>\n<meta property=\"og:image\" content=\"https:\/\/www.efmaroc.org\/efm\/wp-content\/uploads\/2026\/04\/PHOTO-2026-04-17-12-48-55.jpg\" \/>\n\t<meta property=\"og:image:width\" content=\"1600\" \/>\n\t<meta property=\"og:image:height\" content=\"900\" \/>\n\t<meta property=\"og:image:type\" content=\"image\/jpeg\" \/>\n<meta name=\"author\" content=\"EFM\" \/>\n<meta name=\"twitter:card\" content=\"summary_large_image\" \/>\n<meta name=\"twitter:label1\" content=\"\u00c9crit par\" \/>\n\t<meta name=\"twitter:data1\" content=\"EFM\" \/>\n\t<meta name=\"twitter:label2\" content=\"Dur\u00e9e de lecture estim\u00e9e\" \/>\n\t<meta name=\"twitter:data2\" content=\"2 minutes\" \/>\n<script type=\"application\/ld+json\" class=\"yoast-schema-graph\">{\"@context\":\"https:\/\/schema.org\",\"@graph\":[{\"@type\":\"Article\",\"@id\":\"https:\/\/www.efmaroc.org\/efm\/finale-des-jeux-de-la-ligue-maroc-2026-une-semaine-exceptionnelle-a-kenitra\/#article\",\"isPartOf\":{\"@id\":\"https:\/\/www.efmaroc.org\/efm\/finale-des-jeux-de-la-ligue-maroc-2026-une-semaine-exceptionnelle-a-kenitra\/\"},\"author\":{\"name\":\"EFM\",\"@id\":\"https:\/\/www.efmaroc.org\/efm\/#\/schema\/person\/25a9b635a4b2276393dd87dbd94c6302\"},\"headline\":\"Finale des Jeux de la Ligue Maroc 2026 : une semaine exceptionnelle \u00e0 K\u00e9nitra\u202f!\",\"datePublished\":\"2026-04-20T11:27:33+00:00\",\"dateModified\":\"2026-04-20T11:27:35+00:00\",\"mainEntityOfPage\":{\"@id\":\"https:\/\/www.efmaroc.org\/efm\/finale-des-jeux-de-la-ligue-maroc-2026-une-semaine-exceptionnelle-a-kenitra\/\"},\"wordCount\":287,\"publisher\":{\"@id\":\"https:\/\/www.efmaroc.org\/efm\/#organization\"},\"image\":{\"@id\":\"https:\/\/www.efmaroc.org\/efm\/finale-des-jeux-de-la-ligue-maroc-2026-une-semaine-exceptionnelle-a-kenitra\/#primaryimage\"},\"thumbnailUrl\":\"https:\/\/www.efmaroc.org\/efm\/wp-content\/uploads\/2026\/04\/PHOTO-2026-04-17-12-48-55.jpg\",\"articleSection\":[\"Nouvelles\",\"R\u00e9seau\"],\"inLanguage\":\"fr-FR\"},{\"@type\":\"WebPage\",\"@id\":\"https:\/\/www.efmaroc.org\/efm\/finale-des-jeux-de-la-ligue-maroc-2026-une-semaine-exceptionnelle-a-kenitra\/\",\"url\":\"https:\/\/www.efmaroc.org\/efm\/finale-des-jeux-de-la-ligue-maroc-2026-une-semaine-exceptionnelle-a-kenitra\/\",\"name\":\"Finale des Jeux de la Ligue Maroc 2026 : une semaine exceptionnelle \u00e0 K\u00e9nitra\u202f! | Enseignement Fran\u00e7ais au Maroc\",\"isPartOf\":{\"@id\":\"https:\/\/www.efmaroc.org\/efm\/#website\"},\"primaryImageOfPage\":{\"@id\":\"https:\/\/www.efmaroc.org\/efm\/finale-des-jeux-de-la-ligue-maroc-2026-une-semaine-exceptionnelle-a-kenitra\/#primaryimage\"},\"image\":{\"@id\":\"https:\/\/www.efmaroc.org\/efm\/finale-des-jeux-de-la-ligue-maroc-2026-une-semaine-exceptionnelle-a-kenitra\/#primaryimage\"},\"thumbnailUrl\":\"https:\/\/www.efmaroc.org\/efm\/wp-content\/uploads\/2026\/04\/PHOTO-2026-04-17-12-48-55.jpg\",\"datePublished\":\"2026-04-20T11:27:33+00:00\",\"dateModified\":\"2026-04-20T11:27:35+00:00\",\"description\":\"Du 13 au 17 avril, la ville de K\u00e9nitra a vibr\u00e9 au rythme de la 3\u1d49 \u00e9dition des Jeux de la Ligue Maroc, un rendez-vous d\u00e9sormais incontournable du r\u00e9seau\",\"breadcrumb\":{\"@id\":\"https:\/\/www.efmaroc.org\/efm\/finale-des-jeux-de-la-ligue-maroc-2026-une-semaine-exceptionnelle-a-kenitra\/#breadcrumb\"},\"inLanguage\":\"fr-FR\",\"potentialAction\":[{\"@type\":\"ReadAction\",\"target\":[\"https:\/\/www.efmaroc.org\/efm\/finale-des-jeux-de-la-ligue-maroc-2026-une-semaine-exceptionnelle-a-kenitra\/\"]}]},{\"@type\":\"ImageObject\",\"inLanguage\":\"fr-FR\",\"@id\":\"https:\/\/www.efmaroc.org\/efm\/finale-des-jeux-de-la-ligue-maroc-2026-une-semaine-exceptionnelle-a-kenitra\/#primaryimage\",\"url\":\"https:\/\/www.efmaroc.org\/efm\/wp-content\/uploads\/2026\/04\/PHOTO-2026-04-17-12-48-55.jpg\",\"contentUrl\":\"https:\/\/www.efmaroc.org\/efm\/wp-content\/uploads\/2026\/04\/PHOTO-2026-04-17-12-48-55.jpg\",\"width\":1600,\"height\":900},{\"@type\":\"BreadcrumbList\",\"@id\":\"https:\/\/www.efmaroc.org\/efm\/finale-des-jeux-de-la-ligue-maroc-2026-une-semaine-exceptionnelle-a-kenitra\/#breadcrumb\",\"itemListElement\":[{\"@type\":\"ListItem\",\"position\":1,\"name\":\"Accueil\",\"item\":\"https:\/\/www.efmaroc.org\/efm\/\"},{\"@type\":\"ListItem\",\"position\":2,\"name\":\"Finale des Jeux de la Ligue Maroc 2026 : une semaine exceptionnelle \u00e0 K\u00e9nitra\u202f!\"}]},{\"@type\":\"WebSite\",\"@id\":\"https:\/\/www.efmaroc.org\/efm\/#website\",\"url\":\"https:\/\/www.efmaroc.org\/efm\/\",\"name\":\"EFM\",\"description\":\"Enseignement Fran\u00e7ais au Maroc\",\"publisher\":{\"@id\":\"https:\/\/www.efmaroc.org\/efm\/#organization\"},\"potentialAction\":[{\"@type\":\"SearchAction\",\"target\":{\"@type\":\"EntryPoint\",\"urlTemplate\":\"https:\/\/www.efmaroc.org\/efm\/?s={search_term_string}\"},\"query-input\":{\"@type\":\"PropertyValueSpecification\",\"valueRequired\":true,\"valueName\":\"search_term_string\"}}],\"inLanguage\":\"fr-FR\"},{\"@type\":\"Organization\",\"@id\":\"https:\/\/www.efmaroc.org\/efm\/#organization\",\"name\":\"EFM\",\"url\":\"https:\/\/www.efmaroc.org\/efm\/\",\"logo\":{\"@type\":\"ImageObject\",\"inLanguage\":\"fr-FR\",\"@id\":\"https:\/\/www.efmaroc.org\/efm\/#\/schema\/logo\/image\/\",\"url\":\"https:\/\/www.efmaroc.org\/efm\/wp-content\/uploads\/2022\/12\/efm-enseignement-francais-maroc-logotaglinex2.png\",\"contentUrl\":\"https:\/\/www.efmaroc.org\/efm\/wp-content\/uploads\/2022\/12\/efm-enseignement-francais-maroc-logotaglinex2.png\",\"width\":104,\"height\":78,\"caption\":\"EFM\"},\"image\":{\"@id\":\"https:\/\/www.efmaroc.org\/efm\/#\/schema\/logo\/image\/\"}},{\"@type\":\"Person\",\"@id\":\"https:\/\/www.efmaroc.org\/efm\/#\/schema\/person\/25a9b635a4b2276393dd87dbd94c6302\",\"name\":\"EFM\",\"image\":{\"@type\":\"ImageObject\",\"inLanguage\":\"fr-FR\",\"@id\":\"https:\/\/www.efmaroc.org\/efm\/#\/schema\/person\/image\/\",\"url\":\"https:\/\/secure.gravatar.com\/avatar\/0acf5f0ecc3b24f6fa3602920a0bc305ada83aa2d4adbe73d7718ee0e4155d61?s=96&d=mm&r=g\",\"contentUrl\":\"https:\/\/secure.gravatar.com\/avatar\/0acf5f0ecc3b24f6fa3602920a0bc305ada83aa2d4adbe73d7718ee0e4155d61?s=96&d=mm&r=g\",\"caption\":\"EFM\"},\"sameAs\":[\"https:\/\/www.efmaroc.org\/efm\"]}]}<\/script>\n<!-- \/ Yoast SEO plugin. -->","yoast_head_json":{"title":"Finale des Jeux de la Ligue Maroc 2026 : une semaine exceptionnelle \u00e0 K\u00e9nitra\u202f! | Enseignement Fran\u00e7ais au Maroc","description":"Du 13 au 17 avril, la ville de K\u00e9nitra a vibr\u00e9 au rythme de la 3\u1d49 \u00e9dition des Jeux de la Ligue Maroc, un rendez-vous d\u00e9sormais incontournable du r\u00e9seau","robots":{"index":"index","follow":"follow","max-snippet":"max-snippet:-1","max-image-preview":"max-image-preview:large","max-video-preview":"max-video-preview:-1"},"canonical":"https:\/\/www.efmaroc.org\/efm\/finale-des-jeux-de-la-ligue-maroc-2026-une-semaine-exceptionnelle-a-kenitra\/","og_locale":"fr_FR","og_type":"article","og_title":"Finale des Jeux de la Ligue Maroc 2026 : une semaine exceptionnelle \u00e0 K\u00e9nitra\u202f! | Enseignement Fran\u00e7ais au Maroc","og_description":"Du 13 au 17 avril, la ville de K\u00e9nitra a vibr\u00e9 au rythme de la 3\u1d49 \u00e9dition des Jeux de la Ligue Maroc, un rendez-vous d\u00e9sormais incontournable du r\u00e9seau","og_url":"https:\/\/www.efmaroc.org\/efm\/finale-des-jeux-de-la-ligue-maroc-2026-une-semaine-exceptionnelle-a-kenitra\/","og_site_name":"EFM","article_published_time":"2026-04-20T11:27:33+00:00","article_modified_time":"2026-04-20T11:27:35+00:00","og_image":[{"width":1600,"height":900,"url":"https:\/\/www.efmaroc.org\/efm\/wp-content\/uploads\/2026\/04\/PHOTO-2026-04-17-12-48-55.jpg","type":"image\/jpeg"}],"author":"EFM","twitter_card":"summary_large_image","twitter_misc":{"\u00c9crit par":"EFM","Dur\u00e9e de lecture estim\u00e9e":"2 minutes"},"schema":{"@context":"https:\/\/schema.org","@graph":[{"@type":"Article","@id":"https:\/\/www.efmaroc.org\/efm\/finale-des-jeux-de-la-ligue-maroc-2026-une-semaine-exceptionnelle-a-kenitra\/#article","isPartOf":{"@id":"https:\/\/www.efmaroc.org\/efm\/finale-des-jeux-de-la-ligue-maroc-2026-une-semaine-exceptionnelle-a-kenitra\/"},"author":{"name":"EFM","@id":"https:\/\/www.efmaroc.org\/efm\/#\/schema\/person\/25a9b635a4b2276393dd87dbd94c6302"},"headline":"Finale des Jeux de la Ligue Maroc 2026 : une semaine exceptionnelle \u00e0 K\u00e9nitra\u202f!","datePublished":"2026-04-20T11:27:33+00:00","dateModified":"2026-04-20T11:27:35+00:00","mainEntityOfPage":{"@id":"https:\/\/www.efmaroc.org\/efm\/finale-des-jeux-de-la-ligue-maroc-2026-une-semaine-exceptionnelle-a-kenitra\/"},"wordCount":287,"publisher":{"@id":"https:\/\/www.efmaroc.org\/efm\/#organization"},"image":{"@id":"https:\/\/www.efmaroc.org\/efm\/finale-des-jeux-de-la-ligue-maroc-2026-une-semaine-exceptionnelle-a-kenitra\/#primaryimage"},"thumbnailUrl":"https:\/\/www.efmaroc.org\/efm\/wp-content\/uploads\/2026\/04\/PHOTO-2026-04-17-12-48-55.jpg","articleSection":["Nouvelles","R\u00e9seau"],"inLanguage":"fr-FR"},{"@type":"WebPage","@id":"https:\/\/www.efmaroc.org\/efm\/finale-des-jeux-de-la-ligue-maroc-2026-une-semaine-exceptionnelle-a-kenitra\/","url":"https:\/\/www.efmaroc.org\/efm\/finale-des-jeux-de-la-ligue-maroc-2026-une-semaine-exceptionnelle-a-kenitra\/","name":"Finale des Jeux de la Ligue Maroc 2026 : une semaine exceptionnelle \u00e0 K\u00e9nitra\u202f! | Enseignement Fran\u00e7ais au Maroc","isPartOf":{"@id":"https:\/\/www.efmaroc.org\/efm\/#website"},"primaryImageOfPage":{"@id":"https:\/\/www.efmaroc.org\/efm\/finale-des-jeux-de-la-ligue-maroc-2026-une-semaine-exceptionnelle-a-kenitra\/#primaryimage"},"image":{"@id":"https:\/\/www.efmaroc.org\/efm\/finale-des-jeux-de-la-ligue-maroc-2026-une-semaine-exceptionnelle-a-kenitra\/#primaryimage"},"thumbnailUrl":"https:\/\/www.efmaroc.org\/efm\/wp-content\/uploads\/2026\/04\/PHOTO-2026-04-17-12-48-55.jpg","datePublished":"2026-04-20T11:27:33+00:00","dateModified":"2026-04-20T11:27:35+00:00","description":"Du 13 au 17 avril, la ville de K\u00e9nitra a vibr\u00e9 au rythme de la 3\u1d49 \u00e9dition des Jeux de la Ligue Maroc, un rendez-vous d\u00e9sormais incontournable du r\u00e9seau","breadcrumb":{"@id":"https:\/\/www.efmaroc.org\/efm\/finale-des-jeux-de-la-ligue-maroc-2026-une-semaine-exceptionnelle-a-kenitra\/#breadcrumb"},"inLanguage":"fr-FR","potentialAction":[{"@type":"ReadAction","target":["https:\/\/www.efmaroc.org\/efm\/finale-des-jeux-de-la-ligue-maroc-2026-une-semaine-exceptionnelle-a-kenitra\/"]}]},{"@type":"ImageObject","inLanguage":"fr-FR","@id":"https:\/\/www.efmaroc.org\/efm\/finale-des-jeux-de-la-ligue-maroc-2026-une-semaine-exceptionnelle-a-kenitra\/#primaryimage","url":"https:\/\/www.efmaroc.org\/efm\/wp-content\/uploads\/2026\/04\/PHOTO-2026-04-17-12-48-55.jpg","contentUrl":"https:\/\/www.efmaroc.org\/efm\/wp-content\/uploads\/2026\/04\/PHOTO-2026-04-17-12-48-55.jpg","width":1600,"height":900},{"@type":"BreadcrumbList","@id":"https:\/\/www.efmaroc.org\/efm\/finale-des-jeux-de-la-ligue-maroc-2026-une-semaine-exceptionnelle-a-kenitra\/#breadcrumb","itemListElement":[{"@type":"ListItem","position":1,"name":"Accueil","item":"https:\/\/www.efmaroc.org\/efm\/"},{"@type":"ListItem","position":2,"name":"Finale des Jeux de la Ligue Maroc 2026 : une semaine exceptionnelle \u00e0 K\u00e9nitra\u202f!"}]},{"@type":"WebSite","@id":"https:\/\/www.efmaroc.org\/efm\/#website","url":"https:\/\/www.efmaroc.org\/efm\/","name":"EFM","description":"Enseignement Fran\u00e7ais au Maroc","publisher":{"@id":"https:\/\/www.efmaroc.org\/efm\/#organization"},"potentialAction":[{"@type":"SearchAction","target":{"@type":"EntryPoint","urlTemplate":"https:\/\/www.efmaroc.org\/efm\/?s={search_term_string}"},"query-input":{"@type":"PropertyValueSpecification","valueRequired":true,"valueName":"search_term_string"}}],"inLanguage":"fr-FR"},{"@type":"Organization","@id":"https:\/\/www.efmaroc.org\/efm\/#organization","name":"EFM","url":"https:\/\/www.efmaroc.org\/efm\/","logo":{"@type":"ImageObject","inLanguage":"fr-FR","@id":"https:\/\/www.efmaroc.org\/efm\/#\/schema\/logo\/image\/","url":"https:\/\/www.efmaroc.org\/efm\/wp-content\/uploads\/2022\/12\/efm-enseignement-francais-maroc-logotaglinex2.png","contentUrl":"https:\/\/www.efmaroc.org\/efm\/wp-content\/uploads\/2022\/12\/efm-enseignement-francais-maroc-logotaglinex2.png","width":104,"height":78,"caption":"EFM"},"image":{"@id":"https:\/\/www.efmaroc.org\/efm\/#\/schema\/logo\/image\/"}},{"@type":"Person","@id":"https:\/\/www.efmaroc.org\/efm\/#\/schema\/person\/25a9b635a4b2276393dd87dbd94c6302","name":"EFM","image":{"@type":"ImageObject","inLanguage":"fr-FR","@id":"https:\/\/www.efmaroc.org\/efm\/#\/schema\/person\/image\/","url":"https:\/\/secure.gravatar.com\/avatar\/0acf5f0ecc3b24f6fa3602920a0bc305ada83aa2d4adbe73d7718ee0e4155d61?s=96&d=mm&r=g","contentUrl":"https:\/\/secure.gravatar.com\/avatar\/0acf5f0ecc3b24f6fa3602920a0bc305ada83aa2d4adbe73d7718ee0e4155d61?s=96&d=mm&r=g","caption":"EFM"},"sameAs":["https:\/\/www.efmaroc.org\/efm"]}]}},"jetpack_featured_media_url":"https:\/\/www.efmaroc.org\/efm\/wp-content\/uploads\/2026\/04\/PHOTO-2026-04-17-12-48-55.jpg","jetpack_sharing_enabled":true,"_links":{"self":[{"href":"https:\/\/www.efmaroc.org\/efm\/wp-json\/wp\/v2\/posts\/25130","targetHints":{"allow":["GET"]}}],"collection":[{"href":"https:\/\/www.efmaroc.org\/efm\/wp-json\/wp\/v2\/posts"}],"about":[{"href":"https:\/\/www.efmaroc.org\/efm\/wp-json\/wp\/v2\/types\/post"}],"author":[{"embeddable":true,"href":"https:\/\/www.efmaroc.org\/efm\/wp-json\/wp\/v2\/users\/1"}],"replies":[{"embeddable":true,"href":"https:\/\/www.efmaroc.org\/efm\/wp-json\/wp\/v2\/comments?post=25130"}],"version-history":[{"count":1,"href":"https:\/\/www.efmaroc.org\/efm\/wp-json\/wp\/v2\/posts\/25130\/revisions"}],"predecessor-version":[{"id":25132,"href":"https:\/\/www.efmaroc.org\/efm\/wp-json\/wp\/v2\/posts\/25130\/revisions\/25132"}],"wp:featuredmedia":[{"embeddable":true,"href":"https:\/\/www.efmaroc.org\/efm\/wp-json\/wp\/v2\/media\/25131"}],"wp:attachment":[{"href":"https:\/\/www.efmaroc.org\/efm\/wp-json\/wp\/v2\/media?parent=25130"}],"wp:term":[{"taxonomy":"category","embeddable":true,"href":"https:\/\/www.efmaroc.org\/efm\/wp-json\/wp\/v2\/categories?post=25130"},{"taxonomy":"post_tag","embeddable":true,"href":"https:\/\/www.efmaroc.org\/efm\/wp-json\/wp\/v2\/tags?post=25130"}],"curies":[{"name":"wp","href":"https:\/\/api.w.org\/{rel}","templated":true}]}}