{"id":2597,"date":"2022-12-15T11:24:49","date_gmt":"2022-12-15T10:24:49","guid":{"rendered":"https:\/\/www.efmaroc.org\/efm\/?p=2597"},"modified":"2023-03-03T13:37:55","modified_gmt":"2023-03-03T12:37:55","slug":"visite-de-catherine-colonna-ministre-des-affaires-etrangeres-a-rabat","status":"publish","type":"post","link":"https:\/\/www.efmaroc.org\/efm\/visite-de-catherine-colonna-ministre-des-affaires-etrangeres-a-rabat\/","title":{"rendered":"Visite de Catherine Colonna, Ministre des affaires \u00e9trang\u00e8res \u00e0 Rabat"},"content":{"rendered":"\n<p class=\"has-drop-cap\">Catherine Colonna, Ministre des affaires \u00e9trang\u00e8res \u00e9tait en d\u00e9placement \u00e0 Rabat durant la semaine de la Journ\u00e9e internationale de la langue arabe, du jeudi 15 d\u00e9cembre au vendredi 16 d\u00e9cembre 2022.<\/p>\n\n\n\n<p class=\"has-drop-cap\"><br>Catherine Colonna s\u2019est rendue au lyc\u00e9e Descartes de Rabat, lyc\u00e9e accueillant 2 465 \u00e9l\u00e8ves soit 25% des \u00e9l\u00e8ves du r\u00e9seau de l\u2019enseignement fran\u00e7ais au Maroc du p\u00f4le <strong>Rabat-K\u00e9nitra<\/strong>.<\/p>\n\n\n\n<p>Durant cette visite, madame la Ministre a assist\u00e9 \u00e0 des expositions artistiques sur la th\u00e9matique \u00ab la contribution de la langue arabe \u00e0 la civilisation et \u00e0 la culture de l\u2019humanit\u00e9 \u00bb. Cette visite \u00e9tait \u00e9galement un \u00e9change et une rencontre avec les \u00e9l\u00e8ves.<\/p>\n\n\n\n<div style=\"height:13px\" aria-hidden=\"true\" class=\"wp-block-spacer\"><\/div>\n\n\n\n<figure class=\"wp-block-gallery alignwide has-nested-images columns-default is-cropped wp-block-gallery-1 is-layout-flex wp-block-gallery-is-layout-flex\">\n<figure class=\"wp-block-image size-large\"><img fetchpriority=\"high\" decoding=\"async\" width=\"584\" height=\"819\" data-id=\"21065\" src=\"https:\/\/www.efmaroc.org\/efm\/wp-content\/uploads\/2023\/01\/efm-enseignement-francais-maroc-article-1.jpg\" alt=\"\" class=\"wp-image-21065\" srcset=\"https:\/\/www.efmaroc.org\/efm\/wp-content\/uploads\/2023\/01\/efm-enseignement-francais-maroc-article-1.jpg 584w, https:\/\/www.efmaroc.org\/efm\/wp-content\/uploads\/2023\/01\/efm-enseignement-francais-maroc-article-1-214x300.jpg 214w, https:\/\/www.efmaroc.org\/efm\/wp-content\/uploads\/2023\/01\/efm-enseignement-francais-maroc-article-1-370x519.jpg 370w, https:\/\/www.efmaroc.org\/efm\/wp-content\/uploads\/2023\/01\/efm-enseignement-francais-maroc-article-1-410x575.jpg 410w\" sizes=\"(max-width: 600px) 100vw, 584px\" \/><\/figure>\n\n\n\n<figure class=\"wp-block-image size-large\"><img decoding=\"async\" width=\"1024\" height=\"708\" data-id=\"21066\" src=\"https:\/\/www.efmaroc.org\/efm\/wp-content\/uploads\/2020\/05\/efm-enseignement-francais-maroc-article-2-1024x708.jpg\" alt=\"\" class=\"wp-image-21066\" srcset=\"https:\/\/www.efmaroc.org\/efm\/wp-content\/uploads\/2020\/05\/efm-enseignement-francais-maroc-article-2-1024x708.jpg 1024w, https:\/\/www.efmaroc.org\/efm\/wp-content\/uploads\/2020\/05\/efm-enseignement-francais-maroc-article-2-300x208.jpg 300w, https:\/\/www.efmaroc.org\/efm\/wp-content\/uploads\/2020\/05\/efm-enseignement-francais-maroc-article-2-768x531.jpg 768w, https:\/\/www.efmaroc.org\/efm\/wp-content\/uploads\/2020\/05\/efm-enseignement-francais-maroc-article-2-370x256.jpg 370w, https:\/\/www.efmaroc.org\/efm\/wp-content\/uploads\/2020\/05\/efm-enseignement-francais-maroc-article-2-840x581.jpg 840w, https:\/\/www.efmaroc.org\/efm\/wp-content\/uploads\/2020\/05\/efm-enseignement-francais-maroc-article-2-410x284.jpg 410w, https:\/\/www.efmaroc.org\/efm\/wp-content\/uploads\/2020\/05\/efm-enseignement-francais-maroc-article-2.jpg 1168w\" sizes=\"(max-width: 1024px) 100vw, 1024px\" \/><\/figure>\n<\/figure>\n","protected":false},"excerpt":{"rendered":"<p>Catherine Colonna, Ministre des affaires \u00e9trang\u00e8res \u00e9tait en d\u00e9placement \u00e0 Rabat durant la semaine de&hellip;<\/p>\n","protected":false},"author":1,"featured_media":21066,"comment_status":"closed","ping_status":"closed","sticky":false,"template":"","format":"image","meta":{"_jetpack_newsletter_access":"","_jetpack_dont_email_post_to_subs":false,"_jetpack_newsletter_tier_id":0,"_jetpack_memberships_contains_paywalled_content":false,"_jetpack_memberships_contains_paid_content":false,"footnotes":""},"categories":[14,13],"tags":[],"class_list":["post-2597","post","type-post","status-publish","format-image","has-post-thumbnail","hentry","category-nouvelles","category-reseau","post_format-post-format-image"],"yoast_head":"<!-- This site is optimized with the Yoast SEO plugin v26.8 - https:\/\/yoast.com\/product\/yoast-seo-wordpress\/ -->\n<title>Visite de Catherine Colonna, Ministre des affaires \u00e9trang\u00e8res \u00e0 Rabat | Enseignement Fran\u00e7ais au Maroc<\/title>\n<meta name=\"description\" content=\"Catherine Colonna, Ministre des affaires \u00e9trang\u00e8res \u00e9tait en d\u00e9placement \u00e0 Rabat durant la semaine de la Journ\u00e9e internationale de la langue arabe, du\" \/>\n<meta name=\"robots\" content=\"index, follow, max-snippet:-1, max-image-preview:large, max-video-preview:-1\" \/>\n<link rel=\"canonical\" href=\"https:\/\/www.efmaroc.org\/efm\/visite-de-catherine-colonna-ministre-des-affaires-etrangeres-a-rabat\/\" \/>\n<meta property=\"og:locale\" content=\"fr_FR\" \/>\n<meta property=\"og:type\" content=\"article\" \/>\n<meta property=\"og:title\" content=\"Visite de Catherine Colonna, Ministre des affaires \u00e9trang\u00e8res \u00e0 Rabat | Enseignement Fran\u00e7ais au Maroc\" \/>\n<meta property=\"og:description\" content=\"Catherine Colonna, Ministre des affaires \u00e9trang\u00e8res \u00e9tait en d\u00e9placement \u00e0 Rabat durant la semaine de la Journ\u00e9e internationale de la langue arabe, du\" \/>\n<meta property=\"og:url\" content=\"https:\/\/www.efmaroc.org\/efm\/visite-de-catherine-colonna-ministre-des-affaires-etrangeres-a-rabat\/\" \/>\n<meta property=\"og:site_name\" content=\"EFM\" \/>\n<meta property=\"article:published_time\" content=\"2022-12-15T10:24:49+00:00\" \/>\n<meta property=\"article:modified_time\" content=\"2023-03-03T12:37:55+00:00\" \/>\n<meta property=\"og:image\" content=\"https:\/\/www.efmaroc.org\/efm\/wp-content\/uploads\/2020\/05\/efm-enseignement-francais-maroc-article-2.jpg\" \/>\n\t<meta property=\"og:image:width\" content=\"1168\" \/>\n\t<meta property=\"og:image:height\" content=\"808\" \/>\n\t<meta property=\"og:image:type\" content=\"image\/jpeg\" \/>\n<meta name=\"author\" content=\"EFM\" \/>\n<meta name=\"twitter:card\" content=\"summary_large_image\" \/>\n<meta name=\"twitter:label1\" content=\"\u00c9crit par\" \/>\n\t<meta name=\"twitter:data1\" content=\"EFM\" \/>\n\t<meta name=\"twitter:label2\" content=\"Dur\u00e9e de lecture estim\u00e9e\" \/>\n\t<meta name=\"twitter:data2\" content=\"1 minute\" \/>\n<script type=\"application\/ld+json\" class=\"yoast-schema-graph\">{\"@context\":\"https:\/\/schema.org\",\"@graph\":[{\"@type\":\"Article\",\"@id\":\"https:\/\/www.efmaroc.org\/efm\/visite-de-catherine-colonna-ministre-des-affaires-etrangeres-a-rabat\/#article\",\"isPartOf\":{\"@id\":\"https:\/\/www.efmaroc.org\/efm\/visite-de-catherine-colonna-ministre-des-affaires-etrangeres-a-rabat\/\"},\"author\":{\"name\":\"EFM\",\"@id\":\"https:\/\/www.efmaroc.org\/efm\/#\/schema\/person\/25a9b635a4b2276393dd87dbd94c6302\"},\"headline\":\"Visite de Catherine Colonna, Ministre des affaires \u00e9trang\u00e8res \u00e0 Rabat\",\"datePublished\":\"2022-12-15T10:24:49+00:00\",\"dateModified\":\"2023-03-03T12:37:55+00:00\",\"mainEntityOfPage\":{\"@id\":\"https:\/\/www.efmaroc.org\/efm\/visite-de-catherine-colonna-ministre-des-affaires-etrangeres-a-rabat\/\"},\"wordCount\":119,\"publisher\":{\"@id\":\"https:\/\/www.efmaroc.org\/efm\/#organization\"},\"image\":{\"@id\":\"https:\/\/www.efmaroc.org\/efm\/visite-de-catherine-colonna-ministre-des-affaires-etrangeres-a-rabat\/#primaryimage\"},\"thumbnailUrl\":\"https:\/\/www.efmaroc.org\/efm\/wp-content\/uploads\/2020\/05\/efm-enseignement-francais-maroc-article-2.jpg\",\"articleSection\":[\"Nouvelles\",\"R\u00e9seau\"],\"inLanguage\":\"fr-FR\"},{\"@type\":\"WebPage\",\"@id\":\"https:\/\/www.efmaroc.org\/efm\/visite-de-catherine-colonna-ministre-des-affaires-etrangeres-a-rabat\/\",\"url\":\"https:\/\/www.efmaroc.org\/efm\/visite-de-catherine-colonna-ministre-des-affaires-etrangeres-a-rabat\/\",\"name\":\"Visite de Catherine Colonna, Ministre des affaires \u00e9trang\u00e8res \u00e0 Rabat | Enseignement Fran\u00e7ais au Maroc\",\"isPartOf\":{\"@id\":\"https:\/\/www.efmaroc.org\/efm\/#website\"},\"primaryImageOfPage\":{\"@id\":\"https:\/\/www.efmaroc.org\/efm\/visite-de-catherine-colonna-ministre-des-affaires-etrangeres-a-rabat\/#primaryimage\"},\"image\":{\"@id\":\"https:\/\/www.efmaroc.org\/efm\/visite-de-catherine-colonna-ministre-des-affaires-etrangeres-a-rabat\/#primaryimage\"},\"thumbnailUrl\":\"https:\/\/www.efmaroc.org\/efm\/wp-content\/uploads\/2020\/05\/efm-enseignement-francais-maroc-article-2.jpg\",\"datePublished\":\"2022-12-15T10:24:49+00:00\",\"dateModified\":\"2023-03-03T12:37:55+00:00\",\"description\":\"Catherine Colonna, Ministre des affaires \u00e9trang\u00e8res \u00e9tait en d\u00e9placement \u00e0 Rabat durant la semaine de la Journ\u00e9e internationale de la langue arabe, du\",\"breadcrumb\":{\"@id\":\"https:\/\/www.efmaroc.org\/efm\/visite-de-catherine-colonna-ministre-des-affaires-etrangeres-a-rabat\/#breadcrumb\"},\"inLanguage\":\"fr-FR\",\"potentialAction\":[{\"@type\":\"ReadAction\",\"target\":[\"https:\/\/www.efmaroc.org\/efm\/visite-de-catherine-colonna-ministre-des-affaires-etrangeres-a-rabat\/\"]}]},{\"@type\":\"ImageObject\",\"inLanguage\":\"fr-FR\",\"@id\":\"https:\/\/www.efmaroc.org\/efm\/visite-de-catherine-colonna-ministre-des-affaires-etrangeres-a-rabat\/#primaryimage\",\"url\":\"https:\/\/www.efmaroc.org\/efm\/wp-content\/uploads\/2020\/05\/efm-enseignement-francais-maroc-article-2.jpg\",\"contentUrl\":\"https:\/\/www.efmaroc.org\/efm\/wp-content\/uploads\/2020\/05\/efm-enseignement-francais-maroc-article-2.jpg\",\"width\":1168,\"height\":808},{\"@type\":\"BreadcrumbList\",\"@id\":\"https:\/\/www.efmaroc.org\/efm\/visite-de-catherine-colonna-ministre-des-affaires-etrangeres-a-rabat\/#breadcrumb\",\"itemListElement\":[{\"@type\":\"ListItem\",\"position\":1,\"name\":\"Accueil\",\"item\":\"https:\/\/www.efmaroc.org\/efm\/\"},{\"@type\":\"ListItem\",\"position\":2,\"name\":\"Visite de Catherine Colonna, Ministre des affaires \u00e9trang\u00e8res \u00e0 Rabat\"}]},{\"@type\":\"WebSite\",\"@id\":\"https:\/\/www.efmaroc.org\/efm\/#website\",\"url\":\"https:\/\/www.efmaroc.org\/efm\/\",\"name\":\"EFM\",\"description\":\"Enseignement Fran\u00e7ais au Maroc\",\"publisher\":{\"@id\":\"https:\/\/www.efmaroc.org\/efm\/#organization\"},\"potentialAction\":[{\"@type\":\"SearchAction\",\"target\":{\"@type\":\"EntryPoint\",\"urlTemplate\":\"https:\/\/www.efmaroc.org\/efm\/?s={search_term_string}\"},\"query-input\":{\"@type\":\"PropertyValueSpecification\",\"valueRequired\":true,\"valueName\":\"search_term_string\"}}],\"inLanguage\":\"fr-FR\"},{\"@type\":\"Organization\",\"@id\":\"https:\/\/www.efmaroc.org\/efm\/#organization\",\"name\":\"EFM\",\"url\":\"https:\/\/www.efmaroc.org\/efm\/\",\"logo\":{\"@type\":\"ImageObject\",\"inLanguage\":\"fr-FR\",\"@id\":\"https:\/\/www.efmaroc.org\/efm\/#\/schema\/logo\/image\/\",\"url\":\"https:\/\/www.efmaroc.org\/efm\/wp-content\/uploads\/2022\/12\/efm-enseignement-francais-maroc-logotaglinex2.png\",\"contentUrl\":\"https:\/\/www.efmaroc.org\/efm\/wp-content\/uploads\/2022\/12\/efm-enseignement-francais-maroc-logotaglinex2.png\",\"width\":104,\"height\":78,\"caption\":\"EFM\"},\"image\":{\"@id\":\"https:\/\/www.efmaroc.org\/efm\/#\/schema\/logo\/image\/\"}},{\"@type\":\"Person\",\"@id\":\"https:\/\/www.efmaroc.org\/efm\/#\/schema\/person\/25a9b635a4b2276393dd87dbd94c6302\",\"name\":\"EFM\",\"image\":{\"@type\":\"ImageObject\",\"inLanguage\":\"fr-FR\",\"@id\":\"https:\/\/www.efmaroc.org\/efm\/#\/schema\/person\/image\/\",\"url\":\"https:\/\/secure.gravatar.com\/avatar\/0acf5f0ecc3b24f6fa3602920a0bc305ada83aa2d4adbe73d7718ee0e4155d61?s=96&d=mm&r=g\",\"contentUrl\":\"https:\/\/secure.gravatar.com\/avatar\/0acf5f0ecc3b24f6fa3602920a0bc305ada83aa2d4adbe73d7718ee0e4155d61?s=96&d=mm&r=g\",\"caption\":\"EFM\"},\"sameAs\":[\"https:\/\/www.efmaroc.org\/efm\"]}]}<\/script>\n<!-- \/ Yoast SEO plugin. -->","yoast_head_json":{"title":"Visite de Catherine Colonna, Ministre des affaires \u00e9trang\u00e8res \u00e0 Rabat | Enseignement Fran\u00e7ais au Maroc","description":"Catherine Colonna, Ministre des affaires \u00e9trang\u00e8res \u00e9tait en d\u00e9placement \u00e0 Rabat durant la semaine de la Journ\u00e9e internationale de la langue arabe, du","robots":{"index":"index","follow":"follow","max-snippet":"max-snippet:-1","max-image-preview":"max-image-preview:large","max-video-preview":"max-video-preview:-1"},"canonical":"https:\/\/www.efmaroc.org\/efm\/visite-de-catherine-colonna-ministre-des-affaires-etrangeres-a-rabat\/","og_locale":"fr_FR","og_type":"article","og_title":"Visite de Catherine Colonna, Ministre des affaires \u00e9trang\u00e8res \u00e0 Rabat | Enseignement Fran\u00e7ais au Maroc","og_description":"Catherine Colonna, Ministre des affaires \u00e9trang\u00e8res \u00e9tait en d\u00e9placement \u00e0 Rabat durant la semaine de la Journ\u00e9e internationale de la langue arabe, du","og_url":"https:\/\/www.efmaroc.org\/efm\/visite-de-catherine-colonna-ministre-des-affaires-etrangeres-a-rabat\/","og_site_name":"EFM","article_published_time":"2022-12-15T10:24:49+00:00","article_modified_time":"2023-03-03T12:37:55+00:00","og_image":[{"width":1168,"height":808,"url":"https:\/\/www.efmaroc.org\/efm\/wp-content\/uploads\/2020\/05\/efm-enseignement-francais-maroc-article-2.jpg","type":"image\/jpeg"}],"author":"EFM","twitter_card":"summary_large_image","twitter_misc":{"\u00c9crit par":"EFM","Dur\u00e9e de lecture estim\u00e9e":"1 minute"},"schema":{"@context":"https:\/\/schema.org","@graph":[{"@type":"Article","@id":"https:\/\/www.efmaroc.org\/efm\/visite-de-catherine-colonna-ministre-des-affaires-etrangeres-a-rabat\/#article","isPartOf":{"@id":"https:\/\/www.efmaroc.org\/efm\/visite-de-catherine-colonna-ministre-des-affaires-etrangeres-a-rabat\/"},"author":{"name":"EFM","@id":"https:\/\/www.efmaroc.org\/efm\/#\/schema\/person\/25a9b635a4b2276393dd87dbd94c6302"},"headline":"Visite de Catherine Colonna, Ministre des affaires \u00e9trang\u00e8res \u00e0 Rabat","datePublished":"2022-12-15T10:24:49+00:00","dateModified":"2023-03-03T12:37:55+00:00","mainEntityOfPage":{"@id":"https:\/\/www.efmaroc.org\/efm\/visite-de-catherine-colonna-ministre-des-affaires-etrangeres-a-rabat\/"},"wordCount":119,"publisher":{"@id":"https:\/\/www.efmaroc.org\/efm\/#organization"},"image":{"@id":"https:\/\/www.efmaroc.org\/efm\/visite-de-catherine-colonna-ministre-des-affaires-etrangeres-a-rabat\/#primaryimage"},"thumbnailUrl":"https:\/\/www.efmaroc.org\/efm\/wp-content\/uploads\/2020\/05\/efm-enseignement-francais-maroc-article-2.jpg","articleSection":["Nouvelles","R\u00e9seau"],"inLanguage":"fr-FR"},{"@type":"WebPage","@id":"https:\/\/www.efmaroc.org\/efm\/visite-de-catherine-colonna-ministre-des-affaires-etrangeres-a-rabat\/","url":"https:\/\/www.efmaroc.org\/efm\/visite-de-catherine-colonna-ministre-des-affaires-etrangeres-a-rabat\/","name":"Visite de Catherine Colonna, Ministre des affaires \u00e9trang\u00e8res \u00e0 Rabat | Enseignement Fran\u00e7ais au Maroc","isPartOf":{"@id":"https:\/\/www.efmaroc.org\/efm\/#website"},"primaryImageOfPage":{"@id":"https:\/\/www.efmaroc.org\/efm\/visite-de-catherine-colonna-ministre-des-affaires-etrangeres-a-rabat\/#primaryimage"},"image":{"@id":"https:\/\/www.efmaroc.org\/efm\/visite-de-catherine-colonna-ministre-des-affaires-etrangeres-a-rabat\/#primaryimage"},"thumbnailUrl":"https:\/\/www.efmaroc.org\/efm\/wp-content\/uploads\/2020\/05\/efm-enseignement-francais-maroc-article-2.jpg","datePublished":"2022-12-15T10:24:49+00:00","dateModified":"2023-03-03T12:37:55+00:00","description":"Catherine Colonna, Ministre des affaires \u00e9trang\u00e8res \u00e9tait en d\u00e9placement \u00e0 Rabat durant la semaine de la Journ\u00e9e internationale de la langue arabe, du","breadcrumb":{"@id":"https:\/\/www.efmaroc.org\/efm\/visite-de-catherine-colonna-ministre-des-affaires-etrangeres-a-rabat\/#breadcrumb"},"inLanguage":"fr-FR","potentialAction":[{"@type":"ReadAction","target":["https:\/\/www.efmaroc.org\/efm\/visite-de-catherine-colonna-ministre-des-affaires-etrangeres-a-rabat\/"]}]},{"@type":"ImageObject","inLanguage":"fr-FR","@id":"https:\/\/www.efmaroc.org\/efm\/visite-de-catherine-colonna-ministre-des-affaires-etrangeres-a-rabat\/#primaryimage","url":"https:\/\/www.efmaroc.org\/efm\/wp-content\/uploads\/2020\/05\/efm-enseignement-francais-maroc-article-2.jpg","contentUrl":"https:\/\/www.efmaroc.org\/efm\/wp-content\/uploads\/2020\/05\/efm-enseignement-francais-maroc-article-2.jpg","width":1168,"height":808},{"@type":"BreadcrumbList","@id":"https:\/\/www.efmaroc.org\/efm\/visite-de-catherine-colonna-ministre-des-affaires-etrangeres-a-rabat\/#breadcrumb","itemListElement":[{"@type":"ListItem","position":1,"name":"Accueil","item":"https:\/\/www.efmaroc.org\/efm\/"},{"@type":"ListItem","position":2,"name":"Visite de Catherine Colonna, Ministre des affaires \u00e9trang\u00e8res \u00e0 Rabat"}]},{"@type":"WebSite","@id":"https:\/\/www.efmaroc.org\/efm\/#website","url":"https:\/\/www.efmaroc.org\/efm\/","name":"EFM","description":"Enseignement Fran\u00e7ais au Maroc","publisher":{"@id":"https:\/\/www.efmaroc.org\/efm\/#organization"},"potentialAction":[{"@type":"SearchAction","target":{"@type":"EntryPoint","urlTemplate":"https:\/\/www.efmaroc.org\/efm\/?s={search_term_string}"},"query-input":{"@type":"PropertyValueSpecification","valueRequired":true,"valueName":"search_term_string"}}],"inLanguage":"fr-FR"},{"@type":"Organization","@id":"https:\/\/www.efmaroc.org\/efm\/#organization","name":"EFM","url":"https:\/\/www.efmaroc.org\/efm\/","logo":{"@type":"ImageObject","inLanguage":"fr-FR","@id":"https:\/\/www.efmaroc.org\/efm\/#\/schema\/logo\/image\/","url":"https:\/\/www.efmaroc.org\/efm\/wp-content\/uploads\/2022\/12\/efm-enseignement-francais-maroc-logotaglinex2.png","contentUrl":"https:\/\/www.efmaroc.org\/efm\/wp-content\/uploads\/2022\/12\/efm-enseignement-francais-maroc-logotaglinex2.png","width":104,"height":78,"caption":"EFM"},"image":{"@id":"https:\/\/www.efmaroc.org\/efm\/#\/schema\/logo\/image\/"}},{"@type":"Person","@id":"https:\/\/www.efmaroc.org\/efm\/#\/schema\/person\/25a9b635a4b2276393dd87dbd94c6302","name":"EFM","image":{"@type":"ImageObject","inLanguage":"fr-FR","@id":"https:\/\/www.efmaroc.org\/efm\/#\/schema\/person\/image\/","url":"https:\/\/secure.gravatar.com\/avatar\/0acf5f0ecc3b24f6fa3602920a0bc305ada83aa2d4adbe73d7718ee0e4155d61?s=96&d=mm&r=g","contentUrl":"https:\/\/secure.gravatar.com\/avatar\/0acf5f0ecc3b24f6fa3602920a0bc305ada83aa2d4adbe73d7718ee0e4155d61?s=96&d=mm&r=g","caption":"EFM"},"sameAs":["https:\/\/www.efmaroc.org\/efm"]}]}},"jetpack_featured_media_url":"https:\/\/www.efmaroc.org\/efm\/wp-content\/uploads\/2020\/05\/efm-enseignement-francais-maroc-article-2.jpg","jetpack_sharing_enabled":true,"_links":{"self":[{"href":"https:\/\/www.efmaroc.org\/efm\/wp-json\/wp\/v2\/posts\/2597","targetHints":{"allow":["GET"]}}],"collection":[{"href":"https:\/\/www.efmaroc.org\/efm\/wp-json\/wp\/v2\/posts"}],"about":[{"href":"https:\/\/www.efmaroc.org\/efm\/wp-json\/wp\/v2\/types\/post"}],"author":[{"embeddable":true,"href":"https:\/\/www.efmaroc.org\/efm\/wp-json\/wp\/v2\/users\/1"}],"replies":[{"embeddable":true,"href":"https:\/\/www.efmaroc.org\/efm\/wp-json\/wp\/v2\/comments?post=2597"}],"version-history":[{"count":4,"href":"https:\/\/www.efmaroc.org\/efm\/wp-json\/wp\/v2\/posts\/2597\/revisions"}],"predecessor-version":[{"id":21069,"href":"https:\/\/www.efmaroc.org\/efm\/wp-json\/wp\/v2\/posts\/2597\/revisions\/21069"}],"wp:featuredmedia":[{"embeddable":true,"href":"https:\/\/www.efmaroc.org\/efm\/wp-json\/wp\/v2\/media\/21066"}],"wp:attachment":[{"href":"https:\/\/www.efmaroc.org\/efm\/wp-json\/wp\/v2\/media?parent=2597"}],"wp:term":[{"taxonomy":"category","embeddable":true,"href":"https:\/\/www.efmaroc.org\/efm\/wp-json\/wp\/v2\/categories?post=2597"},{"taxonomy":"post_tag","embeddable":true,"href":"https:\/\/www.efmaroc.org\/efm\/wp-json\/wp\/v2\/tags?post=2597"}],"curies":[{"name":"wp","href":"https:\/\/api.w.org\/{rel}","templated":true}]}}