{"id":2599,"date":"2022-05-14T11:27:09","date_gmt":"2022-05-14T09:27:09","guid":{"rendered":"https:\/\/www.efmaroc.org\/efm\/?p=2599"},"modified":"2023-03-03T13:37:55","modified_gmt":"2023-03-03T12:37:55","slug":"ambassadeurs-ambassadrices-en-herbe-aeh","status":"publish","type":"post","link":"https:\/\/www.efmaroc.org\/efm\/ambassadeurs-ambassadrices-en-herbe-aeh\/","title":{"rendered":"Ambassadeurs, ambassadrices en herbe (AEH)"},"content":{"rendered":"\n<p class=\"has-drop-cap\">La 11\u00e8me \u00e9dition du dispositif d\u2019\u00e9loquence international Ambassadeurs, Ambassadrices en herbe est lanc\u00e9e !<\/p>\n\n\n\n<p><\/p>\n\n\n\n<p>Les \u00e9tablissements sont invit\u00e9s \u00e0 participer sur le th\u00e8me\u00a0: \u2018\u2019 Un monde num\u00e9rique : enfer ou paradis?\u2019\u2019<br>Cette \u00e9dition se d\u00e9roulera, dans la mesure du possible, en pr\u00e9sentiel pour les finales \u00ab \u00c9tablissement \u00bb et \u00ab Zone \u00bb.<\/p>\n\n\n\n<p>Le projet Ambassadeurs, Ambassadrices en herbe promeut de l\u2019\u00e9cole au lyc\u00e9e des comp\u00e9tences d\u2019expression orale li\u00e9es \u00e0 l\u2019apprentissage simultan\u00e9 de plusieurs langues en lien avec l\u2019ouverture culturelle qui en d\u00e9coule.<br>Le concours d\u00e9cerne des laur\u00e9ats de plusieurs cat\u00e9gories :<br>\u2013 1 laur\u00e9at pour le cycle 3 (CM1, CM2, 6\u00e8me)<br>\u2013 1 laur\u00e9at pour le cycle 4 (5\u00e8me, 4\u00e8me, 3\u00e8me)<br>\u2013 1 laur\u00e9at pour le niveau lyc\u00e9e (2nde, 1\u00e8re, terminale)<br>\u2013 1 \u00e9quipe laur\u00e9ate pour le collectif (un maximum de 3 \u00e9l\u00e8ves)<\/p>\n\n\n\n<p>Pour plus d\u2019informations\u00a0: <a href=\"https:\/\/if-it2.s3.eu-central-1.amazonaws.com\/files\/document_de_presentation_aaeh-lfe-_11e-edition2023_vf.pdf\" target=\"_blank\" rel=\"noreferrer noopener\">https:\/\/if-it2.s3.eu-central-1.amazonaws.com\/files\/document_de_presentation_aaeh-lfe-_11e-edition2023_vf.pdf<\/a><\/p>\n\n\n\n<div style=\"height:15px\" aria-hidden=\"true\" class=\"wp-block-spacer\"><\/div>\n","protected":false},"excerpt":{"rendered":"<p>La 11\u00e8me \u00e9dition du dispositif d\u2019\u00e9loquence international Ambassadeurs, Ambassadrices en herbe est lanc\u00e9e ! Les&hellip;<\/p>\n","protected":false},"author":1,"featured_media":21172,"comment_status":"closed","ping_status":"closed","sticky":false,"template":"","format":"standard","meta":{"_jetpack_newsletter_access":"","_jetpack_dont_email_post_to_subs":false,"_jetpack_newsletter_tier_id":0,"_jetpack_memberships_contains_paywalled_content":false,"_jetpack_memberships_contains_paid_content":false,"footnotes":""},"categories":[135],"tags":[],"class_list":["post-2599","post","type-post","status-publish","format-standard","has-post-thumbnail","hentry","category-education"],"yoast_head":"<!-- This site is optimized with the Yoast SEO plugin v26.8 - https:\/\/yoast.com\/product\/yoast-seo-wordpress\/ -->\n<title>Ambassadeurs, ambassadrices en herbe (AEH) | Enseignement Fran\u00e7ais au Maroc<\/title>\n<meta name=\"description\" content=\"La 11\u00e8me \u00e9dition du dispositif d\u2019\u00e9loquence international Ambassadeurs, Ambassadrices en herbe est lanc\u00e9e ! Les \u00e9tablissements sont invit\u00e9s \u00e0 participer\" \/>\n<meta name=\"robots\" content=\"index, follow, max-snippet:-1, max-image-preview:large, max-video-preview:-1\" \/>\n<link rel=\"canonical\" href=\"https:\/\/www.efmaroc.org\/efm\/ambassadeurs-ambassadrices-en-herbe-aeh\/\" \/>\n<meta property=\"og:locale\" content=\"fr_FR\" \/>\n<meta property=\"og:type\" content=\"article\" \/>\n<meta property=\"og:title\" content=\"Ambassadeurs, ambassadrices en herbe (AEH) | Enseignement Fran\u00e7ais au Maroc\" \/>\n<meta property=\"og:description\" content=\"La 11\u00e8me \u00e9dition du dispositif d\u2019\u00e9loquence international Ambassadeurs, Ambassadrices en herbe est lanc\u00e9e ! Les \u00e9tablissements sont invit\u00e9s \u00e0 participer\" \/>\n<meta property=\"og:url\" content=\"https:\/\/www.efmaroc.org\/efm\/ambassadeurs-ambassadrices-en-herbe-aeh\/\" \/>\n<meta property=\"og:site_name\" content=\"EFM\" \/>\n<meta property=\"article:published_time\" content=\"2022-05-14T09:27:09+00:00\" \/>\n<meta property=\"article:modified_time\" content=\"2023-03-03T12:37:55+00:00\" \/>\n<meta property=\"og:image\" content=\"https:\/\/www.efmaroc.org\/efm\/wp-content\/uploads\/2022\/05\/efm-enseignement-francais-maroc-reseau-ambassadeurs.png\" \/>\n\t<meta property=\"og:image:width\" content=\"605\" \/>\n\t<meta property=\"og:image:height\" content=\"430\" \/>\n\t<meta property=\"og:image:type\" content=\"image\/png\" \/>\n<meta name=\"author\" content=\"EFM\" \/>\n<meta name=\"twitter:card\" content=\"summary_large_image\" \/>\n<meta name=\"twitter:label1\" content=\"\u00c9crit par\" \/>\n\t<meta name=\"twitter:data1\" content=\"EFM\" \/>\n\t<meta name=\"twitter:label2\" content=\"Dur\u00e9e de lecture estim\u00e9e\" \/>\n\t<meta name=\"twitter:data2\" content=\"1 minute\" \/>\n<script type=\"application\/ld+json\" class=\"yoast-schema-graph\">{\"@context\":\"https:\/\/schema.org\",\"@graph\":[{\"@type\":\"Article\",\"@id\":\"https:\/\/www.efmaroc.org\/efm\/ambassadeurs-ambassadrices-en-herbe-aeh\/#article\",\"isPartOf\":{\"@id\":\"https:\/\/www.efmaroc.org\/efm\/ambassadeurs-ambassadrices-en-herbe-aeh\/\"},\"author\":{\"name\":\"EFM\",\"@id\":\"https:\/\/www.efmaroc.org\/efm\/#\/schema\/person\/25a9b635a4b2276393dd87dbd94c6302\"},\"headline\":\"Ambassadeurs, ambassadrices en herbe (AEH)\",\"datePublished\":\"2022-05-14T09:27:09+00:00\",\"dateModified\":\"2023-03-03T12:37:55+00:00\",\"mainEntityOfPage\":{\"@id\":\"https:\/\/www.efmaroc.org\/efm\/ambassadeurs-ambassadrices-en-herbe-aeh\/\"},\"wordCount\":159,\"publisher\":{\"@id\":\"https:\/\/www.efmaroc.org\/efm\/#organization\"},\"image\":{\"@id\":\"https:\/\/www.efmaroc.org\/efm\/ambassadeurs-ambassadrices-en-herbe-aeh\/#primaryimage\"},\"thumbnailUrl\":\"https:\/\/www.efmaroc.org\/efm\/wp-content\/uploads\/2022\/05\/efm-enseignement-francais-maroc-reseau-ambassadeurs.png\",\"articleSection\":[\"Education\"],\"inLanguage\":\"fr-FR\"},{\"@type\":\"WebPage\",\"@id\":\"https:\/\/www.efmaroc.org\/efm\/ambassadeurs-ambassadrices-en-herbe-aeh\/\",\"url\":\"https:\/\/www.efmaroc.org\/efm\/ambassadeurs-ambassadrices-en-herbe-aeh\/\",\"name\":\"Ambassadeurs, ambassadrices en herbe (AEH) | Enseignement Fran\u00e7ais au Maroc\",\"isPartOf\":{\"@id\":\"https:\/\/www.efmaroc.org\/efm\/#website\"},\"primaryImageOfPage\":{\"@id\":\"https:\/\/www.efmaroc.org\/efm\/ambassadeurs-ambassadrices-en-herbe-aeh\/#primaryimage\"},\"image\":{\"@id\":\"https:\/\/www.efmaroc.org\/efm\/ambassadeurs-ambassadrices-en-herbe-aeh\/#primaryimage\"},\"thumbnailUrl\":\"https:\/\/www.efmaroc.org\/efm\/wp-content\/uploads\/2022\/05\/efm-enseignement-francais-maroc-reseau-ambassadeurs.png\",\"datePublished\":\"2022-05-14T09:27:09+00:00\",\"dateModified\":\"2023-03-03T12:37:55+00:00\",\"description\":\"La 11\u00e8me \u00e9dition du dispositif d\u2019\u00e9loquence international Ambassadeurs, Ambassadrices en herbe est lanc\u00e9e ! Les \u00e9tablissements sont invit\u00e9s \u00e0 participer\",\"breadcrumb\":{\"@id\":\"https:\/\/www.efmaroc.org\/efm\/ambassadeurs-ambassadrices-en-herbe-aeh\/#breadcrumb\"},\"inLanguage\":\"fr-FR\",\"potentialAction\":[{\"@type\":\"ReadAction\",\"target\":[\"https:\/\/www.efmaroc.org\/efm\/ambassadeurs-ambassadrices-en-herbe-aeh\/\"]}]},{\"@type\":\"ImageObject\",\"inLanguage\":\"fr-FR\",\"@id\":\"https:\/\/www.efmaroc.org\/efm\/ambassadeurs-ambassadrices-en-herbe-aeh\/#primaryimage\",\"url\":\"https:\/\/www.efmaroc.org\/efm\/wp-content\/uploads\/2022\/05\/efm-enseignement-francais-maroc-reseau-ambassadeurs.png\",\"contentUrl\":\"https:\/\/www.efmaroc.org\/efm\/wp-content\/uploads\/2022\/05\/efm-enseignement-francais-maroc-reseau-ambassadeurs.png\",\"width\":605,\"height\":430},{\"@type\":\"BreadcrumbList\",\"@id\":\"https:\/\/www.efmaroc.org\/efm\/ambassadeurs-ambassadrices-en-herbe-aeh\/#breadcrumb\",\"itemListElement\":[{\"@type\":\"ListItem\",\"position\":1,\"name\":\"Accueil\",\"item\":\"https:\/\/www.efmaroc.org\/efm\/\"},{\"@type\":\"ListItem\",\"position\":2,\"name\":\"Ambassadeurs, ambassadrices en herbe (AEH)\"}]},{\"@type\":\"WebSite\",\"@id\":\"https:\/\/www.efmaroc.org\/efm\/#website\",\"url\":\"https:\/\/www.efmaroc.org\/efm\/\",\"name\":\"EFM\",\"description\":\"Enseignement Fran\u00e7ais au Maroc\",\"publisher\":{\"@id\":\"https:\/\/www.efmaroc.org\/efm\/#organization\"},\"potentialAction\":[{\"@type\":\"SearchAction\",\"target\":{\"@type\":\"EntryPoint\",\"urlTemplate\":\"https:\/\/www.efmaroc.org\/efm\/?s={search_term_string}\"},\"query-input\":{\"@type\":\"PropertyValueSpecification\",\"valueRequired\":true,\"valueName\":\"search_term_string\"}}],\"inLanguage\":\"fr-FR\"},{\"@type\":\"Organization\",\"@id\":\"https:\/\/www.efmaroc.org\/efm\/#organization\",\"name\":\"EFM\",\"url\":\"https:\/\/www.efmaroc.org\/efm\/\",\"logo\":{\"@type\":\"ImageObject\",\"inLanguage\":\"fr-FR\",\"@id\":\"https:\/\/www.efmaroc.org\/efm\/#\/schema\/logo\/image\/\",\"url\":\"https:\/\/www.efmaroc.org\/efm\/wp-content\/uploads\/2022\/12\/efm-enseignement-francais-maroc-logotaglinex2.png\",\"contentUrl\":\"https:\/\/www.efmaroc.org\/efm\/wp-content\/uploads\/2022\/12\/efm-enseignement-francais-maroc-logotaglinex2.png\",\"width\":104,\"height\":78,\"caption\":\"EFM\"},\"image\":{\"@id\":\"https:\/\/www.efmaroc.org\/efm\/#\/schema\/logo\/image\/\"}},{\"@type\":\"Person\",\"@id\":\"https:\/\/www.efmaroc.org\/efm\/#\/schema\/person\/25a9b635a4b2276393dd87dbd94c6302\",\"name\":\"EFM\",\"image\":{\"@type\":\"ImageObject\",\"inLanguage\":\"fr-FR\",\"@id\":\"https:\/\/www.efmaroc.org\/efm\/#\/schema\/person\/image\/\",\"url\":\"https:\/\/secure.gravatar.com\/avatar\/0acf5f0ecc3b24f6fa3602920a0bc305ada83aa2d4adbe73d7718ee0e4155d61?s=96&d=mm&r=g\",\"contentUrl\":\"https:\/\/secure.gravatar.com\/avatar\/0acf5f0ecc3b24f6fa3602920a0bc305ada83aa2d4adbe73d7718ee0e4155d61?s=96&d=mm&r=g\",\"caption\":\"EFM\"},\"sameAs\":[\"https:\/\/www.efmaroc.org\/efm\"]}]}<\/script>\n<!-- \/ Yoast SEO plugin. -->","yoast_head_json":{"title":"Ambassadeurs, ambassadrices en herbe (AEH) | Enseignement Fran\u00e7ais au Maroc","description":"La 11\u00e8me \u00e9dition du dispositif d\u2019\u00e9loquence international Ambassadeurs, Ambassadrices en herbe est lanc\u00e9e ! Les \u00e9tablissements sont invit\u00e9s \u00e0 participer","robots":{"index":"index","follow":"follow","max-snippet":"max-snippet:-1","max-image-preview":"max-image-preview:large","max-video-preview":"max-video-preview:-1"},"canonical":"https:\/\/www.efmaroc.org\/efm\/ambassadeurs-ambassadrices-en-herbe-aeh\/","og_locale":"fr_FR","og_type":"article","og_title":"Ambassadeurs, ambassadrices en herbe (AEH) | Enseignement Fran\u00e7ais au Maroc","og_description":"La 11\u00e8me \u00e9dition du dispositif d\u2019\u00e9loquence international Ambassadeurs, Ambassadrices en herbe est lanc\u00e9e ! Les \u00e9tablissements sont invit\u00e9s \u00e0 participer","og_url":"https:\/\/www.efmaroc.org\/efm\/ambassadeurs-ambassadrices-en-herbe-aeh\/","og_site_name":"EFM","article_published_time":"2022-05-14T09:27:09+00:00","article_modified_time":"2023-03-03T12:37:55+00:00","og_image":[{"width":605,"height":430,"url":"https:\/\/www.efmaroc.org\/efm\/wp-content\/uploads\/2022\/05\/efm-enseignement-francais-maroc-reseau-ambassadeurs.png","type":"image\/png"}],"author":"EFM","twitter_card":"summary_large_image","twitter_misc":{"\u00c9crit par":"EFM","Dur\u00e9e de lecture estim\u00e9e":"1 minute"},"schema":{"@context":"https:\/\/schema.org","@graph":[{"@type":"Article","@id":"https:\/\/www.efmaroc.org\/efm\/ambassadeurs-ambassadrices-en-herbe-aeh\/#article","isPartOf":{"@id":"https:\/\/www.efmaroc.org\/efm\/ambassadeurs-ambassadrices-en-herbe-aeh\/"},"author":{"name":"EFM","@id":"https:\/\/www.efmaroc.org\/efm\/#\/schema\/person\/25a9b635a4b2276393dd87dbd94c6302"},"headline":"Ambassadeurs, ambassadrices en herbe (AEH)","datePublished":"2022-05-14T09:27:09+00:00","dateModified":"2023-03-03T12:37:55+00:00","mainEntityOfPage":{"@id":"https:\/\/www.efmaroc.org\/efm\/ambassadeurs-ambassadrices-en-herbe-aeh\/"},"wordCount":159,"publisher":{"@id":"https:\/\/www.efmaroc.org\/efm\/#organization"},"image":{"@id":"https:\/\/www.efmaroc.org\/efm\/ambassadeurs-ambassadrices-en-herbe-aeh\/#primaryimage"},"thumbnailUrl":"https:\/\/www.efmaroc.org\/efm\/wp-content\/uploads\/2022\/05\/efm-enseignement-francais-maroc-reseau-ambassadeurs.png","articleSection":["Education"],"inLanguage":"fr-FR"},{"@type":"WebPage","@id":"https:\/\/www.efmaroc.org\/efm\/ambassadeurs-ambassadrices-en-herbe-aeh\/","url":"https:\/\/www.efmaroc.org\/efm\/ambassadeurs-ambassadrices-en-herbe-aeh\/","name":"Ambassadeurs, ambassadrices en herbe (AEH) | Enseignement Fran\u00e7ais au Maroc","isPartOf":{"@id":"https:\/\/www.efmaroc.org\/efm\/#website"},"primaryImageOfPage":{"@id":"https:\/\/www.efmaroc.org\/efm\/ambassadeurs-ambassadrices-en-herbe-aeh\/#primaryimage"},"image":{"@id":"https:\/\/www.efmaroc.org\/efm\/ambassadeurs-ambassadrices-en-herbe-aeh\/#primaryimage"},"thumbnailUrl":"https:\/\/www.efmaroc.org\/efm\/wp-content\/uploads\/2022\/05\/efm-enseignement-francais-maroc-reseau-ambassadeurs.png","datePublished":"2022-05-14T09:27:09+00:00","dateModified":"2023-03-03T12:37:55+00:00","description":"La 11\u00e8me \u00e9dition du dispositif d\u2019\u00e9loquence international Ambassadeurs, Ambassadrices en herbe est lanc\u00e9e ! Les \u00e9tablissements sont invit\u00e9s \u00e0 participer","breadcrumb":{"@id":"https:\/\/www.efmaroc.org\/efm\/ambassadeurs-ambassadrices-en-herbe-aeh\/#breadcrumb"},"inLanguage":"fr-FR","potentialAction":[{"@type":"ReadAction","target":["https:\/\/www.efmaroc.org\/efm\/ambassadeurs-ambassadrices-en-herbe-aeh\/"]}]},{"@type":"ImageObject","inLanguage":"fr-FR","@id":"https:\/\/www.efmaroc.org\/efm\/ambassadeurs-ambassadrices-en-herbe-aeh\/#primaryimage","url":"https:\/\/www.efmaroc.org\/efm\/wp-content\/uploads\/2022\/05\/efm-enseignement-francais-maroc-reseau-ambassadeurs.png","contentUrl":"https:\/\/www.efmaroc.org\/efm\/wp-content\/uploads\/2022\/05\/efm-enseignement-francais-maroc-reseau-ambassadeurs.png","width":605,"height":430},{"@type":"BreadcrumbList","@id":"https:\/\/www.efmaroc.org\/efm\/ambassadeurs-ambassadrices-en-herbe-aeh\/#breadcrumb","itemListElement":[{"@type":"ListItem","position":1,"name":"Accueil","item":"https:\/\/www.efmaroc.org\/efm\/"},{"@type":"ListItem","position":2,"name":"Ambassadeurs, ambassadrices en herbe (AEH)"}]},{"@type":"WebSite","@id":"https:\/\/www.efmaroc.org\/efm\/#website","url":"https:\/\/www.efmaroc.org\/efm\/","name":"EFM","description":"Enseignement Fran\u00e7ais au Maroc","publisher":{"@id":"https:\/\/www.efmaroc.org\/efm\/#organization"},"potentialAction":[{"@type":"SearchAction","target":{"@type":"EntryPoint","urlTemplate":"https:\/\/www.efmaroc.org\/efm\/?s={search_term_string}"},"query-input":{"@type":"PropertyValueSpecification","valueRequired":true,"valueName":"search_term_string"}}],"inLanguage":"fr-FR"},{"@type":"Organization","@id":"https:\/\/www.efmaroc.org\/efm\/#organization","name":"EFM","url":"https:\/\/www.efmaroc.org\/efm\/","logo":{"@type":"ImageObject","inLanguage":"fr-FR","@id":"https:\/\/www.efmaroc.org\/efm\/#\/schema\/logo\/image\/","url":"https:\/\/www.efmaroc.org\/efm\/wp-content\/uploads\/2022\/12\/efm-enseignement-francais-maroc-logotaglinex2.png","contentUrl":"https:\/\/www.efmaroc.org\/efm\/wp-content\/uploads\/2022\/12\/efm-enseignement-francais-maroc-logotaglinex2.png","width":104,"height":78,"caption":"EFM"},"image":{"@id":"https:\/\/www.efmaroc.org\/efm\/#\/schema\/logo\/image\/"}},{"@type":"Person","@id":"https:\/\/www.efmaroc.org\/efm\/#\/schema\/person\/25a9b635a4b2276393dd87dbd94c6302","name":"EFM","image":{"@type":"ImageObject","inLanguage":"fr-FR","@id":"https:\/\/www.efmaroc.org\/efm\/#\/schema\/person\/image\/","url":"https:\/\/secure.gravatar.com\/avatar\/0acf5f0ecc3b24f6fa3602920a0bc305ada83aa2d4adbe73d7718ee0e4155d61?s=96&d=mm&r=g","contentUrl":"https:\/\/secure.gravatar.com\/avatar\/0acf5f0ecc3b24f6fa3602920a0bc305ada83aa2d4adbe73d7718ee0e4155d61?s=96&d=mm&r=g","caption":"EFM"},"sameAs":["https:\/\/www.efmaroc.org\/efm"]}]}},"jetpack_featured_media_url":"https:\/\/www.efmaroc.org\/efm\/wp-content\/uploads\/2022\/05\/efm-enseignement-francais-maroc-reseau-ambassadeurs.png","jetpack_sharing_enabled":true,"_links":{"self":[{"href":"https:\/\/www.efmaroc.org\/efm\/wp-json\/wp\/v2\/posts\/2599","targetHints":{"allow":["GET"]}}],"collection":[{"href":"https:\/\/www.efmaroc.org\/efm\/wp-json\/wp\/v2\/posts"}],"about":[{"href":"https:\/\/www.efmaroc.org\/efm\/wp-json\/wp\/v2\/types\/post"}],"author":[{"embeddable":true,"href":"https:\/\/www.efmaroc.org\/efm\/wp-json\/wp\/v2\/users\/1"}],"replies":[{"embeddable":true,"href":"https:\/\/www.efmaroc.org\/efm\/wp-json\/wp\/v2\/comments?post=2599"}],"version-history":[{"count":4,"href":"https:\/\/www.efmaroc.org\/efm\/wp-json\/wp\/v2\/posts\/2599\/revisions"}],"predecessor-version":[{"id":21341,"href":"https:\/\/www.efmaroc.org\/efm\/wp-json\/wp\/v2\/posts\/2599\/revisions\/21341"}],"wp:featuredmedia":[{"embeddable":true,"href":"https:\/\/www.efmaroc.org\/efm\/wp-json\/wp\/v2\/media\/21172"}],"wp:attachment":[{"href":"https:\/\/www.efmaroc.org\/efm\/wp-json\/wp\/v2\/media?parent=2599"}],"wp:term":[{"taxonomy":"category","embeddable":true,"href":"https:\/\/www.efmaroc.org\/efm\/wp-json\/wp\/v2\/categories?post=2599"},{"taxonomy":"post_tag","embeddable":true,"href":"https:\/\/www.efmaroc.org\/efm\/wp-json\/wp\/v2\/tags?post=2599"}],"curies":[{"name":"wp","href":"https:\/\/api.w.org\/{rel}","templated":true}]}}