{"id":308,"date":"2022-12-01T18:02:32","date_gmt":"2022-12-01T17:02:32","guid":{"rendered":"https:\/\/www.efmaroc.org\/efm\/?p=308"},"modified":"2023-03-03T13:37:55","modified_gmt":"2023-03-03T12:37:55","slug":"lancement-prix-eco-delegue","status":"publish","type":"post","link":"https:\/\/www.efmaroc.org\/efm\/lancement-prix-eco-delegue\/","title":{"rendered":"Lancement prix \u00e9co-d\u00e9l\u00e9gu\u00e9"},"content":{"rendered":"\n<div class=\"wp-block-group is-layout-constrained wp-block-group-is-layout-constrained\">\n<p>Le minist\u00e8re de l\u2019Education nationale et de la Jeunesse a lanc\u00e9 d\u00e9but d\u00e9cembre la 3\u00e8me \u00e9dition du Prix de l\u2019action \u00e9co-d\u00e9l\u00e9gu\u00e9e de l\u2019ann\u00e9e. Ce concours vise \u00e0 encourager et valoriser les projets r\u00e9alis\u00e9s ou engag\u00e9s par les \u00e9co-d\u00e9l\u00e9gu\u00e9s en faveur de l\u2019environnement et du d\u00e9veloppement durable dans leur \u00e9cole, coll\u00e8ge, lyc\u00e9e, avec l\u2019accompagnement de la communaut\u00e9 \u00e9ducative et des partenaires ext\u00e9rieurs.<\/p>\n<\/div>\n\n\n\n<div class=\"wp-block-group is-layout-constrained wp-block-group-is-layout-constrained\">\n<p>Le prix est organis\u00e9 selon 3 cat\u00e9gories distinctes : \u00e9cole, coll\u00e8ge et lyc\u00e9e.<br>Les \u00e9co-d\u00e9l\u00e9gu\u00e9s doivent r\u00e9aliser une vid\u00e9o de 1 min 30 pr\u00e9sentant leur d\u00e9marche pour mettre en place un projet de d\u00e9veloppement durable dans leur \u00e9tablissement, en croisant au moins 2 th\u00e9matiques, pas seulement environnementales mais portant par exemple aussi sur des enjeux sociaux et solidaires. Les \u00e9co-d\u00e9l\u00e9gu\u00e9s doivent \u00eatre au c\u0153ur de la d\u00e9marche et de la vid\u00e9o de pr\u00e9sentation. Ce doit \u00eatre un projet global et non une addition d\u2019actions. Le travail collectif au sein de l\u2019\u00e9tablissement et la coop\u00e9ration avec des partenaires ext\u00e9rieurs sont \u00e9galement importants.<\/p>\n\n\n\n<p><br>Le calendrier du Prix de l\u2019action \u00e9co-d\u00e9l\u00e9gu\u00e9e de l\u2019ann\u00e9e 2022-2023<br>1er d\u00e9cembre 2022 : lancement du Prix de l\u2019action \u00e9co-d\u00e9l\u00e9gu\u00e9e de l\u2019ann\u00e9e<br>6 avril 2023 (au plus tard) : envoi des candidatures au rectorat (mission acad\u00e9mique EDD)<br>18 mai 2023 (au plus tard) : transmission des s\u00e9lections acad\u00e9miques au minist\u00e8re<br>Juin 2023 : examen et d\u00e9lib\u00e9rations du jury national<br>Fin juin ou d\u00e9but juillet 2023 : c\u00e9r\u00e9monie de remise des prix, annonce des laur\u00e9ats nationaux Pour plus d\u2019information sur le r\u00e8glement du concours veuillez cliquer sur le lien suivant.<\/p>\n<\/div>\n\n\n\n<div style=\"height:20px\" aria-hidden=\"true\" class=\"wp-block-spacer\"><\/div>\n\n\n\n<figure class=\"wp-block-image alignwide size-large\"><img fetchpriority=\"high\" decoding=\"async\" width=\"1024\" height=\"257\" src=\"https:\/\/www.efmaroc.org\/efm\/wp-content\/uploads\/2023\/01\/efm-enseignement-francais-maroc-article-4-1024x257.jpg\" alt=\"\" class=\"wp-image-21091\" srcset=\"https:\/\/www.efmaroc.org\/efm\/wp-content\/uploads\/2023\/01\/efm-enseignement-francais-maroc-article-4-1024x257.jpg 1024w, https:\/\/www.efmaroc.org\/efm\/wp-content\/uploads\/2023\/01\/efm-enseignement-francais-maroc-article-4-300x75.jpg 300w, https:\/\/www.efmaroc.org\/efm\/wp-content\/uploads\/2023\/01\/efm-enseignement-francais-maroc-article-4-768x193.jpg 768w, https:\/\/www.efmaroc.org\/efm\/wp-content\/uploads\/2023\/01\/efm-enseignement-francais-maroc-article-4-370x93.jpg 370w, https:\/\/www.efmaroc.org\/efm\/wp-content\/uploads\/2023\/01\/efm-enseignement-francais-maroc-article-4-840x211.jpg 840w, https:\/\/www.efmaroc.org\/efm\/wp-content\/uploads\/2023\/01\/efm-enseignement-francais-maroc-article-4-410x103.jpg 410w, https:\/\/www.efmaroc.org\/efm\/wp-content\/uploads\/2023\/01\/efm-enseignement-francais-maroc-article-4.jpg 1440w\" sizes=\"(max-width: 1024px) 100vw, 1024px\" \/><\/figure>\n","protected":false},"excerpt":{"rendered":"<p>Le minist\u00e8re de l\u2019Education nationale et de la Jeunesse a lanc\u00e9 d\u00e9but d\u00e9cembre la 3\u00e8me&hellip;<\/p>\n","protected":false},"author":1,"featured_media":21338,"comment_status":"closed","ping_status":"closed","sticky":false,"template":"","format":"standard","meta":{"_jetpack_newsletter_access":"","_jetpack_dont_email_post_to_subs":false,"_jetpack_newsletter_tier_id":0,"_jetpack_memberships_contains_paywalled_content":false,"_jetpack_memberships_contains_paid_content":false,"footnotes":""},"categories":[135,13],"tags":[],"class_list":["post-308","post","type-post","status-publish","format-standard","has-post-thumbnail","hentry","category-education","category-reseau"],"yoast_head":"<!-- This site is optimized with the Yoast SEO plugin v26.8 - https:\/\/yoast.com\/product\/yoast-seo-wordpress\/ -->\n<title>Lancement prix \u00e9co-d\u00e9l\u00e9gu\u00e9 | Enseignement Fran\u00e7ais au Maroc<\/title>\n<meta name=\"description\" content=\"Le minist\u00e8re de l\u2019Education nationale et de la Jeunesse a lanc\u00e9 d\u00e9but d\u00e9cembre la 3\u00e8me \u00e9dition du Prix de l\u2019action \u00e9co-d\u00e9l\u00e9gu\u00e9e de l\u2019ann\u00e9e. Ce concours\" \/>\n<meta name=\"robots\" content=\"index, follow, max-snippet:-1, max-image-preview:large, max-video-preview:-1\" \/>\n<link rel=\"canonical\" href=\"https:\/\/www.efmaroc.org\/efm\/lancement-prix-eco-delegue\/\" \/>\n<meta property=\"og:locale\" content=\"fr_FR\" \/>\n<meta property=\"og:type\" content=\"article\" \/>\n<meta property=\"og:title\" content=\"Lancement prix \u00e9co-d\u00e9l\u00e9gu\u00e9 | Enseignement Fran\u00e7ais au Maroc\" \/>\n<meta property=\"og:description\" content=\"Le minist\u00e8re de l\u2019Education nationale et de la Jeunesse a lanc\u00e9 d\u00e9but d\u00e9cembre la 3\u00e8me \u00e9dition du Prix de l\u2019action \u00e9co-d\u00e9l\u00e9gu\u00e9e de l\u2019ann\u00e9e. Ce concours\" \/>\n<meta property=\"og:url\" content=\"https:\/\/www.efmaroc.org\/efm\/lancement-prix-eco-delegue\/\" \/>\n<meta property=\"og:site_name\" content=\"EFM\" \/>\n<meta property=\"article:published_time\" content=\"2022-12-01T17:02:32+00:00\" \/>\n<meta property=\"article:modified_time\" content=\"2023-03-03T12:37:55+00:00\" \/>\n<meta property=\"og:image\" content=\"https:\/\/www.efmaroc.org\/efm\/wp-content\/uploads\/2022\/12\/efm-enseignement-francais-maroc-eco-delegue.jpg\" \/>\n\t<meta property=\"og:image:width\" content=\"600\" \/>\n\t<meta property=\"og:image:height\" content=\"600\" \/>\n\t<meta property=\"og:image:type\" content=\"image\/jpeg\" \/>\n<meta name=\"author\" content=\"EFM\" \/>\n<meta name=\"twitter:card\" content=\"summary_large_image\" \/>\n<meta name=\"twitter:label1\" content=\"\u00c9crit par\" \/>\n\t<meta name=\"twitter:data1\" content=\"EFM\" \/>\n\t<meta name=\"twitter:label2\" content=\"Dur\u00e9e de lecture estim\u00e9e\" \/>\n\t<meta name=\"twitter:data2\" content=\"2 minutes\" \/>\n<script type=\"application\/ld+json\" class=\"yoast-schema-graph\">{\"@context\":\"https:\/\/schema.org\",\"@graph\":[{\"@type\":\"Article\",\"@id\":\"https:\/\/www.efmaroc.org\/efm\/lancement-prix-eco-delegue\/#article\",\"isPartOf\":{\"@id\":\"https:\/\/www.efmaroc.org\/efm\/lancement-prix-eco-delegue\/\"},\"author\":{\"name\":\"EFM\",\"@id\":\"https:\/\/www.efmaroc.org\/efm\/#\/schema\/person\/25a9b635a4b2276393dd87dbd94c6302\"},\"headline\":\"Lancement prix \u00e9co-d\u00e9l\u00e9gu\u00e9\",\"datePublished\":\"2022-12-01T17:02:32+00:00\",\"dateModified\":\"2023-03-03T12:37:55+00:00\",\"mainEntityOfPage\":{\"@id\":\"https:\/\/www.efmaroc.org\/efm\/lancement-prix-eco-delegue\/\"},\"wordCount\":306,\"publisher\":{\"@id\":\"https:\/\/www.efmaroc.org\/efm\/#organization\"},\"image\":{\"@id\":\"https:\/\/www.efmaroc.org\/efm\/lancement-prix-eco-delegue\/#primaryimage\"},\"thumbnailUrl\":\"https:\/\/www.efmaroc.org\/efm\/wp-content\/uploads\/2022\/12\/efm-enseignement-francais-maroc-eco-delegue.jpg\",\"articleSection\":[\"Education\",\"R\u00e9seau\"],\"inLanguage\":\"fr-FR\"},{\"@type\":\"WebPage\",\"@id\":\"https:\/\/www.efmaroc.org\/efm\/lancement-prix-eco-delegue\/\",\"url\":\"https:\/\/www.efmaroc.org\/efm\/lancement-prix-eco-delegue\/\",\"name\":\"Lancement prix \u00e9co-d\u00e9l\u00e9gu\u00e9 | Enseignement Fran\u00e7ais au Maroc\",\"isPartOf\":{\"@id\":\"https:\/\/www.efmaroc.org\/efm\/#website\"},\"primaryImageOfPage\":{\"@id\":\"https:\/\/www.efmaroc.org\/efm\/lancement-prix-eco-delegue\/#primaryimage\"},\"image\":{\"@id\":\"https:\/\/www.efmaroc.org\/efm\/lancement-prix-eco-delegue\/#primaryimage\"},\"thumbnailUrl\":\"https:\/\/www.efmaroc.org\/efm\/wp-content\/uploads\/2022\/12\/efm-enseignement-francais-maroc-eco-delegue.jpg\",\"datePublished\":\"2022-12-01T17:02:32+00:00\",\"dateModified\":\"2023-03-03T12:37:55+00:00\",\"description\":\"Le minist\u00e8re de l\u2019Education nationale et de la Jeunesse a lanc\u00e9 d\u00e9but d\u00e9cembre la 3\u00e8me \u00e9dition du Prix de l\u2019action \u00e9co-d\u00e9l\u00e9gu\u00e9e de l\u2019ann\u00e9e. Ce concours\",\"breadcrumb\":{\"@id\":\"https:\/\/www.efmaroc.org\/efm\/lancement-prix-eco-delegue\/#breadcrumb\"},\"inLanguage\":\"fr-FR\",\"potentialAction\":[{\"@type\":\"ReadAction\",\"target\":[\"https:\/\/www.efmaroc.org\/efm\/lancement-prix-eco-delegue\/\"]}]},{\"@type\":\"ImageObject\",\"inLanguage\":\"fr-FR\",\"@id\":\"https:\/\/www.efmaroc.org\/efm\/lancement-prix-eco-delegue\/#primaryimage\",\"url\":\"https:\/\/www.efmaroc.org\/efm\/wp-content\/uploads\/2022\/12\/efm-enseignement-francais-maroc-eco-delegue.jpg\",\"contentUrl\":\"https:\/\/www.efmaroc.org\/efm\/wp-content\/uploads\/2022\/12\/efm-enseignement-francais-maroc-eco-delegue.jpg\",\"width\":600,\"height\":600},{\"@type\":\"BreadcrumbList\",\"@id\":\"https:\/\/www.efmaroc.org\/efm\/lancement-prix-eco-delegue\/#breadcrumb\",\"itemListElement\":[{\"@type\":\"ListItem\",\"position\":1,\"name\":\"Accueil\",\"item\":\"https:\/\/www.efmaroc.org\/efm\/\"},{\"@type\":\"ListItem\",\"position\":2,\"name\":\"Lancement prix \u00e9co-d\u00e9l\u00e9gu\u00e9\"}]},{\"@type\":\"WebSite\",\"@id\":\"https:\/\/www.efmaroc.org\/efm\/#website\",\"url\":\"https:\/\/www.efmaroc.org\/efm\/\",\"name\":\"EFM\",\"description\":\"Enseignement Fran\u00e7ais au Maroc\",\"publisher\":{\"@id\":\"https:\/\/www.efmaroc.org\/efm\/#organization\"},\"potentialAction\":[{\"@type\":\"SearchAction\",\"target\":{\"@type\":\"EntryPoint\",\"urlTemplate\":\"https:\/\/www.efmaroc.org\/efm\/?s={search_term_string}\"},\"query-input\":{\"@type\":\"PropertyValueSpecification\",\"valueRequired\":true,\"valueName\":\"search_term_string\"}}],\"inLanguage\":\"fr-FR\"},{\"@type\":\"Organization\",\"@id\":\"https:\/\/www.efmaroc.org\/efm\/#organization\",\"name\":\"EFM\",\"url\":\"https:\/\/www.efmaroc.org\/efm\/\",\"logo\":{\"@type\":\"ImageObject\",\"inLanguage\":\"fr-FR\",\"@id\":\"https:\/\/www.efmaroc.org\/efm\/#\/schema\/logo\/image\/\",\"url\":\"https:\/\/www.efmaroc.org\/efm\/wp-content\/uploads\/2022\/12\/efm-enseignement-francais-maroc-logotaglinex2.png\",\"contentUrl\":\"https:\/\/www.efmaroc.org\/efm\/wp-content\/uploads\/2022\/12\/efm-enseignement-francais-maroc-logotaglinex2.png\",\"width\":104,\"height\":78,\"caption\":\"EFM\"},\"image\":{\"@id\":\"https:\/\/www.efmaroc.org\/efm\/#\/schema\/logo\/image\/\"}},{\"@type\":\"Person\",\"@id\":\"https:\/\/www.efmaroc.org\/efm\/#\/schema\/person\/25a9b635a4b2276393dd87dbd94c6302\",\"name\":\"EFM\",\"image\":{\"@type\":\"ImageObject\",\"inLanguage\":\"fr-FR\",\"@id\":\"https:\/\/www.efmaroc.org\/efm\/#\/schema\/person\/image\/\",\"url\":\"https:\/\/secure.gravatar.com\/avatar\/0acf5f0ecc3b24f6fa3602920a0bc305ada83aa2d4adbe73d7718ee0e4155d61?s=96&d=mm&r=g\",\"contentUrl\":\"https:\/\/secure.gravatar.com\/avatar\/0acf5f0ecc3b24f6fa3602920a0bc305ada83aa2d4adbe73d7718ee0e4155d61?s=96&d=mm&r=g\",\"caption\":\"EFM\"},\"sameAs\":[\"https:\/\/www.efmaroc.org\/efm\"]}]}<\/script>\n<!-- \/ Yoast SEO plugin. -->","yoast_head_json":{"title":"Lancement prix \u00e9co-d\u00e9l\u00e9gu\u00e9 | Enseignement Fran\u00e7ais au Maroc","description":"Le minist\u00e8re de l\u2019Education nationale et de la Jeunesse a lanc\u00e9 d\u00e9but d\u00e9cembre la 3\u00e8me \u00e9dition du Prix de l\u2019action \u00e9co-d\u00e9l\u00e9gu\u00e9e de l\u2019ann\u00e9e. Ce concours","robots":{"index":"index","follow":"follow","max-snippet":"max-snippet:-1","max-image-preview":"max-image-preview:large","max-video-preview":"max-video-preview:-1"},"canonical":"https:\/\/www.efmaroc.org\/efm\/lancement-prix-eco-delegue\/","og_locale":"fr_FR","og_type":"article","og_title":"Lancement prix \u00e9co-d\u00e9l\u00e9gu\u00e9 | Enseignement Fran\u00e7ais au Maroc","og_description":"Le minist\u00e8re de l\u2019Education nationale et de la Jeunesse a lanc\u00e9 d\u00e9but d\u00e9cembre la 3\u00e8me \u00e9dition du Prix de l\u2019action \u00e9co-d\u00e9l\u00e9gu\u00e9e de l\u2019ann\u00e9e. Ce concours","og_url":"https:\/\/www.efmaroc.org\/efm\/lancement-prix-eco-delegue\/","og_site_name":"EFM","article_published_time":"2022-12-01T17:02:32+00:00","article_modified_time":"2023-03-03T12:37:55+00:00","og_image":[{"width":600,"height":600,"url":"https:\/\/www.efmaroc.org\/efm\/wp-content\/uploads\/2022\/12\/efm-enseignement-francais-maroc-eco-delegue.jpg","type":"image\/jpeg"}],"author":"EFM","twitter_card":"summary_large_image","twitter_misc":{"\u00c9crit par":"EFM","Dur\u00e9e de lecture estim\u00e9e":"2 minutes"},"schema":{"@context":"https:\/\/schema.org","@graph":[{"@type":"Article","@id":"https:\/\/www.efmaroc.org\/efm\/lancement-prix-eco-delegue\/#article","isPartOf":{"@id":"https:\/\/www.efmaroc.org\/efm\/lancement-prix-eco-delegue\/"},"author":{"name":"EFM","@id":"https:\/\/www.efmaroc.org\/efm\/#\/schema\/person\/25a9b635a4b2276393dd87dbd94c6302"},"headline":"Lancement prix \u00e9co-d\u00e9l\u00e9gu\u00e9","datePublished":"2022-12-01T17:02:32+00:00","dateModified":"2023-03-03T12:37:55+00:00","mainEntityOfPage":{"@id":"https:\/\/www.efmaroc.org\/efm\/lancement-prix-eco-delegue\/"},"wordCount":306,"publisher":{"@id":"https:\/\/www.efmaroc.org\/efm\/#organization"},"image":{"@id":"https:\/\/www.efmaroc.org\/efm\/lancement-prix-eco-delegue\/#primaryimage"},"thumbnailUrl":"https:\/\/www.efmaroc.org\/efm\/wp-content\/uploads\/2022\/12\/efm-enseignement-francais-maroc-eco-delegue.jpg","articleSection":["Education","R\u00e9seau"],"inLanguage":"fr-FR"},{"@type":"WebPage","@id":"https:\/\/www.efmaroc.org\/efm\/lancement-prix-eco-delegue\/","url":"https:\/\/www.efmaroc.org\/efm\/lancement-prix-eco-delegue\/","name":"Lancement prix \u00e9co-d\u00e9l\u00e9gu\u00e9 | Enseignement Fran\u00e7ais au Maroc","isPartOf":{"@id":"https:\/\/www.efmaroc.org\/efm\/#website"},"primaryImageOfPage":{"@id":"https:\/\/www.efmaroc.org\/efm\/lancement-prix-eco-delegue\/#primaryimage"},"image":{"@id":"https:\/\/www.efmaroc.org\/efm\/lancement-prix-eco-delegue\/#primaryimage"},"thumbnailUrl":"https:\/\/www.efmaroc.org\/efm\/wp-content\/uploads\/2022\/12\/efm-enseignement-francais-maroc-eco-delegue.jpg","datePublished":"2022-12-01T17:02:32+00:00","dateModified":"2023-03-03T12:37:55+00:00","description":"Le minist\u00e8re de l\u2019Education nationale et de la Jeunesse a lanc\u00e9 d\u00e9but d\u00e9cembre la 3\u00e8me \u00e9dition du Prix de l\u2019action \u00e9co-d\u00e9l\u00e9gu\u00e9e de l\u2019ann\u00e9e. Ce concours","breadcrumb":{"@id":"https:\/\/www.efmaroc.org\/efm\/lancement-prix-eco-delegue\/#breadcrumb"},"inLanguage":"fr-FR","potentialAction":[{"@type":"ReadAction","target":["https:\/\/www.efmaroc.org\/efm\/lancement-prix-eco-delegue\/"]}]},{"@type":"ImageObject","inLanguage":"fr-FR","@id":"https:\/\/www.efmaroc.org\/efm\/lancement-prix-eco-delegue\/#primaryimage","url":"https:\/\/www.efmaroc.org\/efm\/wp-content\/uploads\/2022\/12\/efm-enseignement-francais-maroc-eco-delegue.jpg","contentUrl":"https:\/\/www.efmaroc.org\/efm\/wp-content\/uploads\/2022\/12\/efm-enseignement-francais-maroc-eco-delegue.jpg","width":600,"height":600},{"@type":"BreadcrumbList","@id":"https:\/\/www.efmaroc.org\/efm\/lancement-prix-eco-delegue\/#breadcrumb","itemListElement":[{"@type":"ListItem","position":1,"name":"Accueil","item":"https:\/\/www.efmaroc.org\/efm\/"},{"@type":"ListItem","position":2,"name":"Lancement prix \u00e9co-d\u00e9l\u00e9gu\u00e9"}]},{"@type":"WebSite","@id":"https:\/\/www.efmaroc.org\/efm\/#website","url":"https:\/\/www.efmaroc.org\/efm\/","name":"EFM","description":"Enseignement Fran\u00e7ais au Maroc","publisher":{"@id":"https:\/\/www.efmaroc.org\/efm\/#organization"},"potentialAction":[{"@type":"SearchAction","target":{"@type":"EntryPoint","urlTemplate":"https:\/\/www.efmaroc.org\/efm\/?s={search_term_string}"},"query-input":{"@type":"PropertyValueSpecification","valueRequired":true,"valueName":"search_term_string"}}],"inLanguage":"fr-FR"},{"@type":"Organization","@id":"https:\/\/www.efmaroc.org\/efm\/#organization","name":"EFM","url":"https:\/\/www.efmaroc.org\/efm\/","logo":{"@type":"ImageObject","inLanguage":"fr-FR","@id":"https:\/\/www.efmaroc.org\/efm\/#\/schema\/logo\/image\/","url":"https:\/\/www.efmaroc.org\/efm\/wp-content\/uploads\/2022\/12\/efm-enseignement-francais-maroc-logotaglinex2.png","contentUrl":"https:\/\/www.efmaroc.org\/efm\/wp-content\/uploads\/2022\/12\/efm-enseignement-francais-maroc-logotaglinex2.png","width":104,"height":78,"caption":"EFM"},"image":{"@id":"https:\/\/www.efmaroc.org\/efm\/#\/schema\/logo\/image\/"}},{"@type":"Person","@id":"https:\/\/www.efmaroc.org\/efm\/#\/schema\/person\/25a9b635a4b2276393dd87dbd94c6302","name":"EFM","image":{"@type":"ImageObject","inLanguage":"fr-FR","@id":"https:\/\/www.efmaroc.org\/efm\/#\/schema\/person\/image\/","url":"https:\/\/secure.gravatar.com\/avatar\/0acf5f0ecc3b24f6fa3602920a0bc305ada83aa2d4adbe73d7718ee0e4155d61?s=96&d=mm&r=g","contentUrl":"https:\/\/secure.gravatar.com\/avatar\/0acf5f0ecc3b24f6fa3602920a0bc305ada83aa2d4adbe73d7718ee0e4155d61?s=96&d=mm&r=g","caption":"EFM"},"sameAs":["https:\/\/www.efmaroc.org\/efm"]}]}},"jetpack_featured_media_url":"https:\/\/www.efmaroc.org\/efm\/wp-content\/uploads\/2022\/12\/efm-enseignement-francais-maroc-eco-delegue.jpg","jetpack_sharing_enabled":true,"_links":{"self":[{"href":"https:\/\/www.efmaroc.org\/efm\/wp-json\/wp\/v2\/posts\/308","targetHints":{"allow":["GET"]}}],"collection":[{"href":"https:\/\/www.efmaroc.org\/efm\/wp-json\/wp\/v2\/posts"}],"about":[{"href":"https:\/\/www.efmaroc.org\/efm\/wp-json\/wp\/v2\/types\/post"}],"author":[{"embeddable":true,"href":"https:\/\/www.efmaroc.org\/efm\/wp-json\/wp\/v2\/users\/1"}],"replies":[{"embeddable":true,"href":"https:\/\/www.efmaroc.org\/efm\/wp-json\/wp\/v2\/comments?post=308"}],"version-history":[{"count":6,"href":"https:\/\/www.efmaroc.org\/efm\/wp-json\/wp\/v2\/posts\/308\/revisions"}],"predecessor-version":[{"id":21098,"href":"https:\/\/www.efmaroc.org\/efm\/wp-json\/wp\/v2\/posts\/308\/revisions\/21098"}],"wp:featuredmedia":[{"embeddable":true,"href":"https:\/\/www.efmaroc.org\/efm\/wp-json\/wp\/v2\/media\/21338"}],"wp:attachment":[{"href":"https:\/\/www.efmaroc.org\/efm\/wp-json\/wp\/v2\/media?parent=308"}],"wp:term":[{"taxonomy":"category","embeddable":true,"href":"https:\/\/www.efmaroc.org\/efm\/wp-json\/wp\/v2\/categories?post=308"},{"taxonomy":"post_tag","embeddable":true,"href":"https:\/\/www.efmaroc.org\/efm\/wp-json\/wp\/v2\/tags?post=308"}],"curies":[{"name":"wp","href":"https:\/\/api.w.org\/{rel}","templated":true}]}}